{"id":12334,"date":"2005-04-12T00:00:00","date_gmt":"2005-04-12T04:00:00","guid":{"rendered":"http:\/\/192.81.217.108\/interamerica\/2005\/04\/eglise-mondiale-les-dirigeants-les-missiologues-discutent-des-questions-relatives-au-travail-de-mission-sur-le-terrain\/"},"modified":"2017-06-02T13:20:21","modified_gmt":"2017-06-02T17:20:21","slug":"eglise-mondiale-les-dirigeants-les-missiologues-discutent-des-questions-relatives-au-travail-de-mission-sur-le-terrain","status":"publish","type":"post","link":"https:\/\/interamerica.org\/fr\/2005\/04\/eglise-mondiale-les-dirigeants-les-missiologues-discutent-des-questions-relatives-au-travail-de-mission-sur-le-terrain\/","title":{"rendered":"\u00c9glise Mondiale : Les Dirigeants, les Missiologues Discutent des Questions Relatives au Travail de Mission Sur le Terrain"},"content":{"rendered":"<p>Silver Spring, Maryland, Etats-Unis&#8230;. <\/p>\n<p>Dans ce monde de six milliards de personnes &#8211; dont 25 millions participent, chaque semaine, aux services d&rsquo;adoration dans l&rsquo;\u00c9glise Adventiste du Septi\u00e8me Jour &#8211; on sait qu&rsquo;il y a d&rsquo;autres groupes de chr\u00e9tiens qui observent le jour du Sabbat, ou samedi, comme leur jour d&rsquo;adoration. La question pour les adventistes est comment traiter avec ces groupes de croyants, pratiquant \u00e0 l&rsquo;ext\u00e9rieur de la structure traditionnelle organisationnelle de l&rsquo;\u00e9glise. <\/p>\n<p>\u00c7\u00e0 a \u00e9t\u00e9 l&rsquo;une des questions pos\u00e9es lors du Comit\u00e9 annuelle des Affaires de la Mission Globale tenu les 4 et 5 avril au bureau central de l&rsquo;\u00e9glise mondiale. Les d\u00e9l\u00e9gu\u00e9s ont discut\u00e9 des probl\u00e8mes divers auxquels sont confront\u00e9s les ouvriers de mission d&rsquo;avant garde dans le monde entier, l&rsquo;un d&rsquo;eux \u00e9tant centr\u00e9 sur la mani\u00e8re de travailler avec des groupes non-adventistes observant le Sabbat. <\/p>\n<p>Le comit\u00e9 a reconnu deux types parmi ces groupes : Ceux qui cherchent \u00e0 coop\u00e9rer pleinement avec l&rsquo;\u00c9glise adventiste du septi\u00e8me jour, mais en sont incapables par rapport aux pressions externes; et ceux qui suivent les enseignements et les croyances de l&rsquo;\u00e9glise, mais, pour des raisons diverses, ne reconnaissent pas l&rsquo;\u00c9glise adventiste du septi\u00e8me jour, sous son aspect officiel. <\/p>\n<p>Il a longtemps de cela, l&rsquo;\u00e9glise a fait provision pour des groupes dans la premi\u00e8re cat\u00e9gorie et le comit\u00e9 a recommand\u00e9 des directives pour am\u00e9liorer les liens entre ces groupes et l&rsquo;\u00e9glise &#8211; avec le but d&rsquo;une int\u00e9gration compl\u00e8te quand les circonstances le permettent. Tout en reconnaissant que les personnes dans la deuxi\u00e8me cat\u00e9gorie ne sont pas encore officiellement adventistes, le comit\u00e9 a recommand\u00e9 que l&rsquo;\u00e9glise mette \u00e0 leur disposition des ressources compl\u00e9mentaires, tant pour la formation des cadres que pour le d\u00e9veloppement de la foi. <\/p>\n<p>\u00ab\u00a0Depuis plusieurs ann\u00e9es d\u00e9j\u00e0, la Mission Globale sait comment atteindre les gens de diff\u00e9rentes vari\u00e9t\u00e9s d&rsquo;environnement culturel,\u00a0\u00bb dit Mike Ryan, vice-pr\u00e9sident de l&rsquo;\u00e9glise mondiale et directeur du bureau de la Mission Globale. \u00ab\u00a0Nous devons \u00eatre accessibles aux diff\u00e9rences culturelles et \u00e9viter le concept de &lsquo;la m\u00eame mesure pour tous\u00a0\u00bb dans notre m\u00e9thodologie.\u00a0\u00bb <\/p>\n<p>Bruce Bauer, responsable du D\u00e9partement de Mission Globale du S\u00e9minaire Th\u00e9ologique de l&rsquo;\u00e9glise adventiste du septi\u00e8me jour, dans le Michigan, Etats-Unis a pr\u00e9sent\u00e9 un document sur la mani\u00e8re que les ouvriers de mission doivent adapter leur m\u00e9thodologie pour une meilleure communication avec les personnes de cultures diff\u00e9rentes, sans rabaisser la valeur du message. <\/p>\n<p>\u00ab\u00a0Si nous voulons&#8230; Parvenir aux endroits non encore touch\u00e9s du monde, nous serons flexibles. Mais nous devons trouver les moyens de nous assurer que le syncr\u00e9tisme et l&rsquo;h\u00e9r\u00e9sie n&rsquo;y viennent pas interf\u00e9rer,\u00a0\u00bb dit Pat Gustin, directeur de l&rsquo;Institut de Mission de l&rsquo;\u00c9glise adventiste mondiale. <\/p>\n<p>Le Comit\u00e9 de gestion de La Mission Globale s&rsquo;est r\u00e9uni pour la premi\u00e8re fois en 1998 et a \u00e9t\u00e9 \u00e9tabli pour fournir conseils et orientation \u00e0 ceux qui travaillent sur le terrain des missions. Les membres du comit\u00e9 sont des administrateurs du bureau g\u00e9n\u00e9ral de l&rsquo;\u00c9glise adventiste mondiale, les pr\u00e9sidents de diverses organisations r\u00e9gionales de l&rsquo;\u00e9glise, des experts en mission, des repr\u00e9sentants de l&rsquo;Institut de recherches bibliques (Biblical Research Institute) et le personnel de Mission Globale. <\/p>\n<p>Des informations compl\u00e9mentaires sur les d\u00e9cisions et du comit\u00e9 de la Mission Globale et l&rsquo;initiative de la Mission Globale de l&rsquo;\u00e9glise sont disponibles sur le site <a  href=\"http:\/\/www.global-mission.org\">www.global-mission.org<\/a>.\u00a0<\/p>\n","protected":false},"excerpt":{"rendered":"<p>Dans ce monde de six milliards de personnes &#8211; dont 25 millions participent, chaque semaine, aux services d&rsquo;adoration dans l&rsquo;\u00c9glise Adventiste du Septi\u00e8me Jour &#8211; on sait qu&rsquo;il y a d&rsquo;autres groupes de chr\u00e9tiens qui observent le jour du Sabbat<\/p>\n","protected":false},"author":1,"featured_media":0,"comment_status":"closed","ping_status":"closed","sticky":false,"template":"","format":"standard","meta":{"_acf_changed":false,"footnotes":""},"categories":[9],"tags":[],"class_list":["post-12334","post","type-post","status-publish","format-standard","hentry","category-archive-fr"],"acf":[],"yoast_head":"<!-- This site is optimized with the Yoast SEO plugin v27.3 - https:\/\/yoast.com\/product\/yoast-seo-wordpress\/ -->\n<title>\u00c9glise Mondiale : Les Dirigeants, les Missiologues Discutent des Questions Relatives au Travail de Mission Sur le Terrain - \u00c9glise Adventiste Du Septieme Jour - Inter Am\u00e9rique Division<\/title>\n<meta name=\"robots\" content=\"index, follow, max-snippet:-1, max-image-preview:large, max-video-preview:-1\" \/>\n<link rel=\"canonical\" href=\"https:\/\/interamerica.org\/fr\/2005\/04\/eglise-mondiale-les-dirigeants-les-missiologues-discutent-des-questions-relatives-au-travail-de-mission-sur-le-terrain\/\" \/>\n<meta property=\"og:locale\" content=\"fr_FR\" \/>\n<meta property=\"og:type\" content=\"article\" \/>\n<meta property=\"og:title\" content=\"\u00c9glise Mondiale : Les Dirigeants, les Missiologues Discutent des Questions Relatives au Travail de Mission Sur le Terrain - \u00c9glise Adventiste Du Septieme Jour - Inter Am\u00e9rique Division\" \/>\n<meta property=\"og:description\" content=\"Dans ce monde de six milliards de personnes - dont 25 millions participent, chaque semaine, aux services d&#039;adoration dans l&#039;\u00c9glise Adventiste du Septi\u00e8me Jour - on sait qu&#039;il y a d&#039;autres groupes de chr\u00e9tiens qui observent le jour du Sabbat\" \/>\n<meta property=\"og:url\" content=\"https:\/\/interamerica.org\/fr\/2005\/04\/eglise-mondiale-les-dirigeants-les-missiologues-discutent-des-questions-relatives-au-travail-de-mission-sur-le-terrain\/\" \/>\n<meta property=\"og:site_name\" content=\"\u00c9glise Adventiste Du Septieme Jour - Inter Am\u00e9rique Division\" \/>\n<meta property=\"article:published_time\" content=\"2005-04-12T04:00:00+00:00\" \/>\n<meta property=\"article:modified_time\" content=\"2017-06-02T17:20:21+00:00\" \/>\n<meta name=\"author\" content=\"Lorenzo Verduzco\" \/>\n<meta name=\"twitter:card\" content=\"summary_large_image\" \/>\n<meta name=\"twitter:label1\" content=\"\u00c9crit par\" \/>\n\t<meta name=\"twitter:data1\" content=\"Lorenzo Verduzco\" \/>\n\t<meta name=\"twitter:label2\" content=\"Dur\u00e9e de lecture estim\u00e9e\" \/>\n\t<meta name=\"twitter:data2\" content=\"3 minutes\" \/>\n<script type=\"application\/ld+json\" class=\"yoast-schema-graph\">{\"@context\":\"https:\\\/\\\/schema.org\",\"@graph\":[{\"@type\":\"Article\",\"@id\":\"https:\\\/\\\/interamerica.org\\\/fr\\\/2005\\\/04\\\/eglise-mondiale-les-dirigeants-les-missiologues-discutent-des-questions-relatives-au-travail-de-mission-sur-le-terrain\\\/#article\",\"isPartOf\":{\"@id\":\"https:\\\/\\\/interamerica.org\\\/fr\\\/2005\\\/04\\\/eglise-mondiale-les-dirigeants-les-missiologues-discutent-des-questions-relatives-au-travail-de-mission-sur-le-terrain\\\/\"},\"author\":{\"name\":\"Lorenzo Verduzco\",\"@id\":\"https:\\\/\\\/interamerica.org\\\/fr\\\/#\\\/schema\\\/person\\\/68ede8bdc292885bb76c1e3810e73c39\"},\"headline\":\"\u00c9glise Mondiale : Les Dirigeants, les Missiologues Discutent des Questions Relatives au Travail de Mission Sur le Terrain\",\"datePublished\":\"2005-04-12T04:00:00+00:00\",\"dateModified\":\"2017-06-02T17:20:21+00:00\",\"mainEntityOfPage\":{\"@id\":\"https:\\\/\\\/interamerica.org\\\/fr\\\/2005\\\/04\\\/eglise-mondiale-les-dirigeants-les-missiologues-discutent-des-questions-relatives-au-travail-de-mission-sur-le-terrain\\\/\"},\"wordCount\":629,\"articleSection\":[\"Archive\"],\"inLanguage\":\"fr-FR\"},{\"@type\":\"WebPage\",\"@id\":\"https:\\\/\\\/interamerica.org\\\/fr\\\/2005\\\/04\\\/eglise-mondiale-les-dirigeants-les-missiologues-discutent-des-questions-relatives-au-travail-de-mission-sur-le-terrain\\\/\",\"url\":\"https:\\\/\\\/interamerica.org\\\/fr\\\/2005\\\/04\\\/eglise-mondiale-les-dirigeants-les-missiologues-discutent-des-questions-relatives-au-travail-de-mission-sur-le-terrain\\\/\",\"name\":\"\u00c9glise Mondiale : Les Dirigeants, les Missiologues Discutent des Questions Relatives au Travail de Mission Sur le Terrain - \u00c9glise Adventiste Du Septieme Jour - Inter Am\u00e9rique Division\",\"isPartOf\":{\"@id\":\"https:\\\/\\\/interamerica.org\\\/fr\\\/#website\"},\"datePublished\":\"2005-04-12T04:00:00+00:00\",\"dateModified\":\"2017-06-02T17:20:21+00:00\",\"author\":{\"@id\":\"https:\\\/\\\/interamerica.org\\\/fr\\\/#\\\/schema\\\/person\\\/68ede8bdc292885bb76c1e3810e73c39\"},\"breadcrumb\":{\"@id\":\"https:\\\/\\\/interamerica.org\\\/fr\\\/2005\\\/04\\\/eglise-mondiale-les-dirigeants-les-missiologues-discutent-des-questions-relatives-au-travail-de-mission-sur-le-terrain\\\/#breadcrumb\"},\"inLanguage\":\"fr-FR\",\"potentialAction\":[{\"@type\":\"ReadAction\",\"target\":[\"https:\\\/\\\/interamerica.org\\\/fr\\\/2005\\\/04\\\/eglise-mondiale-les-dirigeants-les-missiologues-discutent-des-questions-relatives-au-travail-de-mission-sur-le-terrain\\\/\"]}]},{\"@type\":\"BreadcrumbList\",\"@id\":\"https:\\\/\\\/interamerica.org\\\/fr\\\/2005\\\/04\\\/eglise-mondiale-les-dirigeants-les-missiologues-discutent-des-questions-relatives-au-travail-de-mission-sur-le-terrain\\\/#breadcrumb\",\"itemListElement\":[{\"@type\":\"ListItem\",\"position\":1,\"name\":\"Home\",\"item\":\"https:\\\/\\\/interamerica.org\\\/fr\\\/\"},{\"@type\":\"ListItem\",\"position\":2,\"name\":\"\u00c9glise Mondiale : Les Dirigeants, les Missiologues Discutent des Questions Relatives au Travail de Mission Sur le Terrain\"}]},{\"@type\":\"WebSite\",\"@id\":\"https:\\\/\\\/interamerica.org\\\/fr\\\/#website\",\"url\":\"https:\\\/\\\/interamerica.org\\\/fr\\\/\",\"name\":\"\u00c9glise Adventiste Du Septieme Jour - Inter Am\u00e9rique Division\",\"description\":\"\",\"potentialAction\":[{\"@type\":\"SearchAction\",\"target\":{\"@type\":\"EntryPoint\",\"urlTemplate\":\"https:\\\/\\\/interamerica.org\\\/fr\\\/?s={search_term_string}\"},\"query-input\":{\"@type\":\"PropertyValueSpecification\",\"valueRequired\":true,\"valueName\":\"search_term_string\"}}],\"inLanguage\":\"fr-FR\"},{\"@type\":\"Person\",\"@id\":\"https:\\\/\\\/interamerica.org\\\/fr\\\/#\\\/schema\\\/person\\\/68ede8bdc292885bb76c1e3810e73c39\",\"name\":\"Lorenzo Verduzco\",\"image\":{\"@type\":\"ImageObject\",\"inLanguage\":\"fr-FR\",\"@id\":\"https:\\\/\\\/secure.gravatar.com\\\/avatar\\\/fb81a55b6218459490a9c1dc841a34909185b81904c5337b4b27f7a6fd60c49e?s=96&d=mm&r=g\",\"url\":\"https:\\\/\\\/secure.gravatar.com\\\/avatar\\\/fb81a55b6218459490a9c1dc841a34909185b81904c5337b4b27f7a6fd60c49e?s=96&d=mm&r=g\",\"contentUrl\":\"https:\\\/\\\/secure.gravatar.com\\\/avatar\\\/fb81a55b6218459490a9c1dc841a34909185b81904c5337b4b27f7a6fd60c49e?s=96&d=mm&r=g\",\"caption\":\"Lorenzo Verduzco\"}}]}<\/script>\n<!-- \/ Yoast SEO plugin. -->","yoast_head_json":{"title":"\u00c9glise Mondiale : Les Dirigeants, les Missiologues Discutent des Questions Relatives au Travail de Mission Sur le Terrain - \u00c9glise Adventiste Du Septieme Jour - Inter Am\u00e9rique Division","robots":{"index":"index","follow":"follow","max-snippet":"max-snippet:-1","max-image-preview":"max-image-preview:large","max-video-preview":"max-video-preview:-1"},"canonical":"https:\/\/interamerica.org\/fr\/2005\/04\/eglise-mondiale-les-dirigeants-les-missiologues-discutent-des-questions-relatives-au-travail-de-mission-sur-le-terrain\/","og_locale":"fr_FR","og_type":"article","og_title":"\u00c9glise Mondiale : Les Dirigeants, les Missiologues Discutent des Questions Relatives au Travail de Mission Sur le Terrain - \u00c9glise Adventiste Du Septieme Jour - Inter Am\u00e9rique Division","og_description":"Dans ce monde de six milliards de personnes - dont 25 millions participent, chaque semaine, aux services d'adoration dans l'\u00c9glise Adventiste du Septi\u00e8me Jour - on sait qu'il y a d'autres groupes de chr\u00e9tiens qui observent le jour du Sabbat","og_url":"https:\/\/interamerica.org\/fr\/2005\/04\/eglise-mondiale-les-dirigeants-les-missiologues-discutent-des-questions-relatives-au-travail-de-mission-sur-le-terrain\/","og_site_name":"\u00c9glise Adventiste Du Septieme Jour - Inter Am\u00e9rique Division","article_published_time":"2005-04-12T04:00:00+00:00","article_modified_time":"2017-06-02T17:20:21+00:00","author":"Lorenzo Verduzco","twitter_card":"summary_large_image","twitter_misc":{"\u00c9crit par":"Lorenzo Verduzco","Dur\u00e9e de lecture estim\u00e9e":"3 minutes"},"schema":{"@context":"https:\/\/schema.org","@graph":[{"@type":"Article","@id":"https:\/\/interamerica.org\/fr\/2005\/04\/eglise-mondiale-les-dirigeants-les-missiologues-discutent-des-questions-relatives-au-travail-de-mission-sur-le-terrain\/#article","isPartOf":{"@id":"https:\/\/interamerica.org\/fr\/2005\/04\/eglise-mondiale-les-dirigeants-les-missiologues-discutent-des-questions-relatives-au-travail-de-mission-sur-le-terrain\/"},"author":{"name":"Lorenzo Verduzco","@id":"https:\/\/interamerica.org\/fr\/#\/schema\/person\/68ede8bdc292885bb76c1e3810e73c39"},"headline":"\u00c9glise Mondiale : Les Dirigeants, les Missiologues Discutent des Questions Relatives au Travail de Mission Sur le Terrain","datePublished":"2005-04-12T04:00:00+00:00","dateModified":"2017-06-02T17:20:21+00:00","mainEntityOfPage":{"@id":"https:\/\/interamerica.org\/fr\/2005\/04\/eglise-mondiale-les-dirigeants-les-missiologues-discutent-des-questions-relatives-au-travail-de-mission-sur-le-terrain\/"},"wordCount":629,"articleSection":["Archive"],"inLanguage":"fr-FR"},{"@type":"WebPage","@id":"https:\/\/interamerica.org\/fr\/2005\/04\/eglise-mondiale-les-dirigeants-les-missiologues-discutent-des-questions-relatives-au-travail-de-mission-sur-le-terrain\/","url":"https:\/\/interamerica.org\/fr\/2005\/04\/eglise-mondiale-les-dirigeants-les-missiologues-discutent-des-questions-relatives-au-travail-de-mission-sur-le-terrain\/","name":"\u00c9glise Mondiale : Les Dirigeants, les Missiologues Discutent des Questions Relatives au Travail de Mission Sur le Terrain - \u00c9glise Adventiste Du Septieme Jour - Inter Am\u00e9rique Division","isPartOf":{"@id":"https:\/\/interamerica.org\/fr\/#website"},"datePublished":"2005-04-12T04:00:00+00:00","dateModified":"2017-06-02T17:20:21+00:00","author":{"@id":"https:\/\/interamerica.org\/fr\/#\/schema\/person\/68ede8bdc292885bb76c1e3810e73c39"},"breadcrumb":{"@id":"https:\/\/interamerica.org\/fr\/2005\/04\/eglise-mondiale-les-dirigeants-les-missiologues-discutent-des-questions-relatives-au-travail-de-mission-sur-le-terrain\/#breadcrumb"},"inLanguage":"fr-FR","potentialAction":[{"@type":"ReadAction","target":["https:\/\/interamerica.org\/fr\/2005\/04\/eglise-mondiale-les-dirigeants-les-missiologues-discutent-des-questions-relatives-au-travail-de-mission-sur-le-terrain\/"]}]},{"@type":"BreadcrumbList","@id":"https:\/\/interamerica.org\/fr\/2005\/04\/eglise-mondiale-les-dirigeants-les-missiologues-discutent-des-questions-relatives-au-travail-de-mission-sur-le-terrain\/#breadcrumb","itemListElement":[{"@type":"ListItem","position":1,"name":"Home","item":"https:\/\/interamerica.org\/fr\/"},{"@type":"ListItem","position":2,"name":"\u00c9glise Mondiale : Les Dirigeants, les Missiologues Discutent des Questions Relatives au Travail de Mission Sur le Terrain"}]},{"@type":"WebSite","@id":"https:\/\/interamerica.org\/fr\/#website","url":"https:\/\/interamerica.org\/fr\/","name":"\u00c9glise Adventiste Du Septieme Jour - Inter Am\u00e9rique Division","description":"","potentialAction":[{"@type":"SearchAction","target":{"@type":"EntryPoint","urlTemplate":"https:\/\/interamerica.org\/fr\/?s={search_term_string}"},"query-input":{"@type":"PropertyValueSpecification","valueRequired":true,"valueName":"search_term_string"}}],"inLanguage":"fr-FR"},{"@type":"Person","@id":"https:\/\/interamerica.org\/fr\/#\/schema\/person\/68ede8bdc292885bb76c1e3810e73c39","name":"Lorenzo Verduzco","image":{"@type":"ImageObject","inLanguage":"fr-FR","@id":"https:\/\/secure.gravatar.com\/avatar\/fb81a55b6218459490a9c1dc841a34909185b81904c5337b4b27f7a6fd60c49e?s=96&d=mm&r=g","url":"https:\/\/secure.gravatar.com\/avatar\/fb81a55b6218459490a9c1dc841a34909185b81904c5337b4b27f7a6fd60c49e?s=96&d=mm&r=g","contentUrl":"https:\/\/secure.gravatar.com\/avatar\/fb81a55b6218459490a9c1dc841a34909185b81904c5337b4b27f7a6fd60c49e?s=96&d=mm&r=g","caption":"Lorenzo Verduzco"}}]}},"_links":{"self":[{"href":"https:\/\/interamerica.org\/fr\/wp-json\/wp\/v2\/posts\/12334","targetHints":{"allow":["GET"]}}],"collection":[{"href":"https:\/\/interamerica.org\/fr\/wp-json\/wp\/v2\/posts"}],"about":[{"href":"https:\/\/interamerica.org\/fr\/wp-json\/wp\/v2\/types\/post"}],"author":[{"embeddable":true,"href":"https:\/\/interamerica.org\/fr\/wp-json\/wp\/v2\/users\/1"}],"replies":[{"embeddable":true,"href":"https:\/\/interamerica.org\/fr\/wp-json\/wp\/v2\/comments?post=12334"}],"version-history":[{"count":0,"href":"https:\/\/interamerica.org\/fr\/wp-json\/wp\/v2\/posts\/12334\/revisions"}],"wp:attachment":[{"href":"https:\/\/interamerica.org\/fr\/wp-json\/wp\/v2\/media?parent=12334"}],"wp:term":[{"taxonomy":"category","embeddable":true,"href":"https:\/\/interamerica.org\/fr\/wp-json\/wp\/v2\/categories?post=12334"},{"taxonomy":"post_tag","embeddable":true,"href":"https:\/\/interamerica.org\/fr\/wp-json\/wp\/v2\/tags?post=12334"}],"curies":[{"name":"wp","href":"https:\/\/api.w.org\/{rel}","templated":true}]}}