{"id":123340,"date":"2024-12-13T14:17:09","date_gmt":"2024-12-13T19:17:09","guid":{"rendered":"https:\/\/interamerica.org\/?p=123340"},"modified":"2024-12-13T14:24:57","modified_gmt":"2024-12-13T19:24:57","slug":"la-foi-au-coeurs-des-defis","status":"publish","type":"post","link":"https:\/\/interamerica.org\/fr\/2024\/12\/la-foi-au-coeurs-des-defis\/","title":{"rendered":"La foi au coeurs des d\u00e9fis"},"content":{"rendered":"<p>12 d\u00e9cembre 2024 | Silver Spring, Maryland, \u00c9tats-Unis | Ted N.C. Wilson, pr\u00e9sident de la Conf\u00e9rence g\u00e9n\u00e9rale des adventistes du septi\u00e8me jour<\/p>\n<p>Ongeira \u00e9tait enthousiaste \u00e0 l&rsquo;id\u00e9e d&rsquo;\u00eatre un pionnier de la Mission mondiale, un missionnaire consacr\u00e9 \u00e0 atteindre des personnes pour J\u00e9sus et \u00e0 implanter des \u00e9glises adventistes dans des territoires auparavant non atteints.<\/p>\n<p>Cependant, lorsqu&rsquo;il est arriv\u00e9 dans sa r\u00e9gion d&rsquo;Arua, en Ouganda, Ongeira a rencontr\u00e9 de nombreux d\u00e9fis. Plusieurs personnes avec qui il avait interagi croyaient que l&rsquo;adventisme \u00e9tait une fausse religion, et ceux qui semblaient int\u00e9ress\u00e9s \u00e0 en savoir plus ont rapidement perdu tout int\u00e9r\u00eat. Le travail \u00e9tait difficile et apr\u00e8s un certain temps, il s&rsquo;est d\u00e9courag\u00e9 et a dout\u00e9 de la possibilit\u00e9 que quelque chose de bon puisse d\u00e9couler de son exp\u00e9rience.<\/p>\n<p>Mais le Seigneur ne l&rsquo;avait pas oubli\u00e9. Juste au moment o\u00f9 Ongeira \u00e9tait pr\u00eat \u00e0 baisser les bras, il a rencontr\u00e9 un homme qui s&rsquo;interrogeait beaucoup sur le message adventiste.<\/p>\n<p>Ongeira a patiemment expliqu\u00e9 sa foi et a commenc\u00e9 \u00e0 \u00e9tudier la Bible avec lui. Cet homme \u00e9tait agr\u00e9ablement surpris par ce qu&rsquo;il apprenait et a finalement accept\u00e9 Christ et le message complet de la Bible.<\/p>\n<p>Peu apr\u00e8s, il aidait Ongeira \u00e0 diffuser le message et \u00e0 r\u00e9pondre aux doutes des sceptiques. Avec son aide, l&rsquo;attitude de la communaut\u00e9 envers Ongeira a positivement chang\u00e9. Ce qui paraissait impossible s&rsquo;est transform\u00e9 en une lueur d&rsquo;espoir.<\/p>\n<p>Chers amis, m\u00eame lorsque les circonstances semblent difficiles, ne renon\u00e7ons jamais \u00e0 partager notre foi. J\u00e9sus a promis : \u00ab Tout pouvoir m&rsquo;a \u00e9t\u00e9 donn\u00e9 dans le ciel et sur la terre. Allez, faites de toutes les nations des disciples, les baptisant au nom du P\u00e8re, du Fils et du Saint Esprit, et enseignez-leur \u00e0 observer tout ce que je vous ai prescrit. Et voici, je suis avec vous tous les jours, jusqu&rsquo;\u00e0 la fin du monde. \u00bb<\/p>\n<p>Le moment pour l&rsquo;Implication Totale du Membre Global est venu ! J\u00e9sus revient bient\u00f4t !<\/p>\n<p><iframe title=\"N&#039;abandonnez jamais | Implication Totale du Membre globale\" width=\"500\" height=\"281\" src=\"https:\/\/www.youtube.com\/embed\/gi5-OOoWTDU?feature=oembed\" frameborder=\"0\" allow=\"accelerometer; autoplay; clipboard-write; encrypted-media; gyroscope; picture-in-picture; web-share\" referrerpolicy=\"strict-origin-when-cross-origin\" allowfullscreen><\/iframe><\/p>\n","protected":false},"excerpt":{"rendered":"<p>12 d\u00e9cembre 2024 | Silver Spring, Maryland, \u00c9tats-Unis | Ted N.C. Wilson, pr\u00e9sident de la Conf\u00e9rence g\u00e9n\u00e9rale des adventistes du septi\u00e8me jour Ongeira \u00e9tait enthousiaste \u00e0 l&rsquo;id\u00e9e d&rsquo;\u00eatre un pionnier&#8230;<\/p>\n","protected":false},"author":3,"featured_media":123322,"comment_status":"closed","ping_status":"closed","sticky":false,"template":"","format":"standard","meta":{"_acf_changed":false,"footnotes":""},"categories":[18,19],"tags":[],"class_list":["post-123340","post","type-post","status-publish","format-standard","has-post-thumbnail","hentry","category-nouvelles-de-leglise-mondiale","category-rss-francais"],"acf":[],"yoast_head":"<!-- This site is optimized with the Yoast SEO plugin v27.3 - https:\/\/yoast.com\/product\/yoast-seo-wordpress\/ -->\n<title>La foi au coeurs des d\u00e9fis - \u00c9glise Adventiste Du Septieme Jour - Inter Am\u00e9rique Division<\/title>\n<meta name=\"robots\" content=\"index, follow, max-snippet:-1, max-image-preview:large, max-video-preview:-1\" \/>\n<link rel=\"canonical\" href=\"https:\/\/interamerica.org\/fr\/2024\/12\/la-foi-au-coeurs-des-defis\/\" \/>\n<meta property=\"og:locale\" content=\"fr_FR\" \/>\n<meta property=\"og:type\" content=\"article\" \/>\n<meta property=\"og:title\" content=\"La foi au coeurs des d\u00e9fis - \u00c9glise Adventiste Du Septieme Jour - Inter Am\u00e9rique Division\" \/>\n<meta property=\"og:description\" content=\"12 d\u00e9cembre 2024 | Silver Spring, Maryland, \u00c9tats-Unis | Ted N.C. Wilson, pr\u00e9sident de la Conf\u00e9rence g\u00e9n\u00e9rale des adventistes du septi\u00e8me jour Ongeira \u00e9tait enthousiaste \u00e0 l&rsquo;id\u00e9e d&rsquo;\u00eatre un pionnier...\" \/>\n<meta property=\"og:url\" content=\"https:\/\/interamerica.org\/fr\/2024\/12\/la-foi-au-coeurs-des-defis\/\" \/>\n<meta property=\"og:site_name\" content=\"\u00c9glise Adventiste Du Septieme Jour - Inter Am\u00e9rique Division\" \/>\n<meta property=\"article:published_time\" content=\"2024-12-13T19:17:09+00:00\" \/>\n<meta property=\"article:modified_time\" content=\"2024-12-13T19:24:57+00:00\" \/>\n<meta property=\"og:image\" content=\"https:\/\/interamerica.org\/wp-content\/uploads\/2024\/12\/faith-amid-challenges-fr.jpg\" \/>\n\t<meta property=\"og:image:width\" content=\"1000\" \/>\n\t<meta property=\"og:image:height\" content=\"563\" \/>\n\t<meta property=\"og:image:type\" content=\"image\/jpeg\" \/>\n<meta name=\"author\" content=\"libna\" \/>\n<meta name=\"twitter:card\" content=\"summary_large_image\" \/>\n<meta name=\"twitter:label1\" content=\"\u00c9crit par\" \/>\n\t<meta name=\"twitter:data1\" content=\"libna\" \/>\n\t<meta name=\"twitter:label2\" content=\"Dur\u00e9e de lecture estim\u00e9e\" \/>\n\t<meta name=\"twitter:data2\" content=\"2 minutes\" \/>\n<script type=\"application\/ld+json\" class=\"yoast-schema-graph\">{\"@context\":\"https:\\\/\\\/schema.org\",\"@graph\":[{\"@type\":\"Article\",\"@id\":\"https:\\\/\\\/interamerica.org\\\/fr\\\/2024\\\/12\\\/la-foi-au-coeurs-des-defis\\\/#article\",\"isPartOf\":{\"@id\":\"https:\\\/\\\/interamerica.org\\\/fr\\\/2024\\\/12\\\/la-foi-au-coeurs-des-defis\\\/\"},\"author\":{\"name\":\"libna\",\"@id\":\"https:\\\/\\\/interamerica.org\\\/fr\\\/#\\\/schema\\\/person\\\/29998f2bc2d8bd0d38662909289b54f1\"},\"headline\":\"La foi au coeurs des d\u00e9fis\",\"datePublished\":\"2024-12-13T19:17:09+00:00\",\"dateModified\":\"2024-12-13T19:24:57+00:00\",\"mainEntityOfPage\":{\"@id\":\"https:\\\/\\\/interamerica.org\\\/fr\\\/2024\\\/12\\\/la-foi-au-coeurs-des-defis\\\/\"},\"wordCount\":363,\"image\":{\"@id\":\"https:\\\/\\\/interamerica.org\\\/fr\\\/2024\\\/12\\\/la-foi-au-coeurs-des-defis\\\/#primaryimage\"},\"thumbnailUrl\":\"https:\\\/\\\/interamerica.org\\\/wp-content\\\/uploads\\\/2024\\\/12\\\/faith-amid-challenges-fr.jpg\",\"articleSection\":[\"Nouvelles de l'\u00c9glise mondiale\",\"RSS Fran\u00e7ais\"],\"inLanguage\":\"fr-FR\"},{\"@type\":\"WebPage\",\"@id\":\"https:\\\/\\\/interamerica.org\\\/fr\\\/2024\\\/12\\\/la-foi-au-coeurs-des-defis\\\/\",\"url\":\"https:\\\/\\\/interamerica.org\\\/fr\\\/2024\\\/12\\\/la-foi-au-coeurs-des-defis\\\/\",\"name\":\"La foi au coeurs des d\u00e9fis - \u00c9glise Adventiste Du Septieme Jour - Inter Am\u00e9rique Division\",\"isPartOf\":{\"@id\":\"https:\\\/\\\/interamerica.org\\\/fr\\\/#website\"},\"primaryImageOfPage\":{\"@id\":\"https:\\\/\\\/interamerica.org\\\/fr\\\/2024\\\/12\\\/la-foi-au-coeurs-des-defis\\\/#primaryimage\"},\"image\":{\"@id\":\"https:\\\/\\\/interamerica.org\\\/fr\\\/2024\\\/12\\\/la-foi-au-coeurs-des-defis\\\/#primaryimage\"},\"thumbnailUrl\":\"https:\\\/\\\/interamerica.org\\\/wp-content\\\/uploads\\\/2024\\\/12\\\/faith-amid-challenges-fr.jpg\",\"datePublished\":\"2024-12-13T19:17:09+00:00\",\"dateModified\":\"2024-12-13T19:24:57+00:00\",\"author\":{\"@id\":\"https:\\\/\\\/interamerica.org\\\/fr\\\/#\\\/schema\\\/person\\\/29998f2bc2d8bd0d38662909289b54f1\"},\"breadcrumb\":{\"@id\":\"https:\\\/\\\/interamerica.org\\\/fr\\\/2024\\\/12\\\/la-foi-au-coeurs-des-defis\\\/#breadcrumb\"},\"inLanguage\":\"fr-FR\",\"potentialAction\":[{\"@type\":\"ReadAction\",\"target\":[\"https:\\\/\\\/interamerica.org\\\/fr\\\/2024\\\/12\\\/la-foi-au-coeurs-des-defis\\\/\"]}]},{\"@type\":\"ImageObject\",\"inLanguage\":\"fr-FR\",\"@id\":\"https:\\\/\\\/interamerica.org\\\/fr\\\/2024\\\/12\\\/la-foi-au-coeurs-des-defis\\\/#primaryimage\",\"url\":\"https:\\\/\\\/interamerica.org\\\/wp-content\\\/uploads\\\/2024\\\/12\\\/faith-amid-challenges-fr.jpg\",\"contentUrl\":\"https:\\\/\\\/interamerica.org\\\/wp-content\\\/uploads\\\/2024\\\/12\\\/faith-amid-challenges-fr.jpg\",\"width\":1000,\"height\":563},{\"@type\":\"BreadcrumbList\",\"@id\":\"https:\\\/\\\/interamerica.org\\\/fr\\\/2024\\\/12\\\/la-foi-au-coeurs-des-defis\\\/#breadcrumb\",\"itemListElement\":[{\"@type\":\"ListItem\",\"position\":1,\"name\":\"Home\",\"item\":\"https:\\\/\\\/interamerica.org\\\/fr\\\/\"},{\"@type\":\"ListItem\",\"position\":2,\"name\":\"La foi au coeurs des d\u00e9fis\"}]},{\"@type\":\"WebSite\",\"@id\":\"https:\\\/\\\/interamerica.org\\\/fr\\\/#website\",\"url\":\"https:\\\/\\\/interamerica.org\\\/fr\\\/\",\"name\":\"\u00c9glise Adventiste Du Septieme Jour - Inter Am\u00e9rique Division\",\"description\":\"\",\"potentialAction\":[{\"@type\":\"SearchAction\",\"target\":{\"@type\":\"EntryPoint\",\"urlTemplate\":\"https:\\\/\\\/interamerica.org\\\/fr\\\/?s={search_term_string}\"},\"query-input\":{\"@type\":\"PropertyValueSpecification\",\"valueRequired\":true,\"valueName\":\"search_term_string\"}}],\"inLanguage\":\"fr-FR\"},{\"@type\":\"Person\",\"@id\":\"https:\\\/\\\/interamerica.org\\\/fr\\\/#\\\/schema\\\/person\\\/29998f2bc2d8bd0d38662909289b54f1\",\"name\":\"libna\",\"image\":{\"@type\":\"ImageObject\",\"inLanguage\":\"fr-FR\",\"@id\":\"https:\\\/\\\/secure.gravatar.com\\\/avatar\\\/7c5bd30ae4b47a9ba3c856590957fd1d96dc588bf3ac05719d247e126840331f?s=96&d=mm&r=g\",\"url\":\"https:\\\/\\\/secure.gravatar.com\\\/avatar\\\/7c5bd30ae4b47a9ba3c856590957fd1d96dc588bf3ac05719d247e126840331f?s=96&d=mm&r=g\",\"contentUrl\":\"https:\\\/\\\/secure.gravatar.com\\\/avatar\\\/7c5bd30ae4b47a9ba3c856590957fd1d96dc588bf3ac05719d247e126840331f?s=96&d=mm&r=g\",\"caption\":\"libna\"}}]}<\/script>\n<!-- \/ Yoast SEO plugin. -->","yoast_head_json":{"title":"La foi au coeurs des d\u00e9fis - \u00c9glise Adventiste Du Septieme Jour - Inter Am\u00e9rique Division","robots":{"index":"index","follow":"follow","max-snippet":"max-snippet:-1","max-image-preview":"max-image-preview:large","max-video-preview":"max-video-preview:-1"},"canonical":"https:\/\/interamerica.org\/fr\/2024\/12\/la-foi-au-coeurs-des-defis\/","og_locale":"fr_FR","og_type":"article","og_title":"La foi au coeurs des d\u00e9fis - \u00c9glise Adventiste Du Septieme Jour - Inter Am\u00e9rique Division","og_description":"12 d\u00e9cembre 2024 | Silver Spring, Maryland, \u00c9tats-Unis | Ted N.C. Wilson, pr\u00e9sident de la Conf\u00e9rence g\u00e9n\u00e9rale des adventistes du septi\u00e8me jour Ongeira \u00e9tait enthousiaste \u00e0 l&rsquo;id\u00e9e d&rsquo;\u00eatre un pionnier...","og_url":"https:\/\/interamerica.org\/fr\/2024\/12\/la-foi-au-coeurs-des-defis\/","og_site_name":"\u00c9glise Adventiste Du Septieme Jour - Inter Am\u00e9rique Division","article_published_time":"2024-12-13T19:17:09+00:00","article_modified_time":"2024-12-13T19:24:57+00:00","og_image":[{"width":1000,"height":563,"url":"https:\/\/interamerica.org\/wp-content\/uploads\/2024\/12\/faith-amid-challenges-fr.jpg","type":"image\/jpeg"}],"author":"libna","twitter_card":"summary_large_image","twitter_misc":{"\u00c9crit par":"libna","Dur\u00e9e de lecture estim\u00e9e":"2 minutes"},"schema":{"@context":"https:\/\/schema.org","@graph":[{"@type":"Article","@id":"https:\/\/interamerica.org\/fr\/2024\/12\/la-foi-au-coeurs-des-defis\/#article","isPartOf":{"@id":"https:\/\/interamerica.org\/fr\/2024\/12\/la-foi-au-coeurs-des-defis\/"},"author":{"name":"libna","@id":"https:\/\/interamerica.org\/fr\/#\/schema\/person\/29998f2bc2d8bd0d38662909289b54f1"},"headline":"La foi au coeurs des d\u00e9fis","datePublished":"2024-12-13T19:17:09+00:00","dateModified":"2024-12-13T19:24:57+00:00","mainEntityOfPage":{"@id":"https:\/\/interamerica.org\/fr\/2024\/12\/la-foi-au-coeurs-des-defis\/"},"wordCount":363,"image":{"@id":"https:\/\/interamerica.org\/fr\/2024\/12\/la-foi-au-coeurs-des-defis\/#primaryimage"},"thumbnailUrl":"https:\/\/interamerica.org\/wp-content\/uploads\/2024\/12\/faith-amid-challenges-fr.jpg","articleSection":["Nouvelles de l'\u00c9glise mondiale","RSS Fran\u00e7ais"],"inLanguage":"fr-FR"},{"@type":"WebPage","@id":"https:\/\/interamerica.org\/fr\/2024\/12\/la-foi-au-coeurs-des-defis\/","url":"https:\/\/interamerica.org\/fr\/2024\/12\/la-foi-au-coeurs-des-defis\/","name":"La foi au coeurs des d\u00e9fis - \u00c9glise Adventiste Du Septieme Jour - Inter Am\u00e9rique Division","isPartOf":{"@id":"https:\/\/interamerica.org\/fr\/#website"},"primaryImageOfPage":{"@id":"https:\/\/interamerica.org\/fr\/2024\/12\/la-foi-au-coeurs-des-defis\/#primaryimage"},"image":{"@id":"https:\/\/interamerica.org\/fr\/2024\/12\/la-foi-au-coeurs-des-defis\/#primaryimage"},"thumbnailUrl":"https:\/\/interamerica.org\/wp-content\/uploads\/2024\/12\/faith-amid-challenges-fr.jpg","datePublished":"2024-12-13T19:17:09+00:00","dateModified":"2024-12-13T19:24:57+00:00","author":{"@id":"https:\/\/interamerica.org\/fr\/#\/schema\/person\/29998f2bc2d8bd0d38662909289b54f1"},"breadcrumb":{"@id":"https:\/\/interamerica.org\/fr\/2024\/12\/la-foi-au-coeurs-des-defis\/#breadcrumb"},"inLanguage":"fr-FR","potentialAction":[{"@type":"ReadAction","target":["https:\/\/interamerica.org\/fr\/2024\/12\/la-foi-au-coeurs-des-defis\/"]}]},{"@type":"ImageObject","inLanguage":"fr-FR","@id":"https:\/\/interamerica.org\/fr\/2024\/12\/la-foi-au-coeurs-des-defis\/#primaryimage","url":"https:\/\/interamerica.org\/wp-content\/uploads\/2024\/12\/faith-amid-challenges-fr.jpg","contentUrl":"https:\/\/interamerica.org\/wp-content\/uploads\/2024\/12\/faith-amid-challenges-fr.jpg","width":1000,"height":563},{"@type":"BreadcrumbList","@id":"https:\/\/interamerica.org\/fr\/2024\/12\/la-foi-au-coeurs-des-defis\/#breadcrumb","itemListElement":[{"@type":"ListItem","position":1,"name":"Home","item":"https:\/\/interamerica.org\/fr\/"},{"@type":"ListItem","position":2,"name":"La foi au coeurs des d\u00e9fis"}]},{"@type":"WebSite","@id":"https:\/\/interamerica.org\/fr\/#website","url":"https:\/\/interamerica.org\/fr\/","name":"\u00c9glise Adventiste Du Septieme Jour - Inter Am\u00e9rique Division","description":"","potentialAction":[{"@type":"SearchAction","target":{"@type":"EntryPoint","urlTemplate":"https:\/\/interamerica.org\/fr\/?s={search_term_string}"},"query-input":{"@type":"PropertyValueSpecification","valueRequired":true,"valueName":"search_term_string"}}],"inLanguage":"fr-FR"},{"@type":"Person","@id":"https:\/\/interamerica.org\/fr\/#\/schema\/person\/29998f2bc2d8bd0d38662909289b54f1","name":"libna","image":{"@type":"ImageObject","inLanguage":"fr-FR","@id":"https:\/\/secure.gravatar.com\/avatar\/7c5bd30ae4b47a9ba3c856590957fd1d96dc588bf3ac05719d247e126840331f?s=96&d=mm&r=g","url":"https:\/\/secure.gravatar.com\/avatar\/7c5bd30ae4b47a9ba3c856590957fd1d96dc588bf3ac05719d247e126840331f?s=96&d=mm&r=g","contentUrl":"https:\/\/secure.gravatar.com\/avatar\/7c5bd30ae4b47a9ba3c856590957fd1d96dc588bf3ac05719d247e126840331f?s=96&d=mm&r=g","caption":"libna"}}]}},"_links":{"self":[{"href":"https:\/\/interamerica.org\/fr\/wp-json\/wp\/v2\/posts\/123340","targetHints":{"allow":["GET"]}}],"collection":[{"href":"https:\/\/interamerica.org\/fr\/wp-json\/wp\/v2\/posts"}],"about":[{"href":"https:\/\/interamerica.org\/fr\/wp-json\/wp\/v2\/types\/post"}],"author":[{"embeddable":true,"href":"https:\/\/interamerica.org\/fr\/wp-json\/wp\/v2\/users\/3"}],"replies":[{"embeddable":true,"href":"https:\/\/interamerica.org\/fr\/wp-json\/wp\/v2\/comments?post=123340"}],"version-history":[{"count":0,"href":"https:\/\/interamerica.org\/fr\/wp-json\/wp\/v2\/posts\/123340\/revisions"}],"wp:featuredmedia":[{"embeddable":true,"href":"https:\/\/interamerica.org\/fr\/wp-json\/wp\/v2\/media\/123322"}],"wp:attachment":[{"href":"https:\/\/interamerica.org\/fr\/wp-json\/wp\/v2\/media?parent=123340"}],"wp:term":[{"taxonomy":"category","embeddable":true,"href":"https:\/\/interamerica.org\/fr\/wp-json\/wp\/v2\/categories?post=123340"},{"taxonomy":"post_tag","embeddable":true,"href":"https:\/\/interamerica.org\/fr\/wp-json\/wp\/v2\/tags?post=123340"}],"curies":[{"name":"wp","href":"https:\/\/api.w.org\/{rel}","templated":true}]}}