{"id":12336,"date":"2005-04-20T00:00:00","date_gmt":"2005-04-20T04:00:00","guid":{"rendered":"http:\/\/192.81.217.108\/interamerica\/2005\/04\/eglise-mondiale-un-plan-pour-distribuer-les-livres-dellen-white-a-chaque-famille-adventiste\/"},"modified":"2017-06-02T13:20:19","modified_gmt":"2017-06-02T17:20:19","slug":"eglise-mondiale-un-plan-pour-distribuer-les-livres-dellen-white-a-chaque-famille-adventiste","status":"publish","type":"post","link":"https:\/\/interamerica.org\/fr\/2005\/04\/eglise-mondiale-un-plan-pour-distribuer-les-livres-dellen-white-a-chaque-famille-adventiste\/","title":{"rendered":"Eglise Mondiale:\u00a0 Un Plan pour Distribuer les Livres d&rsquo;Ellen White a Chaque Famille Adventiste\u00a0"},"content":{"rendered":"<p>Silver Spring, Maryland, Etats-Unis d&rsquo;Am\u00e9rique&#8230; (ANN\/Staff)<\/p>\n<p>A l&rsquo;unanimit\u00e9, les dirigeants de l&rsquo;Eglise des Adventistes du Septi\u00e8me jour ont vot\u00e9 le 14 avril de mettre en action un plan pour distribuer \u00e0 travers le monde 2 millions de copies des livres \u00e9crits par Ellen G. White, l&rsquo;une de ses fondateurs.<\/p>\n<p>Imm\u00e9diatement apr\u00e8s, Dr. Robert O. Ford, un membre de l&rsquo;\u00e9glise Advenitste, a ajout\u00e9 qu&rsquo;il donnerait $50.000 pour couvrir le cout du projet.  Dr. Ford est un ophtalmologue et chirurgien de cataracte et de \u00ab\u00a0LASIK\u00a0\u00bb (chirurgie au moyen du laser) qui poss\u00e8de le \u00ab\u00a0Pacific Cataract and Laser Institute \u00e0 Centralia, Washington, aux Etats-Unis.<\/p>\n<p>Je suis ravi de l&rsquo;opportunit\u00e9 d&rsquo;offrir mon premier don \u00e0 un projet de la plus grande importance,,\u00a0\u00bb  Dans un message electronique adress\u00e9 aux administrateurs de l&rsquo;oeuvre, Dr. Ford a \u00e9crit:   \u00ab\u00a0Je suis parfaitement en accord avec (le) but de cette d\u00e9marche.<\/p>\n<p>D\u00e9nomm\u00e9 \u00ab\u00a0La Connection Avec J\u00e9sus\u00a0\u00bb le projet de distribution de livre a \u00e9t\u00e9 pr\u00e9sent\u00e9 au cours du Councile Annuel de 2004, la r\u00e9union d&rsquo;affaires des dirigeants de l&rsquo;oeuvre.<\/p>\n<p>Nous devons confier ces magnifiques messages&#8230; aux mains des milliers de croyants qui n&rsquo;y ont pas acc\u00e8s,\u00a0\u00bb  d&rsquo;apr\u00e8s ce que Ted, N.C. Wilson, l&rsquo;un des vice-pr\u00e9sidents de l&rsquo;\u00e9glise mondiale, a rapport\u00e9 aux participants\u00a0\u00bb.<\/p>\n<p>A la r\u00e9union de 2004, un document expliquant le projet a relat\u00e9 que la n\u00e9cessit\u00e9 s&rsquo;est impos\u00e9e apr\u00e9s un appparent d\u00e9clin du nombre de lecteurs adventistes de ces volumes, bien qu&rsquo;ils soient persuad\u00e9s de leur pertinence pour l&rsquo;\u00e9glise et ses membres.  Les Adventistes du Septi\u00e8me jour font allusion aux \u00e9crits d&rsquo;Ellen G. White comme \u00e9tant \u00ab\u00a0l&rsquo;Esprit de Proph\u00e9tie,\u00a0\u00bb et son oeuvre demeure la voix proph\u00e9tique des Adventistes.<\/p>\n<p>Wilson a fait remarquer \u00e0 la r\u00e9union de 2004, qu&rsquo;il \u00e9tait \u00ab\u00a0essentiel\u00a0\u00bb d&rsquo;offrir aux croyants les 10 ouvrages, qui repr\u00e9sentent un petit \u00e9chantillon des \u00e9crits de White.<\/p>\n<p> Les ouvrages, qui compredront un guide d&rsquo;\u00e9tudes, seront distribu\u00e9s sur une p\u00e9riode de cinq ans et financ\u00e9s par le quartier g\u00e9n\u00e9ral de l&rsquo;\u00e9glise mondiale, les bureaux r\u00e9gionaux et locaux \u00e0 travers le monde.  Le but est que chaque famille Adventiste ait un jeu d&rsquo;ouvrages.  Il a \u00e9t\u00e9 aussi sugg\u00e9r\u00e9 que chaque famille aurait \u00e0 payer une partie du prix de ces ouvrages, \u00e0 leur r\u00e9ception.  <\/p><\/p>\n","protected":false},"excerpt":{"rendered":"<p>A l&rsquo;unanimit\u00e9, les dirigeants de l&rsquo;Eglise des Adventistes du Septi\u00e8me jour ont vot\u00e9 le 14 avril de mettre en action un plan pour distribuer \u00e0 travers le monde 2 millions de copies des livres \u00e9crits par Ellen G. White&#8230;<\/p>\n","protected":false},"author":1,"featured_media":0,"comment_status":"closed","ping_status":"closed","sticky":false,"template":"","format":"standard","meta":{"_acf_changed":false,"footnotes":""},"categories":[9],"tags":[],"class_list":["post-12336","post","type-post","status-publish","format-standard","hentry","category-archive-fr"],"acf":[],"yoast_head":"<!-- This site is optimized with the Yoast SEO plugin v27.3 - https:\/\/yoast.com\/product\/yoast-seo-wordpress\/ -->\n<title>Eglise Mondiale:\u00a0 Un Plan pour Distribuer les Livres d&#039;Ellen White a Chaque Famille Adventiste\u00a0 - \u00c9glise Adventiste Du Septieme Jour - Inter Am\u00e9rique Division<\/title>\n<meta name=\"robots\" content=\"index, follow, max-snippet:-1, max-image-preview:large, max-video-preview:-1\" \/>\n<link rel=\"canonical\" href=\"https:\/\/interamerica.org\/fr\/2005\/04\/eglise-mondiale-un-plan-pour-distribuer-les-livres-dellen-white-a-chaque-famille-adventiste\/\" \/>\n<meta property=\"og:locale\" content=\"fr_FR\" \/>\n<meta property=\"og:type\" content=\"article\" \/>\n<meta property=\"og:title\" content=\"Eglise Mondiale:\u00a0 Un Plan pour Distribuer les Livres d&#039;Ellen White a Chaque Famille Adventiste\u00a0 - \u00c9glise Adventiste Du Septieme Jour - Inter Am\u00e9rique Division\" \/>\n<meta property=\"og:description\" content=\"A l&#039;unanimit\u00e9, les dirigeants de l&#039;Eglise des Adventistes du Septi\u00e8me jour ont vot\u00e9 le 14 avril de mettre en action un plan pour distribuer \u00e0 travers le monde 2 millions de copies des livres \u00e9crits par Ellen G. White...\" \/>\n<meta property=\"og:url\" content=\"https:\/\/interamerica.org\/fr\/2005\/04\/eglise-mondiale-un-plan-pour-distribuer-les-livres-dellen-white-a-chaque-famille-adventiste\/\" \/>\n<meta property=\"og:site_name\" content=\"\u00c9glise Adventiste Du Septieme Jour - Inter Am\u00e9rique Division\" \/>\n<meta property=\"article:published_time\" content=\"2005-04-20T04:00:00+00:00\" \/>\n<meta property=\"article:modified_time\" content=\"2017-06-02T17:20:19+00:00\" \/>\n<meta name=\"author\" content=\"Lorenzo Verduzco\" \/>\n<meta name=\"twitter:card\" content=\"summary_large_image\" \/>\n<meta name=\"twitter:label1\" content=\"\u00c9crit par\" \/>\n\t<meta name=\"twitter:data1\" content=\"Lorenzo Verduzco\" \/>\n\t<meta name=\"twitter:label2\" content=\"Dur\u00e9e de lecture estim\u00e9e\" \/>\n\t<meta name=\"twitter:data2\" content=\"2 minutes\" \/>\n<script type=\"application\/ld+json\" class=\"yoast-schema-graph\">{\"@context\":\"https:\\\/\\\/schema.org\",\"@graph\":[{\"@type\":\"Article\",\"@id\":\"https:\\\/\\\/interamerica.org\\\/fr\\\/2005\\\/04\\\/eglise-mondiale-un-plan-pour-distribuer-les-livres-dellen-white-a-chaque-famille-adventiste\\\/#article\",\"isPartOf\":{\"@id\":\"https:\\\/\\\/interamerica.org\\\/fr\\\/2005\\\/04\\\/eglise-mondiale-un-plan-pour-distribuer-les-livres-dellen-white-a-chaque-famille-adventiste\\\/\"},\"author\":{\"name\":\"Lorenzo Verduzco\",\"@id\":\"https:\\\/\\\/interamerica.org\\\/fr\\\/#\\\/schema\\\/person\\\/68ede8bdc292885bb76c1e3810e73c39\"},\"headline\":\"Eglise Mondiale:\u00a0 Un Plan pour Distribuer les Livres d&rsquo;Ellen White a Chaque Famille Adventiste\u00a0\",\"datePublished\":\"2005-04-20T04:00:00+00:00\",\"dateModified\":\"2017-06-02T17:20:19+00:00\",\"mainEntityOfPage\":{\"@id\":\"https:\\\/\\\/interamerica.org\\\/fr\\\/2005\\\/04\\\/eglise-mondiale-un-plan-pour-distribuer-les-livres-dellen-white-a-chaque-famille-adventiste\\\/\"},\"wordCount\":422,\"articleSection\":[\"Archive\"],\"inLanguage\":\"fr-FR\"},{\"@type\":\"WebPage\",\"@id\":\"https:\\\/\\\/interamerica.org\\\/fr\\\/2005\\\/04\\\/eglise-mondiale-un-plan-pour-distribuer-les-livres-dellen-white-a-chaque-famille-adventiste\\\/\",\"url\":\"https:\\\/\\\/interamerica.org\\\/fr\\\/2005\\\/04\\\/eglise-mondiale-un-plan-pour-distribuer-les-livres-dellen-white-a-chaque-famille-adventiste\\\/\",\"name\":\"Eglise Mondiale:\u00a0 Un Plan pour Distribuer les Livres d'Ellen White a Chaque Famille Adventiste\u00a0 - \u00c9glise Adventiste Du Septieme Jour - Inter Am\u00e9rique Division\",\"isPartOf\":{\"@id\":\"https:\\\/\\\/interamerica.org\\\/fr\\\/#website\"},\"datePublished\":\"2005-04-20T04:00:00+00:00\",\"dateModified\":\"2017-06-02T17:20:19+00:00\",\"author\":{\"@id\":\"https:\\\/\\\/interamerica.org\\\/fr\\\/#\\\/schema\\\/person\\\/68ede8bdc292885bb76c1e3810e73c39\"},\"breadcrumb\":{\"@id\":\"https:\\\/\\\/interamerica.org\\\/fr\\\/2005\\\/04\\\/eglise-mondiale-un-plan-pour-distribuer-les-livres-dellen-white-a-chaque-famille-adventiste\\\/#breadcrumb\"},\"inLanguage\":\"fr-FR\",\"potentialAction\":[{\"@type\":\"ReadAction\",\"target\":[\"https:\\\/\\\/interamerica.org\\\/fr\\\/2005\\\/04\\\/eglise-mondiale-un-plan-pour-distribuer-les-livres-dellen-white-a-chaque-famille-adventiste\\\/\"]}]},{\"@type\":\"BreadcrumbList\",\"@id\":\"https:\\\/\\\/interamerica.org\\\/fr\\\/2005\\\/04\\\/eglise-mondiale-un-plan-pour-distribuer-les-livres-dellen-white-a-chaque-famille-adventiste\\\/#breadcrumb\",\"itemListElement\":[{\"@type\":\"ListItem\",\"position\":1,\"name\":\"Home\",\"item\":\"https:\\\/\\\/interamerica.org\\\/fr\\\/\"},{\"@type\":\"ListItem\",\"position\":2,\"name\":\"Eglise Mondiale:\u00a0 Un Plan pour Distribuer les Livres d&rsquo;Ellen White a Chaque Famille Adventiste\u00a0\"}]},{\"@type\":\"WebSite\",\"@id\":\"https:\\\/\\\/interamerica.org\\\/fr\\\/#website\",\"url\":\"https:\\\/\\\/interamerica.org\\\/fr\\\/\",\"name\":\"\u00c9glise Adventiste Du Septieme Jour - Inter Am\u00e9rique Division\",\"description\":\"\",\"potentialAction\":[{\"@type\":\"SearchAction\",\"target\":{\"@type\":\"EntryPoint\",\"urlTemplate\":\"https:\\\/\\\/interamerica.org\\\/fr\\\/?s={search_term_string}\"},\"query-input\":{\"@type\":\"PropertyValueSpecification\",\"valueRequired\":true,\"valueName\":\"search_term_string\"}}],\"inLanguage\":\"fr-FR\"},{\"@type\":\"Person\",\"@id\":\"https:\\\/\\\/interamerica.org\\\/fr\\\/#\\\/schema\\\/person\\\/68ede8bdc292885bb76c1e3810e73c39\",\"name\":\"Lorenzo Verduzco\",\"image\":{\"@type\":\"ImageObject\",\"inLanguage\":\"fr-FR\",\"@id\":\"https:\\\/\\\/secure.gravatar.com\\\/avatar\\\/fb81a55b6218459490a9c1dc841a34909185b81904c5337b4b27f7a6fd60c49e?s=96&d=mm&r=g\",\"url\":\"https:\\\/\\\/secure.gravatar.com\\\/avatar\\\/fb81a55b6218459490a9c1dc841a34909185b81904c5337b4b27f7a6fd60c49e?s=96&d=mm&r=g\",\"contentUrl\":\"https:\\\/\\\/secure.gravatar.com\\\/avatar\\\/fb81a55b6218459490a9c1dc841a34909185b81904c5337b4b27f7a6fd60c49e?s=96&d=mm&r=g\",\"caption\":\"Lorenzo Verduzco\"}}]}<\/script>\n<!-- \/ Yoast SEO plugin. -->","yoast_head_json":{"title":"Eglise Mondiale:\u00a0 Un Plan pour Distribuer les Livres d'Ellen White a Chaque Famille Adventiste\u00a0 - \u00c9glise Adventiste Du Septieme Jour - Inter Am\u00e9rique Division","robots":{"index":"index","follow":"follow","max-snippet":"max-snippet:-1","max-image-preview":"max-image-preview:large","max-video-preview":"max-video-preview:-1"},"canonical":"https:\/\/interamerica.org\/fr\/2005\/04\/eglise-mondiale-un-plan-pour-distribuer-les-livres-dellen-white-a-chaque-famille-adventiste\/","og_locale":"fr_FR","og_type":"article","og_title":"Eglise Mondiale:\u00a0 Un Plan pour Distribuer les Livres d'Ellen White a Chaque Famille Adventiste\u00a0 - \u00c9glise Adventiste Du Septieme Jour - Inter Am\u00e9rique Division","og_description":"A l'unanimit\u00e9, les dirigeants de l'Eglise des Adventistes du Septi\u00e8me jour ont vot\u00e9 le 14 avril de mettre en action un plan pour distribuer \u00e0 travers le monde 2 millions de copies des livres \u00e9crits par Ellen G. White...","og_url":"https:\/\/interamerica.org\/fr\/2005\/04\/eglise-mondiale-un-plan-pour-distribuer-les-livres-dellen-white-a-chaque-famille-adventiste\/","og_site_name":"\u00c9glise Adventiste Du Septieme Jour - Inter Am\u00e9rique Division","article_published_time":"2005-04-20T04:00:00+00:00","article_modified_time":"2017-06-02T17:20:19+00:00","author":"Lorenzo Verduzco","twitter_card":"summary_large_image","twitter_misc":{"\u00c9crit par":"Lorenzo Verduzco","Dur\u00e9e de lecture estim\u00e9e":"2 minutes"},"schema":{"@context":"https:\/\/schema.org","@graph":[{"@type":"Article","@id":"https:\/\/interamerica.org\/fr\/2005\/04\/eglise-mondiale-un-plan-pour-distribuer-les-livres-dellen-white-a-chaque-famille-adventiste\/#article","isPartOf":{"@id":"https:\/\/interamerica.org\/fr\/2005\/04\/eglise-mondiale-un-plan-pour-distribuer-les-livres-dellen-white-a-chaque-famille-adventiste\/"},"author":{"name":"Lorenzo Verduzco","@id":"https:\/\/interamerica.org\/fr\/#\/schema\/person\/68ede8bdc292885bb76c1e3810e73c39"},"headline":"Eglise Mondiale:\u00a0 Un Plan pour Distribuer les Livres d&rsquo;Ellen White a Chaque Famille Adventiste\u00a0","datePublished":"2005-04-20T04:00:00+00:00","dateModified":"2017-06-02T17:20:19+00:00","mainEntityOfPage":{"@id":"https:\/\/interamerica.org\/fr\/2005\/04\/eglise-mondiale-un-plan-pour-distribuer-les-livres-dellen-white-a-chaque-famille-adventiste\/"},"wordCount":422,"articleSection":["Archive"],"inLanguage":"fr-FR"},{"@type":"WebPage","@id":"https:\/\/interamerica.org\/fr\/2005\/04\/eglise-mondiale-un-plan-pour-distribuer-les-livres-dellen-white-a-chaque-famille-adventiste\/","url":"https:\/\/interamerica.org\/fr\/2005\/04\/eglise-mondiale-un-plan-pour-distribuer-les-livres-dellen-white-a-chaque-famille-adventiste\/","name":"Eglise Mondiale:\u00a0 Un Plan pour Distribuer les Livres d'Ellen White a Chaque Famille Adventiste\u00a0 - \u00c9glise Adventiste Du Septieme Jour - Inter Am\u00e9rique Division","isPartOf":{"@id":"https:\/\/interamerica.org\/fr\/#website"},"datePublished":"2005-04-20T04:00:00+00:00","dateModified":"2017-06-02T17:20:19+00:00","author":{"@id":"https:\/\/interamerica.org\/fr\/#\/schema\/person\/68ede8bdc292885bb76c1e3810e73c39"},"breadcrumb":{"@id":"https:\/\/interamerica.org\/fr\/2005\/04\/eglise-mondiale-un-plan-pour-distribuer-les-livres-dellen-white-a-chaque-famille-adventiste\/#breadcrumb"},"inLanguage":"fr-FR","potentialAction":[{"@type":"ReadAction","target":["https:\/\/interamerica.org\/fr\/2005\/04\/eglise-mondiale-un-plan-pour-distribuer-les-livres-dellen-white-a-chaque-famille-adventiste\/"]}]},{"@type":"BreadcrumbList","@id":"https:\/\/interamerica.org\/fr\/2005\/04\/eglise-mondiale-un-plan-pour-distribuer-les-livres-dellen-white-a-chaque-famille-adventiste\/#breadcrumb","itemListElement":[{"@type":"ListItem","position":1,"name":"Home","item":"https:\/\/interamerica.org\/fr\/"},{"@type":"ListItem","position":2,"name":"Eglise Mondiale:\u00a0 Un Plan pour Distribuer les Livres d&rsquo;Ellen White a Chaque Famille Adventiste\u00a0"}]},{"@type":"WebSite","@id":"https:\/\/interamerica.org\/fr\/#website","url":"https:\/\/interamerica.org\/fr\/","name":"\u00c9glise Adventiste Du Septieme Jour - Inter Am\u00e9rique Division","description":"","potentialAction":[{"@type":"SearchAction","target":{"@type":"EntryPoint","urlTemplate":"https:\/\/interamerica.org\/fr\/?s={search_term_string}"},"query-input":{"@type":"PropertyValueSpecification","valueRequired":true,"valueName":"search_term_string"}}],"inLanguage":"fr-FR"},{"@type":"Person","@id":"https:\/\/interamerica.org\/fr\/#\/schema\/person\/68ede8bdc292885bb76c1e3810e73c39","name":"Lorenzo Verduzco","image":{"@type":"ImageObject","inLanguage":"fr-FR","@id":"https:\/\/secure.gravatar.com\/avatar\/fb81a55b6218459490a9c1dc841a34909185b81904c5337b4b27f7a6fd60c49e?s=96&d=mm&r=g","url":"https:\/\/secure.gravatar.com\/avatar\/fb81a55b6218459490a9c1dc841a34909185b81904c5337b4b27f7a6fd60c49e?s=96&d=mm&r=g","contentUrl":"https:\/\/secure.gravatar.com\/avatar\/fb81a55b6218459490a9c1dc841a34909185b81904c5337b4b27f7a6fd60c49e?s=96&d=mm&r=g","caption":"Lorenzo Verduzco"}}]}},"_links":{"self":[{"href":"https:\/\/interamerica.org\/fr\/wp-json\/wp\/v2\/posts\/12336","targetHints":{"allow":["GET"]}}],"collection":[{"href":"https:\/\/interamerica.org\/fr\/wp-json\/wp\/v2\/posts"}],"about":[{"href":"https:\/\/interamerica.org\/fr\/wp-json\/wp\/v2\/types\/post"}],"author":[{"embeddable":true,"href":"https:\/\/interamerica.org\/fr\/wp-json\/wp\/v2\/users\/1"}],"replies":[{"embeddable":true,"href":"https:\/\/interamerica.org\/fr\/wp-json\/wp\/v2\/comments?post=12336"}],"version-history":[{"count":0,"href":"https:\/\/interamerica.org\/fr\/wp-json\/wp\/v2\/posts\/12336\/revisions"}],"wp:attachment":[{"href":"https:\/\/interamerica.org\/fr\/wp-json\/wp\/v2\/media?parent=12336"}],"wp:term":[{"taxonomy":"category","embeddable":true,"href":"https:\/\/interamerica.org\/fr\/wp-json\/wp\/v2\/categories?post=12336"},{"taxonomy":"post_tag","embeddable":true,"href":"https:\/\/interamerica.org\/fr\/wp-json\/wp\/v2\/tags?post=12336"}],"curies":[{"name":"wp","href":"https:\/\/api.w.org\/{rel}","templated":true}]}}