{"id":12337,"date":"2005-04-19T00:00:00","date_gmt":"2005-04-19T04:00:00","guid":{"rendered":"http:\/\/192.81.217.108\/interamerica\/2005\/04\/eglise-mondiale-le-projet-elisee-engage-des-milliers-de-jeunes-au-service\/"},"modified":"2017-06-02T13:20:19","modified_gmt":"2017-06-02T17:20:19","slug":"eglise-mondiale-le-projet-elisee-engage-des-milliers-de-jeunes-au-service","status":"publish","type":"post","link":"https:\/\/interamerica.org\/fr\/2005\/04\/eglise-mondiale-le-projet-elisee-engage-des-milliers-de-jeunes-au-service\/","title":{"rendered":"Eglise Mondiale:\u00a0 Le Projet Elis\u00e9e Engage Des Milliers De Jeunes Au Service\u00a0"},"content":{"rendered":"<p>En relevant le\u00a0d\u00e9fi d&rsquo;enroller davantage de jeunes dans la mission de l&rsquo;Eglise des Adventistes du Septi\u00e8me jour, le quartier g\u00e9n\u00e9ral de l&rsquo;oeuvre et les Services des Activit\u00e9s La\u00efques et des Industries (ASI) s&rsquo;engagent dans\u00a0une vaste campage pour la participation des jeunes\u00a0du monde\u00a0 \u00e0 l&rsquo;\u00e9vang\u00e9lisation qui, jusqu&rsquo;\u00e0 pr\u00e9sent, a retenu l&rsquo;attention de plus de 600.000 jeunes\u00a0\u00e2g\u00e9s de 15 \u00e0 30 ans. <\/p>\n<p>Pendant un an et demi, pr\u00e8s de 19.900 campagnes de \u00a0\u00ab\u00a0Voix des Jeunes\u00a0\u00bb ou\u00a0campagnes d&rsquo;\u00e9vang\u00e9lisation, tenues par les jeunes sont planifi\u00e9es dans les 13 r\u00e9gions mondiales\u00a0de l&rsquo;oeuvre dans le cadre du Projet Elis\u00e9e.<\/p>\n<p>L&rsquo;initiative du projet a \u00e9t\u00e9 prise apr\u00e8s les r\u00e9ultats d&rsquo;une enqu\u00eate sur une p\u00e9riode de plus de 10 ans qui a r\u00e9v\u00e9l\u00e9 que l&rsquo;une des raisons\u00a0qui porte les jeunes \u00e0 abandonner l&rsquo;\u00e9glise est leur manque de participation aux\u00a0activit\u00e9s de l&rsquo;\u00e9glise, avance Alfred Garcia-Marenko, assistant-directeur de la Jeunesse de l&rsquo;\u00e9glise mondiale.\u00a0 Bien que cela ne s&rsquo;applique pas \u00e0 tous les pays du monde, il y a beaucoup d&rsquo;\u00e9glises r\u00e9gionales qui confrontent ce probl\u00e8me.<\/p>\n<p>\u00ab\u00a0L&rsquo;enqu\u00eate a suffi pour r\u00e9v\u00e9ler que les jeunes veulent \u00eatre impliqu\u00e9s&#8230;Notre d\u00e9fi est de les impliquer,\u00a0\u00bb\u00a0pr\u00e9cise Garcia-Marenko.\u00a0 \u00ab\u00a0J&rsquo;ai d\u00e9couvert que les jeunes prennent plaisir \u00e0 participer \u00e0 de grands projets.\u00a0 Ils prennent aussi plaisir\u00a0\u00e0 faire partie d&rsquo;une \u00e9quipe gagnante avec de\u00a0grands r\u00e9sultats pour Dieu.\u00a0 Je pense que nous sommes sur la bonne voie et je suis sur que nous aurons de grands r\u00e9sultats\u00a0\u00bb.\u00a0<\/p>\n<p>\u00ab\u00a0Quand les jeunes pr\u00eachent le message Adventiste, ils restent dans l&rsquo;Eglise des Adventistes du Septi\u00e8me jour &#8212; quand nous leur confions le message,\u00a0\u00bb<\/p>\n<p>Mark Finley, directeur du Centre pour l&rsquo;Evang\u00e9lisation Mondiale de l&rsquo;\u00e9glise, s&rsquo;est adress\u00e9\u00a0aux dirigeants de l&rsquo;oeuvre au cours de la R\u00e9union du Printemps, l&rsquo;une des deux rencontres annuelles de l&rsquo;\u00e9glise.<\/p>\n<p>Garcia-Marenko ajoute, \u00ab\u00a0Le Projet Elis\u00e9e est pr\u00e9cis\u00e9ment le plan d&rsquo;action pour convier les jeunes de l&rsquo;\u00e9glise \u00e0 participer \u00e0 la mission de l&rsquo;oeuvre.\u00a0(Et) ils y r\u00e9pondent.\u00a0 La meilleure d\u00e9monstration que je constate est que toutes (les \u00e9glises\u00a0des r\u00e9gions du monde) ont r\u00e9pondu en organisant des campagnes d&rsquo;\u00e9vang\u00e9lisation dirig\u00e9es\u00a0par les jeunes dans leurs territoires.\u00a0\u00bb<\/p>\n<p>Il ya plusieurs raisons d&rsquo;engager les jeunes, avance Denzil McNeilus, ancien pr\u00e9sident\u00a0 de \u00ab\u00a0ASI\u00a0\u00bb et supporteur du projet.\u00a0 \u00ab\u00a0La premi\u00e8re raison, certainement, est celle\u00a0de proclamer le message.\u00a0 La deuxi\u00e8me raison est que quand\u00a0les jeunes pr\u00e9sentent eux-m\u00eames\u00a0le message, ils ne sont plus les m\u00eames.\u00a0 Le message devient une r\u00e9alit\u00e9 pour eux.<\/p>\n<p>McNeilus a\u00a0t\u00e9moign\u00e9 du travail accompli par les jeunes de\u00a0l&rsquo;\u00e9glise: \u00a0\u00ab\u00a0Nous avons \u00e9t\u00e9 impliqu\u00e9s dans le projet \u00ab\u00a0Jeunes pour J\u00e9sus\u00a0\u00bb avec \u00ab\u00a0ASI\u00a0\u00bb pendant les six derniers programmes d&rsquo;\u00e9t\u00e9,\u00a0\u00bb explique-t-il, en parlant de l&rsquo;effort tenu\u00a0conjointement avec la convention annuelle de \u00ab\u00a0ASI\u00a0\u00bb aux Etats-Unis.\u00a0 Chaque \u00e9t\u00e9, les jeunes concentrent leur effort d&rsquo;\u00e9vang\u00e9lisation dans les zones m\u00e9tropolitaines o\u00f9 sera tenue la convention, allant de portes en portes et tenant\u00a0des r\u00e9unions au cours de l&rsquo;apr\u00e8s-midi\u00a0pendant plusieurs semaines.\u00a0 \u00ab\u00a0Ceci a \u00e9t\u00e9 une exp\u00e9rience remarquable &#8211;non seulement pour les jeunes, mais aussi pour les personnes\u00a0qu&rsquo;ils ont\u00a0touch\u00e9es.\u00a0\u00bb<\/p>\n<p>Garcia-Marenko avance qu&rsquo;au d\u00e9part le r\u00eave \u00e9tait de tenir 7.000 campagnes \u00e0 travers le monde, cependant ce nombre \u00e0 pr\u00e9sent a plus\u00a0que\u00a0doubl\u00e9.\u00a0 Les mat\u00e9riels, y compris un DVD (cassete vid\u00e9o) et un livre que les jeunes utiliseront pour les aider dans la pr\u00e9sentation de leur message, ont \u00e9t\u00e9 traduits dans 33 langues.<\/p>\n<p>Bien que le but principal du projet est de r\u00e9pandre la parole de Dieu, les membres du comit\u00e9 du Projet Elis\u00e9e avancent qu&rsquo;ils sont \u00ab\u00a0convaincus que\u00a0 si les jeunes sont activement impliqu\u00e9s au service, leurs esprits seront satur\u00e9s par la v\u00e9rit\u00e9 de la parole de Dieu.\u00a0\u00bb\u00a0<\/p>\n<p>Le Projet Elis\u00e9e est un effort collectif de ASI et de trois bureaux et d\u00e9partements de l&rsquo;\u00e9glise mondiale:\u00a0 le Centre pour l&rsquo;Evang\u00e9lisation Mondiale, le Minist\u00e8re\u00a0du Service Personnel\/Ecole du Sabbat, et le D\u00e9partement de la Jeunesse.<\/p>\n<p>Les \u00e9glises locales des r\u00e9gions qui sont int\u00e9r\u00e9ss\u00e9es \u00e0 participer au Projet peuvent contacter leur directeur de jeunesse, rapporte Garcia-Marenko.\u00a0\u00a0\u00a0<\/p>\n<p>\u00a0\u00a0<\/p>\n<p>\u00a0\u00a0\u00a0\u00a0\u00a0\u00a0\u00a0\u00a0\u00a0\u00a0\u00a0\u00a0<\/p>\n","protected":false},"excerpt":{"rendered":"<p>En relevant le\u00a0d\u00e9fi d&rsquo;enroller davantage de jeunes dans la mission de l&rsquo;Eglise des Adventiste du Septi\u00e8me jour&#8230; \u00a0\u00a0<\/p>\n","protected":false},"author":1,"featured_media":0,"comment_status":"closed","ping_status":"closed","sticky":false,"template":"","format":"standard","meta":{"_acf_changed":false,"footnotes":""},"categories":[9],"tags":[],"class_list":["post-12337","post","type-post","status-publish","format-standard","hentry","category-archive-fr"],"acf":[],"yoast_head":"<!-- This site is optimized with the Yoast SEO plugin v27.3 - https:\/\/yoast.com\/product\/yoast-seo-wordpress\/ -->\n<title>Eglise Mondiale:\u00a0 Le Projet Elis\u00e9e Engage Des Milliers De Jeunes Au Service\u00a0 - \u00c9glise Adventiste Du Septieme Jour - Inter Am\u00e9rique Division<\/title>\n<meta name=\"robots\" content=\"index, follow, max-snippet:-1, max-image-preview:large, max-video-preview:-1\" \/>\n<link rel=\"canonical\" href=\"https:\/\/interamerica.org\/fr\/2005\/04\/eglise-mondiale-le-projet-elisee-engage-des-milliers-de-jeunes-au-service\/\" \/>\n<meta property=\"og:locale\" content=\"fr_FR\" \/>\n<meta property=\"og:type\" content=\"article\" \/>\n<meta property=\"og:title\" content=\"Eglise Mondiale:\u00a0 Le Projet Elis\u00e9e Engage Des Milliers De Jeunes Au Service\u00a0 - \u00c9glise Adventiste Du Septieme Jour - Inter Am\u00e9rique Division\" \/>\n<meta property=\"og:description\" content=\"En relevant le\u00a0d\u00e9fi d&#039;enroller davantage de jeunes dans la mission de l&#039;Eglise des Adventiste du Septi\u00e8me jour... \u00a0\u00a0\" \/>\n<meta property=\"og:url\" content=\"https:\/\/interamerica.org\/fr\/2005\/04\/eglise-mondiale-le-projet-elisee-engage-des-milliers-de-jeunes-au-service\/\" \/>\n<meta property=\"og:site_name\" content=\"\u00c9glise Adventiste Du Septieme Jour - Inter Am\u00e9rique Division\" \/>\n<meta property=\"article:published_time\" content=\"2005-04-19T04:00:00+00:00\" \/>\n<meta property=\"article:modified_time\" content=\"2017-06-02T17:20:19+00:00\" \/>\n<meta name=\"author\" content=\"Lorenzo Verduzco\" \/>\n<meta name=\"twitter:card\" content=\"summary_large_image\" \/>\n<meta name=\"twitter:label1\" content=\"\u00c9crit par\" \/>\n\t<meta name=\"twitter:data1\" content=\"Lorenzo Verduzco\" \/>\n\t<meta name=\"twitter:label2\" content=\"Dur\u00e9e de lecture estim\u00e9e\" \/>\n\t<meta name=\"twitter:data2\" content=\"4 minutes\" \/>\n<script type=\"application\/ld+json\" class=\"yoast-schema-graph\">{\"@context\":\"https:\\\/\\\/schema.org\",\"@graph\":[{\"@type\":\"Article\",\"@id\":\"https:\\\/\\\/interamerica.org\\\/fr\\\/2005\\\/04\\\/eglise-mondiale-le-projet-elisee-engage-des-milliers-de-jeunes-au-service\\\/#article\",\"isPartOf\":{\"@id\":\"https:\\\/\\\/interamerica.org\\\/fr\\\/2005\\\/04\\\/eglise-mondiale-le-projet-elisee-engage-des-milliers-de-jeunes-au-service\\\/\"},\"author\":{\"name\":\"Lorenzo Verduzco\",\"@id\":\"https:\\\/\\\/interamerica.org\\\/fr\\\/#\\\/schema\\\/person\\\/68ede8bdc292885bb76c1e3810e73c39\"},\"headline\":\"Eglise Mondiale:\u00a0 Le Projet Elis\u00e9e Engage Des Milliers De Jeunes Au Service\u00a0\",\"datePublished\":\"2005-04-19T04:00:00+00:00\",\"dateModified\":\"2017-06-02T17:20:19+00:00\",\"mainEntityOfPage\":{\"@id\":\"https:\\\/\\\/interamerica.org\\\/fr\\\/2005\\\/04\\\/eglise-mondiale-le-projet-elisee-engage-des-milliers-de-jeunes-au-service\\\/\"},\"wordCount\":770,\"articleSection\":[\"Archive\"],\"inLanguage\":\"fr-FR\"},{\"@type\":\"WebPage\",\"@id\":\"https:\\\/\\\/interamerica.org\\\/fr\\\/2005\\\/04\\\/eglise-mondiale-le-projet-elisee-engage-des-milliers-de-jeunes-au-service\\\/\",\"url\":\"https:\\\/\\\/interamerica.org\\\/fr\\\/2005\\\/04\\\/eglise-mondiale-le-projet-elisee-engage-des-milliers-de-jeunes-au-service\\\/\",\"name\":\"Eglise Mondiale:\u00a0 Le Projet Elis\u00e9e Engage Des Milliers De Jeunes Au Service\u00a0 - \u00c9glise Adventiste Du Septieme Jour - Inter Am\u00e9rique Division\",\"isPartOf\":{\"@id\":\"https:\\\/\\\/interamerica.org\\\/fr\\\/#website\"},\"datePublished\":\"2005-04-19T04:00:00+00:00\",\"dateModified\":\"2017-06-02T17:20:19+00:00\",\"author\":{\"@id\":\"https:\\\/\\\/interamerica.org\\\/fr\\\/#\\\/schema\\\/person\\\/68ede8bdc292885bb76c1e3810e73c39\"},\"breadcrumb\":{\"@id\":\"https:\\\/\\\/interamerica.org\\\/fr\\\/2005\\\/04\\\/eglise-mondiale-le-projet-elisee-engage-des-milliers-de-jeunes-au-service\\\/#breadcrumb\"},\"inLanguage\":\"fr-FR\",\"potentialAction\":[{\"@type\":\"ReadAction\",\"target\":[\"https:\\\/\\\/interamerica.org\\\/fr\\\/2005\\\/04\\\/eglise-mondiale-le-projet-elisee-engage-des-milliers-de-jeunes-au-service\\\/\"]}]},{\"@type\":\"BreadcrumbList\",\"@id\":\"https:\\\/\\\/interamerica.org\\\/fr\\\/2005\\\/04\\\/eglise-mondiale-le-projet-elisee-engage-des-milliers-de-jeunes-au-service\\\/#breadcrumb\",\"itemListElement\":[{\"@type\":\"ListItem\",\"position\":1,\"name\":\"Home\",\"item\":\"https:\\\/\\\/interamerica.org\\\/fr\\\/\"},{\"@type\":\"ListItem\",\"position\":2,\"name\":\"Eglise Mondiale:\u00a0 Le Projet Elis\u00e9e Engage Des Milliers De Jeunes Au Service\u00a0\"}]},{\"@type\":\"WebSite\",\"@id\":\"https:\\\/\\\/interamerica.org\\\/fr\\\/#website\",\"url\":\"https:\\\/\\\/interamerica.org\\\/fr\\\/\",\"name\":\"\u00c9glise Adventiste Du Septieme Jour - Inter Am\u00e9rique Division\",\"description\":\"\",\"potentialAction\":[{\"@type\":\"SearchAction\",\"target\":{\"@type\":\"EntryPoint\",\"urlTemplate\":\"https:\\\/\\\/interamerica.org\\\/fr\\\/?s={search_term_string}\"},\"query-input\":{\"@type\":\"PropertyValueSpecification\",\"valueRequired\":true,\"valueName\":\"search_term_string\"}}],\"inLanguage\":\"fr-FR\"},{\"@type\":\"Person\",\"@id\":\"https:\\\/\\\/interamerica.org\\\/fr\\\/#\\\/schema\\\/person\\\/68ede8bdc292885bb76c1e3810e73c39\",\"name\":\"Lorenzo Verduzco\",\"image\":{\"@type\":\"ImageObject\",\"inLanguage\":\"fr-FR\",\"@id\":\"https:\\\/\\\/secure.gravatar.com\\\/avatar\\\/fb81a55b6218459490a9c1dc841a34909185b81904c5337b4b27f7a6fd60c49e?s=96&d=mm&r=g\",\"url\":\"https:\\\/\\\/secure.gravatar.com\\\/avatar\\\/fb81a55b6218459490a9c1dc841a34909185b81904c5337b4b27f7a6fd60c49e?s=96&d=mm&r=g\",\"contentUrl\":\"https:\\\/\\\/secure.gravatar.com\\\/avatar\\\/fb81a55b6218459490a9c1dc841a34909185b81904c5337b4b27f7a6fd60c49e?s=96&d=mm&r=g\",\"caption\":\"Lorenzo Verduzco\"}}]}<\/script>\n<!-- \/ Yoast SEO plugin. -->","yoast_head_json":{"title":"Eglise Mondiale:\u00a0 Le Projet Elis\u00e9e Engage Des Milliers De Jeunes Au Service\u00a0 - \u00c9glise Adventiste Du Septieme Jour - Inter Am\u00e9rique Division","robots":{"index":"index","follow":"follow","max-snippet":"max-snippet:-1","max-image-preview":"max-image-preview:large","max-video-preview":"max-video-preview:-1"},"canonical":"https:\/\/interamerica.org\/fr\/2005\/04\/eglise-mondiale-le-projet-elisee-engage-des-milliers-de-jeunes-au-service\/","og_locale":"fr_FR","og_type":"article","og_title":"Eglise Mondiale:\u00a0 Le Projet Elis\u00e9e Engage Des Milliers De Jeunes Au Service\u00a0 - \u00c9glise Adventiste Du Septieme Jour - Inter Am\u00e9rique Division","og_description":"En relevant le\u00a0d\u00e9fi d'enroller davantage de jeunes dans la mission de l'Eglise des Adventiste du Septi\u00e8me jour... \u00a0\u00a0","og_url":"https:\/\/interamerica.org\/fr\/2005\/04\/eglise-mondiale-le-projet-elisee-engage-des-milliers-de-jeunes-au-service\/","og_site_name":"\u00c9glise Adventiste Du Septieme Jour - Inter Am\u00e9rique Division","article_published_time":"2005-04-19T04:00:00+00:00","article_modified_time":"2017-06-02T17:20:19+00:00","author":"Lorenzo Verduzco","twitter_card":"summary_large_image","twitter_misc":{"\u00c9crit par":"Lorenzo Verduzco","Dur\u00e9e de lecture estim\u00e9e":"4 minutes"},"schema":{"@context":"https:\/\/schema.org","@graph":[{"@type":"Article","@id":"https:\/\/interamerica.org\/fr\/2005\/04\/eglise-mondiale-le-projet-elisee-engage-des-milliers-de-jeunes-au-service\/#article","isPartOf":{"@id":"https:\/\/interamerica.org\/fr\/2005\/04\/eglise-mondiale-le-projet-elisee-engage-des-milliers-de-jeunes-au-service\/"},"author":{"name":"Lorenzo Verduzco","@id":"https:\/\/interamerica.org\/fr\/#\/schema\/person\/68ede8bdc292885bb76c1e3810e73c39"},"headline":"Eglise Mondiale:\u00a0 Le Projet Elis\u00e9e Engage Des Milliers De Jeunes Au Service\u00a0","datePublished":"2005-04-19T04:00:00+00:00","dateModified":"2017-06-02T17:20:19+00:00","mainEntityOfPage":{"@id":"https:\/\/interamerica.org\/fr\/2005\/04\/eglise-mondiale-le-projet-elisee-engage-des-milliers-de-jeunes-au-service\/"},"wordCount":770,"articleSection":["Archive"],"inLanguage":"fr-FR"},{"@type":"WebPage","@id":"https:\/\/interamerica.org\/fr\/2005\/04\/eglise-mondiale-le-projet-elisee-engage-des-milliers-de-jeunes-au-service\/","url":"https:\/\/interamerica.org\/fr\/2005\/04\/eglise-mondiale-le-projet-elisee-engage-des-milliers-de-jeunes-au-service\/","name":"Eglise Mondiale:\u00a0 Le Projet Elis\u00e9e Engage Des Milliers De Jeunes Au Service\u00a0 - \u00c9glise Adventiste Du Septieme Jour - Inter Am\u00e9rique Division","isPartOf":{"@id":"https:\/\/interamerica.org\/fr\/#website"},"datePublished":"2005-04-19T04:00:00+00:00","dateModified":"2017-06-02T17:20:19+00:00","author":{"@id":"https:\/\/interamerica.org\/fr\/#\/schema\/person\/68ede8bdc292885bb76c1e3810e73c39"},"breadcrumb":{"@id":"https:\/\/interamerica.org\/fr\/2005\/04\/eglise-mondiale-le-projet-elisee-engage-des-milliers-de-jeunes-au-service\/#breadcrumb"},"inLanguage":"fr-FR","potentialAction":[{"@type":"ReadAction","target":["https:\/\/interamerica.org\/fr\/2005\/04\/eglise-mondiale-le-projet-elisee-engage-des-milliers-de-jeunes-au-service\/"]}]},{"@type":"BreadcrumbList","@id":"https:\/\/interamerica.org\/fr\/2005\/04\/eglise-mondiale-le-projet-elisee-engage-des-milliers-de-jeunes-au-service\/#breadcrumb","itemListElement":[{"@type":"ListItem","position":1,"name":"Home","item":"https:\/\/interamerica.org\/fr\/"},{"@type":"ListItem","position":2,"name":"Eglise Mondiale:\u00a0 Le Projet Elis\u00e9e Engage Des Milliers De Jeunes Au Service\u00a0"}]},{"@type":"WebSite","@id":"https:\/\/interamerica.org\/fr\/#website","url":"https:\/\/interamerica.org\/fr\/","name":"\u00c9glise Adventiste Du Septieme Jour - Inter Am\u00e9rique Division","description":"","potentialAction":[{"@type":"SearchAction","target":{"@type":"EntryPoint","urlTemplate":"https:\/\/interamerica.org\/fr\/?s={search_term_string}"},"query-input":{"@type":"PropertyValueSpecification","valueRequired":true,"valueName":"search_term_string"}}],"inLanguage":"fr-FR"},{"@type":"Person","@id":"https:\/\/interamerica.org\/fr\/#\/schema\/person\/68ede8bdc292885bb76c1e3810e73c39","name":"Lorenzo Verduzco","image":{"@type":"ImageObject","inLanguage":"fr-FR","@id":"https:\/\/secure.gravatar.com\/avatar\/fb81a55b6218459490a9c1dc841a34909185b81904c5337b4b27f7a6fd60c49e?s=96&d=mm&r=g","url":"https:\/\/secure.gravatar.com\/avatar\/fb81a55b6218459490a9c1dc841a34909185b81904c5337b4b27f7a6fd60c49e?s=96&d=mm&r=g","contentUrl":"https:\/\/secure.gravatar.com\/avatar\/fb81a55b6218459490a9c1dc841a34909185b81904c5337b4b27f7a6fd60c49e?s=96&d=mm&r=g","caption":"Lorenzo Verduzco"}}]}},"_links":{"self":[{"href":"https:\/\/interamerica.org\/fr\/wp-json\/wp\/v2\/posts\/12337","targetHints":{"allow":["GET"]}}],"collection":[{"href":"https:\/\/interamerica.org\/fr\/wp-json\/wp\/v2\/posts"}],"about":[{"href":"https:\/\/interamerica.org\/fr\/wp-json\/wp\/v2\/types\/post"}],"author":[{"embeddable":true,"href":"https:\/\/interamerica.org\/fr\/wp-json\/wp\/v2\/users\/1"}],"replies":[{"embeddable":true,"href":"https:\/\/interamerica.org\/fr\/wp-json\/wp\/v2\/comments?post=12337"}],"version-history":[{"count":0,"href":"https:\/\/interamerica.org\/fr\/wp-json\/wp\/v2\/posts\/12337\/revisions"}],"wp:attachment":[{"href":"https:\/\/interamerica.org\/fr\/wp-json\/wp\/v2\/media?parent=12337"}],"wp:term":[{"taxonomy":"category","embeddable":true,"href":"https:\/\/interamerica.org\/fr\/wp-json\/wp\/v2\/categories?post=12337"},{"taxonomy":"post_tag","embeddable":true,"href":"https:\/\/interamerica.org\/fr\/wp-json\/wp\/v2\/tags?post=12337"}],"curies":[{"name":"wp","href":"https:\/\/api.w.org\/{rel}","templated":true}]}}