{"id":12338,"date":"2005-04-24T00:00:00","date_gmt":"2005-04-24T04:00:00","guid":{"rendered":"http:\/\/192.81.217.108\/interamerica\/2005\/04\/la-transition-papale\/"},"modified":"2017-06-02T13:20:18","modified_gmt":"2017-06-02T17:20:18","slug":"la-transition-papale","status":"publish","type":"post","link":"https:\/\/interamerica.org\/fr\/2005\/04\/la-transition-papale\/","title":{"rendered":"La Transition Papale"},"content":{"rendered":"<p>Par William Johnsson<\/p>\n<p>Tant de choses ont \u00e9t\u00e9 \u00e9crites au sujet du pape d\u00e9c\u00e9d\u00e9 Jean Paul ll que des commentaires additionnels seraient superflus.\u00a0 Sa vie, son travail, et son influence ont \u00e9t\u00e9 analys\u00e9s en profondeur; il\u00a0n&rsquo;y a plus rien \u00e0 ajouter.\u00a0 Mes remarques\u00a0qui vont suivre ne sont qu&rsquo;une tentative personnelle, une position non-officielle sur la Papaut\u00e9 alors qu&rsquo;elle passe de l&rsquo;un\u00a0des plus puissants dirigeants \u00e0 un nouveau pontife.<\/p>\n<p>D&rsquo;abord, un mot aux Catholiques Romains qui liront cet \u00e9ditorial.\u00a0 Quelques Adventistes du Septi\u00e8me\u00a0jour, plus z\u00e9l\u00e9s que charitables,\u00a0ont profit\u00e9 de la mort du pape pour lancer des attaques anti-Catholiques assez virulentes.\u00a0 Ils repr\u00e9sentent\u00a0une minorit\u00e9 de l&rsquo;Eglise Adventiste mais qui s&rsquo;est donn\u00e9e pour mission\u00a0de faire passer ses opinions \u00e0 travers ses annonces dans les journaux et\u00a0monter des dossiers pour d\u00e9noncer les Catholiques.\u00a0Ce faisant, ils attristent et blessent les adh\u00e9rents de la foi qu&rsquo;ils opposent.<\/p>\n<p>Les Adventistes du Septi\u00e8me jour poss\u00e8dent un message positif pour le monde.\u00a0 Nous croyons que Dieu nous a plac\u00e9s pour proclamer \u00ab\u00a0l&rsquo;\u00e9vangile \u00e9ternel\u00a0\u00bb \u00e0 tous les groupes d&rsquo;individus, \u00e0 toute tribu, et toute langue&#8211;pour annoncer \u00e0\u00a0toutes les nations que l&rsquo;heure du jugement de Dieu\u00a0est arriv\u00e9e et de l&rsquo;adorer, lui le Cr\u00e9ateur et le Seigneur de tous\u00a0\u00bb (Apoc. 14:6,7).\u00a0 Essentiellement, nous ne nous opposons ni aux gens, ni aux choses, mais nous croyons en\u00a0J\u00e9sus Christ et au salut qu&rsquo;il offre gratuitement.<\/p>\n<p>Les Adventistes qui poursuivent un agenda n\u00e9gatif devraient apprendre de leurs fr\u00e8res et soeurs de l&rsquo;Am\u00e9rique du Sud.\u00a0 Dans ces r\u00e9gions, o\u00f9 se concentre la plus grande population de l&rsquo;\u00e9glise mondiale qui continue de cro\u00eetre \u00e0 travers\u00a0 toutes ses fronti\u00e8res, les Adventistes adoptent une approche positive \u00e0 l&rsquo;endroit de leurs prochains, dont la majorit\u00e9 d&rsquo;entre eux sont\u00a0Catholiques Romains.\u00a0 En le faisant, ils ob\u00e9issent aux conseils d&rsquo;Ellen White, qui a \u00e9crit au sujet de la sinc\u00e9rit\u00e9 de ceux qui sont Catholiques et comment partager notre message avec eux.*<\/p>\n<p>A pr\u00e9sent, un mot aux Adventistes en g\u00e9n\u00e9ral. \u00a0Nos yeux sont-ils grands ouverts et comprenons-nous les \u00e9tonnants \u00e9v\u00e8nements des semaines pass\u00e9es?\u00a0\u00a0 Dans toute l&rsquo;histoire de\u00a0la papaut\u00e9 nous n&rsquo;avons jamais vu l&rsquo;attention du monde s&rsquo;y arr\u00eater autant qu&rsquo;elle l&rsquo;a \u00e9t\u00e9 ces derniers jours.\u00a0 La couverture m\u00e9diatique sans pr\u00e9c\u00e9dente des derniers jours de Jean Paul II et ses fun\u00e9railles; la r\u00e9action du monde \u00e0 la mort du pape, avec les drapaux hiss\u00e9s \u00e0 demi-m\u00e2t et m\u00eame un pays communiste comme Cuba d\u00e9clarer trois jours de deuil; l&rsquo;image de trois pr\u00e9sidents des Etats-Unis\u00a0agenouill\u00e9s devant le cercueil; les fun\u00e9railles \u00e0 l&rsquo;instar d&rsquo;un puissant monarque (et si tellement diff\u00e9rentes de celles du Fondateur du Christianisme)&#8211;si tout ceci ne nous r\u00e9veille pas,\u00a0le serons-nous jamais?\u00a0<\/p>\n<p>Nous Adventistes, nous basant sur les proph\u00e9ties de Daniel et de l&rsquo;Apocalypse, avons longtemps pr\u00e9dit que la Papaut\u00e9 jouera un role\u00a0important dans les \u00e9v\u00e8nements de\u00a0la fin.\u00a0 Au cours des ann\u00e9es quelques uns ont dout\u00e9 de cette interpr\u00e9tation:\u00a0 ils ont avanc\u00e9 que la Papaut\u00e9 avait perdu de son influence, qu&rsquo;une autre puissance&#8211; d&rsquo;abord, le Communisme; plus r\u00e9cemment, l&rsquo;Islamisme&#8211; repr\u00e9sentait le sc\u00e9nario biblique.<\/p>\n<p>Ils avaient tort, parfaitement tort.<\/p>\n<p>Dans ces jours favorables \u00e0 l&rsquo;oecuminisme, il parait disgracieux de souligner les points qui s\u00e9parent les Adventistes de la Papaut\u00e9.\u00a0 Mais la v\u00e9rit\u00e9 veut que nous le disions avec amour, mais sans \u00e9quivoque.<\/p>\n<p>Les Adventistes du Septi\u00e8me jour sont encore des Protestants.\u00a0 Nous protestons, comme Martin Luther et les autres r\u00e9formateurs avaient protest\u00e9, car plus Rome change, plus Rome demeure la m\u00eame.<\/p>\n<p>Nous protestons contre l&rsquo;institution du sacerdoce d&rsquo;un homme, alors que l&rsquo;\u00e9criture enseigne qu&rsquo;Un seul est qualifi\u00e9 pour \u00eatre notre Pr\u00eatre&#8211;Celui qui est \u00e0 la fois Fils de Dieu et Fils de l&rsquo;homme, J\u00e9sus Christ.\u00a0\u00a0\u00a0<\/p>\n<p>Nous protestons contre le sacrement de la Messe, qui\u00a0contredit les enseignements bibliques\u00a0concernant J\u00e9sus qui\u00a0est mort une fois pour toutes, un sacrifice unique pour les p\u00e9ch\u00e9s qui ne doit jamais se renouveler. (Heb.9:26)<\/p>\n<p>Nous protestons contre l&rsquo;exaltation de Marie la m\u00e8re de J\u00e9sus, une sainte femme mais par contre une personne comme nous tous, qui nulle part dans les \u00e9critures n&rsquo;a \u00e9t\u00e9 choisie pour \u00eatre v\u00e9n\u00e9r\u00e9e.<\/p>\n<p>Nous protestons contre l&rsquo;\u00e9quivoque de l&rsquo;\u00e9vangile fondamental&#8211;par gr\u00e2ce seulement, par le moyen de la foi (Eph.2:8-10)&#8211;que la Papaut\u00e9 perp\u00e9tue \u00e0 travers sa doctrine des m\u00e9rites.<\/p>\n<p>Nous protestons contre l&rsquo;union des pouvoirs politique et spirituel qui a caract\u00e9ris\u00e9 la Papaut\u00e9 pour plus de 1,500 ans, et qui est aujourd&rsquo;hui plus \u00e9vidente.\u00a0 L&rsquo;histoire enseigne que c&rsquo;est une mauvaise alliance qui engendre l&rsquo;oppression\u00a0religieuse.\u00a0<\/p>\n<p>Les Adventistes sont encore des Protestants.\u00a0 Aussi longtemps\u00a0que la Papaut\u00e9 conservera ces croyances et ces pratiques, nous n&rsquo;aurons point de part avec elle.\u00a0 Nous respectons et aimons les individus qui sont Catholiques Romains;\u00a0nous devons protester contre ces points l\u00e0\u00a0pour le b\u00e9n\u00e9fice de la conscience.<\/p>\n<p>___________________________<\/p>\n<p>*Messages Choisis, volume 3 pp. 436, 443;<\/p>\n<p>\u00a0T\u00e9moignages, vol. 9 pp. 240, 241, 243<\/p>\n<p>_________________________\u00a0<\/p>\n<p>William G. Johnsson est l&rsquo;\u00e9diteur de la Revue Adventiste.<\/p>\n<p>\u00a0\u00a0\u00a0\u00a0\u00a0\u00a0\u00a0<\/p>\n","protected":false},"excerpt":{"rendered":"<p>Tant de choses ont \u00e9t\u00e9 \u00e9crites au sujet du pape d\u00e9c\u00e9d\u00e9 Jean Paul ll que des commentaires additionnels seraient superflus.\u00a0 Sa vie, son travail, et son influence ont \u00e9t\u00e9 analys\u00e9s en profondeur;&#8230;\u00a0<\/p>\n","protected":false},"author":1,"featured_media":0,"comment_status":"closed","ping_status":"closed","sticky":false,"template":"","format":"standard","meta":{"_acf_changed":false,"footnotes":""},"categories":[9],"tags":[],"class_list":["post-12338","post","type-post","status-publish","format-standard","hentry","category-archive-fr"],"acf":[],"yoast_head":"<!-- This site is optimized with the Yoast SEO plugin v27.3 - https:\/\/yoast.com\/product\/yoast-seo-wordpress\/ -->\n<title>La Transition Papale - \u00c9glise Adventiste Du Septieme Jour - Inter Am\u00e9rique Division<\/title>\n<meta name=\"robots\" content=\"index, follow, max-snippet:-1, max-image-preview:large, max-video-preview:-1\" \/>\n<link rel=\"canonical\" href=\"https:\/\/interamerica.org\/fr\/2005\/04\/la-transition-papale\/\" \/>\n<meta property=\"og:locale\" content=\"fr_FR\" \/>\n<meta property=\"og:type\" content=\"article\" \/>\n<meta property=\"og:title\" content=\"La Transition Papale - \u00c9glise Adventiste Du Septieme Jour - Inter Am\u00e9rique Division\" \/>\n<meta property=\"og:description\" content=\"Tant de choses ont \u00e9t\u00e9 \u00e9crites au sujet du pape d\u00e9c\u00e9d\u00e9 Jean Paul ll que des commentaires additionnels seraient superflus.\u00a0 Sa vie, son travail, et son influence ont \u00e9t\u00e9 analys\u00e9s en profondeur;...\u00a0\" \/>\n<meta property=\"og:url\" content=\"https:\/\/interamerica.org\/fr\/2005\/04\/la-transition-papale\/\" \/>\n<meta property=\"og:site_name\" content=\"\u00c9glise Adventiste Du Septieme Jour - Inter Am\u00e9rique Division\" \/>\n<meta property=\"article:published_time\" content=\"2005-04-24T04:00:00+00:00\" \/>\n<meta property=\"article:modified_time\" content=\"2017-06-02T17:20:18+00:00\" \/>\n<meta name=\"author\" content=\"Lorenzo Verduzco\" \/>\n<meta name=\"twitter:card\" content=\"summary_large_image\" \/>\n<meta name=\"twitter:label1\" content=\"\u00c9crit par\" \/>\n\t<meta name=\"twitter:data1\" content=\"Lorenzo Verduzco\" \/>\n\t<meta name=\"twitter:label2\" content=\"Dur\u00e9e de lecture estim\u00e9e\" \/>\n\t<meta name=\"twitter:data2\" content=\"4 minutes\" \/>\n<script type=\"application\/ld+json\" class=\"yoast-schema-graph\">{\"@context\":\"https:\\\/\\\/schema.org\",\"@graph\":[{\"@type\":\"Article\",\"@id\":\"https:\\\/\\\/interamerica.org\\\/fr\\\/2005\\\/04\\\/la-transition-papale\\\/#article\",\"isPartOf\":{\"@id\":\"https:\\\/\\\/interamerica.org\\\/fr\\\/2005\\\/04\\\/la-transition-papale\\\/\"},\"author\":{\"name\":\"Lorenzo Verduzco\",\"@id\":\"https:\\\/\\\/interamerica.org\\\/fr\\\/#\\\/schema\\\/person\\\/68ede8bdc292885bb76c1e3810e73c39\"},\"headline\":\"La Transition Papale\",\"datePublished\":\"2005-04-24T04:00:00+00:00\",\"dateModified\":\"2017-06-02T17:20:18+00:00\",\"mainEntityOfPage\":{\"@id\":\"https:\\\/\\\/interamerica.org\\\/fr\\\/2005\\\/04\\\/la-transition-papale\\\/\"},\"wordCount\":910,\"articleSection\":[\"Archive\"],\"inLanguage\":\"fr-FR\"},{\"@type\":\"WebPage\",\"@id\":\"https:\\\/\\\/interamerica.org\\\/fr\\\/2005\\\/04\\\/la-transition-papale\\\/\",\"url\":\"https:\\\/\\\/interamerica.org\\\/fr\\\/2005\\\/04\\\/la-transition-papale\\\/\",\"name\":\"La Transition Papale - \u00c9glise Adventiste Du Septieme Jour - Inter Am\u00e9rique Division\",\"isPartOf\":{\"@id\":\"https:\\\/\\\/interamerica.org\\\/fr\\\/#website\"},\"datePublished\":\"2005-04-24T04:00:00+00:00\",\"dateModified\":\"2017-06-02T17:20:18+00:00\",\"author\":{\"@id\":\"https:\\\/\\\/interamerica.org\\\/fr\\\/#\\\/schema\\\/person\\\/68ede8bdc292885bb76c1e3810e73c39\"},\"breadcrumb\":{\"@id\":\"https:\\\/\\\/interamerica.org\\\/fr\\\/2005\\\/04\\\/la-transition-papale\\\/#breadcrumb\"},\"inLanguage\":\"fr-FR\",\"potentialAction\":[{\"@type\":\"ReadAction\",\"target\":[\"https:\\\/\\\/interamerica.org\\\/fr\\\/2005\\\/04\\\/la-transition-papale\\\/\"]}]},{\"@type\":\"BreadcrumbList\",\"@id\":\"https:\\\/\\\/interamerica.org\\\/fr\\\/2005\\\/04\\\/la-transition-papale\\\/#breadcrumb\",\"itemListElement\":[{\"@type\":\"ListItem\",\"position\":1,\"name\":\"Home\",\"item\":\"https:\\\/\\\/interamerica.org\\\/fr\\\/\"},{\"@type\":\"ListItem\",\"position\":2,\"name\":\"La Transition Papale\"}]},{\"@type\":\"WebSite\",\"@id\":\"https:\\\/\\\/interamerica.org\\\/fr\\\/#website\",\"url\":\"https:\\\/\\\/interamerica.org\\\/fr\\\/\",\"name\":\"\u00c9glise Adventiste Du Septieme Jour - Inter Am\u00e9rique Division\",\"description\":\"\",\"potentialAction\":[{\"@type\":\"SearchAction\",\"target\":{\"@type\":\"EntryPoint\",\"urlTemplate\":\"https:\\\/\\\/interamerica.org\\\/fr\\\/?s={search_term_string}\"},\"query-input\":{\"@type\":\"PropertyValueSpecification\",\"valueRequired\":true,\"valueName\":\"search_term_string\"}}],\"inLanguage\":\"fr-FR\"},{\"@type\":\"Person\",\"@id\":\"https:\\\/\\\/interamerica.org\\\/fr\\\/#\\\/schema\\\/person\\\/68ede8bdc292885bb76c1e3810e73c39\",\"name\":\"Lorenzo Verduzco\",\"image\":{\"@type\":\"ImageObject\",\"inLanguage\":\"fr-FR\",\"@id\":\"https:\\\/\\\/secure.gravatar.com\\\/avatar\\\/fb81a55b6218459490a9c1dc841a34909185b81904c5337b4b27f7a6fd60c49e?s=96&d=mm&r=g\",\"url\":\"https:\\\/\\\/secure.gravatar.com\\\/avatar\\\/fb81a55b6218459490a9c1dc841a34909185b81904c5337b4b27f7a6fd60c49e?s=96&d=mm&r=g\",\"contentUrl\":\"https:\\\/\\\/secure.gravatar.com\\\/avatar\\\/fb81a55b6218459490a9c1dc841a34909185b81904c5337b4b27f7a6fd60c49e?s=96&d=mm&r=g\",\"caption\":\"Lorenzo Verduzco\"}}]}<\/script>\n<!-- \/ Yoast SEO plugin. -->","yoast_head_json":{"title":"La Transition Papale - \u00c9glise Adventiste Du Septieme Jour - Inter Am\u00e9rique Division","robots":{"index":"index","follow":"follow","max-snippet":"max-snippet:-1","max-image-preview":"max-image-preview:large","max-video-preview":"max-video-preview:-1"},"canonical":"https:\/\/interamerica.org\/fr\/2005\/04\/la-transition-papale\/","og_locale":"fr_FR","og_type":"article","og_title":"La Transition Papale - \u00c9glise Adventiste Du Septieme Jour - Inter Am\u00e9rique Division","og_description":"Tant de choses ont \u00e9t\u00e9 \u00e9crites au sujet du pape d\u00e9c\u00e9d\u00e9 Jean Paul ll que des commentaires additionnels seraient superflus.\u00a0 Sa vie, son travail, et son influence ont \u00e9t\u00e9 analys\u00e9s en profondeur;...\u00a0","og_url":"https:\/\/interamerica.org\/fr\/2005\/04\/la-transition-papale\/","og_site_name":"\u00c9glise Adventiste Du Septieme Jour - Inter Am\u00e9rique Division","article_published_time":"2005-04-24T04:00:00+00:00","article_modified_time":"2017-06-02T17:20:18+00:00","author":"Lorenzo Verduzco","twitter_card":"summary_large_image","twitter_misc":{"\u00c9crit par":"Lorenzo Verduzco","Dur\u00e9e de lecture estim\u00e9e":"4 minutes"},"schema":{"@context":"https:\/\/schema.org","@graph":[{"@type":"Article","@id":"https:\/\/interamerica.org\/fr\/2005\/04\/la-transition-papale\/#article","isPartOf":{"@id":"https:\/\/interamerica.org\/fr\/2005\/04\/la-transition-papale\/"},"author":{"name":"Lorenzo Verduzco","@id":"https:\/\/interamerica.org\/fr\/#\/schema\/person\/68ede8bdc292885bb76c1e3810e73c39"},"headline":"La Transition Papale","datePublished":"2005-04-24T04:00:00+00:00","dateModified":"2017-06-02T17:20:18+00:00","mainEntityOfPage":{"@id":"https:\/\/interamerica.org\/fr\/2005\/04\/la-transition-papale\/"},"wordCount":910,"articleSection":["Archive"],"inLanguage":"fr-FR"},{"@type":"WebPage","@id":"https:\/\/interamerica.org\/fr\/2005\/04\/la-transition-papale\/","url":"https:\/\/interamerica.org\/fr\/2005\/04\/la-transition-papale\/","name":"La Transition Papale - \u00c9glise Adventiste Du Septieme Jour - Inter Am\u00e9rique Division","isPartOf":{"@id":"https:\/\/interamerica.org\/fr\/#website"},"datePublished":"2005-04-24T04:00:00+00:00","dateModified":"2017-06-02T17:20:18+00:00","author":{"@id":"https:\/\/interamerica.org\/fr\/#\/schema\/person\/68ede8bdc292885bb76c1e3810e73c39"},"breadcrumb":{"@id":"https:\/\/interamerica.org\/fr\/2005\/04\/la-transition-papale\/#breadcrumb"},"inLanguage":"fr-FR","potentialAction":[{"@type":"ReadAction","target":["https:\/\/interamerica.org\/fr\/2005\/04\/la-transition-papale\/"]}]},{"@type":"BreadcrumbList","@id":"https:\/\/interamerica.org\/fr\/2005\/04\/la-transition-papale\/#breadcrumb","itemListElement":[{"@type":"ListItem","position":1,"name":"Home","item":"https:\/\/interamerica.org\/fr\/"},{"@type":"ListItem","position":2,"name":"La Transition Papale"}]},{"@type":"WebSite","@id":"https:\/\/interamerica.org\/fr\/#website","url":"https:\/\/interamerica.org\/fr\/","name":"\u00c9glise Adventiste Du Septieme Jour - Inter Am\u00e9rique Division","description":"","potentialAction":[{"@type":"SearchAction","target":{"@type":"EntryPoint","urlTemplate":"https:\/\/interamerica.org\/fr\/?s={search_term_string}"},"query-input":{"@type":"PropertyValueSpecification","valueRequired":true,"valueName":"search_term_string"}}],"inLanguage":"fr-FR"},{"@type":"Person","@id":"https:\/\/interamerica.org\/fr\/#\/schema\/person\/68ede8bdc292885bb76c1e3810e73c39","name":"Lorenzo Verduzco","image":{"@type":"ImageObject","inLanguage":"fr-FR","@id":"https:\/\/secure.gravatar.com\/avatar\/fb81a55b6218459490a9c1dc841a34909185b81904c5337b4b27f7a6fd60c49e?s=96&d=mm&r=g","url":"https:\/\/secure.gravatar.com\/avatar\/fb81a55b6218459490a9c1dc841a34909185b81904c5337b4b27f7a6fd60c49e?s=96&d=mm&r=g","contentUrl":"https:\/\/secure.gravatar.com\/avatar\/fb81a55b6218459490a9c1dc841a34909185b81904c5337b4b27f7a6fd60c49e?s=96&d=mm&r=g","caption":"Lorenzo Verduzco"}}]}},"_links":{"self":[{"href":"https:\/\/interamerica.org\/fr\/wp-json\/wp\/v2\/posts\/12338","targetHints":{"allow":["GET"]}}],"collection":[{"href":"https:\/\/interamerica.org\/fr\/wp-json\/wp\/v2\/posts"}],"about":[{"href":"https:\/\/interamerica.org\/fr\/wp-json\/wp\/v2\/types\/post"}],"author":[{"embeddable":true,"href":"https:\/\/interamerica.org\/fr\/wp-json\/wp\/v2\/users\/1"}],"replies":[{"embeddable":true,"href":"https:\/\/interamerica.org\/fr\/wp-json\/wp\/v2\/comments?post=12338"}],"version-history":[{"count":0,"href":"https:\/\/interamerica.org\/fr\/wp-json\/wp\/v2\/posts\/12338\/revisions"}],"wp:attachment":[{"href":"https:\/\/interamerica.org\/fr\/wp-json\/wp\/v2\/media?parent=12338"}],"wp:term":[{"taxonomy":"category","embeddable":true,"href":"https:\/\/interamerica.org\/fr\/wp-json\/wp\/v2\/categories?post=12338"},{"taxonomy":"post_tag","embeddable":true,"href":"https:\/\/interamerica.org\/fr\/wp-json\/wp\/v2\/tags?post=12338"}],"curies":[{"name":"wp","href":"https:\/\/api.w.org\/{rel}","templated":true}]}}