{"id":12339,"date":"2005-04-25T00:00:00","date_gmt":"2005-04-25T04:00:00","guid":{"rendered":"http:\/\/192.81.217.108\/interamerica\/2005\/04\/guyane-francaise-les-membres-se-rencontrent-pour-la-convention-regionale-de-lasi\/"},"modified":"2017-06-02T13:20:17","modified_gmt":"2017-06-02T17:20:17","slug":"guyane-francaise-les-membres-se-rencontrent-pour-la-convention-regionale-de-lasi","status":"publish","type":"post","link":"https:\/\/interamerica.org\/fr\/2005\/04\/guyane-francaise-les-membres-se-rencontrent-pour-la-convention-regionale-de-lasi\/","title":{"rendered":"Guyane Fran\u00e7aise:\u00a0 Les Membres se Rencontrent pour la Convention R\u00e9gionale de l&rsquo;ASI"},"content":{"rendered":"<p>Cayenne, Guyane Fran\u00e7aise&#8230; (Libna Stevens\/ Staff de l&rsquo;IAD)<\/p>\n<p>La premi\u00e8re Convention r\u00e9gionale  des Services Adventistes des Activit\u00e9s Laiques et des Industries pour le territoire fran\u00e7ais de la Division Inter-Am\u00e9ricaine a eu lieu \u00e0 l&rsquo;\u00e9glise centrale de Cayenne, de la Guyane Fran\u00e7aise du 8 au 10 avril.  <\/p>\n<p>Les membres du chapitre  de l&rsquo;IAD-ASI de la Martinique se sont rendus en Guyane Fran\u00e7aise pour discuter des nouvelles fa\u00e7ons de pr\u00e9senter le Christ dans les lieux publiques au moyen de s\u00e9minaires et de sessions en groupes<\/p>\n<p>Sous le th\u00e8me \u00ab\u00a0L&rsquo;homme d&rsquo;affaire et le Sabbat\u00a0\u00bb  la convention d\u00e9buta sa session avec Robert Maycock, pr\u00e9sident de l'\u00a0\u00bbIAD-ASI\u00a0\u00bb.  Maycock pr\u00e9senta mon message d&rsquo;ouverture en pr\u00e9sence de plus de 30 membres du chapitre.<\/p>\n<p>Maycock a une fois de plus rappel\u00e9 aux assistants l&rsquo;importance du sabbat pour chaque homme d&rsquo;affaire.<\/p>\n<p>\u00ab\u00a0Le sabbat est un don de Dieu,\u00a0\u00bb  a-t-il dit.  \u00ab\u00a0Nous avons besoin d&rsquo;\u00eatre comp\u00e9titif, imaginatif, et Dieu nous a dit de nous arr\u00eater et de r\u00e9fl\u00e9chir \u00e0 ce que nous avons accompli au cours de la semaine et nous r\u00e9jouir dans la compagnie de Dieu.\u00a0\u00bb<\/p>\n<p>\u00ab\u00a0Le sabbat est fond\u00e9 sur la Parole de Dieu,\u00a0\u00bb ajouta-t-il. <\/p>\n<p>Les membres de l&rsquo;ASI ont assist\u00e9 \u00e0 des s\u00e9minaires sur l&rsquo;administration du temps, les finances, la gestion des affaires, et autres.<\/p>\n<p>C&rsquo;est la premi\u00e8re convention r\u00e9gionale tenue dans l&rsquo;Inter-Am\u00e9rique depuis que l&rsquo;IAD-ASI a \u00e9t\u00e9 organis\u00e9 en 1988, rapporte le Pasteur Leon Be. Wellington, vice-pr\u00e9sident et secr\u00e9taire de l&rsquo;ASI pour l&rsquo;\u00e9glise de l&rsquo;Inter-Am\u00e9rique.<\/p>\n<p>\u00ab\u00a0Cette ann\u00e9e au lieu d&rsquo;avoir notre convention annuelle il a \u00e9t\u00e9 d\u00e9cid\u00e9 que des conventions r\u00e9gionales seraient tenues \u00e0 travers leur territoire \u00e0 cause de la session des affaires qui se tiendra cet \u00e9t\u00e9,\u00a0\u00bb avance Wellington.<\/p>\n<p>Les Services Adventistes des Activit\u00e9s La\u00efques et des Industries de la Division Inter-Am\u00e9ricaine est une assembl\u00e9e compos\u00e9e d&rsquo;hommes et de femmes la\u00efques qui apportent leur soutien et leur aide aux programmes de l&rsquo;\u00e9glise gr\u00e2ce \u00e0 leurs affaires, leurs activit\u00e9s professionnelles, et leurs services communautaires.<\/p>\n<p>Pour toute information concernant les prochaines conventions r\u00e9gionales de l&rsquo;ASI, visitez la section ASI de:  <a  href=\"https:\/\/recursing-golick.147-182-135-0.plesk.page\">www.interamerica.org<\/a> <\/p>\n<\/p>\n<\/p><\/p>\n","protected":false},"excerpt":{"rendered":"<p>La premi\u00e8re Convention r\u00e9gionale des Services Adventistes des Activit\u00e9s La\u00efques et des Industries pour le territoire fran\u00e7ais de la Division Inter-Am\u00e9ricaine\u00a0\u00a0<\/p>\n","protected":false},"author":1,"featured_media":0,"comment_status":"closed","ping_status":"closed","sticky":false,"template":"","format":"standard","meta":{"_acf_changed":false,"footnotes":""},"categories":[9],"tags":[],"class_list":["post-12339","post","type-post","status-publish","format-standard","hentry","category-archive-fr"],"acf":[],"yoast_head":"<!-- This site is optimized with the Yoast SEO plugin v27.3 - https:\/\/yoast.com\/product\/yoast-seo-wordpress\/ -->\n<title>Guyane Fran\u00e7aise:\u00a0 Les Membres se Rencontrent pour la Convention R\u00e9gionale de l&#039;ASI - \u00c9glise Adventiste Du Septieme Jour - Inter Am\u00e9rique Division<\/title>\n<meta name=\"robots\" content=\"index, follow, max-snippet:-1, max-image-preview:large, max-video-preview:-1\" \/>\n<link rel=\"canonical\" href=\"https:\/\/interamerica.org\/fr\/2005\/04\/guyane-francaise-les-membres-se-rencontrent-pour-la-convention-regionale-de-lasi\/\" \/>\n<meta property=\"og:locale\" content=\"fr_FR\" \/>\n<meta property=\"og:type\" content=\"article\" \/>\n<meta property=\"og:title\" content=\"Guyane Fran\u00e7aise:\u00a0 Les Membres se Rencontrent pour la Convention R\u00e9gionale de l&#039;ASI - \u00c9glise Adventiste Du Septieme Jour - Inter Am\u00e9rique Division\" \/>\n<meta property=\"og:description\" content=\"La premi\u00e8re Convention r\u00e9gionale des Services Adventistes des Activit\u00e9s La\u00efques et des Industries pour le territoire fran\u00e7ais de la Division Inter-Am\u00e9ricaine\u00a0\u00a0\" \/>\n<meta property=\"og:url\" content=\"https:\/\/interamerica.org\/fr\/2005\/04\/guyane-francaise-les-membres-se-rencontrent-pour-la-convention-regionale-de-lasi\/\" \/>\n<meta property=\"og:site_name\" content=\"\u00c9glise Adventiste Du Septieme Jour - Inter Am\u00e9rique Division\" \/>\n<meta property=\"article:published_time\" content=\"2005-04-25T04:00:00+00:00\" \/>\n<meta property=\"article:modified_time\" content=\"2017-06-02T17:20:17+00:00\" \/>\n<meta name=\"author\" content=\"Lorenzo Verduzco\" \/>\n<meta name=\"twitter:card\" content=\"summary_large_image\" \/>\n<meta name=\"twitter:label1\" content=\"\u00c9crit par\" \/>\n\t<meta name=\"twitter:data1\" content=\"Lorenzo Verduzco\" \/>\n\t<meta name=\"twitter:label2\" content=\"Dur\u00e9e de lecture estim\u00e9e\" \/>\n\t<meta name=\"twitter:data2\" content=\"2 minutes\" \/>\n<script type=\"application\/ld+json\" class=\"yoast-schema-graph\">{\"@context\":\"https:\\\/\\\/schema.org\",\"@graph\":[{\"@type\":\"Article\",\"@id\":\"https:\\\/\\\/interamerica.org\\\/fr\\\/2005\\\/04\\\/guyane-francaise-les-membres-se-rencontrent-pour-la-convention-regionale-de-lasi\\\/#article\",\"isPartOf\":{\"@id\":\"https:\\\/\\\/interamerica.org\\\/fr\\\/2005\\\/04\\\/guyane-francaise-les-membres-se-rencontrent-pour-la-convention-regionale-de-lasi\\\/\"},\"author\":{\"name\":\"Lorenzo Verduzco\",\"@id\":\"https:\\\/\\\/interamerica.org\\\/fr\\\/#\\\/schema\\\/person\\\/68ede8bdc292885bb76c1e3810e73c39\"},\"headline\":\"Guyane Fran\u00e7aise:\u00a0 Les Membres se Rencontrent pour la Convention R\u00e9gionale de l&rsquo;ASI\",\"datePublished\":\"2005-04-25T04:00:00+00:00\",\"dateModified\":\"2017-06-02T17:20:17+00:00\",\"mainEntityOfPage\":{\"@id\":\"https:\\\/\\\/interamerica.org\\\/fr\\\/2005\\\/04\\\/guyane-francaise-les-membres-se-rencontrent-pour-la-convention-regionale-de-lasi\\\/\"},\"wordCount\":404,\"articleSection\":[\"Archive\"],\"inLanguage\":\"fr-FR\"},{\"@type\":\"WebPage\",\"@id\":\"https:\\\/\\\/interamerica.org\\\/fr\\\/2005\\\/04\\\/guyane-francaise-les-membres-se-rencontrent-pour-la-convention-regionale-de-lasi\\\/\",\"url\":\"https:\\\/\\\/interamerica.org\\\/fr\\\/2005\\\/04\\\/guyane-francaise-les-membres-se-rencontrent-pour-la-convention-regionale-de-lasi\\\/\",\"name\":\"Guyane Fran\u00e7aise:\u00a0 Les Membres se Rencontrent pour la Convention R\u00e9gionale de l'ASI - \u00c9glise Adventiste Du Septieme Jour - Inter Am\u00e9rique Division\",\"isPartOf\":{\"@id\":\"https:\\\/\\\/interamerica.org\\\/fr\\\/#website\"},\"datePublished\":\"2005-04-25T04:00:00+00:00\",\"dateModified\":\"2017-06-02T17:20:17+00:00\",\"author\":{\"@id\":\"https:\\\/\\\/interamerica.org\\\/fr\\\/#\\\/schema\\\/person\\\/68ede8bdc292885bb76c1e3810e73c39\"},\"breadcrumb\":{\"@id\":\"https:\\\/\\\/interamerica.org\\\/fr\\\/2005\\\/04\\\/guyane-francaise-les-membres-se-rencontrent-pour-la-convention-regionale-de-lasi\\\/#breadcrumb\"},\"inLanguage\":\"fr-FR\",\"potentialAction\":[{\"@type\":\"ReadAction\",\"target\":[\"https:\\\/\\\/interamerica.org\\\/fr\\\/2005\\\/04\\\/guyane-francaise-les-membres-se-rencontrent-pour-la-convention-regionale-de-lasi\\\/\"]}]},{\"@type\":\"BreadcrumbList\",\"@id\":\"https:\\\/\\\/interamerica.org\\\/fr\\\/2005\\\/04\\\/guyane-francaise-les-membres-se-rencontrent-pour-la-convention-regionale-de-lasi\\\/#breadcrumb\",\"itemListElement\":[{\"@type\":\"ListItem\",\"position\":1,\"name\":\"Home\",\"item\":\"https:\\\/\\\/interamerica.org\\\/fr\\\/\"},{\"@type\":\"ListItem\",\"position\":2,\"name\":\"Guyane Fran\u00e7aise:\u00a0 Les Membres se Rencontrent pour la Convention R\u00e9gionale de l&#8217;ASI\"}]},{\"@type\":\"WebSite\",\"@id\":\"https:\\\/\\\/interamerica.org\\\/fr\\\/#website\",\"url\":\"https:\\\/\\\/interamerica.org\\\/fr\\\/\",\"name\":\"\u00c9glise Adventiste Du Septieme Jour - Inter Am\u00e9rique Division\",\"description\":\"\",\"potentialAction\":[{\"@type\":\"SearchAction\",\"target\":{\"@type\":\"EntryPoint\",\"urlTemplate\":\"https:\\\/\\\/interamerica.org\\\/fr\\\/?s={search_term_string}\"},\"query-input\":{\"@type\":\"PropertyValueSpecification\",\"valueRequired\":true,\"valueName\":\"search_term_string\"}}],\"inLanguage\":\"fr-FR\"},{\"@type\":\"Person\",\"@id\":\"https:\\\/\\\/interamerica.org\\\/fr\\\/#\\\/schema\\\/person\\\/68ede8bdc292885bb76c1e3810e73c39\",\"name\":\"Lorenzo Verduzco\",\"image\":{\"@type\":\"ImageObject\",\"inLanguage\":\"fr-FR\",\"@id\":\"https:\\\/\\\/secure.gravatar.com\\\/avatar\\\/fb81a55b6218459490a9c1dc841a34909185b81904c5337b4b27f7a6fd60c49e?s=96&d=mm&r=g\",\"url\":\"https:\\\/\\\/secure.gravatar.com\\\/avatar\\\/fb81a55b6218459490a9c1dc841a34909185b81904c5337b4b27f7a6fd60c49e?s=96&d=mm&r=g\",\"contentUrl\":\"https:\\\/\\\/secure.gravatar.com\\\/avatar\\\/fb81a55b6218459490a9c1dc841a34909185b81904c5337b4b27f7a6fd60c49e?s=96&d=mm&r=g\",\"caption\":\"Lorenzo Verduzco\"}}]}<\/script>\n<!-- \/ Yoast SEO plugin. -->","yoast_head_json":{"title":"Guyane Fran\u00e7aise:\u00a0 Les Membres se Rencontrent pour la Convention R\u00e9gionale de l'ASI - \u00c9glise Adventiste Du Septieme Jour - Inter Am\u00e9rique Division","robots":{"index":"index","follow":"follow","max-snippet":"max-snippet:-1","max-image-preview":"max-image-preview:large","max-video-preview":"max-video-preview:-1"},"canonical":"https:\/\/interamerica.org\/fr\/2005\/04\/guyane-francaise-les-membres-se-rencontrent-pour-la-convention-regionale-de-lasi\/","og_locale":"fr_FR","og_type":"article","og_title":"Guyane Fran\u00e7aise:\u00a0 Les Membres se Rencontrent pour la Convention R\u00e9gionale de l'ASI - \u00c9glise Adventiste Du Septieme Jour - Inter Am\u00e9rique Division","og_description":"La premi\u00e8re Convention r\u00e9gionale des Services Adventistes des Activit\u00e9s La\u00efques et des Industries pour le territoire fran\u00e7ais de la Division Inter-Am\u00e9ricaine\u00a0\u00a0","og_url":"https:\/\/interamerica.org\/fr\/2005\/04\/guyane-francaise-les-membres-se-rencontrent-pour-la-convention-regionale-de-lasi\/","og_site_name":"\u00c9glise Adventiste Du Septieme Jour - Inter Am\u00e9rique Division","article_published_time":"2005-04-25T04:00:00+00:00","article_modified_time":"2017-06-02T17:20:17+00:00","author":"Lorenzo Verduzco","twitter_card":"summary_large_image","twitter_misc":{"\u00c9crit par":"Lorenzo Verduzco","Dur\u00e9e de lecture estim\u00e9e":"2 minutes"},"schema":{"@context":"https:\/\/schema.org","@graph":[{"@type":"Article","@id":"https:\/\/interamerica.org\/fr\/2005\/04\/guyane-francaise-les-membres-se-rencontrent-pour-la-convention-regionale-de-lasi\/#article","isPartOf":{"@id":"https:\/\/interamerica.org\/fr\/2005\/04\/guyane-francaise-les-membres-se-rencontrent-pour-la-convention-regionale-de-lasi\/"},"author":{"name":"Lorenzo Verduzco","@id":"https:\/\/interamerica.org\/fr\/#\/schema\/person\/68ede8bdc292885bb76c1e3810e73c39"},"headline":"Guyane Fran\u00e7aise:\u00a0 Les Membres se Rencontrent pour la Convention R\u00e9gionale de l&rsquo;ASI","datePublished":"2005-04-25T04:00:00+00:00","dateModified":"2017-06-02T17:20:17+00:00","mainEntityOfPage":{"@id":"https:\/\/interamerica.org\/fr\/2005\/04\/guyane-francaise-les-membres-se-rencontrent-pour-la-convention-regionale-de-lasi\/"},"wordCount":404,"articleSection":["Archive"],"inLanguage":"fr-FR"},{"@type":"WebPage","@id":"https:\/\/interamerica.org\/fr\/2005\/04\/guyane-francaise-les-membres-se-rencontrent-pour-la-convention-regionale-de-lasi\/","url":"https:\/\/interamerica.org\/fr\/2005\/04\/guyane-francaise-les-membres-se-rencontrent-pour-la-convention-regionale-de-lasi\/","name":"Guyane Fran\u00e7aise:\u00a0 Les Membres se Rencontrent pour la Convention R\u00e9gionale de l'ASI - \u00c9glise Adventiste Du Septieme Jour - Inter Am\u00e9rique Division","isPartOf":{"@id":"https:\/\/interamerica.org\/fr\/#website"},"datePublished":"2005-04-25T04:00:00+00:00","dateModified":"2017-06-02T17:20:17+00:00","author":{"@id":"https:\/\/interamerica.org\/fr\/#\/schema\/person\/68ede8bdc292885bb76c1e3810e73c39"},"breadcrumb":{"@id":"https:\/\/interamerica.org\/fr\/2005\/04\/guyane-francaise-les-membres-se-rencontrent-pour-la-convention-regionale-de-lasi\/#breadcrumb"},"inLanguage":"fr-FR","potentialAction":[{"@type":"ReadAction","target":["https:\/\/interamerica.org\/fr\/2005\/04\/guyane-francaise-les-membres-se-rencontrent-pour-la-convention-regionale-de-lasi\/"]}]},{"@type":"BreadcrumbList","@id":"https:\/\/interamerica.org\/fr\/2005\/04\/guyane-francaise-les-membres-se-rencontrent-pour-la-convention-regionale-de-lasi\/#breadcrumb","itemListElement":[{"@type":"ListItem","position":1,"name":"Home","item":"https:\/\/interamerica.org\/fr\/"},{"@type":"ListItem","position":2,"name":"Guyane Fran\u00e7aise:\u00a0 Les Membres se Rencontrent pour la Convention R\u00e9gionale de l&#8217;ASI"}]},{"@type":"WebSite","@id":"https:\/\/interamerica.org\/fr\/#website","url":"https:\/\/interamerica.org\/fr\/","name":"\u00c9glise Adventiste Du Septieme Jour - Inter Am\u00e9rique Division","description":"","potentialAction":[{"@type":"SearchAction","target":{"@type":"EntryPoint","urlTemplate":"https:\/\/interamerica.org\/fr\/?s={search_term_string}"},"query-input":{"@type":"PropertyValueSpecification","valueRequired":true,"valueName":"search_term_string"}}],"inLanguage":"fr-FR"},{"@type":"Person","@id":"https:\/\/interamerica.org\/fr\/#\/schema\/person\/68ede8bdc292885bb76c1e3810e73c39","name":"Lorenzo Verduzco","image":{"@type":"ImageObject","inLanguage":"fr-FR","@id":"https:\/\/secure.gravatar.com\/avatar\/fb81a55b6218459490a9c1dc841a34909185b81904c5337b4b27f7a6fd60c49e?s=96&d=mm&r=g","url":"https:\/\/secure.gravatar.com\/avatar\/fb81a55b6218459490a9c1dc841a34909185b81904c5337b4b27f7a6fd60c49e?s=96&d=mm&r=g","contentUrl":"https:\/\/secure.gravatar.com\/avatar\/fb81a55b6218459490a9c1dc841a34909185b81904c5337b4b27f7a6fd60c49e?s=96&d=mm&r=g","caption":"Lorenzo Verduzco"}}]}},"_links":{"self":[{"href":"https:\/\/interamerica.org\/fr\/wp-json\/wp\/v2\/posts\/12339","targetHints":{"allow":["GET"]}}],"collection":[{"href":"https:\/\/interamerica.org\/fr\/wp-json\/wp\/v2\/posts"}],"about":[{"href":"https:\/\/interamerica.org\/fr\/wp-json\/wp\/v2\/types\/post"}],"author":[{"embeddable":true,"href":"https:\/\/interamerica.org\/fr\/wp-json\/wp\/v2\/users\/1"}],"replies":[{"embeddable":true,"href":"https:\/\/interamerica.org\/fr\/wp-json\/wp\/v2\/comments?post=12339"}],"version-history":[{"count":0,"href":"https:\/\/interamerica.org\/fr\/wp-json\/wp\/v2\/posts\/12339\/revisions"}],"wp:attachment":[{"href":"https:\/\/interamerica.org\/fr\/wp-json\/wp\/v2\/media?parent=12339"}],"wp:term":[{"taxonomy":"category","embeddable":true,"href":"https:\/\/interamerica.org\/fr\/wp-json\/wp\/v2\/categories?post=12339"},{"taxonomy":"post_tag","embeddable":true,"href":"https:\/\/interamerica.org\/fr\/wp-json\/wp\/v2\/tags?post=12339"}],"curies":[{"name":"wp","href":"https:\/\/api.w.org\/{rel}","templated":true}]}}