{"id":12341,"date":"2005-04-26T00:00:00","date_gmt":"2005-04-26T04:00:00","guid":{"rendered":"http:\/\/192.81.217.108\/interamerica\/2005\/04\/europe-le-president-de-loeuvre-encourage-les-jeunes-adventistes-a-devenir-des-participants-a-prendre-leur-responsabilite-dans-leglise\/"},"modified":"2017-06-02T13:20:16","modified_gmt":"2017-06-02T17:20:16","slug":"europe-le-president-de-loeuvre-encourage-les-jeunes-adventistes-a-devenir-des-participants-a-prendre-leur-responsabilite-dans-leglise","status":"publish","type":"post","link":"https:\/\/interamerica.org\/fr\/2005\/04\/europe-le-president-de-loeuvre-encourage-les-jeunes-adventistes-a-devenir-des-participants-a-prendre-leur-responsabilite-dans-leglise\/","title":{"rendered":"Europe:\u00a0 Le Pr\u00e9sident de l&rsquo;Oeuvre encourage Les Jeunes Adventistes \u00e0 \u00ab\u00a0Devenir\u00a0des Participants, \u00e0 Prendre leur Responsabilit\u00e9\u00a0\u00bb dans l&rsquo;\u00e9glise\u00a0"},"content":{"rendered":"<p>Darmstadt, Allemagne&#8230;(Mark A. Kellner\/ANN<\/p>\n<p>Les jeunes adultes de l&rsquo;Eglise des Adventistes du Septi\u00e8me jour doivent  \u00ab\u00a0devenir des participants, prendre part aux activit\u00e9s&#8230;de votre \u00e9glise, de votre congr\u00e9gation,\u00a0\u00bb a dit le Pasteur Jan Paulsen, de l&rsquo;\u00e9glise mondiale en pr\u00e9sence d&rsquo;un auditoire multinational d&rsquo;\u00e9tudiants Adventistes Europ\u00e9ens au cours d&rsquo;une \u00e9mission diffus\u00e9e en direct le 26 avril.  Le programme a eu lieu \u00e0 l&rsquo;\u00e9glise Adventiste de Marienhoehe sur le campus du Coll\u00e8ge de Marienhoehe \u00e0 Darmstadt en Allemagne.<\/p>\n<p>D\u00e9nomm\u00e9e \u00ab\u00a0Let&rsquo;s Talk &#8211;Europe\u00a0\u00bb (Parlons&#8211;Europe), l&rsquo;\u00e9mission, anim\u00e9e par Gabi Ziegler, un journaliste Adventiste, pr\u00e9senta des jeunes de l&rsquo;\u00e9glise venant de 12 nations europ\u00e9ennes et a \u00e9t\u00e9 diffus\u00e9e sur Hope Channel le service de t\u00e9l\u00e9vision de l&rsquo;\u00e9glise.  Elle sera retransmise mondialement dans les prochaines 24 heures et sera disponible sur le site du Web de \u00ab\u00a0Let&rsquo;s Talk\u00a0\u00bb qui est destin\u00e9 pour assurer une liaison des jeunes avec les dirigeants de l&rsquo;\u00e9glise.<\/p>\n<p>\u00ab\u00a0Je me soucie beaucoup de l&rsquo;\u00e9glise &#8212; et par \u00e9glise, je ne veux pas faire mention des \u00e9difices, je ne veux pas parler des gens qui ont \u00e9t\u00e9 \u00e9lus comme moi.  Ils ne que sont des gens.<\/p>\n<p>Deux tiers de notre famille mondiale sont au-dessus de l&rsquo;\u00e2ge de 32 ans,\u00a0\u00bb a pr\u00e9cis\u00e9 le Pasteur Paulsen au commencement de l&rsquo;\u00e9mission.  \u00ab\u00a0Nous n&rsquo;avons pas bien soign\u00e9 nos relations avec eux.  Je ne peux pas tout faire moi-m\u00eame, mais&#8230;je veux entendre ce que les jeunes ont \u00e0 nous dire.\u00a0\u00bb <\/p>\n<p>Pendant l&rsquo;heure qui suivit, Pasteur Paulsen a adress\u00e9 une grande vari\u00e9t\u00e9 de sujets soulev\u00e9s par l&rsquo;auditoire du studio, et a invit\u00e9 \u00e0 poser davantage de questions par le biais du site du Web \u00ab\u00a0Let&rsquo;s Talk\u00a0\u00bb.<\/p>\n<p>L&rsquo;une des premi\u00e8res questions pos\u00e9es a consist\u00e9 sur la composition des d\u00e9l\u00e9gu\u00e9s de la Session de la Conf\u00e9rence G\u00e9n\u00e9rale de St.Louis \u00e0 Missouri, aux Etats-Unis, la r\u00e9union d&rsquo;affaires quinqu\u00e9nale de l&rsquo;\u00e9glise.  Combien de jeunes feront-ils partie de la d\u00e9l\u00e9gation? <\/p>\n<p>\u00ab\u00a0La s\u00e9lection est faite par les \u00e9glises \u00e0 travers le monde.  Nous leur avons demand\u00e9 de ne pas seulement choisir des officiers qui ont \u00e9t\u00e9 \u00e9lus; de s\u00e9lectionner quelques jeunes, et aussi des femmes,\u00a0\u00bb pr\u00e9cisa Pasteur Paulsen, en ajoutant \u00ab\u00a0il y a 25 \u00e0 30 places vacantes sur la liste de ceux qui ont \u00e9t\u00e9 d\u00e9sign\u00e9s par notre quartier-g\u00e9n\u00e9ral (mondial).  J&rsquo;ai demand\u00e9 qu&rsquo;au moins huit de ces personnes soient choisies parmi les moins de 30 ans&#8230; et ceci a \u00e9t\u00e9 fait.\u00a0\u00bb <\/p>\n<p>Encourager la participation des jeunes dans la vie de l&rsquo;\u00e9glise a \u00e9t\u00e9 le sujet principal de l&rsquo;\u00e9mission.  Quand \u00e0 la tension existant entre les nouvelles \u00e9glises et les anciennes congr\u00e9gations, Pasteur Paulsen a reconnu que c&rsquo;est un probl\u00e8me que l&rsquo;on rencontre parfois \u00e0 travers le monde.<\/p>\n<p>Cependant, il a ajout\u00e9, \u00ab\u00a0je suis heureux de ce que tant de jeunes prennent l&rsquo;initiative de former des groupes qui portent le nom d&rsquo;Adventiste du Septi\u00e8me jour qui attireront les \u00e9trangers.  Peut-\u00eatre, il y a des tensions qui causent des difficult\u00e9s, mais je suis heureux qu&rsquo;il y en a.\u00a0\u00bb<\/p>\n<p>Il a continu\u00e9, \u00ab\u00a0Si nous prions davantage les uns pour les autres d&rsquo;une fa\u00e7on assidue, nous nous jugerons moins les uns les autres.\u00a0\u00bb <\/p>\n<p>Plusieurs membres de l&rsquo;audience ont soulev\u00e9 la question des relations inter-confessionnelles.<\/p>\n<p>Pasteur Paulsen a mis l&#8217;emphase sur le besoin de l&rsquo;entente:  Il ne devrait pas avoir de friction entre moi et les Chr\u00e9tiens d&rsquo;autres \u00e9glises.  Je suis, comme chacun de nous devrait l&rsquo;\u00eatre&#8230; un porte-parole du Christ.  (Nous devrions) accepter l&rsquo;honn\u00eatet\u00e9 et la sinc\u00e9rit\u00e9 des autres, m\u00eame si nous sommes en d\u00e9saccord avec eux.\u00a0\u00bb<\/p>\n<p>Quand il a fut questionn\u00e9 sur les r\u00e9cents \u00e9v\u00e8nements de l&rsquo;Eglise Catholique Romaine, Pasteur Paulsen a dit \u00ab\u00a0Il n&rsquo;y a pas de doute que le nouveau Pape aura un grand  impact sur la soci\u00e9t\u00e9.  J&rsquo;attendrai et verrai ce que d\u00e9tient le futur.\u00a0\u00bb <\/p>\n<p>Confront\u00e9 \u00e0 la question de la fa\u00e7on dont  l&rsquo;\u00e9glise pr\u00e9sente l&rsquo;homosexualit\u00e9 sans \u00eatre homophobe, Pasteur Paulsen a mis l&rsquo;acent sur les enseignements de la Bible d\u00e9non\u00e7ant cette pratique, mais aussi a soulign\u00e9 que la gr\u00e2ce est n\u00e9cessaire.<\/p>\n<p>\u00ab\u00a0Si le Seigneur devait seulement tenir compte des parfaits, moi je serais en probl\u00e8me,\u00a0\u00bb a-t-il ajout\u00e9.  \u00ab\u00a0Si nous t\u00e9moignons de l&rsquo;\u00e9vangile \u00e0 ces gens&#8230;<\/p>\n<p>ceux qui ont cette tendance, peuvent consid\u00e9rer une meilleure solution, et pendant qu&rsquo;ils le font, nous les consid\u00e9rons comme des \u00eatres humains qui ont une grande valeur aux yeux de Dieu.\u00a0\u00bb <\/p>\n<p>Avant de conclure le programme avec une pri\u00e8re pour que Dieu fortifie les jeunes, Pasteur Paulsen a conseill\u00e9 \u00e0 son auditoire de participer aux activit\u00e9s de l&rsquo;\u00e9glise. <\/p>\n<p>Alors que vous croissez, vous vous d\u00e9veloppez, et maturissez en ce sens, de m\u00eame votre attachement \u00e0 l&rsquo;\u00e9glise cro\u00eetra.  Le pire qui pourrait vous arriver serait de faire marche arri\u00e8re et de jouer le r\u00f4le de spectateur dans l&rsquo;\u00e9glise,\u00a0\u00bb dit-il.  \u00ab\u00a0Soyez fermes, quand vous retournez chez vous, soyez forts.\u00a0\u00bb<\/p>\n<p>\u00ab\u00a0Dr. Paulsen fut tr\u00e8s ouvert et honn\u00eate avec nous.  Vous pourriez dire qu&rsquo;il \u00e9tait l&rsquo;un de nous.  Il fut sinc\u00e8re dans ses r\u00e9ponses, dit Sara Gehler, une \u00e9tudiante universitaire \u00e2g\u00e9 de 24 ans originaire de Berlin.<\/p>\n<p>\u00ab\u00a0Parlons &#8212; Europe,\u00a0\u00bb est la troisi\u00e8me d&rsquo;une s\u00e9rie de conversations non-\u00e9crites, non-\u00e9dit\u00e9es entre les jeunes et les dirigeants de leur \u00e9glise.  Les deux premi\u00e8res ont eu lieu aux Etats-Unis d&rsquo;Am\u00e9rique.<\/p>\n<p>Pour voir l&rsquo;\u00e9mission sur le net, visitez le:  <a  href=\"http:\/\/\/www.letstalk.adventist.org\">http:\/\/\/www.letstalk.adventist.org<\/a>,    <\/p>\n<\/p>\n<\/p>\n<\/p>\n<\/p>\n<\/p>\n<\/p><\/p>\n","protected":false},"excerpt":{"rendered":"<p>Les jeunes adultes de l&rsquo;Eglise des Adventistes du Septi\u00e8me jour doivent\u00a0 \u00ab\u00a0devenir des participants, prendre part aux activit\u00e9s&#8230;de votre\u00a0\u00e9glise, de votre congr\u00e9gation,\u00a0\u00bb a dit le Pasteur Jan Paulsen, de l&rsquo;\u00e9glise mondiale&#8230;\u00a0<\/p>\n","protected":false},"author":1,"featured_media":0,"comment_status":"closed","ping_status":"closed","sticky":false,"template":"","format":"standard","meta":{"_acf_changed":false,"footnotes":""},"categories":[9],"tags":[],"class_list":["post-12341","post","type-post","status-publish","format-standard","hentry","category-archive-fr"],"acf":[],"yoast_head":"<!-- This site is optimized with the Yoast SEO plugin v27.3 - https:\/\/yoast.com\/product\/yoast-seo-wordpress\/ -->\n<title>Europe:\u00a0 Le Pr\u00e9sident de l&#039;Oeuvre encourage Les Jeunes Adventistes \u00e0 &quot;Devenir\u00a0des Participants, \u00e0 Prendre leur Responsabilit\u00e9&quot; dans l&#039;\u00e9glise\u00a0 - \u00c9glise Adventiste Du Septieme Jour - Inter Am\u00e9rique Division<\/title>\n<meta name=\"robots\" content=\"index, follow, max-snippet:-1, max-image-preview:large, max-video-preview:-1\" \/>\n<link rel=\"canonical\" href=\"https:\/\/interamerica.org\/fr\/2005\/04\/europe-le-president-de-loeuvre-encourage-les-jeunes-adventistes-a-devenir-des-participants-a-prendre-leur-responsabilite-dans-leglise\/\" \/>\n<meta property=\"og:locale\" content=\"fr_FR\" \/>\n<meta property=\"og:type\" content=\"article\" \/>\n<meta property=\"og:title\" content=\"Europe:\u00a0 Le Pr\u00e9sident de l&#039;Oeuvre encourage Les Jeunes Adventistes \u00e0 &quot;Devenir\u00a0des Participants, \u00e0 Prendre leur Responsabilit\u00e9&quot; dans l&#039;\u00e9glise\u00a0 - \u00c9glise Adventiste Du Septieme Jour - Inter Am\u00e9rique Division\" \/>\n<meta property=\"og:description\" content=\"Les jeunes adultes de l&#039;Eglise des Adventistes du Septi\u00e8me jour doivent\u00a0 &quot;devenir des participants, prendre part aux activit\u00e9s...de votre\u00a0\u00e9glise, de votre congr\u00e9gation,&quot; a dit le Pasteur Jan Paulsen, de l&#039;\u00e9glise mondiale...\u00a0\" \/>\n<meta property=\"og:url\" content=\"https:\/\/interamerica.org\/fr\/2005\/04\/europe-le-president-de-loeuvre-encourage-les-jeunes-adventistes-a-devenir-des-participants-a-prendre-leur-responsabilite-dans-leglise\/\" \/>\n<meta property=\"og:site_name\" content=\"\u00c9glise Adventiste Du Septieme Jour - Inter Am\u00e9rique Division\" \/>\n<meta property=\"article:published_time\" content=\"2005-04-26T04:00:00+00:00\" \/>\n<meta property=\"article:modified_time\" content=\"2017-06-02T17:20:16+00:00\" \/>\n<meta name=\"author\" content=\"Lorenzo Verduzco\" \/>\n<meta name=\"twitter:card\" content=\"summary_large_image\" \/>\n<meta name=\"twitter:label1\" content=\"\u00c9crit par\" \/>\n\t<meta name=\"twitter:data1\" content=\"Lorenzo Verduzco\" \/>\n\t<meta name=\"twitter:label2\" content=\"Dur\u00e9e de lecture estim\u00e9e\" \/>\n\t<meta name=\"twitter:data2\" content=\"5 minutes\" \/>\n<script type=\"application\/ld+json\" class=\"yoast-schema-graph\">{\"@context\":\"https:\\\/\\\/schema.org\",\"@graph\":[{\"@type\":\"Article\",\"@id\":\"https:\\\/\\\/interamerica.org\\\/fr\\\/2005\\\/04\\\/europe-le-president-de-loeuvre-encourage-les-jeunes-adventistes-a-devenir-des-participants-a-prendre-leur-responsabilite-dans-leglise\\\/#article\",\"isPartOf\":{\"@id\":\"https:\\\/\\\/interamerica.org\\\/fr\\\/2005\\\/04\\\/europe-le-president-de-loeuvre-encourage-les-jeunes-adventistes-a-devenir-des-participants-a-prendre-leur-responsabilite-dans-leglise\\\/\"},\"author\":{\"name\":\"Lorenzo Verduzco\",\"@id\":\"https:\\\/\\\/interamerica.org\\\/fr\\\/#\\\/schema\\\/person\\\/68ede8bdc292885bb76c1e3810e73c39\"},\"headline\":\"Europe:\u00a0 Le Pr\u00e9sident de l&rsquo;Oeuvre encourage Les Jeunes Adventistes \u00e0 \u00ab\u00a0Devenir\u00a0des Participants, \u00e0 Prendre leur Responsabilit\u00e9\u00a0\u00bb dans l&rsquo;\u00e9glise\u00a0\",\"datePublished\":\"2005-04-26T04:00:00+00:00\",\"dateModified\":\"2017-06-02T17:20:16+00:00\",\"mainEntityOfPage\":{\"@id\":\"https:\\\/\\\/interamerica.org\\\/fr\\\/2005\\\/04\\\/europe-le-president-de-loeuvre-encourage-les-jeunes-adventistes-a-devenir-des-participants-a-prendre-leur-responsabilite-dans-leglise\\\/\"},\"wordCount\":996,\"articleSection\":[\"Archive\"],\"inLanguage\":\"fr-FR\"},{\"@type\":\"WebPage\",\"@id\":\"https:\\\/\\\/interamerica.org\\\/fr\\\/2005\\\/04\\\/europe-le-president-de-loeuvre-encourage-les-jeunes-adventistes-a-devenir-des-participants-a-prendre-leur-responsabilite-dans-leglise\\\/\",\"url\":\"https:\\\/\\\/interamerica.org\\\/fr\\\/2005\\\/04\\\/europe-le-president-de-loeuvre-encourage-les-jeunes-adventistes-a-devenir-des-participants-a-prendre-leur-responsabilite-dans-leglise\\\/\",\"name\":\"Europe:\u00a0 Le Pr\u00e9sident de l'Oeuvre encourage Les Jeunes Adventistes \u00e0 \\\"Devenir\u00a0des Participants, \u00e0 Prendre leur Responsabilit\u00e9\\\" dans l'\u00e9glise\u00a0 - \u00c9glise Adventiste Du Septieme Jour - Inter Am\u00e9rique Division\",\"isPartOf\":{\"@id\":\"https:\\\/\\\/interamerica.org\\\/fr\\\/#website\"},\"datePublished\":\"2005-04-26T04:00:00+00:00\",\"dateModified\":\"2017-06-02T17:20:16+00:00\",\"author\":{\"@id\":\"https:\\\/\\\/interamerica.org\\\/fr\\\/#\\\/schema\\\/person\\\/68ede8bdc292885bb76c1e3810e73c39\"},\"breadcrumb\":{\"@id\":\"https:\\\/\\\/interamerica.org\\\/fr\\\/2005\\\/04\\\/europe-le-president-de-loeuvre-encourage-les-jeunes-adventistes-a-devenir-des-participants-a-prendre-leur-responsabilite-dans-leglise\\\/#breadcrumb\"},\"inLanguage\":\"fr-FR\",\"potentialAction\":[{\"@type\":\"ReadAction\",\"target\":[\"https:\\\/\\\/interamerica.org\\\/fr\\\/2005\\\/04\\\/europe-le-president-de-loeuvre-encourage-les-jeunes-adventistes-a-devenir-des-participants-a-prendre-leur-responsabilite-dans-leglise\\\/\"]}]},{\"@type\":\"BreadcrumbList\",\"@id\":\"https:\\\/\\\/interamerica.org\\\/fr\\\/2005\\\/04\\\/europe-le-president-de-loeuvre-encourage-les-jeunes-adventistes-a-devenir-des-participants-a-prendre-leur-responsabilite-dans-leglise\\\/#breadcrumb\",\"itemListElement\":[{\"@type\":\"ListItem\",\"position\":1,\"name\":\"Home\",\"item\":\"https:\\\/\\\/interamerica.org\\\/fr\\\/\"},{\"@type\":\"ListItem\",\"position\":2,\"name\":\"Europe:\u00a0 Le Pr\u00e9sident de l&#8217;Oeuvre encourage Les Jeunes Adventistes \u00e0 &#8220;Devenir\u00a0des Participants, \u00e0 Prendre leur Responsabilit\u00e9&#8221; dans l&#8217;\u00e9glise\u00a0\"}]},{\"@type\":\"WebSite\",\"@id\":\"https:\\\/\\\/interamerica.org\\\/fr\\\/#website\",\"url\":\"https:\\\/\\\/interamerica.org\\\/fr\\\/\",\"name\":\"\u00c9glise Adventiste Du Septieme Jour - Inter Am\u00e9rique Division\",\"description\":\"\",\"potentialAction\":[{\"@type\":\"SearchAction\",\"target\":{\"@type\":\"EntryPoint\",\"urlTemplate\":\"https:\\\/\\\/interamerica.org\\\/fr\\\/?s={search_term_string}\"},\"query-input\":{\"@type\":\"PropertyValueSpecification\",\"valueRequired\":true,\"valueName\":\"search_term_string\"}}],\"inLanguage\":\"fr-FR\"},{\"@type\":\"Person\",\"@id\":\"https:\\\/\\\/interamerica.org\\\/fr\\\/#\\\/schema\\\/person\\\/68ede8bdc292885bb76c1e3810e73c39\",\"name\":\"Lorenzo Verduzco\",\"image\":{\"@type\":\"ImageObject\",\"inLanguage\":\"fr-FR\",\"@id\":\"https:\\\/\\\/secure.gravatar.com\\\/avatar\\\/fb81a55b6218459490a9c1dc841a34909185b81904c5337b4b27f7a6fd60c49e?s=96&d=mm&r=g\",\"url\":\"https:\\\/\\\/secure.gravatar.com\\\/avatar\\\/fb81a55b6218459490a9c1dc841a34909185b81904c5337b4b27f7a6fd60c49e?s=96&d=mm&r=g\",\"contentUrl\":\"https:\\\/\\\/secure.gravatar.com\\\/avatar\\\/fb81a55b6218459490a9c1dc841a34909185b81904c5337b4b27f7a6fd60c49e?s=96&d=mm&r=g\",\"caption\":\"Lorenzo Verduzco\"}}]}<\/script>\n<!-- \/ Yoast SEO plugin. -->","yoast_head_json":{"title":"Europe:\u00a0 Le Pr\u00e9sident de l'Oeuvre encourage Les Jeunes Adventistes \u00e0 \"Devenir\u00a0des Participants, \u00e0 Prendre leur Responsabilit\u00e9\" dans l'\u00e9glise\u00a0 - \u00c9glise Adventiste Du Septieme Jour - Inter Am\u00e9rique Division","robots":{"index":"index","follow":"follow","max-snippet":"max-snippet:-1","max-image-preview":"max-image-preview:large","max-video-preview":"max-video-preview:-1"},"canonical":"https:\/\/interamerica.org\/fr\/2005\/04\/europe-le-president-de-loeuvre-encourage-les-jeunes-adventistes-a-devenir-des-participants-a-prendre-leur-responsabilite-dans-leglise\/","og_locale":"fr_FR","og_type":"article","og_title":"Europe:\u00a0 Le Pr\u00e9sident de l'Oeuvre encourage Les Jeunes Adventistes \u00e0 \"Devenir\u00a0des Participants, \u00e0 Prendre leur Responsabilit\u00e9\" dans l'\u00e9glise\u00a0 - \u00c9glise Adventiste Du Septieme Jour - Inter Am\u00e9rique Division","og_description":"Les jeunes adultes de l'Eglise des Adventistes du Septi\u00e8me jour doivent\u00a0 \"devenir des participants, prendre part aux activit\u00e9s...de votre\u00a0\u00e9glise, de votre congr\u00e9gation,\" a dit le Pasteur Jan Paulsen, de l'\u00e9glise mondiale...\u00a0","og_url":"https:\/\/interamerica.org\/fr\/2005\/04\/europe-le-president-de-loeuvre-encourage-les-jeunes-adventistes-a-devenir-des-participants-a-prendre-leur-responsabilite-dans-leglise\/","og_site_name":"\u00c9glise Adventiste Du Septieme Jour - Inter Am\u00e9rique Division","article_published_time":"2005-04-26T04:00:00+00:00","article_modified_time":"2017-06-02T17:20:16+00:00","author":"Lorenzo Verduzco","twitter_card":"summary_large_image","twitter_misc":{"\u00c9crit par":"Lorenzo Verduzco","Dur\u00e9e de lecture estim\u00e9e":"5 minutes"},"schema":{"@context":"https:\/\/schema.org","@graph":[{"@type":"Article","@id":"https:\/\/interamerica.org\/fr\/2005\/04\/europe-le-president-de-loeuvre-encourage-les-jeunes-adventistes-a-devenir-des-participants-a-prendre-leur-responsabilite-dans-leglise\/#article","isPartOf":{"@id":"https:\/\/interamerica.org\/fr\/2005\/04\/europe-le-president-de-loeuvre-encourage-les-jeunes-adventistes-a-devenir-des-participants-a-prendre-leur-responsabilite-dans-leglise\/"},"author":{"name":"Lorenzo Verduzco","@id":"https:\/\/interamerica.org\/fr\/#\/schema\/person\/68ede8bdc292885bb76c1e3810e73c39"},"headline":"Europe:\u00a0 Le Pr\u00e9sident de l&rsquo;Oeuvre encourage Les Jeunes Adventistes \u00e0 \u00ab\u00a0Devenir\u00a0des Participants, \u00e0 Prendre leur Responsabilit\u00e9\u00a0\u00bb dans l&rsquo;\u00e9glise\u00a0","datePublished":"2005-04-26T04:00:00+00:00","dateModified":"2017-06-02T17:20:16+00:00","mainEntityOfPage":{"@id":"https:\/\/interamerica.org\/fr\/2005\/04\/europe-le-president-de-loeuvre-encourage-les-jeunes-adventistes-a-devenir-des-participants-a-prendre-leur-responsabilite-dans-leglise\/"},"wordCount":996,"articleSection":["Archive"],"inLanguage":"fr-FR"},{"@type":"WebPage","@id":"https:\/\/interamerica.org\/fr\/2005\/04\/europe-le-president-de-loeuvre-encourage-les-jeunes-adventistes-a-devenir-des-participants-a-prendre-leur-responsabilite-dans-leglise\/","url":"https:\/\/interamerica.org\/fr\/2005\/04\/europe-le-president-de-loeuvre-encourage-les-jeunes-adventistes-a-devenir-des-participants-a-prendre-leur-responsabilite-dans-leglise\/","name":"Europe:\u00a0 Le Pr\u00e9sident de l'Oeuvre encourage Les Jeunes Adventistes \u00e0 \"Devenir\u00a0des Participants, \u00e0 Prendre leur Responsabilit\u00e9\" dans l'\u00e9glise\u00a0 - \u00c9glise Adventiste Du Septieme Jour - Inter Am\u00e9rique Division","isPartOf":{"@id":"https:\/\/interamerica.org\/fr\/#website"},"datePublished":"2005-04-26T04:00:00+00:00","dateModified":"2017-06-02T17:20:16+00:00","author":{"@id":"https:\/\/interamerica.org\/fr\/#\/schema\/person\/68ede8bdc292885bb76c1e3810e73c39"},"breadcrumb":{"@id":"https:\/\/interamerica.org\/fr\/2005\/04\/europe-le-president-de-loeuvre-encourage-les-jeunes-adventistes-a-devenir-des-participants-a-prendre-leur-responsabilite-dans-leglise\/#breadcrumb"},"inLanguage":"fr-FR","potentialAction":[{"@type":"ReadAction","target":["https:\/\/interamerica.org\/fr\/2005\/04\/europe-le-president-de-loeuvre-encourage-les-jeunes-adventistes-a-devenir-des-participants-a-prendre-leur-responsabilite-dans-leglise\/"]}]},{"@type":"BreadcrumbList","@id":"https:\/\/interamerica.org\/fr\/2005\/04\/europe-le-president-de-loeuvre-encourage-les-jeunes-adventistes-a-devenir-des-participants-a-prendre-leur-responsabilite-dans-leglise\/#breadcrumb","itemListElement":[{"@type":"ListItem","position":1,"name":"Home","item":"https:\/\/interamerica.org\/fr\/"},{"@type":"ListItem","position":2,"name":"Europe:\u00a0 Le Pr\u00e9sident de l&#8217;Oeuvre encourage Les Jeunes Adventistes \u00e0 &#8220;Devenir\u00a0des Participants, \u00e0 Prendre leur Responsabilit\u00e9&#8221; dans l&#8217;\u00e9glise\u00a0"}]},{"@type":"WebSite","@id":"https:\/\/interamerica.org\/fr\/#website","url":"https:\/\/interamerica.org\/fr\/","name":"\u00c9glise Adventiste Du Septieme Jour - Inter Am\u00e9rique Division","description":"","potentialAction":[{"@type":"SearchAction","target":{"@type":"EntryPoint","urlTemplate":"https:\/\/interamerica.org\/fr\/?s={search_term_string}"},"query-input":{"@type":"PropertyValueSpecification","valueRequired":true,"valueName":"search_term_string"}}],"inLanguage":"fr-FR"},{"@type":"Person","@id":"https:\/\/interamerica.org\/fr\/#\/schema\/person\/68ede8bdc292885bb76c1e3810e73c39","name":"Lorenzo Verduzco","image":{"@type":"ImageObject","inLanguage":"fr-FR","@id":"https:\/\/secure.gravatar.com\/avatar\/fb81a55b6218459490a9c1dc841a34909185b81904c5337b4b27f7a6fd60c49e?s=96&d=mm&r=g","url":"https:\/\/secure.gravatar.com\/avatar\/fb81a55b6218459490a9c1dc841a34909185b81904c5337b4b27f7a6fd60c49e?s=96&d=mm&r=g","contentUrl":"https:\/\/secure.gravatar.com\/avatar\/fb81a55b6218459490a9c1dc841a34909185b81904c5337b4b27f7a6fd60c49e?s=96&d=mm&r=g","caption":"Lorenzo Verduzco"}}]}},"_links":{"self":[{"href":"https:\/\/interamerica.org\/fr\/wp-json\/wp\/v2\/posts\/12341","targetHints":{"allow":["GET"]}}],"collection":[{"href":"https:\/\/interamerica.org\/fr\/wp-json\/wp\/v2\/posts"}],"about":[{"href":"https:\/\/interamerica.org\/fr\/wp-json\/wp\/v2\/types\/post"}],"author":[{"embeddable":true,"href":"https:\/\/interamerica.org\/fr\/wp-json\/wp\/v2\/users\/1"}],"replies":[{"embeddable":true,"href":"https:\/\/interamerica.org\/fr\/wp-json\/wp\/v2\/comments?post=12341"}],"version-history":[{"count":0,"href":"https:\/\/interamerica.org\/fr\/wp-json\/wp\/v2\/posts\/12341\/revisions"}],"wp:attachment":[{"href":"https:\/\/interamerica.org\/fr\/wp-json\/wp\/v2\/media?parent=12341"}],"wp:term":[{"taxonomy":"category","embeddable":true,"href":"https:\/\/interamerica.org\/fr\/wp-json\/wp\/v2\/categories?post=12341"},{"taxonomy":"post_tag","embeddable":true,"href":"https:\/\/interamerica.org\/fr\/wp-json\/wp\/v2\/tags?post=12341"}],"curies":[{"name":"wp","href":"https:\/\/api.w.org\/{rel}","templated":true}]}}