{"id":12342,"date":"2005-04-25T00:00:00","date_gmt":"2005-04-25T04:00:00","guid":{"rendered":"http:\/\/192.81.217.108\/interamerica\/2005\/04\/la-dia-a-termine-sa-semaine-de-priere-annuelle\/"},"modified":"2017-06-02T13:20:17","modified_gmt":"2017-06-02T17:20:17","slug":"la-dia-a-termine-sa-semaine-de-priere-annuelle","status":"publish","type":"post","link":"https:\/\/interamerica.org\/fr\/2005\/04\/la-dia-a-termine-sa-semaine-de-priere-annuelle\/","title":{"rendered":"La DIA A Termin\u00e9 sa Semaine de Pri\u00e8re Annuelle"},"content":{"rendered":"<p>Miami, Floride, Etats-Unis.<\/p>\n<p>Le personnel du quartier g\u00e9n\u00e9ral de la Division Interam\u00e9ricaine \u00e0 Miami, a eu sa Semaine annuelle de Rafra\u00eechissement spirituel, du 18 au 23 avril, \u00e0 l&rsquo;auditorium B. L. Archbold.<\/p>\n<p>Sous le th\u00e8me \u00ab\u00a0Grandissant dans la Foi,\u00a0\u00bb tous les membres du personnel de la DIA ont \u00e9cout\u00e9 les messages pr\u00e9sent\u00e9s, chaque matin, par le Pasteur Hector Sanchez, pr\u00e9sident de la F\u00e9d\u00e9ration de la Capitale Guat\u00e9malt\u00e8que. <\/p>\n<p>Le pasteur Sanchez a commenc\u00e9 la semaine en encourageant tout l&rsquo;auditoire \u00e0 affermir leur foi \u00e0 travers les promesses de Dieu et gr\u00e2ce \u00e0 Son amour bienveillant au milieu des \u00e9preuves de la vie.<\/p>\n<p>Dans ce monde troubl\u00e9 et changeant, a d\u00e9clar\u00e9 Pasteur Sanchez, il y a une merveilleuse esp\u00e9rance.<\/p>\n<p>La semaine s&rsquo;est termin\u00e9e le Sabbat matin avec la participation du personnel et les membres de leurs familles \u00e0 l&rsquo;\u00e9cole du Sabbat et au Service d&rsquo;adoration.\u00a0<\/p>\n","protected":false},"excerpt":{"rendered":"<p>Le personnel du quartier g\u00e9n\u00e9ral de la Division Interam\u00e9ricaine \u00e0 Miami, a eu sa Semaine annuelle de Rafra\u00eechissement spirituel, du 18 au 23 avril, \u00e0 l&rsquo;auditorium B. L. Archbold.<\/p>\n","protected":false},"author":1,"featured_media":0,"comment_status":"closed","ping_status":"closed","sticky":false,"template":"","format":"standard","meta":{"_acf_changed":false,"footnotes":""},"categories":[9],"tags":[],"class_list":["post-12342","post","type-post","status-publish","format-standard","hentry","category-archive-fr"],"acf":[],"yoast_head":"<!-- This site is optimized with the Yoast SEO plugin v27.3 - https:\/\/yoast.com\/product\/yoast-seo-wordpress\/ -->\n<title>La DIA A Termin\u00e9 sa Semaine de Pri\u00e8re Annuelle - \u00c9glise Adventiste Du Septieme Jour - Inter Am\u00e9rique Division<\/title>\n<meta name=\"robots\" content=\"index, follow, max-snippet:-1, max-image-preview:large, max-video-preview:-1\" \/>\n<link rel=\"canonical\" href=\"https:\/\/interamerica.org\/fr\/2005\/04\/la-dia-a-termine-sa-semaine-de-priere-annuelle\/\" \/>\n<meta property=\"og:locale\" content=\"fr_FR\" \/>\n<meta property=\"og:type\" content=\"article\" \/>\n<meta property=\"og:title\" content=\"La DIA A Termin\u00e9 sa Semaine de Pri\u00e8re Annuelle - \u00c9glise Adventiste Du Septieme Jour - Inter Am\u00e9rique Division\" \/>\n<meta property=\"og:description\" content=\"Le personnel du quartier g\u00e9n\u00e9ral de la Division Interam\u00e9ricaine \u00e0 Miami, a eu sa Semaine annuelle de Rafra\u00eechissement spirituel, du 18 au 23 avril, \u00e0 l&#039;auditorium B. L. Archbold.\" \/>\n<meta property=\"og:url\" content=\"https:\/\/interamerica.org\/fr\/2005\/04\/la-dia-a-termine-sa-semaine-de-priere-annuelle\/\" \/>\n<meta property=\"og:site_name\" content=\"\u00c9glise Adventiste Du Septieme Jour - Inter Am\u00e9rique Division\" \/>\n<meta property=\"article:published_time\" content=\"2005-04-25T04:00:00+00:00\" \/>\n<meta property=\"article:modified_time\" content=\"2017-06-02T17:20:17+00:00\" \/>\n<meta name=\"author\" content=\"Lorenzo Verduzco\" \/>\n<meta name=\"twitter:card\" content=\"summary_large_image\" \/>\n<meta name=\"twitter:label1\" content=\"\u00c9crit par\" \/>\n\t<meta name=\"twitter:data1\" content=\"Lorenzo Verduzco\" \/>\n\t<meta name=\"twitter:label2\" content=\"Dur\u00e9e de lecture estim\u00e9e\" \/>\n\t<meta name=\"twitter:data2\" content=\"1 minute\" \/>\n<script type=\"application\/ld+json\" class=\"yoast-schema-graph\">{\"@context\":\"https:\\\/\\\/schema.org\",\"@graph\":[{\"@type\":\"Article\",\"@id\":\"https:\\\/\\\/interamerica.org\\\/fr\\\/2005\\\/04\\\/la-dia-a-termine-sa-semaine-de-priere-annuelle\\\/#article\",\"isPartOf\":{\"@id\":\"https:\\\/\\\/interamerica.org\\\/fr\\\/2005\\\/04\\\/la-dia-a-termine-sa-semaine-de-priere-annuelle\\\/\"},\"author\":{\"name\":\"Lorenzo Verduzco\",\"@id\":\"https:\\\/\\\/interamerica.org\\\/fr\\\/#\\\/schema\\\/person\\\/68ede8bdc292885bb76c1e3810e73c39\"},\"headline\":\"La DIA A Termin\u00e9 sa Semaine de Pri\u00e8re Annuelle\",\"datePublished\":\"2005-04-25T04:00:00+00:00\",\"dateModified\":\"2017-06-02T17:20:17+00:00\",\"mainEntityOfPage\":{\"@id\":\"https:\\\/\\\/interamerica.org\\\/fr\\\/2005\\\/04\\\/la-dia-a-termine-sa-semaine-de-priere-annuelle\\\/\"},\"wordCount\":166,\"articleSection\":[\"Archive\"],\"inLanguage\":\"fr-FR\"},{\"@type\":\"WebPage\",\"@id\":\"https:\\\/\\\/interamerica.org\\\/fr\\\/2005\\\/04\\\/la-dia-a-termine-sa-semaine-de-priere-annuelle\\\/\",\"url\":\"https:\\\/\\\/interamerica.org\\\/fr\\\/2005\\\/04\\\/la-dia-a-termine-sa-semaine-de-priere-annuelle\\\/\",\"name\":\"La DIA A Termin\u00e9 sa Semaine de Pri\u00e8re Annuelle - \u00c9glise Adventiste Du Septieme Jour - Inter Am\u00e9rique Division\",\"isPartOf\":{\"@id\":\"https:\\\/\\\/interamerica.org\\\/fr\\\/#website\"},\"datePublished\":\"2005-04-25T04:00:00+00:00\",\"dateModified\":\"2017-06-02T17:20:17+00:00\",\"author\":{\"@id\":\"https:\\\/\\\/interamerica.org\\\/fr\\\/#\\\/schema\\\/person\\\/68ede8bdc292885bb76c1e3810e73c39\"},\"breadcrumb\":{\"@id\":\"https:\\\/\\\/interamerica.org\\\/fr\\\/2005\\\/04\\\/la-dia-a-termine-sa-semaine-de-priere-annuelle\\\/#breadcrumb\"},\"inLanguage\":\"fr-FR\",\"potentialAction\":[{\"@type\":\"ReadAction\",\"target\":[\"https:\\\/\\\/interamerica.org\\\/fr\\\/2005\\\/04\\\/la-dia-a-termine-sa-semaine-de-priere-annuelle\\\/\"]}]},{\"@type\":\"BreadcrumbList\",\"@id\":\"https:\\\/\\\/interamerica.org\\\/fr\\\/2005\\\/04\\\/la-dia-a-termine-sa-semaine-de-priere-annuelle\\\/#breadcrumb\",\"itemListElement\":[{\"@type\":\"ListItem\",\"position\":1,\"name\":\"Home\",\"item\":\"https:\\\/\\\/interamerica.org\\\/fr\\\/\"},{\"@type\":\"ListItem\",\"position\":2,\"name\":\"La DIA A Termin\u00e9 sa Semaine de Pri\u00e8re Annuelle\"}]},{\"@type\":\"WebSite\",\"@id\":\"https:\\\/\\\/interamerica.org\\\/fr\\\/#website\",\"url\":\"https:\\\/\\\/interamerica.org\\\/fr\\\/\",\"name\":\"\u00c9glise Adventiste Du Septieme Jour - Inter Am\u00e9rique Division\",\"description\":\"\",\"potentialAction\":[{\"@type\":\"SearchAction\",\"target\":{\"@type\":\"EntryPoint\",\"urlTemplate\":\"https:\\\/\\\/interamerica.org\\\/fr\\\/?s={search_term_string}\"},\"query-input\":{\"@type\":\"PropertyValueSpecification\",\"valueRequired\":true,\"valueName\":\"search_term_string\"}}],\"inLanguage\":\"fr-FR\"},{\"@type\":\"Person\",\"@id\":\"https:\\\/\\\/interamerica.org\\\/fr\\\/#\\\/schema\\\/person\\\/68ede8bdc292885bb76c1e3810e73c39\",\"name\":\"Lorenzo Verduzco\",\"image\":{\"@type\":\"ImageObject\",\"inLanguage\":\"fr-FR\",\"@id\":\"https:\\\/\\\/secure.gravatar.com\\\/avatar\\\/fb81a55b6218459490a9c1dc841a34909185b81904c5337b4b27f7a6fd60c49e?s=96&d=mm&r=g\",\"url\":\"https:\\\/\\\/secure.gravatar.com\\\/avatar\\\/fb81a55b6218459490a9c1dc841a34909185b81904c5337b4b27f7a6fd60c49e?s=96&d=mm&r=g\",\"contentUrl\":\"https:\\\/\\\/secure.gravatar.com\\\/avatar\\\/fb81a55b6218459490a9c1dc841a34909185b81904c5337b4b27f7a6fd60c49e?s=96&d=mm&r=g\",\"caption\":\"Lorenzo Verduzco\"}}]}<\/script>\n<!-- \/ Yoast SEO plugin. -->","yoast_head_json":{"title":"La DIA A Termin\u00e9 sa Semaine de Pri\u00e8re Annuelle - \u00c9glise Adventiste Du Septieme Jour - Inter Am\u00e9rique Division","robots":{"index":"index","follow":"follow","max-snippet":"max-snippet:-1","max-image-preview":"max-image-preview:large","max-video-preview":"max-video-preview:-1"},"canonical":"https:\/\/interamerica.org\/fr\/2005\/04\/la-dia-a-termine-sa-semaine-de-priere-annuelle\/","og_locale":"fr_FR","og_type":"article","og_title":"La DIA A Termin\u00e9 sa Semaine de Pri\u00e8re Annuelle - \u00c9glise Adventiste Du Septieme Jour - Inter Am\u00e9rique Division","og_description":"Le personnel du quartier g\u00e9n\u00e9ral de la Division Interam\u00e9ricaine \u00e0 Miami, a eu sa Semaine annuelle de Rafra\u00eechissement spirituel, du 18 au 23 avril, \u00e0 l'auditorium B. L. Archbold.","og_url":"https:\/\/interamerica.org\/fr\/2005\/04\/la-dia-a-termine-sa-semaine-de-priere-annuelle\/","og_site_name":"\u00c9glise Adventiste Du Septieme Jour - Inter Am\u00e9rique Division","article_published_time":"2005-04-25T04:00:00+00:00","article_modified_time":"2017-06-02T17:20:17+00:00","author":"Lorenzo Verduzco","twitter_card":"summary_large_image","twitter_misc":{"\u00c9crit par":"Lorenzo Verduzco","Dur\u00e9e de lecture estim\u00e9e":"1 minute"},"schema":{"@context":"https:\/\/schema.org","@graph":[{"@type":"Article","@id":"https:\/\/interamerica.org\/fr\/2005\/04\/la-dia-a-termine-sa-semaine-de-priere-annuelle\/#article","isPartOf":{"@id":"https:\/\/interamerica.org\/fr\/2005\/04\/la-dia-a-termine-sa-semaine-de-priere-annuelle\/"},"author":{"name":"Lorenzo Verduzco","@id":"https:\/\/interamerica.org\/fr\/#\/schema\/person\/68ede8bdc292885bb76c1e3810e73c39"},"headline":"La DIA A Termin\u00e9 sa Semaine de Pri\u00e8re Annuelle","datePublished":"2005-04-25T04:00:00+00:00","dateModified":"2017-06-02T17:20:17+00:00","mainEntityOfPage":{"@id":"https:\/\/interamerica.org\/fr\/2005\/04\/la-dia-a-termine-sa-semaine-de-priere-annuelle\/"},"wordCount":166,"articleSection":["Archive"],"inLanguage":"fr-FR"},{"@type":"WebPage","@id":"https:\/\/interamerica.org\/fr\/2005\/04\/la-dia-a-termine-sa-semaine-de-priere-annuelle\/","url":"https:\/\/interamerica.org\/fr\/2005\/04\/la-dia-a-termine-sa-semaine-de-priere-annuelle\/","name":"La DIA A Termin\u00e9 sa Semaine de Pri\u00e8re Annuelle - \u00c9glise Adventiste Du Septieme Jour - Inter Am\u00e9rique Division","isPartOf":{"@id":"https:\/\/interamerica.org\/fr\/#website"},"datePublished":"2005-04-25T04:00:00+00:00","dateModified":"2017-06-02T17:20:17+00:00","author":{"@id":"https:\/\/interamerica.org\/fr\/#\/schema\/person\/68ede8bdc292885bb76c1e3810e73c39"},"breadcrumb":{"@id":"https:\/\/interamerica.org\/fr\/2005\/04\/la-dia-a-termine-sa-semaine-de-priere-annuelle\/#breadcrumb"},"inLanguage":"fr-FR","potentialAction":[{"@type":"ReadAction","target":["https:\/\/interamerica.org\/fr\/2005\/04\/la-dia-a-termine-sa-semaine-de-priere-annuelle\/"]}]},{"@type":"BreadcrumbList","@id":"https:\/\/interamerica.org\/fr\/2005\/04\/la-dia-a-termine-sa-semaine-de-priere-annuelle\/#breadcrumb","itemListElement":[{"@type":"ListItem","position":1,"name":"Home","item":"https:\/\/interamerica.org\/fr\/"},{"@type":"ListItem","position":2,"name":"La DIA A Termin\u00e9 sa Semaine de Pri\u00e8re Annuelle"}]},{"@type":"WebSite","@id":"https:\/\/interamerica.org\/fr\/#website","url":"https:\/\/interamerica.org\/fr\/","name":"\u00c9glise Adventiste Du Septieme Jour - Inter Am\u00e9rique Division","description":"","potentialAction":[{"@type":"SearchAction","target":{"@type":"EntryPoint","urlTemplate":"https:\/\/interamerica.org\/fr\/?s={search_term_string}"},"query-input":{"@type":"PropertyValueSpecification","valueRequired":true,"valueName":"search_term_string"}}],"inLanguage":"fr-FR"},{"@type":"Person","@id":"https:\/\/interamerica.org\/fr\/#\/schema\/person\/68ede8bdc292885bb76c1e3810e73c39","name":"Lorenzo Verduzco","image":{"@type":"ImageObject","inLanguage":"fr-FR","@id":"https:\/\/secure.gravatar.com\/avatar\/fb81a55b6218459490a9c1dc841a34909185b81904c5337b4b27f7a6fd60c49e?s=96&d=mm&r=g","url":"https:\/\/secure.gravatar.com\/avatar\/fb81a55b6218459490a9c1dc841a34909185b81904c5337b4b27f7a6fd60c49e?s=96&d=mm&r=g","contentUrl":"https:\/\/secure.gravatar.com\/avatar\/fb81a55b6218459490a9c1dc841a34909185b81904c5337b4b27f7a6fd60c49e?s=96&d=mm&r=g","caption":"Lorenzo Verduzco"}}]}},"_links":{"self":[{"href":"https:\/\/interamerica.org\/fr\/wp-json\/wp\/v2\/posts\/12342","targetHints":{"allow":["GET"]}}],"collection":[{"href":"https:\/\/interamerica.org\/fr\/wp-json\/wp\/v2\/posts"}],"about":[{"href":"https:\/\/interamerica.org\/fr\/wp-json\/wp\/v2\/types\/post"}],"author":[{"embeddable":true,"href":"https:\/\/interamerica.org\/fr\/wp-json\/wp\/v2\/users\/1"}],"replies":[{"embeddable":true,"href":"https:\/\/interamerica.org\/fr\/wp-json\/wp\/v2\/comments?post=12342"}],"version-history":[{"count":0,"href":"https:\/\/interamerica.org\/fr\/wp-json\/wp\/v2\/posts\/12342\/revisions"}],"wp:attachment":[{"href":"https:\/\/interamerica.org\/fr\/wp-json\/wp\/v2\/media?parent=12342"}],"wp:term":[{"taxonomy":"category","embeddable":true,"href":"https:\/\/interamerica.org\/fr\/wp-json\/wp\/v2\/categories?post=12342"},{"taxonomy":"post_tag","embeddable":true,"href":"https:\/\/interamerica.org\/fr\/wp-json\/wp\/v2\/tags?post=12342"}],"curies":[{"name":"wp","href":"https:\/\/api.w.org\/{rel}","templated":true}]}}