{"id":123428,"date":"2024-12-18T09:12:12","date_gmt":"2024-12-18T14:12:12","guid":{"rendered":"https:\/\/interamerica.org\/?p=123428"},"modified":"2024-12-19T21:59:39","modified_gmt":"2024-12-20T02:59:39","slug":"si-seulement-ca-pouvait-etre-comme-noel","status":"publish","type":"post","link":"https:\/\/interamerica.org\/fr\/2024\/12\/si-seulement-ca-pouvait-etre-comme-noel\/","title":{"rendered":"Si seulement \u00e7a pouvait \u00eatre comme No\u00ebl"},"content":{"rendered":"<p class=\"c-post-header__subtitle\"><em>C\u00e9l\u00e9brer les dons de Dieu que sont la famille et le sabbat<\/em><\/p>\n<p>18 D\u00e9cembre 2024 | Silver Spring, Maryland, \u00c9tats-Unis | Charles Evans<\/p>\n<p>Si je devais penser \u00e0 une p\u00e9riode de l\u2019ann\u00e9e o\u00f9 le bonheur semble monter en fl\u00e8che, o\u00f9 les familles mettent leurs diff\u00e9rences de c\u00f4t\u00e9, o\u00f9 les voisins sont plus amicaux et o\u00f9 nous semblons tous faire tout notre possible pour aider, la p\u00e9riode de No\u00ebl serait cette p\u00e9riode de l\u2019ann\u00e9e.<\/p>\n<p>Pourtant, m\u00eame pour l\u2019observateur occasionnel, il est clair que la saison est devenue largement commercialis\u00e9e et que les motivations pour faire le bien sont devenues suspectes, c\u2019est le moins qu\u2019on puisse dire. Mais je ne peux pas nier le plaisir que j\u2019\u00e9prouve lorsque des membres de ma famille viennent nous rendre visite depuis d\u2019autres villes ou d\u2019autres pays dans lesquels ils ont \u00e9migr\u00e9 pour travailler et \u00e9tablir leurs propres familles. Je ne peux nier les sensations fortes et parfois les cris stridents provoqu\u00e9s par les histoires racont\u00e9es, l\u2019excitation ressentie lors de jeux \u00e9puisants alors que nous nous blottissons ensemble dans les salons et les salles \u00e0 manger bond\u00e9s, et finalement l\u2019arriv\u00e9e dans nos lits de fortune alors qu\u2019on cherche \u00e0 faire de la place pour tout le monde. Je crois que, quelles que soient vos convictions religieuses, il est impossible de nier la joie d\u2019avoir sa famille r\u00e9unie. Ce livre sur les familles est non seulement une excellente lecture, c\u2019est aussi un livre auquel nous pouvons \u00e9galement tous contribuer.<\/p>\n<p>Je me demande : est-ce No\u00ebl qui est important, ou est-ce la famille et les amis avec qui nous le vivons ? Je crois vraiment que c\u2019est la deuxi\u00e8me option, car les bons souvenirs de mon enfance ne se limitent pas \u00e0 cette p\u00e9riode de l\u2019ann\u00e9e. Je me souviens avec tendresse des journ\u00e9es amusantes que nous passions lorsqu\u2019il pleuvait pendant de longues p\u00e9riodes et que nous \u00e9tions r\u00e9unis \u00e0 l\u2019int\u00e9rieur en train de jouer \u00e0 des jeux et de chanter nos chansons pr\u00e9f\u00e9r\u00e9es. Qu\u2019est-ce qui rendait cela int\u00e9ressant ? La famille.<\/p>\n<p><strong>La famille et la fraternit\u00e9, un don de Dieu<\/strong><\/p>\n<p>Vous vous demandez peut-\u00eatre maintenant ce que Dieu avait en t\u00eate lorsqu\u2019il a \u00e9tabli la famille. Il nous a cr\u00e9\u00e9s avec la capacit\u00e9 de ressentir le bonheur et la joie, des \u00e9motions qui sont \u00e9voqu\u00e9es chaque fois que la famille se r\u00e9unit dans une activit\u00e9 harmonieuse. Rien de tout cela n\u2019est d\u00fb au hasard, mais cela est en coh\u00e9rence avec l\u2019id\u00e9e que \u00ab toute gr\u00e2ce excellente et tout don parfait descendent d&rsquo;en haut, \u00bb (Jacques 1:17). Comme Dieu lui-m\u00eame le d\u00e9clare dans J\u00e9r\u00e9mie 29 :11 : \u00ab Car je connais les projets que j&rsquo;ai form\u00e9s sur vous, dit l&rsquo;\u00c9ternel, projets de paix et non de malheur, afin de vous donner un avenir et de l&rsquo;esp\u00e9rance. \u00bb Notre Dieu est un Dieu de relations, et nous avons \u00e9t\u00e9 cr\u00e9\u00e9s \u00e0 son image (cf. Gen\u00e8se 1:26).<\/p>\n<p>Je me souviens de l\u2019\u00e9poque o\u00f9 je suis devenu adventiste du septi\u00e8me jour. C\u2019\u00e9tait un moment vraiment sp\u00e9cial pour moi. Ma meilleure nuit de sommeil de la semaine \u00e9tait le vendredi soir. Le culte avec ma m\u00e8re \u00e9tait super sp\u00e9cial. Au moment o\u00f9 je suis devenu membre de l\u2019\u00c9glise adventiste du septi\u00e8me jour, j\u2019\u00e9tais le dernier des huit fr\u00e8res et s\u0153urs \u00e0 encore habiter chez mes parents \u2013 tous mes fr\u00e8res et s\u0153urs ne sont pas adventistes. Ma m\u00e8re a \u00e9t\u00e9 baptis\u00e9e en 1981, et j\u2019ai suivi en 1982. J\u2019ai deux autres fr\u00e8res et s\u0153urs qui sont adventistes, et les autres appartiennent \u00e0 une autre religion. Notre p\u00e8re, le premier mari de ma m\u00e8re, est d\u00e9c\u00e9d\u00e9 avant que je (le plus jeune enfant vivant) n\u2019ai pu le connaitre.<\/p>\n<p>Je me souviens de la toute premi\u00e8re fois o\u00f9 je suis entr\u00e9 dans un temple adventiste du septi\u00e8me jour. J\u2019avais l\u2019impression d\u2019entrer dans un autre monde ; c\u2019\u00e9tait si serein, si impressionnant, la pr\u00e9sence de Dieu \u00e9tait si r\u00e9elle. Presque tous les sabbats, je pouvais m\u2019attendre, en tant que jeune membre de l\u2019\u00c9glise, \u00e0 d\u00e9jeuner avec une famille de l\u2019\u00e9glise. Ma m\u00e8re et moi marchions entre six et huit kilom\u00e8tres pour aller \u00e0 l\u2019\u00e9glise chaque sabbat matin. Mais vous savez quoi, nous \u00e9tions parfois les premiers \u00e0 arriver certains matins. Cela a vraiment contribu\u00e9 \u00e0 ce que nous soyons invit\u00e9s \u00e0 d\u00e9jeuner par quelqu\u2019un chaque sabbat.<\/p>\n<p><strong>C\u00e9l\u00e9brer le don de Dieu qu\u2019est le sabbat<\/strong><\/p>\n<p>Le sabbat a \u00e9t\u00e9 \u00e9tabli par Dieu (Gen\u00e8se 2:1-3), tout comme la famille (verset 24). Mais qu\u2019avait \u00e0 l\u2019esprit Dieu lorsqu\u2019il les a \u00e9tablis ? Est-il possible que l\u2019excitation et le plaisir que nous associons \u00e0 No\u00ebl soient les choses m\u00eame qu\u2019il avait pr\u00e9vu que nous associions \u00e0 la famille et au sabbat ? Je n\u2019attaque pas No\u00ebl, je souhaite simplement que notre vie de famille et nos exp\u00e9riences du sabbat soient beaucoup plus agr\u00e9ables que ce que nous vivons actuellement, un peu comme les joies de No\u00ebl.<\/p>\n<p>Tout se r\u00e9sume aux choix que nous faisons. Pourquoi ne pas faire de chaque sabbat un moment de partage, un moment de convivialit\u00e9, un moment d\u2019excitation alors que nous nous pr\u00e9parons, un peu comme nous le faisons pour No\u00ebl ? Je me souviens tr\u00e8s bien de la fa\u00e7on dont nous nettoyions autour de la maison ; les endroits qui n\u2019avaient pas \u00e9t\u00e9 nettoy\u00e9s durant toute l\u2019ann\u00e9e \u00e9taient nettoy\u00e9s pour No\u00ebl. On repeignait les maisons, et m\u00eame les arbres et les pierres \u00e9taient blanchis \u00e0 la chaux. Faisons ce mile de plus chaque sabbat.<\/p>\n<p>Bien entendu, beaucoup se pr\u00e9parent et passent le sabbat de mani\u00e8re sp\u00e9ciale, mais je ne peux pas vraiment dire que cela atteigne l\u2019ampleur de l\u2019excitation intense que No\u00ebl g\u00e9n\u00e8re, m\u00eame parmi les observateurs du sabbat. Je me demande ce que Dieu doit penser de la fa\u00e7on dont nous observons le sabbat. Comment ressent-il le fait que certains qui professent leur foi en Lui ne reconnaissent m\u00eame pas la saintet\u00e9 du sabbat ? Il nous appartient de faire en sorte que les sabbats soient extra sp\u00e9ciaux et joyeux. Si beaucoup le font pour No\u00ebl, une tradition humaine, nous pouvons certainement le faire pour le sabbat, un sanctuaire dans le temps institu\u00e9 par Dieu.<\/p>\n<p>Pour ce No\u00ebl, je recommande \u00e0 chaque famille la joie quotidienne de la pr\u00e9paration du sabbat et l\u2019excitation hebdomadaire qu\u2019il y a \u00e0 c\u00e9l\u00e9brer le septi\u00e8me jour, la cr\u00e9ation de l\u2019univers par Dieu et son \u0153uvre recr\u00e9atrice en nous en tant qu\u2019individus.<\/p>\n<p><em>Charles Evans<\/em> est professeur \u00e0 l\u2019\u00c9cole de Commerce de l\u2019Universit\u00e9 du Nord de la Cara\u00efbe<\/p>\n","protected":false},"excerpt":{"rendered":"<p>C\u00e9l\u00e9brer les dons de Dieu que sont la famille et le sabbat 18 D\u00e9cembre 2024 | Silver Spring, Maryland, \u00c9tats-Unis | Charles Evans Si je devais penser \u00e0 une p\u00e9riode&#8230;<\/p>\n","protected":false},"author":3,"featured_media":123381,"comment_status":"closed","ping_status":"closed","sticky":false,"template":"","format":"standard","meta":{"_acf_changed":false,"footnotes":""},"categories":[18,19],"tags":[],"class_list":["post-123428","post","type-post","status-publish","format-standard","has-post-thumbnail","hentry","category-nouvelles-de-leglise-mondiale","category-rss-francais"],"acf":[],"yoast_head":"<!-- This site is optimized with the Yoast SEO plugin v27.3 - https:\/\/yoast.com\/product\/yoast-seo-wordpress\/ -->\n<title>Si seulement \u00e7a pouvait \u00eatre comme No\u00ebl - \u00c9glise Adventiste Du Septieme Jour - Inter Am\u00e9rique Division<\/title>\n<meta name=\"robots\" content=\"index, follow, max-snippet:-1, max-image-preview:large, max-video-preview:-1\" \/>\n<link rel=\"canonical\" href=\"https:\/\/interamerica.org\/fr\/2024\/12\/si-seulement-ca-pouvait-etre-comme-noel\/\" \/>\n<meta property=\"og:locale\" content=\"fr_FR\" \/>\n<meta property=\"og:type\" content=\"article\" \/>\n<meta property=\"og:title\" content=\"Si seulement \u00e7a pouvait \u00eatre comme No\u00ebl - \u00c9glise Adventiste Du Septieme Jour - Inter Am\u00e9rique Division\" \/>\n<meta property=\"og:description\" content=\"C\u00e9l\u00e9brer les dons de Dieu que sont la famille et le sabbat 18 D\u00e9cembre 2024 | Silver Spring, Maryland, \u00c9tats-Unis | Charles Evans Si je devais penser \u00e0 une p\u00e9riode...\" \/>\n<meta property=\"og:url\" content=\"https:\/\/interamerica.org\/fr\/2024\/12\/si-seulement-ca-pouvait-etre-comme-noel\/\" \/>\n<meta property=\"og:site_name\" content=\"\u00c9glise Adventiste Du Septieme Jour - Inter Am\u00e9rique Division\" \/>\n<meta property=\"article:published_time\" content=\"2024-12-18T14:12:12+00:00\" \/>\n<meta property=\"article:modified_time\" content=\"2024-12-20T02:59:39+00:00\" \/>\n<meta property=\"og:image\" content=\"https:\/\/interamerica.org\/wp-content\/uploads\/2024\/12\/gift-habeshaw-44xrowmxf24-unsplash.jpg\" \/>\n\t<meta property=\"og:image:width\" content=\"1280\" \/>\n\t<meta property=\"og:image:height\" content=\"800\" \/>\n\t<meta property=\"og:image:type\" content=\"image\/jpeg\" \/>\n<meta name=\"author\" content=\"libna\" \/>\n<meta name=\"twitter:card\" content=\"summary_large_image\" \/>\n<meta name=\"twitter:label1\" content=\"\u00c9crit par\" \/>\n\t<meta name=\"twitter:data1\" content=\"libna\" \/>\n\t<meta name=\"twitter:label2\" content=\"Dur\u00e9e de lecture estim\u00e9e\" \/>\n\t<meta name=\"twitter:data2\" content=\"5 minutes\" \/>\n<script type=\"application\/ld+json\" class=\"yoast-schema-graph\">{\"@context\":\"https:\\\/\\\/schema.org\",\"@graph\":[{\"@type\":\"Article\",\"@id\":\"https:\\\/\\\/interamerica.org\\\/fr\\\/2024\\\/12\\\/si-seulement-ca-pouvait-etre-comme-noel\\\/#article\",\"isPartOf\":{\"@id\":\"https:\\\/\\\/interamerica.org\\\/fr\\\/2024\\\/12\\\/si-seulement-ca-pouvait-etre-comme-noel\\\/\"},\"author\":{\"name\":\"libna\",\"@id\":\"https:\\\/\\\/interamerica.org\\\/fr\\\/#\\\/schema\\\/person\\\/29998f2bc2d8bd0d38662909289b54f1\"},\"headline\":\"Si seulement \u00e7a pouvait \u00eatre comme No\u00ebl\",\"datePublished\":\"2024-12-18T14:12:12+00:00\",\"dateModified\":\"2024-12-20T02:59:39+00:00\",\"mainEntityOfPage\":{\"@id\":\"https:\\\/\\\/interamerica.org\\\/fr\\\/2024\\\/12\\\/si-seulement-ca-pouvait-etre-comme-noel\\\/\"},\"wordCount\":1200,\"image\":{\"@id\":\"https:\\\/\\\/interamerica.org\\\/fr\\\/2024\\\/12\\\/si-seulement-ca-pouvait-etre-comme-noel\\\/#primaryimage\"},\"thumbnailUrl\":\"https:\\\/\\\/interamerica.org\\\/wp-content\\\/uploads\\\/2024\\\/12\\\/gift-habeshaw-44xrowmxf24-unsplash.jpg\",\"articleSection\":[\"Nouvelles de l'\u00c9glise mondiale\",\"RSS Fran\u00e7ais\"],\"inLanguage\":\"fr-FR\"},{\"@type\":\"WebPage\",\"@id\":\"https:\\\/\\\/interamerica.org\\\/fr\\\/2024\\\/12\\\/si-seulement-ca-pouvait-etre-comme-noel\\\/\",\"url\":\"https:\\\/\\\/interamerica.org\\\/fr\\\/2024\\\/12\\\/si-seulement-ca-pouvait-etre-comme-noel\\\/\",\"name\":\"Si seulement \u00e7a pouvait \u00eatre comme No\u00ebl - \u00c9glise Adventiste Du Septieme Jour - Inter Am\u00e9rique Division\",\"isPartOf\":{\"@id\":\"https:\\\/\\\/interamerica.org\\\/fr\\\/#website\"},\"primaryImageOfPage\":{\"@id\":\"https:\\\/\\\/interamerica.org\\\/fr\\\/2024\\\/12\\\/si-seulement-ca-pouvait-etre-comme-noel\\\/#primaryimage\"},\"image\":{\"@id\":\"https:\\\/\\\/interamerica.org\\\/fr\\\/2024\\\/12\\\/si-seulement-ca-pouvait-etre-comme-noel\\\/#primaryimage\"},\"thumbnailUrl\":\"https:\\\/\\\/interamerica.org\\\/wp-content\\\/uploads\\\/2024\\\/12\\\/gift-habeshaw-44xrowmxf24-unsplash.jpg\",\"datePublished\":\"2024-12-18T14:12:12+00:00\",\"dateModified\":\"2024-12-20T02:59:39+00:00\",\"author\":{\"@id\":\"https:\\\/\\\/interamerica.org\\\/fr\\\/#\\\/schema\\\/person\\\/29998f2bc2d8bd0d38662909289b54f1\"},\"breadcrumb\":{\"@id\":\"https:\\\/\\\/interamerica.org\\\/fr\\\/2024\\\/12\\\/si-seulement-ca-pouvait-etre-comme-noel\\\/#breadcrumb\"},\"inLanguage\":\"fr-FR\",\"potentialAction\":[{\"@type\":\"ReadAction\",\"target\":[\"https:\\\/\\\/interamerica.org\\\/fr\\\/2024\\\/12\\\/si-seulement-ca-pouvait-etre-comme-noel\\\/\"]}]},{\"@type\":\"ImageObject\",\"inLanguage\":\"fr-FR\",\"@id\":\"https:\\\/\\\/interamerica.org\\\/fr\\\/2024\\\/12\\\/si-seulement-ca-pouvait-etre-comme-noel\\\/#primaryimage\",\"url\":\"https:\\\/\\\/interamerica.org\\\/wp-content\\\/uploads\\\/2024\\\/12\\\/gift-habeshaw-44xrowmxf24-unsplash.jpg\",\"contentUrl\":\"https:\\\/\\\/interamerica.org\\\/wp-content\\\/uploads\\\/2024\\\/12\\\/gift-habeshaw-44xrowmxf24-unsplash.jpg\",\"width\":1280,\"height\":800,\"caption\":\"[Photo: Habeshaw \\\/ Unsplash]\"},{\"@type\":\"BreadcrumbList\",\"@id\":\"https:\\\/\\\/interamerica.org\\\/fr\\\/2024\\\/12\\\/si-seulement-ca-pouvait-etre-comme-noel\\\/#breadcrumb\",\"itemListElement\":[{\"@type\":\"ListItem\",\"position\":1,\"name\":\"Home\",\"item\":\"https:\\\/\\\/interamerica.org\\\/fr\\\/\"},{\"@type\":\"ListItem\",\"position\":2,\"name\":\"Si seulement \u00e7a pouvait \u00eatre comme No\u00ebl\"}]},{\"@type\":\"WebSite\",\"@id\":\"https:\\\/\\\/interamerica.org\\\/fr\\\/#website\",\"url\":\"https:\\\/\\\/interamerica.org\\\/fr\\\/\",\"name\":\"\u00c9glise Adventiste Du Septieme Jour - Inter Am\u00e9rique Division\",\"description\":\"\",\"potentialAction\":[{\"@type\":\"SearchAction\",\"target\":{\"@type\":\"EntryPoint\",\"urlTemplate\":\"https:\\\/\\\/interamerica.org\\\/fr\\\/?s={search_term_string}\"},\"query-input\":{\"@type\":\"PropertyValueSpecification\",\"valueRequired\":true,\"valueName\":\"search_term_string\"}}],\"inLanguage\":\"fr-FR\"},{\"@type\":\"Person\",\"@id\":\"https:\\\/\\\/interamerica.org\\\/fr\\\/#\\\/schema\\\/person\\\/29998f2bc2d8bd0d38662909289b54f1\",\"name\":\"libna\",\"image\":{\"@type\":\"ImageObject\",\"inLanguage\":\"fr-FR\",\"@id\":\"https:\\\/\\\/secure.gravatar.com\\\/avatar\\\/7c5bd30ae4b47a9ba3c856590957fd1d96dc588bf3ac05719d247e126840331f?s=96&d=mm&r=g\",\"url\":\"https:\\\/\\\/secure.gravatar.com\\\/avatar\\\/7c5bd30ae4b47a9ba3c856590957fd1d96dc588bf3ac05719d247e126840331f?s=96&d=mm&r=g\",\"contentUrl\":\"https:\\\/\\\/secure.gravatar.com\\\/avatar\\\/7c5bd30ae4b47a9ba3c856590957fd1d96dc588bf3ac05719d247e126840331f?s=96&d=mm&r=g\",\"caption\":\"libna\"}}]}<\/script>\n<!-- \/ Yoast SEO plugin. -->","yoast_head_json":{"title":"Si seulement \u00e7a pouvait \u00eatre comme No\u00ebl - \u00c9glise Adventiste Du Septieme Jour - Inter Am\u00e9rique Division","robots":{"index":"index","follow":"follow","max-snippet":"max-snippet:-1","max-image-preview":"max-image-preview:large","max-video-preview":"max-video-preview:-1"},"canonical":"https:\/\/interamerica.org\/fr\/2024\/12\/si-seulement-ca-pouvait-etre-comme-noel\/","og_locale":"fr_FR","og_type":"article","og_title":"Si seulement \u00e7a pouvait \u00eatre comme No\u00ebl - \u00c9glise Adventiste Du Septieme Jour - Inter Am\u00e9rique Division","og_description":"C\u00e9l\u00e9brer les dons de Dieu que sont la famille et le sabbat 18 D\u00e9cembre 2024 | Silver Spring, Maryland, \u00c9tats-Unis | Charles Evans Si je devais penser \u00e0 une p\u00e9riode...","og_url":"https:\/\/interamerica.org\/fr\/2024\/12\/si-seulement-ca-pouvait-etre-comme-noel\/","og_site_name":"\u00c9glise Adventiste Du Septieme Jour - Inter Am\u00e9rique Division","article_published_time":"2024-12-18T14:12:12+00:00","article_modified_time":"2024-12-20T02:59:39+00:00","og_image":[{"width":1280,"height":800,"url":"https:\/\/interamerica.org\/wp-content\/uploads\/2024\/12\/gift-habeshaw-44xrowmxf24-unsplash.jpg","type":"image\/jpeg"}],"author":"libna","twitter_card":"summary_large_image","twitter_misc":{"\u00c9crit par":"libna","Dur\u00e9e de lecture estim\u00e9e":"5 minutes"},"schema":{"@context":"https:\/\/schema.org","@graph":[{"@type":"Article","@id":"https:\/\/interamerica.org\/fr\/2024\/12\/si-seulement-ca-pouvait-etre-comme-noel\/#article","isPartOf":{"@id":"https:\/\/interamerica.org\/fr\/2024\/12\/si-seulement-ca-pouvait-etre-comme-noel\/"},"author":{"name":"libna","@id":"https:\/\/interamerica.org\/fr\/#\/schema\/person\/29998f2bc2d8bd0d38662909289b54f1"},"headline":"Si seulement \u00e7a pouvait \u00eatre comme No\u00ebl","datePublished":"2024-12-18T14:12:12+00:00","dateModified":"2024-12-20T02:59:39+00:00","mainEntityOfPage":{"@id":"https:\/\/interamerica.org\/fr\/2024\/12\/si-seulement-ca-pouvait-etre-comme-noel\/"},"wordCount":1200,"image":{"@id":"https:\/\/interamerica.org\/fr\/2024\/12\/si-seulement-ca-pouvait-etre-comme-noel\/#primaryimage"},"thumbnailUrl":"https:\/\/interamerica.org\/wp-content\/uploads\/2024\/12\/gift-habeshaw-44xrowmxf24-unsplash.jpg","articleSection":["Nouvelles de l'\u00c9glise mondiale","RSS Fran\u00e7ais"],"inLanguage":"fr-FR"},{"@type":"WebPage","@id":"https:\/\/interamerica.org\/fr\/2024\/12\/si-seulement-ca-pouvait-etre-comme-noel\/","url":"https:\/\/interamerica.org\/fr\/2024\/12\/si-seulement-ca-pouvait-etre-comme-noel\/","name":"Si seulement \u00e7a pouvait \u00eatre comme No\u00ebl - \u00c9glise Adventiste Du Septieme Jour - Inter Am\u00e9rique Division","isPartOf":{"@id":"https:\/\/interamerica.org\/fr\/#website"},"primaryImageOfPage":{"@id":"https:\/\/interamerica.org\/fr\/2024\/12\/si-seulement-ca-pouvait-etre-comme-noel\/#primaryimage"},"image":{"@id":"https:\/\/interamerica.org\/fr\/2024\/12\/si-seulement-ca-pouvait-etre-comme-noel\/#primaryimage"},"thumbnailUrl":"https:\/\/interamerica.org\/wp-content\/uploads\/2024\/12\/gift-habeshaw-44xrowmxf24-unsplash.jpg","datePublished":"2024-12-18T14:12:12+00:00","dateModified":"2024-12-20T02:59:39+00:00","author":{"@id":"https:\/\/interamerica.org\/fr\/#\/schema\/person\/29998f2bc2d8bd0d38662909289b54f1"},"breadcrumb":{"@id":"https:\/\/interamerica.org\/fr\/2024\/12\/si-seulement-ca-pouvait-etre-comme-noel\/#breadcrumb"},"inLanguage":"fr-FR","potentialAction":[{"@type":"ReadAction","target":["https:\/\/interamerica.org\/fr\/2024\/12\/si-seulement-ca-pouvait-etre-comme-noel\/"]}]},{"@type":"ImageObject","inLanguage":"fr-FR","@id":"https:\/\/interamerica.org\/fr\/2024\/12\/si-seulement-ca-pouvait-etre-comme-noel\/#primaryimage","url":"https:\/\/interamerica.org\/wp-content\/uploads\/2024\/12\/gift-habeshaw-44xrowmxf24-unsplash.jpg","contentUrl":"https:\/\/interamerica.org\/wp-content\/uploads\/2024\/12\/gift-habeshaw-44xrowmxf24-unsplash.jpg","width":1280,"height":800,"caption":"[Photo: Habeshaw \/ Unsplash]"},{"@type":"BreadcrumbList","@id":"https:\/\/interamerica.org\/fr\/2024\/12\/si-seulement-ca-pouvait-etre-comme-noel\/#breadcrumb","itemListElement":[{"@type":"ListItem","position":1,"name":"Home","item":"https:\/\/interamerica.org\/fr\/"},{"@type":"ListItem","position":2,"name":"Si seulement \u00e7a pouvait \u00eatre comme No\u00ebl"}]},{"@type":"WebSite","@id":"https:\/\/interamerica.org\/fr\/#website","url":"https:\/\/interamerica.org\/fr\/","name":"\u00c9glise Adventiste Du Septieme Jour - Inter Am\u00e9rique Division","description":"","potentialAction":[{"@type":"SearchAction","target":{"@type":"EntryPoint","urlTemplate":"https:\/\/interamerica.org\/fr\/?s={search_term_string}"},"query-input":{"@type":"PropertyValueSpecification","valueRequired":true,"valueName":"search_term_string"}}],"inLanguage":"fr-FR"},{"@type":"Person","@id":"https:\/\/interamerica.org\/fr\/#\/schema\/person\/29998f2bc2d8bd0d38662909289b54f1","name":"libna","image":{"@type":"ImageObject","inLanguage":"fr-FR","@id":"https:\/\/secure.gravatar.com\/avatar\/7c5bd30ae4b47a9ba3c856590957fd1d96dc588bf3ac05719d247e126840331f?s=96&d=mm&r=g","url":"https:\/\/secure.gravatar.com\/avatar\/7c5bd30ae4b47a9ba3c856590957fd1d96dc588bf3ac05719d247e126840331f?s=96&d=mm&r=g","contentUrl":"https:\/\/secure.gravatar.com\/avatar\/7c5bd30ae4b47a9ba3c856590957fd1d96dc588bf3ac05719d247e126840331f?s=96&d=mm&r=g","caption":"libna"}}]}},"_links":{"self":[{"href":"https:\/\/interamerica.org\/fr\/wp-json\/wp\/v2\/posts\/123428","targetHints":{"allow":["GET"]}}],"collection":[{"href":"https:\/\/interamerica.org\/fr\/wp-json\/wp\/v2\/posts"}],"about":[{"href":"https:\/\/interamerica.org\/fr\/wp-json\/wp\/v2\/types\/post"}],"author":[{"embeddable":true,"href":"https:\/\/interamerica.org\/fr\/wp-json\/wp\/v2\/users\/3"}],"replies":[{"embeddable":true,"href":"https:\/\/interamerica.org\/fr\/wp-json\/wp\/v2\/comments?post=123428"}],"version-history":[{"count":0,"href":"https:\/\/interamerica.org\/fr\/wp-json\/wp\/v2\/posts\/123428\/revisions"}],"wp:featuredmedia":[{"embeddable":true,"href":"https:\/\/interamerica.org\/fr\/wp-json\/wp\/v2\/media\/123381"}],"wp:attachment":[{"href":"https:\/\/interamerica.org\/fr\/wp-json\/wp\/v2\/media?parent=123428"}],"wp:term":[{"taxonomy":"category","embeddable":true,"href":"https:\/\/interamerica.org\/fr\/wp-json\/wp\/v2\/categories?post=123428"},{"taxonomy":"post_tag","embeddable":true,"href":"https:\/\/interamerica.org\/fr\/wp-json\/wp\/v2\/tags?post=123428"}],"curies":[{"name":"wp","href":"https:\/\/api.w.org\/{rel}","templated":true}]}}