{"id":12346,"date":"2005-05-10T00:00:00","date_gmt":"2005-05-10T04:00:00","guid":{"rendered":"http:\/\/192.81.217.108\/interamerica\/2005\/05\/cameroun-le-president-de-leglise-locale-meurt-dans-un-accident\/"},"modified":"2017-06-02T13:20:12","modified_gmt":"2017-06-02T17:20:12","slug":"cameroun-le-president-de-leglise-locale-meurt-dans-un-accident","status":"publish","type":"post","link":"https:\/\/interamerica.org\/fr\/2005\/05\/cameroun-le-president-de-leglise-locale-meurt-dans-un-accident\/","title":{"rendered":"Cameroun : Le Pr\u00e9sident de l&rsquo;\u00c9glise Locale Meurt dans un Accident"},"content":{"rendered":"<p>Douala, Cameroun <\/p>\n<p>Le pasteur C\u00e9lestin Rakotoarisoa Herimanana de l&rsquo;\u00c9glise Adventiste du Septi\u00e8me Jour, \u00e2g\u00e9 de 44 ans, a \u00e9t\u00e9 tu\u00e9 le 4 mai dans un accident d&rsquo;autobus, alors qu&rsquo;il revenait \u00e0 Douala depuis Yaound\u00e9, la capitale nationale. Il laisse sa femme et deux jeunes fils.<\/p>\n<p>Pasteur Herimanana, originaire de Madagascar et missionnaire au Cameroun, \u00e9tait pr\u00e9sident de l&rsquo;\u00e9glise de l&rsquo;Ouest du Cameroun. Il \u00e9tait l&rsquo;un des premiers dipl\u00f4m\u00e9s de l&rsquo;Universit\u00e9 Adventiste de l&rsquo;Afrique Centrale au Rwanda. Apr\u00e8s avoir \u00e9t\u00e9 pasteur d&rsquo;\u00e9glises \u00e0 Madagascar et servi comme pr\u00e9sident d&rsquo;\u00e9glise locale, il est venu dans la r\u00e9gion Ouest du Cameroun en 2001. Des \u00e9tudes sont faites pour que la R\u00e9gion, qu&rsquo;il a dirig\u00e9e pendant les quatre derni\u00e8res ann\u00e9es, devienne une \u00ab\u00a0F\u00e9d\u00e9ration\u00a0\u00bb de l&rsquo;\u00c9glise Adventiste et, selon les coll\u00e8gues, il \u00e9tait un pasteur tr\u00e8s aim\u00e9 dans le secteur.<\/p>\n<p>Les administrateurs dans la r\u00e9gion de l&rsquo;Afrique occidentale avaient projet\u00e9 d&rsquo;\u00e9lire Herimanana, pr\u00e9sident de l&rsquo;\u00e9glise au Tchad, le 6 mai, ce qui signifiait une nouvelle nomination pour un ouvrier exp\u00e9riment\u00e9.<\/p>\n<p>Herimanana \u00e9tait parti, en autobus, pour Yaound\u00e9, distante de trois heures, 155 mille (250 km), le 4 mai dans le but de r\u00e9cup\u00e9rer un visa attendu depuis longtemps pour son voyage vers Saint Louis, Missouri, Etats-Unis, et pour participer \u00e0 la 58\u00e8me session administrative de l&rsquo;\u00c9glise Adventiste mondiale en juin prochain. Selon des rapports, l&rsquo;autobus s&rsquo;est \u00e9cras\u00e9 en essayant d&rsquo;\u00e9viter un camion.<\/p>\n<p>En 2003, il y avait 33,173 membres d&rsquo;\u00e9glise adventiste adorant chaque semaine dans presque 1,000 congr\u00e9gations au Cameroun. L&rsquo;\u00c9glise Adventiste est pr\u00e9sente dans cette nation depuis 1926.<\/p>\n","protected":false},"excerpt":{"rendered":"<p>Pasteur C\u00e9lestin Rakotoarisoa Herimanana, de l&rsquo;\u00c9glise Adventiste du Septi\u00e8me Jour &#8230;<\/p>\n","protected":false},"author":1,"featured_media":0,"comment_status":"closed","ping_status":"closed","sticky":false,"template":"","format":"standard","meta":{"_acf_changed":false,"footnotes":""},"categories":[9],"tags":[],"class_list":["post-12346","post","type-post","status-publish","format-standard","hentry","category-archive-fr"],"acf":[],"yoast_head":"<!-- This site is optimized with the Yoast SEO plugin v27.3 - https:\/\/yoast.com\/product\/yoast-seo-wordpress\/ -->\n<title>Cameroun : Le Pr\u00e9sident de l&#039;\u00c9glise Locale Meurt dans un Accident - \u00c9glise Adventiste Du Septieme Jour - Inter Am\u00e9rique Division<\/title>\n<meta name=\"robots\" content=\"index, follow, max-snippet:-1, max-image-preview:large, max-video-preview:-1\" \/>\n<link rel=\"canonical\" href=\"https:\/\/interamerica.org\/fr\/2005\/05\/cameroun-le-president-de-leglise-locale-meurt-dans-un-accident\/\" \/>\n<meta property=\"og:locale\" content=\"fr_FR\" \/>\n<meta property=\"og:type\" content=\"article\" \/>\n<meta property=\"og:title\" content=\"Cameroun : Le Pr\u00e9sident de l&#039;\u00c9glise Locale Meurt dans un Accident - \u00c9glise Adventiste Du Septieme Jour - Inter Am\u00e9rique Division\" \/>\n<meta property=\"og:description\" content=\"Pasteur C\u00e9lestin Rakotoarisoa Herimanana, de l&#039;\u00c9glise Adventiste du Septi\u00e8me Jour ...\" \/>\n<meta property=\"og:url\" content=\"https:\/\/interamerica.org\/fr\/2005\/05\/cameroun-le-president-de-leglise-locale-meurt-dans-un-accident\/\" \/>\n<meta property=\"og:site_name\" content=\"\u00c9glise Adventiste Du Septieme Jour - Inter Am\u00e9rique Division\" \/>\n<meta property=\"article:published_time\" content=\"2005-05-10T04:00:00+00:00\" \/>\n<meta property=\"article:modified_time\" content=\"2017-06-02T17:20:12+00:00\" \/>\n<meta name=\"author\" content=\"Lorenzo Verduzco\" \/>\n<meta name=\"twitter:card\" content=\"summary_large_image\" \/>\n<meta name=\"twitter:label1\" content=\"\u00c9crit par\" \/>\n\t<meta name=\"twitter:data1\" content=\"Lorenzo Verduzco\" \/>\n\t<meta name=\"twitter:label2\" content=\"Dur\u00e9e de lecture estim\u00e9e\" \/>\n\t<meta name=\"twitter:data2\" content=\"1 minute\" \/>\n<script type=\"application\/ld+json\" class=\"yoast-schema-graph\">{\"@context\":\"https:\\\/\\\/schema.org\",\"@graph\":[{\"@type\":\"Article\",\"@id\":\"https:\\\/\\\/interamerica.org\\\/fr\\\/2005\\\/05\\\/cameroun-le-president-de-leglise-locale-meurt-dans-un-accident\\\/#article\",\"isPartOf\":{\"@id\":\"https:\\\/\\\/interamerica.org\\\/fr\\\/2005\\\/05\\\/cameroun-le-president-de-leglise-locale-meurt-dans-un-accident\\\/\"},\"author\":{\"name\":\"Lorenzo Verduzco\",\"@id\":\"https:\\\/\\\/interamerica.org\\\/fr\\\/#\\\/schema\\\/person\\\/68ede8bdc292885bb76c1e3810e73c39\"},\"headline\":\"Cameroun : Le Pr\u00e9sident de l&rsquo;\u00c9glise Locale Meurt dans un Accident\",\"datePublished\":\"2005-05-10T04:00:00+00:00\",\"dateModified\":\"2017-06-02T17:20:12+00:00\",\"mainEntityOfPage\":{\"@id\":\"https:\\\/\\\/interamerica.org\\\/fr\\\/2005\\\/05\\\/cameroun-le-president-de-leglise-locale-meurt-dans-un-accident\\\/\"},\"wordCount\":296,\"articleSection\":[\"Archive\"],\"inLanguage\":\"fr-FR\"},{\"@type\":\"WebPage\",\"@id\":\"https:\\\/\\\/interamerica.org\\\/fr\\\/2005\\\/05\\\/cameroun-le-president-de-leglise-locale-meurt-dans-un-accident\\\/\",\"url\":\"https:\\\/\\\/interamerica.org\\\/fr\\\/2005\\\/05\\\/cameroun-le-president-de-leglise-locale-meurt-dans-un-accident\\\/\",\"name\":\"Cameroun : Le Pr\u00e9sident de l'\u00c9glise Locale Meurt dans un Accident - \u00c9glise Adventiste Du Septieme Jour - Inter Am\u00e9rique Division\",\"isPartOf\":{\"@id\":\"https:\\\/\\\/interamerica.org\\\/fr\\\/#website\"},\"datePublished\":\"2005-05-10T04:00:00+00:00\",\"dateModified\":\"2017-06-02T17:20:12+00:00\",\"author\":{\"@id\":\"https:\\\/\\\/interamerica.org\\\/fr\\\/#\\\/schema\\\/person\\\/68ede8bdc292885bb76c1e3810e73c39\"},\"breadcrumb\":{\"@id\":\"https:\\\/\\\/interamerica.org\\\/fr\\\/2005\\\/05\\\/cameroun-le-president-de-leglise-locale-meurt-dans-un-accident\\\/#breadcrumb\"},\"inLanguage\":\"fr-FR\",\"potentialAction\":[{\"@type\":\"ReadAction\",\"target\":[\"https:\\\/\\\/interamerica.org\\\/fr\\\/2005\\\/05\\\/cameroun-le-president-de-leglise-locale-meurt-dans-un-accident\\\/\"]}]},{\"@type\":\"BreadcrumbList\",\"@id\":\"https:\\\/\\\/interamerica.org\\\/fr\\\/2005\\\/05\\\/cameroun-le-president-de-leglise-locale-meurt-dans-un-accident\\\/#breadcrumb\",\"itemListElement\":[{\"@type\":\"ListItem\",\"position\":1,\"name\":\"Home\",\"item\":\"https:\\\/\\\/interamerica.org\\\/fr\\\/\"},{\"@type\":\"ListItem\",\"position\":2,\"name\":\"Cameroun : Le Pr\u00e9sident de l&rsquo;\u00c9glise Locale Meurt dans un Accident\"}]},{\"@type\":\"WebSite\",\"@id\":\"https:\\\/\\\/interamerica.org\\\/fr\\\/#website\",\"url\":\"https:\\\/\\\/interamerica.org\\\/fr\\\/\",\"name\":\"\u00c9glise Adventiste Du Septieme Jour - Inter Am\u00e9rique Division\",\"description\":\"\",\"potentialAction\":[{\"@type\":\"SearchAction\",\"target\":{\"@type\":\"EntryPoint\",\"urlTemplate\":\"https:\\\/\\\/interamerica.org\\\/fr\\\/?s={search_term_string}\"},\"query-input\":{\"@type\":\"PropertyValueSpecification\",\"valueRequired\":true,\"valueName\":\"search_term_string\"}}],\"inLanguage\":\"fr-FR\"},{\"@type\":\"Person\",\"@id\":\"https:\\\/\\\/interamerica.org\\\/fr\\\/#\\\/schema\\\/person\\\/68ede8bdc292885bb76c1e3810e73c39\",\"name\":\"Lorenzo Verduzco\",\"image\":{\"@type\":\"ImageObject\",\"inLanguage\":\"fr-FR\",\"@id\":\"https:\\\/\\\/secure.gravatar.com\\\/avatar\\\/fb81a55b6218459490a9c1dc841a34909185b81904c5337b4b27f7a6fd60c49e?s=96&d=mm&r=g\",\"url\":\"https:\\\/\\\/secure.gravatar.com\\\/avatar\\\/fb81a55b6218459490a9c1dc841a34909185b81904c5337b4b27f7a6fd60c49e?s=96&d=mm&r=g\",\"contentUrl\":\"https:\\\/\\\/secure.gravatar.com\\\/avatar\\\/fb81a55b6218459490a9c1dc841a34909185b81904c5337b4b27f7a6fd60c49e?s=96&d=mm&r=g\",\"caption\":\"Lorenzo Verduzco\"}}]}<\/script>\n<!-- \/ Yoast SEO plugin. -->","yoast_head_json":{"title":"Cameroun : Le Pr\u00e9sident de l'\u00c9glise Locale Meurt dans un Accident - \u00c9glise Adventiste Du Septieme Jour - Inter Am\u00e9rique Division","robots":{"index":"index","follow":"follow","max-snippet":"max-snippet:-1","max-image-preview":"max-image-preview:large","max-video-preview":"max-video-preview:-1"},"canonical":"https:\/\/interamerica.org\/fr\/2005\/05\/cameroun-le-president-de-leglise-locale-meurt-dans-un-accident\/","og_locale":"fr_FR","og_type":"article","og_title":"Cameroun : Le Pr\u00e9sident de l'\u00c9glise Locale Meurt dans un Accident - \u00c9glise Adventiste Du Septieme Jour - Inter Am\u00e9rique Division","og_description":"Pasteur C\u00e9lestin Rakotoarisoa Herimanana, de l'\u00c9glise Adventiste du Septi\u00e8me Jour ...","og_url":"https:\/\/interamerica.org\/fr\/2005\/05\/cameroun-le-president-de-leglise-locale-meurt-dans-un-accident\/","og_site_name":"\u00c9glise Adventiste Du Septieme Jour - Inter Am\u00e9rique Division","article_published_time":"2005-05-10T04:00:00+00:00","article_modified_time":"2017-06-02T17:20:12+00:00","author":"Lorenzo Verduzco","twitter_card":"summary_large_image","twitter_misc":{"\u00c9crit par":"Lorenzo Verduzco","Dur\u00e9e de lecture estim\u00e9e":"1 minute"},"schema":{"@context":"https:\/\/schema.org","@graph":[{"@type":"Article","@id":"https:\/\/interamerica.org\/fr\/2005\/05\/cameroun-le-president-de-leglise-locale-meurt-dans-un-accident\/#article","isPartOf":{"@id":"https:\/\/interamerica.org\/fr\/2005\/05\/cameroun-le-president-de-leglise-locale-meurt-dans-un-accident\/"},"author":{"name":"Lorenzo Verduzco","@id":"https:\/\/interamerica.org\/fr\/#\/schema\/person\/68ede8bdc292885bb76c1e3810e73c39"},"headline":"Cameroun : Le Pr\u00e9sident de l&rsquo;\u00c9glise Locale Meurt dans un Accident","datePublished":"2005-05-10T04:00:00+00:00","dateModified":"2017-06-02T17:20:12+00:00","mainEntityOfPage":{"@id":"https:\/\/interamerica.org\/fr\/2005\/05\/cameroun-le-president-de-leglise-locale-meurt-dans-un-accident\/"},"wordCount":296,"articleSection":["Archive"],"inLanguage":"fr-FR"},{"@type":"WebPage","@id":"https:\/\/interamerica.org\/fr\/2005\/05\/cameroun-le-president-de-leglise-locale-meurt-dans-un-accident\/","url":"https:\/\/interamerica.org\/fr\/2005\/05\/cameroun-le-president-de-leglise-locale-meurt-dans-un-accident\/","name":"Cameroun : Le Pr\u00e9sident de l'\u00c9glise Locale Meurt dans un Accident - \u00c9glise Adventiste Du Septieme Jour - Inter Am\u00e9rique Division","isPartOf":{"@id":"https:\/\/interamerica.org\/fr\/#website"},"datePublished":"2005-05-10T04:00:00+00:00","dateModified":"2017-06-02T17:20:12+00:00","author":{"@id":"https:\/\/interamerica.org\/fr\/#\/schema\/person\/68ede8bdc292885bb76c1e3810e73c39"},"breadcrumb":{"@id":"https:\/\/interamerica.org\/fr\/2005\/05\/cameroun-le-president-de-leglise-locale-meurt-dans-un-accident\/#breadcrumb"},"inLanguage":"fr-FR","potentialAction":[{"@type":"ReadAction","target":["https:\/\/interamerica.org\/fr\/2005\/05\/cameroun-le-president-de-leglise-locale-meurt-dans-un-accident\/"]}]},{"@type":"BreadcrumbList","@id":"https:\/\/interamerica.org\/fr\/2005\/05\/cameroun-le-president-de-leglise-locale-meurt-dans-un-accident\/#breadcrumb","itemListElement":[{"@type":"ListItem","position":1,"name":"Home","item":"https:\/\/interamerica.org\/fr\/"},{"@type":"ListItem","position":2,"name":"Cameroun : Le Pr\u00e9sident de l&rsquo;\u00c9glise Locale Meurt dans un Accident"}]},{"@type":"WebSite","@id":"https:\/\/interamerica.org\/fr\/#website","url":"https:\/\/interamerica.org\/fr\/","name":"\u00c9glise Adventiste Du Septieme Jour - Inter Am\u00e9rique Division","description":"","potentialAction":[{"@type":"SearchAction","target":{"@type":"EntryPoint","urlTemplate":"https:\/\/interamerica.org\/fr\/?s={search_term_string}"},"query-input":{"@type":"PropertyValueSpecification","valueRequired":true,"valueName":"search_term_string"}}],"inLanguage":"fr-FR"},{"@type":"Person","@id":"https:\/\/interamerica.org\/fr\/#\/schema\/person\/68ede8bdc292885bb76c1e3810e73c39","name":"Lorenzo Verduzco","image":{"@type":"ImageObject","inLanguage":"fr-FR","@id":"https:\/\/secure.gravatar.com\/avatar\/fb81a55b6218459490a9c1dc841a34909185b81904c5337b4b27f7a6fd60c49e?s=96&d=mm&r=g","url":"https:\/\/secure.gravatar.com\/avatar\/fb81a55b6218459490a9c1dc841a34909185b81904c5337b4b27f7a6fd60c49e?s=96&d=mm&r=g","contentUrl":"https:\/\/secure.gravatar.com\/avatar\/fb81a55b6218459490a9c1dc841a34909185b81904c5337b4b27f7a6fd60c49e?s=96&d=mm&r=g","caption":"Lorenzo Verduzco"}}]}},"_links":{"self":[{"href":"https:\/\/interamerica.org\/fr\/wp-json\/wp\/v2\/posts\/12346","targetHints":{"allow":["GET"]}}],"collection":[{"href":"https:\/\/interamerica.org\/fr\/wp-json\/wp\/v2\/posts"}],"about":[{"href":"https:\/\/interamerica.org\/fr\/wp-json\/wp\/v2\/types\/post"}],"author":[{"embeddable":true,"href":"https:\/\/interamerica.org\/fr\/wp-json\/wp\/v2\/users\/1"}],"replies":[{"embeddable":true,"href":"https:\/\/interamerica.org\/fr\/wp-json\/wp\/v2\/comments?post=12346"}],"version-history":[{"count":0,"href":"https:\/\/interamerica.org\/fr\/wp-json\/wp\/v2\/posts\/12346\/revisions"}],"wp:attachment":[{"href":"https:\/\/interamerica.org\/fr\/wp-json\/wp\/v2\/media?parent=12346"}],"wp:term":[{"taxonomy":"category","embeddable":true,"href":"https:\/\/interamerica.org\/fr\/wp-json\/wp\/v2\/categories?post=12346"},{"taxonomy":"post_tag","embeddable":true,"href":"https:\/\/interamerica.org\/fr\/wp-json\/wp\/v2\/tags?post=12346"}],"curies":[{"name":"wp","href":"https:\/\/api.w.org\/{rel}","templated":true}]}}