{"id":12348,"date":"2005-05-05T00:00:00","date_gmt":"2005-05-05T04:00:00","guid":{"rendered":"http:\/\/192.81.217.108\/interamerica\/2005\/05\/trinidad-toute-premiere-retransmision-dune-serie-devangelisation\/"},"modified":"2017-06-02T13:20:14","modified_gmt":"2017-06-02T17:20:14","slug":"trinidad-toute-premiere-retransmision-dune-serie-devangelisation","status":"publish","type":"post","link":"https:\/\/interamerica.org\/fr\/2005\/05\/trinidad-toute-premiere-retransmision-dune-serie-devangelisation\/","title":{"rendered":"Trinidad: Toute Premi\u00e8re Retransmision d&rsquo;une S\u00e9rie d&rsquo;Evang\u00e9lisation\u00a0"},"content":{"rendered":"<p>Port-Fortin, Trinidad&#8230; (Libna Stevens\/ IAD) <\/p>\n<p>Plus de 1.500 personnes ont commenc\u00e9 \u00e0 se r\u00e9unir sous une grande tente \u00e0 Port-Fortin, Trinidad pour participer aux r\u00e9unions d&rsquo;\u00e9vang\u00e9lisation, depuis le 10 avril. Organis\u00e9e par l&rsquo;Eglise des Adventistes du Septi\u00e8me jour, la s\u00e9rie d&rsquo;\u00e9vang\u00e9lisation, qui s&rsquo;\u00e9tendra sur une p\u00e9riode de sept semaines, sera retransmise en diff\u00e9r\u00e9 sur le r\u00e9seau de la t\u00e9l\u00e9vision adventiste par satellite de l&rsquo;\u00e9glise the Hope Channel, (La chaine de l&rsquo;Espoir), le 24 avril \u00e0 partir de 7:00 p.m. <\/p>\n<p>La s\u00e9rie est la premi\u00e8re de ce genre \u00e0 \u00eatre tenue \u00e0 Trinidad, avancent les organisateurs. <\/p>\n<p>\u00ab\u00a0Ce qui fait la diff\u00e9rence c&rsquo;est bien l&rsquo;\u00e9quipement professionnel disponible pour la retranmission des r\u00e9unions,\u00a0\u00bb pr\u00e9cise le Pasteur Keith Catho, responsable de la s\u00e9rie et pasteur du district de Port-Fortin. <\/p>\n<p>\u00ab\u00a0Nous sommes tr\u00e8s excit\u00e9s parce que, par ce milieu, nous r\u00e9pandons l&rsquo;evangile encore autre, et il aura un plus grand impact, \u00ab\u00a0dit le pasteur Cato de la s\u00e9rie \u00e9tant \u00e9mission dans le monde entier.\u00a0\u00bb <\/p>\n<p>\u00c9quip\u00e9 d&rsquo;un personnel technique de 10 personnes de jeunes d&rsquo;Adventiste, les la plupart de qui n&rsquo;avait jamais touch\u00e9 un \u00e9quipement d&rsquo;appareil-photo, la s\u00e9rie de tente vont sans \u00e0-coup chaque nuit, disent Jose Romero, directeur de communication d&rsquo;associ\u00e9 pour l&rsquo;\u00e9glise en Inter-Am\u00e9rique.<\/p>\n<p>Romero, que, qualifi\u00e9 aux jeunes, avec Edwin Rivera, sur l&rsquo;\u00e9quipement visuel, dit que \u00ab\u00a0vers la fin de 10 jours, elles \u00e9taient comp\u00e9tentes en choisissant ce qui est n\u00e9cessaire pour la t\u00e9l\u00e9vision de qualit\u00e9. Elles ont \u00e9t\u00e9 form\u00e9es pour op\u00e9rer et installation dans un d\u00e9lai de 30 minutes quotidiennement. <\/p>\n<p>Le pasteur Leon B. Wellington, directeur de communication de l&rsquo;\u00e9glise en Inter-Am\u00e9rique, \u00e9tait pr\u00e9sent pour la r\u00e9union de la premi\u00e8re croisade. Il ajoute que \u00ab\u00a0c&rsquo;est la premi\u00e8re fois en Inter-Am\u00e9rique que cet \u00e9quipement de production est aux mains des personnes nonprofessionnelles pour produire une \u00e9mission de haute qualit\u00e9.\u00a0\u00bb <\/p>\n<p>\u00ab\u00a0il ouvrira le territoire local du IAD et dans le monde, et aidera les \u00e9vang\u00e9listes locaux \u00e0 penser globalement et atteindre l&rsquo;\u00e9glise avec une perspective globale,\u00a0\u00bb dit le pasteur Wellington. <\/p>\n<p>Le pasteur Wellington dit que le nouvel \u00e9quipement, qui appartient au IAD, est disponible au territoire entier pour programmer des projets. <\/p>\n<p>\u00ab\u00a0Nous encourageons des syndicats \u00e0 employer ce type de technologie pour maximiser l&rsquo;impact dans leur effort d&rsquo;atteindre et convertir des coeurs pour le royaume de Dieu,\u00a0\u00bb il ajoute. <\/p>\n<p>La s\u00e9rie, appel\u00e9e \u00ab\u00a0Maranatha,\u00a0\u00bb est men\u00e9e par Pastor Roosvelt Daniel, \u00e9vang\u00e9liste de l&rsquo;\u00e9glise dans l&rsquo;union des Cara\u00efbes, dont le mod\u00e8le d&rsquo;enseignement est comme une salle de classe et o\u00f9 la lecture et l&rsquo;\u00e9tude de la bible s&rsquo;av\u00e8re tr\u00e8s efficaces, selon Cato. <\/p>\n<p>M. Sheldon Moore, directeur technique de m\u00e9dias pour l&rsquo;\u00e9glise dans la conf\u00e9rence des Cara\u00efbes Du sud, dit qu&rsquo;il est excit\u00e9 pour les avances en technologie et comment elle effectuera l&rsquo;\u00eele et le monde. Il dit que les futurs plans incluent re-annoncent de la s\u00e9rie par les canaux locaux de c\u00e2ble de l&rsquo;\u00eele. <\/p>\n<p>La s\u00e9rie court localement toute la semaine, except\u00e9 mardi et samedi soir\u00e9es. Pour plus d&rsquo;information sur les programmes pour la s\u00e9rie d&rsquo;\u00e9mission du Trinidad, allez \u00e0 www.hopetv.org.<\/p>\n","protected":false},"excerpt":{"rendered":"<p>Plus de 1.500 personnes ont commenc\u00e9 \u00e0 se r\u00e9unir sous une grande tente \u00e0 Port-Fortin, Trinidad pour participer aux r\u00e9unions d&rsquo;\u00e9vang\u00e9lisation, depuis le 10 avril.<\/p>\n","protected":false},"author":1,"featured_media":0,"comment_status":"closed","ping_status":"closed","sticky":false,"template":"","format":"standard","meta":{"_acf_changed":false,"footnotes":""},"categories":[9],"tags":[],"class_list":["post-12348","post","type-post","status-publish","format-standard","hentry","category-archive-fr"],"acf":[],"yoast_head":"<!-- This site is optimized with the Yoast SEO plugin v27.3 - https:\/\/yoast.com\/product\/yoast-seo-wordpress\/ -->\n<title>Trinidad: Toute Premi\u00e8re Retransmision d&#039;une S\u00e9rie d&#039;Evang\u00e9lisation\u00a0 - \u00c9glise Adventiste Du Septieme Jour - Inter Am\u00e9rique Division<\/title>\n<meta name=\"robots\" content=\"index, follow, max-snippet:-1, max-image-preview:large, max-video-preview:-1\" \/>\n<link rel=\"canonical\" href=\"https:\/\/interamerica.org\/fr\/2005\/05\/trinidad-toute-premiere-retransmision-dune-serie-devangelisation\/\" \/>\n<meta property=\"og:locale\" content=\"fr_FR\" \/>\n<meta property=\"og:type\" content=\"article\" \/>\n<meta property=\"og:title\" content=\"Trinidad: Toute Premi\u00e8re Retransmision d&#039;une S\u00e9rie d&#039;Evang\u00e9lisation\u00a0 - \u00c9glise Adventiste Du Septieme Jour - Inter Am\u00e9rique Division\" \/>\n<meta property=\"og:description\" content=\"Plus de 1.500 personnes ont commenc\u00e9 \u00e0 se r\u00e9unir sous une grande tente \u00e0 Port-Fortin, Trinidad pour participer aux r\u00e9unions d&#039;\u00e9vang\u00e9lisation, depuis le 10 avril.\" \/>\n<meta property=\"og:url\" content=\"https:\/\/interamerica.org\/fr\/2005\/05\/trinidad-toute-premiere-retransmision-dune-serie-devangelisation\/\" \/>\n<meta property=\"og:site_name\" content=\"\u00c9glise Adventiste Du Septieme Jour - Inter Am\u00e9rique Division\" \/>\n<meta property=\"article:published_time\" content=\"2005-05-05T04:00:00+00:00\" \/>\n<meta property=\"article:modified_time\" content=\"2017-06-02T17:20:14+00:00\" \/>\n<meta name=\"author\" content=\"Lorenzo Verduzco\" \/>\n<meta name=\"twitter:card\" content=\"summary_large_image\" \/>\n<meta name=\"twitter:label1\" content=\"\u00c9crit par\" \/>\n\t<meta name=\"twitter:data1\" content=\"Lorenzo Verduzco\" \/>\n\t<meta name=\"twitter:label2\" content=\"Dur\u00e9e de lecture estim\u00e9e\" \/>\n\t<meta name=\"twitter:data2\" content=\"3 minutes\" \/>\n<script type=\"application\/ld+json\" class=\"yoast-schema-graph\">{\"@context\":\"https:\\\/\\\/schema.org\",\"@graph\":[{\"@type\":\"Article\",\"@id\":\"https:\\\/\\\/interamerica.org\\\/fr\\\/2005\\\/05\\\/trinidad-toute-premiere-retransmision-dune-serie-devangelisation\\\/#article\",\"isPartOf\":{\"@id\":\"https:\\\/\\\/interamerica.org\\\/fr\\\/2005\\\/05\\\/trinidad-toute-premiere-retransmision-dune-serie-devangelisation\\\/\"},\"author\":{\"name\":\"Lorenzo Verduzco\",\"@id\":\"https:\\\/\\\/interamerica.org\\\/fr\\\/#\\\/schema\\\/person\\\/68ede8bdc292885bb76c1e3810e73c39\"},\"headline\":\"Trinidad: Toute Premi\u00e8re Retransmision d&rsquo;une S\u00e9rie d&rsquo;Evang\u00e9lisation\u00a0\",\"datePublished\":\"2005-05-05T04:00:00+00:00\",\"dateModified\":\"2017-06-02T17:20:14+00:00\",\"mainEntityOfPage\":{\"@id\":\"https:\\\/\\\/interamerica.org\\\/fr\\\/2005\\\/05\\\/trinidad-toute-premiere-retransmision-dune-serie-devangelisation\\\/\"},\"wordCount\":581,\"articleSection\":[\"Archive\"],\"inLanguage\":\"fr-FR\"},{\"@type\":\"WebPage\",\"@id\":\"https:\\\/\\\/interamerica.org\\\/fr\\\/2005\\\/05\\\/trinidad-toute-premiere-retransmision-dune-serie-devangelisation\\\/\",\"url\":\"https:\\\/\\\/interamerica.org\\\/fr\\\/2005\\\/05\\\/trinidad-toute-premiere-retransmision-dune-serie-devangelisation\\\/\",\"name\":\"Trinidad: Toute Premi\u00e8re Retransmision d'une S\u00e9rie d'Evang\u00e9lisation\u00a0 - \u00c9glise Adventiste Du Septieme Jour - Inter Am\u00e9rique Division\",\"isPartOf\":{\"@id\":\"https:\\\/\\\/interamerica.org\\\/fr\\\/#website\"},\"datePublished\":\"2005-05-05T04:00:00+00:00\",\"dateModified\":\"2017-06-02T17:20:14+00:00\",\"author\":{\"@id\":\"https:\\\/\\\/interamerica.org\\\/fr\\\/#\\\/schema\\\/person\\\/68ede8bdc292885bb76c1e3810e73c39\"},\"breadcrumb\":{\"@id\":\"https:\\\/\\\/interamerica.org\\\/fr\\\/2005\\\/05\\\/trinidad-toute-premiere-retransmision-dune-serie-devangelisation\\\/#breadcrumb\"},\"inLanguage\":\"fr-FR\",\"potentialAction\":[{\"@type\":\"ReadAction\",\"target\":[\"https:\\\/\\\/interamerica.org\\\/fr\\\/2005\\\/05\\\/trinidad-toute-premiere-retransmision-dune-serie-devangelisation\\\/\"]}]},{\"@type\":\"BreadcrumbList\",\"@id\":\"https:\\\/\\\/interamerica.org\\\/fr\\\/2005\\\/05\\\/trinidad-toute-premiere-retransmision-dune-serie-devangelisation\\\/#breadcrumb\",\"itemListElement\":[{\"@type\":\"ListItem\",\"position\":1,\"name\":\"Home\",\"item\":\"https:\\\/\\\/interamerica.org\\\/fr\\\/\"},{\"@type\":\"ListItem\",\"position\":2,\"name\":\"Trinidad: Toute Premi\u00e8re Retransmision d&rsquo;une S\u00e9rie d&rsquo;Evang\u00e9lisation\u00a0\"}]},{\"@type\":\"WebSite\",\"@id\":\"https:\\\/\\\/interamerica.org\\\/fr\\\/#website\",\"url\":\"https:\\\/\\\/interamerica.org\\\/fr\\\/\",\"name\":\"\u00c9glise Adventiste Du Septieme Jour - Inter Am\u00e9rique Division\",\"description\":\"\",\"potentialAction\":[{\"@type\":\"SearchAction\",\"target\":{\"@type\":\"EntryPoint\",\"urlTemplate\":\"https:\\\/\\\/interamerica.org\\\/fr\\\/?s={search_term_string}\"},\"query-input\":{\"@type\":\"PropertyValueSpecification\",\"valueRequired\":true,\"valueName\":\"search_term_string\"}}],\"inLanguage\":\"fr-FR\"},{\"@type\":\"Person\",\"@id\":\"https:\\\/\\\/interamerica.org\\\/fr\\\/#\\\/schema\\\/person\\\/68ede8bdc292885bb76c1e3810e73c39\",\"name\":\"Lorenzo Verduzco\",\"image\":{\"@type\":\"ImageObject\",\"inLanguage\":\"fr-FR\",\"@id\":\"https:\\\/\\\/secure.gravatar.com\\\/avatar\\\/fb81a55b6218459490a9c1dc841a34909185b81904c5337b4b27f7a6fd60c49e?s=96&d=mm&r=g\",\"url\":\"https:\\\/\\\/secure.gravatar.com\\\/avatar\\\/fb81a55b6218459490a9c1dc841a34909185b81904c5337b4b27f7a6fd60c49e?s=96&d=mm&r=g\",\"contentUrl\":\"https:\\\/\\\/secure.gravatar.com\\\/avatar\\\/fb81a55b6218459490a9c1dc841a34909185b81904c5337b4b27f7a6fd60c49e?s=96&d=mm&r=g\",\"caption\":\"Lorenzo Verduzco\"}}]}<\/script>\n<!-- \/ Yoast SEO plugin. -->","yoast_head_json":{"title":"Trinidad: Toute Premi\u00e8re Retransmision d'une S\u00e9rie d'Evang\u00e9lisation\u00a0 - \u00c9glise Adventiste Du Septieme Jour - Inter Am\u00e9rique Division","robots":{"index":"index","follow":"follow","max-snippet":"max-snippet:-1","max-image-preview":"max-image-preview:large","max-video-preview":"max-video-preview:-1"},"canonical":"https:\/\/interamerica.org\/fr\/2005\/05\/trinidad-toute-premiere-retransmision-dune-serie-devangelisation\/","og_locale":"fr_FR","og_type":"article","og_title":"Trinidad: Toute Premi\u00e8re Retransmision d'une S\u00e9rie d'Evang\u00e9lisation\u00a0 - \u00c9glise Adventiste Du Septieme Jour - Inter Am\u00e9rique Division","og_description":"Plus de 1.500 personnes ont commenc\u00e9 \u00e0 se r\u00e9unir sous une grande tente \u00e0 Port-Fortin, Trinidad pour participer aux r\u00e9unions d'\u00e9vang\u00e9lisation, depuis le 10 avril.","og_url":"https:\/\/interamerica.org\/fr\/2005\/05\/trinidad-toute-premiere-retransmision-dune-serie-devangelisation\/","og_site_name":"\u00c9glise Adventiste Du Septieme Jour - Inter Am\u00e9rique Division","article_published_time":"2005-05-05T04:00:00+00:00","article_modified_time":"2017-06-02T17:20:14+00:00","author":"Lorenzo Verduzco","twitter_card":"summary_large_image","twitter_misc":{"\u00c9crit par":"Lorenzo Verduzco","Dur\u00e9e de lecture estim\u00e9e":"3 minutes"},"schema":{"@context":"https:\/\/schema.org","@graph":[{"@type":"Article","@id":"https:\/\/interamerica.org\/fr\/2005\/05\/trinidad-toute-premiere-retransmision-dune-serie-devangelisation\/#article","isPartOf":{"@id":"https:\/\/interamerica.org\/fr\/2005\/05\/trinidad-toute-premiere-retransmision-dune-serie-devangelisation\/"},"author":{"name":"Lorenzo Verduzco","@id":"https:\/\/interamerica.org\/fr\/#\/schema\/person\/68ede8bdc292885bb76c1e3810e73c39"},"headline":"Trinidad: Toute Premi\u00e8re Retransmision d&rsquo;une S\u00e9rie d&rsquo;Evang\u00e9lisation\u00a0","datePublished":"2005-05-05T04:00:00+00:00","dateModified":"2017-06-02T17:20:14+00:00","mainEntityOfPage":{"@id":"https:\/\/interamerica.org\/fr\/2005\/05\/trinidad-toute-premiere-retransmision-dune-serie-devangelisation\/"},"wordCount":581,"articleSection":["Archive"],"inLanguage":"fr-FR"},{"@type":"WebPage","@id":"https:\/\/interamerica.org\/fr\/2005\/05\/trinidad-toute-premiere-retransmision-dune-serie-devangelisation\/","url":"https:\/\/interamerica.org\/fr\/2005\/05\/trinidad-toute-premiere-retransmision-dune-serie-devangelisation\/","name":"Trinidad: Toute Premi\u00e8re Retransmision d'une S\u00e9rie d'Evang\u00e9lisation\u00a0 - \u00c9glise Adventiste Du Septieme Jour - Inter Am\u00e9rique Division","isPartOf":{"@id":"https:\/\/interamerica.org\/fr\/#website"},"datePublished":"2005-05-05T04:00:00+00:00","dateModified":"2017-06-02T17:20:14+00:00","author":{"@id":"https:\/\/interamerica.org\/fr\/#\/schema\/person\/68ede8bdc292885bb76c1e3810e73c39"},"breadcrumb":{"@id":"https:\/\/interamerica.org\/fr\/2005\/05\/trinidad-toute-premiere-retransmision-dune-serie-devangelisation\/#breadcrumb"},"inLanguage":"fr-FR","potentialAction":[{"@type":"ReadAction","target":["https:\/\/interamerica.org\/fr\/2005\/05\/trinidad-toute-premiere-retransmision-dune-serie-devangelisation\/"]}]},{"@type":"BreadcrumbList","@id":"https:\/\/interamerica.org\/fr\/2005\/05\/trinidad-toute-premiere-retransmision-dune-serie-devangelisation\/#breadcrumb","itemListElement":[{"@type":"ListItem","position":1,"name":"Home","item":"https:\/\/interamerica.org\/fr\/"},{"@type":"ListItem","position":2,"name":"Trinidad: Toute Premi\u00e8re Retransmision d&rsquo;une S\u00e9rie d&rsquo;Evang\u00e9lisation\u00a0"}]},{"@type":"WebSite","@id":"https:\/\/interamerica.org\/fr\/#website","url":"https:\/\/interamerica.org\/fr\/","name":"\u00c9glise Adventiste Du Septieme Jour - Inter Am\u00e9rique Division","description":"","potentialAction":[{"@type":"SearchAction","target":{"@type":"EntryPoint","urlTemplate":"https:\/\/interamerica.org\/fr\/?s={search_term_string}"},"query-input":{"@type":"PropertyValueSpecification","valueRequired":true,"valueName":"search_term_string"}}],"inLanguage":"fr-FR"},{"@type":"Person","@id":"https:\/\/interamerica.org\/fr\/#\/schema\/person\/68ede8bdc292885bb76c1e3810e73c39","name":"Lorenzo Verduzco","image":{"@type":"ImageObject","inLanguage":"fr-FR","@id":"https:\/\/secure.gravatar.com\/avatar\/fb81a55b6218459490a9c1dc841a34909185b81904c5337b4b27f7a6fd60c49e?s=96&d=mm&r=g","url":"https:\/\/secure.gravatar.com\/avatar\/fb81a55b6218459490a9c1dc841a34909185b81904c5337b4b27f7a6fd60c49e?s=96&d=mm&r=g","contentUrl":"https:\/\/secure.gravatar.com\/avatar\/fb81a55b6218459490a9c1dc841a34909185b81904c5337b4b27f7a6fd60c49e?s=96&d=mm&r=g","caption":"Lorenzo Verduzco"}}]}},"_links":{"self":[{"href":"https:\/\/interamerica.org\/fr\/wp-json\/wp\/v2\/posts\/12348","targetHints":{"allow":["GET"]}}],"collection":[{"href":"https:\/\/interamerica.org\/fr\/wp-json\/wp\/v2\/posts"}],"about":[{"href":"https:\/\/interamerica.org\/fr\/wp-json\/wp\/v2\/types\/post"}],"author":[{"embeddable":true,"href":"https:\/\/interamerica.org\/fr\/wp-json\/wp\/v2\/users\/1"}],"replies":[{"embeddable":true,"href":"https:\/\/interamerica.org\/fr\/wp-json\/wp\/v2\/comments?post=12348"}],"version-history":[{"count":0,"href":"https:\/\/interamerica.org\/fr\/wp-json\/wp\/v2\/posts\/12348\/revisions"}],"wp:attachment":[{"href":"https:\/\/interamerica.org\/fr\/wp-json\/wp\/v2\/media?parent=12348"}],"wp:term":[{"taxonomy":"category","embeddable":true,"href":"https:\/\/interamerica.org\/fr\/wp-json\/wp\/v2\/categories?post=12348"},{"taxonomy":"post_tag","embeddable":true,"href":"https:\/\/interamerica.org\/fr\/wp-json\/wp\/v2\/tags?post=12348"}],"curies":[{"name":"wp","href":"https:\/\/api.w.org\/{rel}","templated":true}]}}