{"id":12352,"date":"2005-05-24T00:00:00","date_gmt":"2005-05-24T04:00:00","guid":{"rendered":"http:\/\/192.81.217.108\/interamerica\/2005\/05\/serbie-nourriture-vetements-approvisionnements-provenant-dadra-aident-les-victimes-dune-inondation\/"},"modified":"2017-06-02T13:20:10","modified_gmt":"2017-06-02T17:20:10","slug":"serbie-nourriture-vetements-approvisionnements-provenant-dadra-aident-les-victimes-dune-inondation","status":"publish","type":"post","link":"https:\/\/interamerica.org\/fr\/2005\/05\/serbie-nourriture-vetements-approvisionnements-provenant-dadra-aident-les-victimes-dune-inondation\/","title":{"rendered":"Serbie:\u00a0 Nourriture, V\u00eatements, Approvisionnements Provenant d&rsquo;ADRA\u00a0Aident les Victimes d&rsquo;une Inondation"},"content":{"rendered":"<p>Jasa Tomic, Vojvodina, Serbie&#8230; (Miroslav Pujic\/ANN Staff)<\/p>\n<p>Au cours d&rsquo;un d\u00e9sastre occasionn\u00e9 par une terrible inondation,\u00a0l&rsquo;Agence\u00a0de D\u00e9veloppement et de Secours Adventiste\u00a0 (ADRA) est intervenue rapidement pour aider les r\u00e9sidents de Jasa Tomic, \u00e0 Vojvodina, province de la Serbie, a rappport\u00e9 Roy Richardson, le Directeur d&rsquo;ADRA de la r\u00e9gion Trans-Europ\u00e9enne.<\/p>\n<p>Le village de 3.500 personnes, situ\u00e9 dans la partie Nord-Est de Vojvodina, pr\u00e8s de la fronti\u00e8re Roumaniene, a \u00e9t\u00e9 innond\u00e9 par la rivi\u00e8re Tamis le 21 avril.\u00a0 Il y eut une inondation en provenance\u00a0de la Roumanie apr\u00e8s que les\u00a0barrages eurent c\u00e9d\u00e9s\u00a0par suite de fortes pluies, d&rsquo;apr\u00e8s les informations rapport\u00e9es par l&rsquo;Organisation Mondiale de la Sant\u00e9 (WHO).\u00a0<\/p>\n<p>ADRA a r\u00e9pondu imm\u00e9diatement en envoyant trois camions\u00a0d&rsquo;articles qui contenaient 320 bo\u00eetes de v\u00eatements; des chaussures pour 110 personnes; 440 livres (200 kilos) de farine de ma\u00efs pour \u00ab\u00a0kachamak\u00a0\u00bb, une bouillie Serbe; 500 bougies; 6.5 tonnes de farine pour faire le\u00a0pain; 200 bo\u00eetes de nourriture et de repas pour b\u00e9b\u00e9s.\u00a0\u00a0\u00a0<\/p>\n<p>Les dons en v\u00eatements et en nourriture ont \u00e9t\u00e9 exp\u00e9di\u00e9s du d\u00e9p\u00f4t d&rsquo;ADRA pr\u00e8s de Belgrade et en\u00a0coop\u00e9ration avec l&rsquo;Eglise Adventiste de la\u00a0R\u00e9gion Europ\u00e9enne du Sud-Est, qui a pourvu \u00e0 la farine pour faire le pain.\u00a0<\/p>\n<p>Le village a connu de grands dommages\u00a0\u00a0 par suite de cette inondation:\u00a0 plus de 250 maisons ont \u00e9t\u00e9 d\u00e9truites et plus de 700 autres sont inond\u00e9es.\u00a0 Comme la plupart de ces maisons sont construites en briques d&rsquo;argile, on craint que beaucop de maisons ne\u00a0s&rsquo;effondrent et soient d\u00e9truites apr\u00e8s que les eaux\u00a0baissent.\u00a0 Depuis le 22 avril, l&rsquo;eau a diminu\u00e9 de 20 pouces (50 cm) et il faudrait\u00a0encore\u00a0cinq semaines avant d&rsquo;\u00eatre\u00a0compl\u00e8tement\u00a0ass\u00e9ch\u00e9e.\u00a0<\/p>\n<p>Une autre proposition pour\u00a0recevoir un suppl\u00e9ment\u00a0d&rsquo;aide a \u00e9t\u00e9 soumise, et ADRA du Royaume Uni et les unit\u00e9s Trans-Europ\u00e9ennes ont r\u00e9pondu en appportant une aide suppl\u00e9mentaire de U.S. $20.000 (15.573 livres) pour pouvoir a la nourriture des familles qui ont perdu leurs maisons ou qui attendent que les eaux baissent pour pouvoir retourner dans leurs maisons.\u00a0 Le 10 mai le premier camion de ce nouveau projet a d\u00e9livr\u00e9 6.000 repas et pr\u00e8s de 900 gallons (3.320 litres) d&rsquo;eau potable aux r\u00e9sidents de Jasa Tomic.\u00a0 Le m\u00eame jour, Richardson a accompagn\u00e9 Dragan Pejovski, directeur de l&rsquo;ADRA en Serbie, au cours d&rsquo;une visite de la ville.<\/p>\n<p>\u00ab\u00a0C&rsquo;\u00e9tait une exp\u00e9rience de traverser les rues dans un petit bateau et d&rsquo;observer les privations auxquelles\u00a0de nombreuses\u00a0familles\u00a0faisaient face,\u00a0\u00bb a ajout\u00e9 Richardson.\u00a0 \u00ab\u00a0Je pouvais constater les\u00a0grands dommages de plusieurs maisons qui avaient \u00e9t\u00e9 d\u00e9truites et je pouvais ressentir un brin\u00a0de leur peine&#8230;\u00a0\u00a0 J&rsquo;\u00e9tais aussi impressionn\u00e9 par la r\u00e9sistance des gens et comment ils s&rsquo;en tiraient de leur mieux\u00a0pour faire face \u00e0 cette terrible situation.\u00a0\u00bb<\/p>\n<p>L&rsquo;Unit\u00e9 d&rsquo;ADRA de la Serbie continuera \u00e0 supporter les villageois, autant que possible.\u00a0 Sur le plan international, ADRA est pr\u00e9sent dans plus de 120 pays en aidant au d\u00e9veloppement priv\u00e9 et communautaire ainsi qu&rsquo;en cas de d\u00e9sastre, sans tenir compte d&rsquo;association politique et religieuse, de l&rsquo;\u00e2ge ou de l&rsquo;ethnicit\u00e9.\u00a0\u00a0<\/p>\n<p>Plus d&rsquo;informations peuvent \u00eatre trouv\u00e9es sur <a  href=\"http:\/\/www.adra.org\">www.adra.org<\/a>.<\/p>\n<p>\u00a0\u00a0<\/p>\n<p>\u00a0\u00a0\u00a0\u00a0<\/p>\n","protected":false},"excerpt":{"rendered":"<p>Au cours d&rsquo;un d\u00e9sastre occasionn\u00e9 par une terrible inondation, l&rsquo;Agence de D\u00e9veloppement et de Secours Adventiste  (ADRA) est intervenue rapidement pour aider les r\u00e9sidents de Jasa Tomic&#8230;<\/p>\n","protected":false},"author":1,"featured_media":0,"comment_status":"closed","ping_status":"closed","sticky":false,"template":"","format":"standard","meta":{"_acf_changed":false,"footnotes":""},"categories":[9],"tags":[],"class_list":["post-12352","post","type-post","status-publish","format-standard","hentry","category-archive-fr"],"acf":[],"yoast_head":"<!-- This site is optimized with the Yoast SEO plugin v27.3 - https:\/\/yoast.com\/product\/yoast-seo-wordpress\/ -->\n<title>Serbie:\u00a0 Nourriture, V\u00eatements, Approvisionnements Provenant d&#039;ADRA\u00a0Aident les Victimes d&#039;une Inondation - \u00c9glise Adventiste Du Septieme Jour - Inter Am\u00e9rique Division<\/title>\n<meta name=\"robots\" content=\"index, follow, max-snippet:-1, max-image-preview:large, max-video-preview:-1\" \/>\n<link rel=\"canonical\" href=\"https:\/\/interamerica.org\/fr\/2005\/05\/serbie-nourriture-vetements-approvisionnements-provenant-dadra-aident-les-victimes-dune-inondation\/\" \/>\n<meta property=\"og:locale\" content=\"fr_FR\" \/>\n<meta property=\"og:type\" content=\"article\" \/>\n<meta property=\"og:title\" content=\"Serbie:\u00a0 Nourriture, V\u00eatements, Approvisionnements Provenant d&#039;ADRA\u00a0Aident les Victimes d&#039;une Inondation - \u00c9glise Adventiste Du Septieme Jour - Inter Am\u00e9rique Division\" \/>\n<meta property=\"og:description\" content=\"Au cours d&#039;un d\u00e9sastre occasionn\u00e9 par une terrible inondation, l&#039;Agence de D\u00e9veloppement et de Secours Adventiste (ADRA) est intervenue rapidement pour aider les r\u00e9sidents de Jasa Tomic...\" \/>\n<meta property=\"og:url\" content=\"https:\/\/interamerica.org\/fr\/2005\/05\/serbie-nourriture-vetements-approvisionnements-provenant-dadra-aident-les-victimes-dune-inondation\/\" \/>\n<meta property=\"og:site_name\" content=\"\u00c9glise Adventiste Du Septieme Jour - Inter Am\u00e9rique Division\" \/>\n<meta property=\"article:published_time\" content=\"2005-05-24T04:00:00+00:00\" \/>\n<meta property=\"article:modified_time\" content=\"2017-06-02T17:20:10+00:00\" \/>\n<meta name=\"author\" content=\"Lorenzo Verduzco\" \/>\n<meta name=\"twitter:card\" content=\"summary_large_image\" \/>\n<meta name=\"twitter:label1\" content=\"\u00c9crit par\" \/>\n\t<meta name=\"twitter:data1\" content=\"Lorenzo Verduzco\" \/>\n\t<meta name=\"twitter:label2\" content=\"Dur\u00e9e de lecture estim\u00e9e\" \/>\n\t<meta name=\"twitter:data2\" content=\"3 minutes\" \/>\n<script type=\"application\/ld+json\" class=\"yoast-schema-graph\">{\"@context\":\"https:\\\/\\\/schema.org\",\"@graph\":[{\"@type\":\"Article\",\"@id\":\"https:\\\/\\\/interamerica.org\\\/fr\\\/2005\\\/05\\\/serbie-nourriture-vetements-approvisionnements-provenant-dadra-aident-les-victimes-dune-inondation\\\/#article\",\"isPartOf\":{\"@id\":\"https:\\\/\\\/interamerica.org\\\/fr\\\/2005\\\/05\\\/serbie-nourriture-vetements-approvisionnements-provenant-dadra-aident-les-victimes-dune-inondation\\\/\"},\"author\":{\"name\":\"Lorenzo Verduzco\",\"@id\":\"https:\\\/\\\/interamerica.org\\\/fr\\\/#\\\/schema\\\/person\\\/68ede8bdc292885bb76c1e3810e73c39\"},\"headline\":\"Serbie:\u00a0 Nourriture, V\u00eatements, Approvisionnements Provenant d&rsquo;ADRA\u00a0Aident les Victimes d&rsquo;une Inondation\",\"datePublished\":\"2005-05-24T04:00:00+00:00\",\"dateModified\":\"2017-06-02T17:20:10+00:00\",\"mainEntityOfPage\":{\"@id\":\"https:\\\/\\\/interamerica.org\\\/fr\\\/2005\\\/05\\\/serbie-nourriture-vetements-approvisionnements-provenant-dadra-aident-les-victimes-dune-inondation\\\/\"},\"wordCount\":578,\"articleSection\":[\"Archive\"],\"inLanguage\":\"fr-FR\"},{\"@type\":\"WebPage\",\"@id\":\"https:\\\/\\\/interamerica.org\\\/fr\\\/2005\\\/05\\\/serbie-nourriture-vetements-approvisionnements-provenant-dadra-aident-les-victimes-dune-inondation\\\/\",\"url\":\"https:\\\/\\\/interamerica.org\\\/fr\\\/2005\\\/05\\\/serbie-nourriture-vetements-approvisionnements-provenant-dadra-aident-les-victimes-dune-inondation\\\/\",\"name\":\"Serbie:\u00a0 Nourriture, V\u00eatements, Approvisionnements Provenant d'ADRA\u00a0Aident les Victimes d'une Inondation - \u00c9glise Adventiste Du Septieme Jour - Inter Am\u00e9rique Division\",\"isPartOf\":{\"@id\":\"https:\\\/\\\/interamerica.org\\\/fr\\\/#website\"},\"datePublished\":\"2005-05-24T04:00:00+00:00\",\"dateModified\":\"2017-06-02T17:20:10+00:00\",\"author\":{\"@id\":\"https:\\\/\\\/interamerica.org\\\/fr\\\/#\\\/schema\\\/person\\\/68ede8bdc292885bb76c1e3810e73c39\"},\"breadcrumb\":{\"@id\":\"https:\\\/\\\/interamerica.org\\\/fr\\\/2005\\\/05\\\/serbie-nourriture-vetements-approvisionnements-provenant-dadra-aident-les-victimes-dune-inondation\\\/#breadcrumb\"},\"inLanguage\":\"fr-FR\",\"potentialAction\":[{\"@type\":\"ReadAction\",\"target\":[\"https:\\\/\\\/interamerica.org\\\/fr\\\/2005\\\/05\\\/serbie-nourriture-vetements-approvisionnements-provenant-dadra-aident-les-victimes-dune-inondation\\\/\"]}]},{\"@type\":\"BreadcrumbList\",\"@id\":\"https:\\\/\\\/interamerica.org\\\/fr\\\/2005\\\/05\\\/serbie-nourriture-vetements-approvisionnements-provenant-dadra-aident-les-victimes-dune-inondation\\\/#breadcrumb\",\"itemListElement\":[{\"@type\":\"ListItem\",\"position\":1,\"name\":\"Home\",\"item\":\"https:\\\/\\\/interamerica.org\\\/fr\\\/\"},{\"@type\":\"ListItem\",\"position\":2,\"name\":\"Serbie:\u00a0 Nourriture, V\u00eatements, Approvisionnements Provenant d&rsquo;ADRA\u00a0Aident les Victimes d&rsquo;une Inondation\"}]},{\"@type\":\"WebSite\",\"@id\":\"https:\\\/\\\/interamerica.org\\\/fr\\\/#website\",\"url\":\"https:\\\/\\\/interamerica.org\\\/fr\\\/\",\"name\":\"\u00c9glise Adventiste Du Septieme Jour - Inter Am\u00e9rique Division\",\"description\":\"\",\"potentialAction\":[{\"@type\":\"SearchAction\",\"target\":{\"@type\":\"EntryPoint\",\"urlTemplate\":\"https:\\\/\\\/interamerica.org\\\/fr\\\/?s={search_term_string}\"},\"query-input\":{\"@type\":\"PropertyValueSpecification\",\"valueRequired\":true,\"valueName\":\"search_term_string\"}}],\"inLanguage\":\"fr-FR\"},{\"@type\":\"Person\",\"@id\":\"https:\\\/\\\/interamerica.org\\\/fr\\\/#\\\/schema\\\/person\\\/68ede8bdc292885bb76c1e3810e73c39\",\"name\":\"Lorenzo Verduzco\",\"image\":{\"@type\":\"ImageObject\",\"inLanguage\":\"fr-FR\",\"@id\":\"https:\\\/\\\/secure.gravatar.com\\\/avatar\\\/fb81a55b6218459490a9c1dc841a34909185b81904c5337b4b27f7a6fd60c49e?s=96&d=mm&r=g\",\"url\":\"https:\\\/\\\/secure.gravatar.com\\\/avatar\\\/fb81a55b6218459490a9c1dc841a34909185b81904c5337b4b27f7a6fd60c49e?s=96&d=mm&r=g\",\"contentUrl\":\"https:\\\/\\\/secure.gravatar.com\\\/avatar\\\/fb81a55b6218459490a9c1dc841a34909185b81904c5337b4b27f7a6fd60c49e?s=96&d=mm&r=g\",\"caption\":\"Lorenzo Verduzco\"}}]}<\/script>\n<!-- \/ Yoast SEO plugin. -->","yoast_head_json":{"title":"Serbie:\u00a0 Nourriture, V\u00eatements, Approvisionnements Provenant d'ADRA\u00a0Aident les Victimes d'une Inondation - \u00c9glise Adventiste Du Septieme Jour - Inter Am\u00e9rique Division","robots":{"index":"index","follow":"follow","max-snippet":"max-snippet:-1","max-image-preview":"max-image-preview:large","max-video-preview":"max-video-preview:-1"},"canonical":"https:\/\/interamerica.org\/fr\/2005\/05\/serbie-nourriture-vetements-approvisionnements-provenant-dadra-aident-les-victimes-dune-inondation\/","og_locale":"fr_FR","og_type":"article","og_title":"Serbie:\u00a0 Nourriture, V\u00eatements, Approvisionnements Provenant d'ADRA\u00a0Aident les Victimes d'une Inondation - \u00c9glise Adventiste Du Septieme Jour - Inter Am\u00e9rique Division","og_description":"Au cours d'un d\u00e9sastre occasionn\u00e9 par une terrible inondation, l'Agence de D\u00e9veloppement et de Secours Adventiste (ADRA) est intervenue rapidement pour aider les r\u00e9sidents de Jasa Tomic...","og_url":"https:\/\/interamerica.org\/fr\/2005\/05\/serbie-nourriture-vetements-approvisionnements-provenant-dadra-aident-les-victimes-dune-inondation\/","og_site_name":"\u00c9glise Adventiste Du Septieme Jour - Inter Am\u00e9rique Division","article_published_time":"2005-05-24T04:00:00+00:00","article_modified_time":"2017-06-02T17:20:10+00:00","author":"Lorenzo Verduzco","twitter_card":"summary_large_image","twitter_misc":{"\u00c9crit par":"Lorenzo Verduzco","Dur\u00e9e de lecture estim\u00e9e":"3 minutes"},"schema":{"@context":"https:\/\/schema.org","@graph":[{"@type":"Article","@id":"https:\/\/interamerica.org\/fr\/2005\/05\/serbie-nourriture-vetements-approvisionnements-provenant-dadra-aident-les-victimes-dune-inondation\/#article","isPartOf":{"@id":"https:\/\/interamerica.org\/fr\/2005\/05\/serbie-nourriture-vetements-approvisionnements-provenant-dadra-aident-les-victimes-dune-inondation\/"},"author":{"name":"Lorenzo Verduzco","@id":"https:\/\/interamerica.org\/fr\/#\/schema\/person\/68ede8bdc292885bb76c1e3810e73c39"},"headline":"Serbie:\u00a0 Nourriture, V\u00eatements, Approvisionnements Provenant d&rsquo;ADRA\u00a0Aident les Victimes d&rsquo;une Inondation","datePublished":"2005-05-24T04:00:00+00:00","dateModified":"2017-06-02T17:20:10+00:00","mainEntityOfPage":{"@id":"https:\/\/interamerica.org\/fr\/2005\/05\/serbie-nourriture-vetements-approvisionnements-provenant-dadra-aident-les-victimes-dune-inondation\/"},"wordCount":578,"articleSection":["Archive"],"inLanguage":"fr-FR"},{"@type":"WebPage","@id":"https:\/\/interamerica.org\/fr\/2005\/05\/serbie-nourriture-vetements-approvisionnements-provenant-dadra-aident-les-victimes-dune-inondation\/","url":"https:\/\/interamerica.org\/fr\/2005\/05\/serbie-nourriture-vetements-approvisionnements-provenant-dadra-aident-les-victimes-dune-inondation\/","name":"Serbie:\u00a0 Nourriture, V\u00eatements, Approvisionnements Provenant d'ADRA\u00a0Aident les Victimes d'une Inondation - \u00c9glise Adventiste Du Septieme Jour - Inter Am\u00e9rique Division","isPartOf":{"@id":"https:\/\/interamerica.org\/fr\/#website"},"datePublished":"2005-05-24T04:00:00+00:00","dateModified":"2017-06-02T17:20:10+00:00","author":{"@id":"https:\/\/interamerica.org\/fr\/#\/schema\/person\/68ede8bdc292885bb76c1e3810e73c39"},"breadcrumb":{"@id":"https:\/\/interamerica.org\/fr\/2005\/05\/serbie-nourriture-vetements-approvisionnements-provenant-dadra-aident-les-victimes-dune-inondation\/#breadcrumb"},"inLanguage":"fr-FR","potentialAction":[{"@type":"ReadAction","target":["https:\/\/interamerica.org\/fr\/2005\/05\/serbie-nourriture-vetements-approvisionnements-provenant-dadra-aident-les-victimes-dune-inondation\/"]}]},{"@type":"BreadcrumbList","@id":"https:\/\/interamerica.org\/fr\/2005\/05\/serbie-nourriture-vetements-approvisionnements-provenant-dadra-aident-les-victimes-dune-inondation\/#breadcrumb","itemListElement":[{"@type":"ListItem","position":1,"name":"Home","item":"https:\/\/interamerica.org\/fr\/"},{"@type":"ListItem","position":2,"name":"Serbie:\u00a0 Nourriture, V\u00eatements, Approvisionnements Provenant d&rsquo;ADRA\u00a0Aident les Victimes d&rsquo;une Inondation"}]},{"@type":"WebSite","@id":"https:\/\/interamerica.org\/fr\/#website","url":"https:\/\/interamerica.org\/fr\/","name":"\u00c9glise Adventiste Du Septieme Jour - Inter Am\u00e9rique Division","description":"","potentialAction":[{"@type":"SearchAction","target":{"@type":"EntryPoint","urlTemplate":"https:\/\/interamerica.org\/fr\/?s={search_term_string}"},"query-input":{"@type":"PropertyValueSpecification","valueRequired":true,"valueName":"search_term_string"}}],"inLanguage":"fr-FR"},{"@type":"Person","@id":"https:\/\/interamerica.org\/fr\/#\/schema\/person\/68ede8bdc292885bb76c1e3810e73c39","name":"Lorenzo Verduzco","image":{"@type":"ImageObject","inLanguage":"fr-FR","@id":"https:\/\/secure.gravatar.com\/avatar\/fb81a55b6218459490a9c1dc841a34909185b81904c5337b4b27f7a6fd60c49e?s=96&d=mm&r=g","url":"https:\/\/secure.gravatar.com\/avatar\/fb81a55b6218459490a9c1dc841a34909185b81904c5337b4b27f7a6fd60c49e?s=96&d=mm&r=g","contentUrl":"https:\/\/secure.gravatar.com\/avatar\/fb81a55b6218459490a9c1dc841a34909185b81904c5337b4b27f7a6fd60c49e?s=96&d=mm&r=g","caption":"Lorenzo Verduzco"}}]}},"_links":{"self":[{"href":"https:\/\/interamerica.org\/fr\/wp-json\/wp\/v2\/posts\/12352","targetHints":{"allow":["GET"]}}],"collection":[{"href":"https:\/\/interamerica.org\/fr\/wp-json\/wp\/v2\/posts"}],"about":[{"href":"https:\/\/interamerica.org\/fr\/wp-json\/wp\/v2\/types\/post"}],"author":[{"embeddable":true,"href":"https:\/\/interamerica.org\/fr\/wp-json\/wp\/v2\/users\/1"}],"replies":[{"embeddable":true,"href":"https:\/\/interamerica.org\/fr\/wp-json\/wp\/v2\/comments?post=12352"}],"version-history":[{"count":0,"href":"https:\/\/interamerica.org\/fr\/wp-json\/wp\/v2\/posts\/12352\/revisions"}],"wp:attachment":[{"href":"https:\/\/interamerica.org\/fr\/wp-json\/wp\/v2\/media?parent=12352"}],"wp:term":[{"taxonomy":"category","embeddable":true,"href":"https:\/\/interamerica.org\/fr\/wp-json\/wp\/v2\/categories?post=12352"},{"taxonomy":"post_tag","embeddable":true,"href":"https:\/\/interamerica.org\/fr\/wp-json\/wp\/v2\/tags?post=12352"}],"curies":[{"name":"wp","href":"https:\/\/api.w.org\/{rel}","templated":true}]}}