{"id":12353,"date":"2005-05-31T00:00:00","date_gmt":"2005-05-31T04:00:00","guid":{"rendered":"http:\/\/192.81.217.108\/interamerica\/2005\/05\/india-frappes-par-le-tsunami-les-membres-de-leglise-adventiste-obtiennent-de-laide-pour-la-reconstruction-des-vies\/"},"modified":"2017-06-02T13:20:07","modified_gmt":"2017-06-02T17:20:07","slug":"india-frappes-par-le-tsunami-les-membres-de-leglise-adventiste-obtiennent-de-laide-pour-la-reconstruction-des-vies","status":"publish","type":"post","link":"https:\/\/interamerica.org\/fr\/2005\/05\/india-frappes-par-le-tsunami-les-membres-de-leglise-adventiste-obtiennent-de-laide-pour-la-reconstruction-des-vies\/","title":{"rendered":"India:\u00a0 Frapp\u00e9s par\u00a0le Tsunami, les Membres de l&rsquo;Eglise Adventiste Obtiennent de l&rsquo;Aide pour la Reconstruction des Vies"},"content":{"rendered":"<p>Andhar Pradesh, Inde&#8230; (Dorothy Watts\/Ann Staff)<\/p>\n<p>Cinq mois apr\u00e8s qu&rsquo;un tsunami d\u00e9vastateur e\u00fbt frapp\u00e9\u00a0la c\u00f4te Est de l&rsquo;Inde, des milliers de familles Adventistes du Septi\u00e8me jour essaient encore de se remettre du traumatisme, support\u00e9s par les dons des membres d&rsquo;\u00e9glise \u00e0 travers le monde.\u00a0 Pendant que le bras de secours de l&rsquo;\u00e9glise, l&rsquo;Agence Adventiste de D\u00e9veloppement et de Secours, ADRA, a envoy\u00e9 des millions de dollars en aide aux victimes du tsunami sans tenir compte d&rsquo;affiliation, l&rsquo;\u00e9glise elle-m\u00eame s&rsquo;est mobilis\u00e9e pour assister les membres\u00a0qui sont pr\u00e9sentement dans\u00a0le besoin.\u00a0<\/p>\n<p>\u00ab\u00a0Je tiens \u00e0 remercier mon \u00e9glise et mon Dieu pour l&rsquo;aide re\u00e7ue pour la r\u00e9paration de ma maison,\u00a0\u00bb \u00e9crit Mme A. Anbunathan de Subrayapuram, dans la section de Janjore-Karaikal de Tamil Nadu.\u00a0 \u00ab\u00a0J&rsquo;ai pu refaire une nouvelle toiture en t\u00e2che et acheter des ustensiles de cuisine et d&rsquo;autres articles m\u00e9nagers emport\u00e9s par les vagues.\u00a0\u00bb<\/p>\n<p>Anbunathan avait tout perdu au\u00a0 matin du 26 d\u00e9cembre 2004 quand le tsunami\u00a0d\u00e9truisit la plus grande partie de la communaut\u00e9 qu&rsquo;elle habite pr\u00e8s de la c\u00f4te Est de l&rsquo;Inde.\u00a0 Elle est l&rsquo;une, parmi les 7.000 membres Adventistes et plus,\u00a0repr\u00e9sentant 1.015 familles qui ont \u00e9t\u00e9 affect\u00e9s par le tsunami.<\/p>\n<p>L&rsquo;\u00e9glise a pu reconstruire 143 maisons et r\u00e9parer et renflouer les commerces de trois familles.\u00a0 Quarante bateaux en fibre de verre avec filets et ainsi que 50 canaux ont \u00e9t\u00e9 distribu\u00e9s.\u00a0 Six Cent Soixante Douze familles ont re\u00e7u des d\u00e9dommagements par suite des pertes\u00a0d&rsquo;une saison de r\u00e9colte.\u00a0 Des ch\u00e8vres, des vaches et des machines \u00e0 coudre ont \u00e9t\u00e9 donn\u00e9es aux membres pour les aider \u00e0 supporter leurs familles.\u00a0<\/p>\n<p>\u00ab\u00a0Je suis si reconnaisant \u00e0 mon Dieu et \u00e0 mon \u00e9glise pour m&rsquo;avoir donn\u00e9 un bateau pour que je recommence \u00e0 p\u00eacher et supporter ma famille,\u00a0\u00bb ajoute Naidu Sreenu de Gundaipalem.<\/p>\n<p>Six\u00a0Cent Soixante et Un enfants d&rsquo;Ecoles Adventistes ont \u00e9t\u00e9 affect\u00e9s par le tsunami, non seulement en perdant les possibilit\u00e9s de payer leurs \u00e9colages parce que les parents ne pouvaient plus gagner de l&rsquo;argent,\u00a0mais ils avaient aussi perdu leurs livres.\u00a0\u00a0Leurs d\u00e9penses scolaires ont \u00e9t\u00e9 pay\u00e9es et les livres pourvus avec les fonds\u00a0\u00ab\u00a0tsunami\u00a0\u00bb de l&rsquo;oeuvre.<\/p>\n<p>Au moins 40 orphelins ont \u00e9t\u00e9 plac\u00e9s dans les pensions d&rsquo;\u00e9coles Adventistes.<\/p>\n<p>Au d\u00e9but de l&rsquo;aide pour les v\u00eatements et\u00a0la nourriture\u00a0avait \u00e9t\u00e9 fournie par le fond, et maintenant ils recoivent le support du \u00ab\u00a0Children&rsquo;s Health Education and Relief International Canada\u00a0\u00bb (Sant\u00e9 Education pour Enfants et Secours Canadien International\u00a0 et \u00ab\u00a0Asian Aid International\u00a0\u00bb (Aide Internationale Asiatique).\u00a0\u00a0\u00a0\u00a0\u00a0\u00a0\u00a0\u00a0\u00a0\u00a0\u00a0\u00a0<\/p>\n<p>Les \u00e9glises de Port Blair, des Iles d&rsquo;Andaman, de Karaikal et de Subrayapuram sont en train d&rsquo;\u00eatre\u00a0reconstruites.\u00a0 Plusieurs salles de classes sont aussi en r\u00e9paration.<\/p>\n<p>\u00ab\u00a0J&rsquo;ai appel\u00e9 les dirigeants de notre (\u00e9glise) \u00e0 venir en aide \u00e0 nos membres,\u00a0\u00bb \u00e9crit le Pasteur M.M. Samson des Isles Andaman.\u00a0 \u00ab\u00a0De l&rsquo;aide est arriv\u00e9e et nos croyants ont pu r\u00e9parer leurs commerces et leurs maisons et aussi remplacer leurs articles m\u00e9nagers et leurs v\u00eatements.\u00a0 Aussi, nous avons pu reb\u00e2tir notre \u00e9glise.\u00a0Nous sommes tellement reconnaissants pour la tendresse de coeur de nos fr\u00e8res et soeurs qui sont venus \u00e0 notre aide.\u00a0\u00bb<\/p>\n<p>\u00ab\u00a0Nous ne pouvons trouver les mots pour exprimer notre gratitude pour la grande profusion d&rsquo;amour et le support qui\u00a0ont \u00e9t\u00e9 apport\u00e9s \u00e0\u00a0nos membres Adventistes,\u00a0\u00bb\u00a0pr\u00e9cise le Pasteur Ron Watts, pr\u00e9sident de l&rsquo;Eglise en Asie du Sud.\u00a0 \u00ab\u00a0Tous les besoins ne sont pas encore combl\u00e9s, mais nous avons essay\u00e9 d&rsquo;apporter un peu d&rsquo;aide\u00a0\u00e0 tous.\u00a0\u00bb\u00a0\u00a0<\/p>\n<p>\u00a0\u00a0<\/p>\n","protected":false},"excerpt":{"rendered":"<p>Cinq mois apr\u00e8s qu&rsquo;un tsunami d\u00e9vastateur e\u00fbt frapp\u00e9e\u00a0la c\u00f4te Est de l&rsquo;Inde, des milliers de familles Adventistes du Septi\u00e8me jour essaient encore de se remettre du traumatisme&#8230;\u00a0<\/p>\n","protected":false},"author":1,"featured_media":0,"comment_status":"closed","ping_status":"closed","sticky":false,"template":"","format":"standard","meta":{"_acf_changed":false,"footnotes":""},"categories":[9],"tags":[],"class_list":["post-12353","post","type-post","status-publish","format-standard","hentry","category-archive-fr"],"acf":[],"yoast_head":"<!-- This site is optimized with the Yoast SEO plugin v27.3 - https:\/\/yoast.com\/product\/yoast-seo-wordpress\/ -->\n<title>India:\u00a0 Frapp\u00e9s par\u00a0le Tsunami, les Membres de l&#039;Eglise Adventiste Obtiennent de l&#039;Aide pour la Reconstruction des Vies - \u00c9glise Adventiste Du Septieme Jour - Inter Am\u00e9rique Division<\/title>\n<meta name=\"robots\" content=\"index, follow, max-snippet:-1, max-image-preview:large, max-video-preview:-1\" \/>\n<link rel=\"canonical\" href=\"https:\/\/interamerica.org\/fr\/2005\/05\/india-frappes-par-le-tsunami-les-membres-de-leglise-adventiste-obtiennent-de-laide-pour-la-reconstruction-des-vies\/\" \/>\n<meta property=\"og:locale\" content=\"fr_FR\" \/>\n<meta property=\"og:type\" content=\"article\" \/>\n<meta property=\"og:title\" content=\"India:\u00a0 Frapp\u00e9s par\u00a0le Tsunami, les Membres de l&#039;Eglise Adventiste Obtiennent de l&#039;Aide pour la Reconstruction des Vies - \u00c9glise Adventiste Du Septieme Jour - Inter Am\u00e9rique Division\" \/>\n<meta property=\"og:description\" content=\"Cinq mois apr\u00e8s qu&#039;un tsunami d\u00e9vastateur e\u00fbt frapp\u00e9e\u00a0la c\u00f4te Est de l&#039;Inde, des milliers de familles Adventistes du Septi\u00e8me jour essaient encore de se remettre du traumatisme...\u00a0\" \/>\n<meta property=\"og:url\" content=\"https:\/\/interamerica.org\/fr\/2005\/05\/india-frappes-par-le-tsunami-les-membres-de-leglise-adventiste-obtiennent-de-laide-pour-la-reconstruction-des-vies\/\" \/>\n<meta property=\"og:site_name\" content=\"\u00c9glise Adventiste Du Septieme Jour - Inter Am\u00e9rique Division\" \/>\n<meta property=\"article:published_time\" content=\"2005-05-31T04:00:00+00:00\" \/>\n<meta property=\"article:modified_time\" content=\"2017-06-02T17:20:07+00:00\" \/>\n<meta name=\"author\" content=\"Lorenzo Verduzco\" \/>\n<meta name=\"twitter:card\" content=\"summary_large_image\" \/>\n<meta name=\"twitter:label1\" content=\"\u00c9crit par\" \/>\n\t<meta name=\"twitter:data1\" content=\"Lorenzo Verduzco\" \/>\n\t<meta name=\"twitter:label2\" content=\"Dur\u00e9e de lecture estim\u00e9e\" \/>\n\t<meta name=\"twitter:data2\" content=\"3 minutes\" \/>\n<script type=\"application\/ld+json\" class=\"yoast-schema-graph\">{\"@context\":\"https:\\\/\\\/schema.org\",\"@graph\":[{\"@type\":\"Article\",\"@id\":\"https:\\\/\\\/interamerica.org\\\/fr\\\/2005\\\/05\\\/india-frappes-par-le-tsunami-les-membres-de-leglise-adventiste-obtiennent-de-laide-pour-la-reconstruction-des-vies\\\/#article\",\"isPartOf\":{\"@id\":\"https:\\\/\\\/interamerica.org\\\/fr\\\/2005\\\/05\\\/india-frappes-par-le-tsunami-les-membres-de-leglise-adventiste-obtiennent-de-laide-pour-la-reconstruction-des-vies\\\/\"},\"author\":{\"name\":\"Lorenzo Verduzco\",\"@id\":\"https:\\\/\\\/interamerica.org\\\/fr\\\/#\\\/schema\\\/person\\\/68ede8bdc292885bb76c1e3810e73c39\"},\"headline\":\"India:\u00a0 Frapp\u00e9s par\u00a0le Tsunami, les Membres de l&rsquo;Eglise Adventiste Obtiennent de l&rsquo;Aide pour la Reconstruction des Vies\",\"datePublished\":\"2005-05-31T04:00:00+00:00\",\"dateModified\":\"2017-06-02T17:20:07+00:00\",\"mainEntityOfPage\":{\"@id\":\"https:\\\/\\\/interamerica.org\\\/fr\\\/2005\\\/05\\\/india-frappes-par-le-tsunami-les-membres-de-leglise-adventiste-obtiennent-de-laide-pour-la-reconstruction-des-vies\\\/\"},\"wordCount\":646,\"articleSection\":[\"Archive\"],\"inLanguage\":\"fr-FR\"},{\"@type\":\"WebPage\",\"@id\":\"https:\\\/\\\/interamerica.org\\\/fr\\\/2005\\\/05\\\/india-frappes-par-le-tsunami-les-membres-de-leglise-adventiste-obtiennent-de-laide-pour-la-reconstruction-des-vies\\\/\",\"url\":\"https:\\\/\\\/interamerica.org\\\/fr\\\/2005\\\/05\\\/india-frappes-par-le-tsunami-les-membres-de-leglise-adventiste-obtiennent-de-laide-pour-la-reconstruction-des-vies\\\/\",\"name\":\"India:\u00a0 Frapp\u00e9s par\u00a0le Tsunami, les Membres de l'Eglise Adventiste Obtiennent de l'Aide pour la Reconstruction des Vies - \u00c9glise Adventiste Du Septieme Jour - Inter Am\u00e9rique Division\",\"isPartOf\":{\"@id\":\"https:\\\/\\\/interamerica.org\\\/fr\\\/#website\"},\"datePublished\":\"2005-05-31T04:00:00+00:00\",\"dateModified\":\"2017-06-02T17:20:07+00:00\",\"author\":{\"@id\":\"https:\\\/\\\/interamerica.org\\\/fr\\\/#\\\/schema\\\/person\\\/68ede8bdc292885bb76c1e3810e73c39\"},\"breadcrumb\":{\"@id\":\"https:\\\/\\\/interamerica.org\\\/fr\\\/2005\\\/05\\\/india-frappes-par-le-tsunami-les-membres-de-leglise-adventiste-obtiennent-de-laide-pour-la-reconstruction-des-vies\\\/#breadcrumb\"},\"inLanguage\":\"fr-FR\",\"potentialAction\":[{\"@type\":\"ReadAction\",\"target\":[\"https:\\\/\\\/interamerica.org\\\/fr\\\/2005\\\/05\\\/india-frappes-par-le-tsunami-les-membres-de-leglise-adventiste-obtiennent-de-laide-pour-la-reconstruction-des-vies\\\/\"]}]},{\"@type\":\"BreadcrumbList\",\"@id\":\"https:\\\/\\\/interamerica.org\\\/fr\\\/2005\\\/05\\\/india-frappes-par-le-tsunami-les-membres-de-leglise-adventiste-obtiennent-de-laide-pour-la-reconstruction-des-vies\\\/#breadcrumb\",\"itemListElement\":[{\"@type\":\"ListItem\",\"position\":1,\"name\":\"Home\",\"item\":\"https:\\\/\\\/interamerica.org\\\/fr\\\/\"},{\"@type\":\"ListItem\",\"position\":2,\"name\":\"India:\u00a0 Frapp\u00e9s par\u00a0le Tsunami, les Membres de l&rsquo;Eglise Adventiste Obtiennent de l&rsquo;Aide pour la Reconstruction des Vies\"}]},{\"@type\":\"WebSite\",\"@id\":\"https:\\\/\\\/interamerica.org\\\/fr\\\/#website\",\"url\":\"https:\\\/\\\/interamerica.org\\\/fr\\\/\",\"name\":\"\u00c9glise Adventiste Du Septieme Jour - Inter Am\u00e9rique Division\",\"description\":\"\",\"potentialAction\":[{\"@type\":\"SearchAction\",\"target\":{\"@type\":\"EntryPoint\",\"urlTemplate\":\"https:\\\/\\\/interamerica.org\\\/fr\\\/?s={search_term_string}\"},\"query-input\":{\"@type\":\"PropertyValueSpecification\",\"valueRequired\":true,\"valueName\":\"search_term_string\"}}],\"inLanguage\":\"fr-FR\"},{\"@type\":\"Person\",\"@id\":\"https:\\\/\\\/interamerica.org\\\/fr\\\/#\\\/schema\\\/person\\\/68ede8bdc292885bb76c1e3810e73c39\",\"name\":\"Lorenzo Verduzco\",\"image\":{\"@type\":\"ImageObject\",\"inLanguage\":\"fr-FR\",\"@id\":\"https:\\\/\\\/secure.gravatar.com\\\/avatar\\\/fb81a55b6218459490a9c1dc841a34909185b81904c5337b4b27f7a6fd60c49e?s=96&d=mm&r=g\",\"url\":\"https:\\\/\\\/secure.gravatar.com\\\/avatar\\\/fb81a55b6218459490a9c1dc841a34909185b81904c5337b4b27f7a6fd60c49e?s=96&d=mm&r=g\",\"contentUrl\":\"https:\\\/\\\/secure.gravatar.com\\\/avatar\\\/fb81a55b6218459490a9c1dc841a34909185b81904c5337b4b27f7a6fd60c49e?s=96&d=mm&r=g\",\"caption\":\"Lorenzo Verduzco\"}}]}<\/script>\n<!-- \/ Yoast SEO plugin. -->","yoast_head_json":{"title":"India:\u00a0 Frapp\u00e9s par\u00a0le Tsunami, les Membres de l'Eglise Adventiste Obtiennent de l'Aide pour la Reconstruction des Vies - \u00c9glise Adventiste Du Septieme Jour - Inter Am\u00e9rique Division","robots":{"index":"index","follow":"follow","max-snippet":"max-snippet:-1","max-image-preview":"max-image-preview:large","max-video-preview":"max-video-preview:-1"},"canonical":"https:\/\/interamerica.org\/fr\/2005\/05\/india-frappes-par-le-tsunami-les-membres-de-leglise-adventiste-obtiennent-de-laide-pour-la-reconstruction-des-vies\/","og_locale":"fr_FR","og_type":"article","og_title":"India:\u00a0 Frapp\u00e9s par\u00a0le Tsunami, les Membres de l'Eglise Adventiste Obtiennent de l'Aide pour la Reconstruction des Vies - \u00c9glise Adventiste Du Septieme Jour - Inter Am\u00e9rique Division","og_description":"Cinq mois apr\u00e8s qu'un tsunami d\u00e9vastateur e\u00fbt frapp\u00e9e\u00a0la c\u00f4te Est de l'Inde, des milliers de familles Adventistes du Septi\u00e8me jour essaient encore de se remettre du traumatisme...\u00a0","og_url":"https:\/\/interamerica.org\/fr\/2005\/05\/india-frappes-par-le-tsunami-les-membres-de-leglise-adventiste-obtiennent-de-laide-pour-la-reconstruction-des-vies\/","og_site_name":"\u00c9glise Adventiste Du Septieme Jour - Inter Am\u00e9rique Division","article_published_time":"2005-05-31T04:00:00+00:00","article_modified_time":"2017-06-02T17:20:07+00:00","author":"Lorenzo Verduzco","twitter_card":"summary_large_image","twitter_misc":{"\u00c9crit par":"Lorenzo Verduzco","Dur\u00e9e de lecture estim\u00e9e":"3 minutes"},"schema":{"@context":"https:\/\/schema.org","@graph":[{"@type":"Article","@id":"https:\/\/interamerica.org\/fr\/2005\/05\/india-frappes-par-le-tsunami-les-membres-de-leglise-adventiste-obtiennent-de-laide-pour-la-reconstruction-des-vies\/#article","isPartOf":{"@id":"https:\/\/interamerica.org\/fr\/2005\/05\/india-frappes-par-le-tsunami-les-membres-de-leglise-adventiste-obtiennent-de-laide-pour-la-reconstruction-des-vies\/"},"author":{"name":"Lorenzo Verduzco","@id":"https:\/\/interamerica.org\/fr\/#\/schema\/person\/68ede8bdc292885bb76c1e3810e73c39"},"headline":"India:\u00a0 Frapp\u00e9s par\u00a0le Tsunami, les Membres de l&rsquo;Eglise Adventiste Obtiennent de l&rsquo;Aide pour la Reconstruction des Vies","datePublished":"2005-05-31T04:00:00+00:00","dateModified":"2017-06-02T17:20:07+00:00","mainEntityOfPage":{"@id":"https:\/\/interamerica.org\/fr\/2005\/05\/india-frappes-par-le-tsunami-les-membres-de-leglise-adventiste-obtiennent-de-laide-pour-la-reconstruction-des-vies\/"},"wordCount":646,"articleSection":["Archive"],"inLanguage":"fr-FR"},{"@type":"WebPage","@id":"https:\/\/interamerica.org\/fr\/2005\/05\/india-frappes-par-le-tsunami-les-membres-de-leglise-adventiste-obtiennent-de-laide-pour-la-reconstruction-des-vies\/","url":"https:\/\/interamerica.org\/fr\/2005\/05\/india-frappes-par-le-tsunami-les-membres-de-leglise-adventiste-obtiennent-de-laide-pour-la-reconstruction-des-vies\/","name":"India:\u00a0 Frapp\u00e9s par\u00a0le Tsunami, les Membres de l'Eglise Adventiste Obtiennent de l'Aide pour la Reconstruction des Vies - \u00c9glise Adventiste Du Septieme Jour - Inter Am\u00e9rique Division","isPartOf":{"@id":"https:\/\/interamerica.org\/fr\/#website"},"datePublished":"2005-05-31T04:00:00+00:00","dateModified":"2017-06-02T17:20:07+00:00","author":{"@id":"https:\/\/interamerica.org\/fr\/#\/schema\/person\/68ede8bdc292885bb76c1e3810e73c39"},"breadcrumb":{"@id":"https:\/\/interamerica.org\/fr\/2005\/05\/india-frappes-par-le-tsunami-les-membres-de-leglise-adventiste-obtiennent-de-laide-pour-la-reconstruction-des-vies\/#breadcrumb"},"inLanguage":"fr-FR","potentialAction":[{"@type":"ReadAction","target":["https:\/\/interamerica.org\/fr\/2005\/05\/india-frappes-par-le-tsunami-les-membres-de-leglise-adventiste-obtiennent-de-laide-pour-la-reconstruction-des-vies\/"]}]},{"@type":"BreadcrumbList","@id":"https:\/\/interamerica.org\/fr\/2005\/05\/india-frappes-par-le-tsunami-les-membres-de-leglise-adventiste-obtiennent-de-laide-pour-la-reconstruction-des-vies\/#breadcrumb","itemListElement":[{"@type":"ListItem","position":1,"name":"Home","item":"https:\/\/interamerica.org\/fr\/"},{"@type":"ListItem","position":2,"name":"India:\u00a0 Frapp\u00e9s par\u00a0le Tsunami, les Membres de l&rsquo;Eglise Adventiste Obtiennent de l&rsquo;Aide pour la Reconstruction des Vies"}]},{"@type":"WebSite","@id":"https:\/\/interamerica.org\/fr\/#website","url":"https:\/\/interamerica.org\/fr\/","name":"\u00c9glise Adventiste Du Septieme Jour - Inter Am\u00e9rique Division","description":"","potentialAction":[{"@type":"SearchAction","target":{"@type":"EntryPoint","urlTemplate":"https:\/\/interamerica.org\/fr\/?s={search_term_string}"},"query-input":{"@type":"PropertyValueSpecification","valueRequired":true,"valueName":"search_term_string"}}],"inLanguage":"fr-FR"},{"@type":"Person","@id":"https:\/\/interamerica.org\/fr\/#\/schema\/person\/68ede8bdc292885bb76c1e3810e73c39","name":"Lorenzo Verduzco","image":{"@type":"ImageObject","inLanguage":"fr-FR","@id":"https:\/\/secure.gravatar.com\/avatar\/fb81a55b6218459490a9c1dc841a34909185b81904c5337b4b27f7a6fd60c49e?s=96&d=mm&r=g","url":"https:\/\/secure.gravatar.com\/avatar\/fb81a55b6218459490a9c1dc841a34909185b81904c5337b4b27f7a6fd60c49e?s=96&d=mm&r=g","contentUrl":"https:\/\/secure.gravatar.com\/avatar\/fb81a55b6218459490a9c1dc841a34909185b81904c5337b4b27f7a6fd60c49e?s=96&d=mm&r=g","caption":"Lorenzo Verduzco"}}]}},"_links":{"self":[{"href":"https:\/\/interamerica.org\/fr\/wp-json\/wp\/v2\/posts\/12353","targetHints":{"allow":["GET"]}}],"collection":[{"href":"https:\/\/interamerica.org\/fr\/wp-json\/wp\/v2\/posts"}],"about":[{"href":"https:\/\/interamerica.org\/fr\/wp-json\/wp\/v2\/types\/post"}],"author":[{"embeddable":true,"href":"https:\/\/interamerica.org\/fr\/wp-json\/wp\/v2\/users\/1"}],"replies":[{"embeddable":true,"href":"https:\/\/interamerica.org\/fr\/wp-json\/wp\/v2\/comments?post=12353"}],"version-history":[{"count":0,"href":"https:\/\/interamerica.org\/fr\/wp-json\/wp\/v2\/posts\/12353\/revisions"}],"wp:attachment":[{"href":"https:\/\/interamerica.org\/fr\/wp-json\/wp\/v2\/media?parent=12353"}],"wp:term":[{"taxonomy":"category","embeddable":true,"href":"https:\/\/interamerica.org\/fr\/wp-json\/wp\/v2\/categories?post=12353"},{"taxonomy":"post_tag","embeddable":true,"href":"https:\/\/interamerica.org\/fr\/wp-json\/wp\/v2\/tags?post=12353"}],"curies":[{"name":"wp","href":"https:\/\/api.w.org\/{rel}","templated":true}]}}