{"id":12355,"date":"2005-05-31T00:00:00","date_gmt":"2005-05-31T04:00:00","guid":{"rendered":"http:\/\/192.81.217.108\/interamerica\/2005\/05\/la-tv-hope-est-maintenant-presente-en-afrique\/"},"modified":"2017-06-02T13:20:08","modified_gmt":"2017-06-02T17:20:08","slug":"la-tv-hope-est-maintenant-presente-en-afrique","status":"publish","type":"post","link":"https:\/\/interamerica.org\/fr\/2005\/05\/la-tv-hope-est-maintenant-presente-en-afrique\/","title":{"rendered":"La TV Hope Est Maintenant Pr\u00e9sente en Afrique"},"content":{"rendered":"<p>Silver Spring, Maryland, Etats-Unis d&rsquo;Am\u00e9rique&#8230; (Compil\u00e9 par ANN\/Staff)<\/p>\n<p>Une \u00e9mission gratuite d&rsquo;essai\u00a0\u00e0 court-terme de la Chaine Adventiste Hope\u00a0sur le syst\u00e8me du\u00a0r\u00e9seau Sentech VIVID en Afrique est devenue permanente.\u00a0 L&rsquo;essai \u00e0 court terme qui a dur\u00e9 10 mois, a \u00e9t\u00e9 interrompu\u00a0en janvier puis repris apr\u00e8s\u00a0le grand toll\u00e9 des membres du publique.<\/p>\n<p>La Cha\u00eene Hope a officiellement\u00a0\u00bb commenc\u00e9 ses \u00e9missions sur le r\u00e9seau du groupe Sentech VIVID\u00a0le 31 mai.\u00a0 Le groupe VIVID est une petite antenne (de 90cm), Bande KU, \u00e0 l&rsquo;air libre, non souterraine, un service digital direct de TV par satellite destin\u00e9 aux maisons\u00a0\u00a0(Direct-To-Home)\u00a0sans frais de souscription.\u00a0 Sentech est le deuxi\u00e8me plus populaire\u00a0Service de TV\u00a0aux Maisons\u00a0(DTH)\u00a0d&rsquo;Afrique.\u00a0 Le service VIVID est destin\u00e9 \u00e0 fournir le service digital DTH \u00e0 la plupart des maisons Africaines.<\/p>\n<p>\u00ab\u00a0C&rsquo;est un grand d\u00e9veloppement pour la communication Adventiste et l&rsquo;\u00e9vang\u00e9lisation,\u00a0\u00bb dit Brad Thorp, directeur du R\u00e9seau de T\u00e9l\u00e9vision Adventiste.\u00a0 \u00ab\u00a0C&rsquo;est une extension en &#8230;.d\u00e9veloppement pour l&rsquo;Afrique, en permettant \u00e0 la Cha\u00eene Hope d&rsquo;atteindre les maisons de millions de personnes \u00e0 travers l&rsquo;Afrique.\u00a0 Ceci fournira\u00a0une opportunit\u00e9 particuli\u00e8re aux centres de m\u00e9dia de notre \u00e9glise en Afrique, actuellement la Zambie et l&rsquo;Afrique du Sud, de produire des programmes pour les audiences Africaines.\u00a0\u00bb\u00a0\u00a0\u00a0\u00a0<\/p>\n<p>\u00a0\u00a0\u00a0\u00a0<\/p>\n","protected":false},"excerpt":{"rendered":"<p>Une \u00e9mission gratuite d&rsquo;essai\u00a0\u00e0 court-terme de la Chaine Adventiste Hope\u00a0sur le syst\u00e8me du\u00a0r\u00e9seau Sentech VIVID en Afrique est devenue permanente.\u00a0<\/p>\n","protected":false},"author":1,"featured_media":0,"comment_status":"closed","ping_status":"closed","sticky":false,"template":"","format":"standard","meta":{"_acf_changed":false,"footnotes":""},"categories":[9],"tags":[],"class_list":["post-12355","post","type-post","status-publish","format-standard","hentry","category-archive-fr"],"acf":[],"yoast_head":"<!-- This site is optimized with the Yoast SEO plugin v27.3 - https:\/\/yoast.com\/product\/yoast-seo-wordpress\/ -->\n<title>La TV Hope Est Maintenant Pr\u00e9sente en Afrique - \u00c9glise Adventiste Du Septieme Jour - Inter Am\u00e9rique Division<\/title>\n<meta name=\"robots\" content=\"index, follow, max-snippet:-1, max-image-preview:large, max-video-preview:-1\" \/>\n<link rel=\"canonical\" href=\"https:\/\/interamerica.org\/fr\/2005\/05\/la-tv-hope-est-maintenant-presente-en-afrique\/\" \/>\n<meta property=\"og:locale\" content=\"fr_FR\" \/>\n<meta property=\"og:type\" content=\"article\" \/>\n<meta property=\"og:title\" content=\"La TV Hope Est Maintenant Pr\u00e9sente en Afrique - \u00c9glise Adventiste Du Septieme Jour - Inter Am\u00e9rique Division\" \/>\n<meta property=\"og:description\" content=\"Une \u00e9mission gratuite d&#039;essai\u00a0\u00e0 court-terme de la Chaine Adventiste Hope\u00a0sur le syst\u00e8me du\u00a0r\u00e9seau Sentech VIVID en Afrique est devenue permanente.\u00a0\" \/>\n<meta property=\"og:url\" content=\"https:\/\/interamerica.org\/fr\/2005\/05\/la-tv-hope-est-maintenant-presente-en-afrique\/\" \/>\n<meta property=\"og:site_name\" content=\"\u00c9glise Adventiste Du Septieme Jour - Inter Am\u00e9rique Division\" \/>\n<meta property=\"article:published_time\" content=\"2005-05-31T04:00:00+00:00\" \/>\n<meta property=\"article:modified_time\" content=\"2017-06-02T17:20:08+00:00\" \/>\n<meta name=\"author\" content=\"Lorenzo Verduzco\" \/>\n<meta name=\"twitter:card\" content=\"summary_large_image\" \/>\n<meta name=\"twitter:label1\" content=\"\u00c9crit par\" \/>\n\t<meta name=\"twitter:data1\" content=\"Lorenzo Verduzco\" \/>\n\t<meta name=\"twitter:label2\" content=\"Dur\u00e9e de lecture estim\u00e9e\" \/>\n\t<meta name=\"twitter:data2\" content=\"1 minute\" \/>\n<script type=\"application\/ld+json\" class=\"yoast-schema-graph\">{\"@context\":\"https:\\\/\\\/schema.org\",\"@graph\":[{\"@type\":\"Article\",\"@id\":\"https:\\\/\\\/interamerica.org\\\/fr\\\/2005\\\/05\\\/la-tv-hope-est-maintenant-presente-en-afrique\\\/#article\",\"isPartOf\":{\"@id\":\"https:\\\/\\\/interamerica.org\\\/fr\\\/2005\\\/05\\\/la-tv-hope-est-maintenant-presente-en-afrique\\\/\"},\"author\":{\"name\":\"Lorenzo Verduzco\",\"@id\":\"https:\\\/\\\/interamerica.org\\\/fr\\\/#\\\/schema\\\/person\\\/68ede8bdc292885bb76c1e3810e73c39\"},\"headline\":\"La TV Hope Est Maintenant Pr\u00e9sente en Afrique\",\"datePublished\":\"2005-05-31T04:00:00+00:00\",\"dateModified\":\"2017-06-02T17:20:08+00:00\",\"mainEntityOfPage\":{\"@id\":\"https:\\\/\\\/interamerica.org\\\/fr\\\/2005\\\/05\\\/la-tv-hope-est-maintenant-presente-en-afrique\\\/\"},\"wordCount\":235,\"articleSection\":[\"Archive\"],\"inLanguage\":\"fr-FR\"},{\"@type\":\"WebPage\",\"@id\":\"https:\\\/\\\/interamerica.org\\\/fr\\\/2005\\\/05\\\/la-tv-hope-est-maintenant-presente-en-afrique\\\/\",\"url\":\"https:\\\/\\\/interamerica.org\\\/fr\\\/2005\\\/05\\\/la-tv-hope-est-maintenant-presente-en-afrique\\\/\",\"name\":\"La TV Hope Est Maintenant Pr\u00e9sente en Afrique - \u00c9glise Adventiste Du Septieme Jour - Inter Am\u00e9rique Division\",\"isPartOf\":{\"@id\":\"https:\\\/\\\/interamerica.org\\\/fr\\\/#website\"},\"datePublished\":\"2005-05-31T04:00:00+00:00\",\"dateModified\":\"2017-06-02T17:20:08+00:00\",\"author\":{\"@id\":\"https:\\\/\\\/interamerica.org\\\/fr\\\/#\\\/schema\\\/person\\\/68ede8bdc292885bb76c1e3810e73c39\"},\"breadcrumb\":{\"@id\":\"https:\\\/\\\/interamerica.org\\\/fr\\\/2005\\\/05\\\/la-tv-hope-est-maintenant-presente-en-afrique\\\/#breadcrumb\"},\"inLanguage\":\"fr-FR\",\"potentialAction\":[{\"@type\":\"ReadAction\",\"target\":[\"https:\\\/\\\/interamerica.org\\\/fr\\\/2005\\\/05\\\/la-tv-hope-est-maintenant-presente-en-afrique\\\/\"]}]},{\"@type\":\"BreadcrumbList\",\"@id\":\"https:\\\/\\\/interamerica.org\\\/fr\\\/2005\\\/05\\\/la-tv-hope-est-maintenant-presente-en-afrique\\\/#breadcrumb\",\"itemListElement\":[{\"@type\":\"ListItem\",\"position\":1,\"name\":\"Home\",\"item\":\"https:\\\/\\\/interamerica.org\\\/fr\\\/\"},{\"@type\":\"ListItem\",\"position\":2,\"name\":\"La TV Hope Est Maintenant Pr\u00e9sente en Afrique\"}]},{\"@type\":\"WebSite\",\"@id\":\"https:\\\/\\\/interamerica.org\\\/fr\\\/#website\",\"url\":\"https:\\\/\\\/interamerica.org\\\/fr\\\/\",\"name\":\"\u00c9glise Adventiste Du Septieme Jour - Inter Am\u00e9rique Division\",\"description\":\"\",\"potentialAction\":[{\"@type\":\"SearchAction\",\"target\":{\"@type\":\"EntryPoint\",\"urlTemplate\":\"https:\\\/\\\/interamerica.org\\\/fr\\\/?s={search_term_string}\"},\"query-input\":{\"@type\":\"PropertyValueSpecification\",\"valueRequired\":true,\"valueName\":\"search_term_string\"}}],\"inLanguage\":\"fr-FR\"},{\"@type\":\"Person\",\"@id\":\"https:\\\/\\\/interamerica.org\\\/fr\\\/#\\\/schema\\\/person\\\/68ede8bdc292885bb76c1e3810e73c39\",\"name\":\"Lorenzo Verduzco\",\"image\":{\"@type\":\"ImageObject\",\"inLanguage\":\"fr-FR\",\"@id\":\"https:\\\/\\\/secure.gravatar.com\\\/avatar\\\/fb81a55b6218459490a9c1dc841a34909185b81904c5337b4b27f7a6fd60c49e?s=96&d=mm&r=g\",\"url\":\"https:\\\/\\\/secure.gravatar.com\\\/avatar\\\/fb81a55b6218459490a9c1dc841a34909185b81904c5337b4b27f7a6fd60c49e?s=96&d=mm&r=g\",\"contentUrl\":\"https:\\\/\\\/secure.gravatar.com\\\/avatar\\\/fb81a55b6218459490a9c1dc841a34909185b81904c5337b4b27f7a6fd60c49e?s=96&d=mm&r=g\",\"caption\":\"Lorenzo Verduzco\"}}]}<\/script>\n<!-- \/ Yoast SEO plugin. -->","yoast_head_json":{"title":"La TV Hope Est Maintenant Pr\u00e9sente en Afrique - \u00c9glise Adventiste Du Septieme Jour - Inter Am\u00e9rique Division","robots":{"index":"index","follow":"follow","max-snippet":"max-snippet:-1","max-image-preview":"max-image-preview:large","max-video-preview":"max-video-preview:-1"},"canonical":"https:\/\/interamerica.org\/fr\/2005\/05\/la-tv-hope-est-maintenant-presente-en-afrique\/","og_locale":"fr_FR","og_type":"article","og_title":"La TV Hope Est Maintenant Pr\u00e9sente en Afrique - \u00c9glise Adventiste Du Septieme Jour - Inter Am\u00e9rique Division","og_description":"Une \u00e9mission gratuite d'essai\u00a0\u00e0 court-terme de la Chaine Adventiste Hope\u00a0sur le syst\u00e8me du\u00a0r\u00e9seau Sentech VIVID en Afrique est devenue permanente.\u00a0","og_url":"https:\/\/interamerica.org\/fr\/2005\/05\/la-tv-hope-est-maintenant-presente-en-afrique\/","og_site_name":"\u00c9glise Adventiste Du Septieme Jour - Inter Am\u00e9rique Division","article_published_time":"2005-05-31T04:00:00+00:00","article_modified_time":"2017-06-02T17:20:08+00:00","author":"Lorenzo Verduzco","twitter_card":"summary_large_image","twitter_misc":{"\u00c9crit par":"Lorenzo Verduzco","Dur\u00e9e de lecture estim\u00e9e":"1 minute"},"schema":{"@context":"https:\/\/schema.org","@graph":[{"@type":"Article","@id":"https:\/\/interamerica.org\/fr\/2005\/05\/la-tv-hope-est-maintenant-presente-en-afrique\/#article","isPartOf":{"@id":"https:\/\/interamerica.org\/fr\/2005\/05\/la-tv-hope-est-maintenant-presente-en-afrique\/"},"author":{"name":"Lorenzo Verduzco","@id":"https:\/\/interamerica.org\/fr\/#\/schema\/person\/68ede8bdc292885bb76c1e3810e73c39"},"headline":"La TV Hope Est Maintenant Pr\u00e9sente en Afrique","datePublished":"2005-05-31T04:00:00+00:00","dateModified":"2017-06-02T17:20:08+00:00","mainEntityOfPage":{"@id":"https:\/\/interamerica.org\/fr\/2005\/05\/la-tv-hope-est-maintenant-presente-en-afrique\/"},"wordCount":235,"articleSection":["Archive"],"inLanguage":"fr-FR"},{"@type":"WebPage","@id":"https:\/\/interamerica.org\/fr\/2005\/05\/la-tv-hope-est-maintenant-presente-en-afrique\/","url":"https:\/\/interamerica.org\/fr\/2005\/05\/la-tv-hope-est-maintenant-presente-en-afrique\/","name":"La TV Hope Est Maintenant Pr\u00e9sente en Afrique - \u00c9glise Adventiste Du Septieme Jour - Inter Am\u00e9rique Division","isPartOf":{"@id":"https:\/\/interamerica.org\/fr\/#website"},"datePublished":"2005-05-31T04:00:00+00:00","dateModified":"2017-06-02T17:20:08+00:00","author":{"@id":"https:\/\/interamerica.org\/fr\/#\/schema\/person\/68ede8bdc292885bb76c1e3810e73c39"},"breadcrumb":{"@id":"https:\/\/interamerica.org\/fr\/2005\/05\/la-tv-hope-est-maintenant-presente-en-afrique\/#breadcrumb"},"inLanguage":"fr-FR","potentialAction":[{"@type":"ReadAction","target":["https:\/\/interamerica.org\/fr\/2005\/05\/la-tv-hope-est-maintenant-presente-en-afrique\/"]}]},{"@type":"BreadcrumbList","@id":"https:\/\/interamerica.org\/fr\/2005\/05\/la-tv-hope-est-maintenant-presente-en-afrique\/#breadcrumb","itemListElement":[{"@type":"ListItem","position":1,"name":"Home","item":"https:\/\/interamerica.org\/fr\/"},{"@type":"ListItem","position":2,"name":"La TV Hope Est Maintenant Pr\u00e9sente en Afrique"}]},{"@type":"WebSite","@id":"https:\/\/interamerica.org\/fr\/#website","url":"https:\/\/interamerica.org\/fr\/","name":"\u00c9glise Adventiste Du Septieme Jour - Inter Am\u00e9rique Division","description":"","potentialAction":[{"@type":"SearchAction","target":{"@type":"EntryPoint","urlTemplate":"https:\/\/interamerica.org\/fr\/?s={search_term_string}"},"query-input":{"@type":"PropertyValueSpecification","valueRequired":true,"valueName":"search_term_string"}}],"inLanguage":"fr-FR"},{"@type":"Person","@id":"https:\/\/interamerica.org\/fr\/#\/schema\/person\/68ede8bdc292885bb76c1e3810e73c39","name":"Lorenzo Verduzco","image":{"@type":"ImageObject","inLanguage":"fr-FR","@id":"https:\/\/secure.gravatar.com\/avatar\/fb81a55b6218459490a9c1dc841a34909185b81904c5337b4b27f7a6fd60c49e?s=96&d=mm&r=g","url":"https:\/\/secure.gravatar.com\/avatar\/fb81a55b6218459490a9c1dc841a34909185b81904c5337b4b27f7a6fd60c49e?s=96&d=mm&r=g","contentUrl":"https:\/\/secure.gravatar.com\/avatar\/fb81a55b6218459490a9c1dc841a34909185b81904c5337b4b27f7a6fd60c49e?s=96&d=mm&r=g","caption":"Lorenzo Verduzco"}}]}},"_links":{"self":[{"href":"https:\/\/interamerica.org\/fr\/wp-json\/wp\/v2\/posts\/12355","targetHints":{"allow":["GET"]}}],"collection":[{"href":"https:\/\/interamerica.org\/fr\/wp-json\/wp\/v2\/posts"}],"about":[{"href":"https:\/\/interamerica.org\/fr\/wp-json\/wp\/v2\/types\/post"}],"author":[{"embeddable":true,"href":"https:\/\/interamerica.org\/fr\/wp-json\/wp\/v2\/users\/1"}],"replies":[{"embeddable":true,"href":"https:\/\/interamerica.org\/fr\/wp-json\/wp\/v2\/comments?post=12355"}],"version-history":[{"count":0,"href":"https:\/\/interamerica.org\/fr\/wp-json\/wp\/v2\/posts\/12355\/revisions"}],"wp:attachment":[{"href":"https:\/\/interamerica.org\/fr\/wp-json\/wp\/v2\/media?parent=12355"}],"wp:term":[{"taxonomy":"category","embeddable":true,"href":"https:\/\/interamerica.org\/fr\/wp-json\/wp\/v2\/categories?post=12355"},{"taxonomy":"post_tag","embeddable":true,"href":"https:\/\/interamerica.org\/fr\/wp-json\/wp\/v2\/tags?post=12355"}],"curies":[{"name":"wp","href":"https:\/\/api.w.org\/{rel}","templated":true}]}}