{"id":12356,"date":"2005-06-01T00:00:00","date_gmt":"2005-06-01T04:00:00","guid":{"rendered":"http:\/\/192.81.217.108\/interamerica\/2005\/06\/jamaique-centrale-les-jeunes-adventistes-travaillent-ensemble-pour-realiser-un-impact-sur-la-communaute\/"},"modified":"2017-06-02T13:20:06","modified_gmt":"2017-06-02T17:20:06","slug":"jamaique-centrale-les-jeunes-adventistes-travaillent-ensemble-pour-realiser-un-impact-sur-la-communaute","status":"publish","type":"post","link":"https:\/\/interamerica.org\/fr\/2005\/06\/jamaique-centrale-les-jeunes-adventistes-travaillent-ensemble-pour-realiser-un-impact-sur-la-communaute\/","title":{"rendered":"Jamaique Centrale:\u00a0 Les Jeunes Adventistes Travaillent Ensemble pour R\u00e9aliser un Impact sur la Communaut\u00e9\u00a0"},"content":{"rendered":"<p>St. Catherine, Jamaique (Danhugh Gordon\/IAD)<\/p>\n<p>Les jeunes Adventistes \u00e0 travers l&rsquo;\u00e9glise du Centre de la Jamaique se pr\u00e9parent activement\u00a0\u00eatre de meilleurs Chr\u00e9tiens, atteindre la communaut\u00e9\u00a0et faire entendre leurs voix en participant au Congr\u00e8s des Jeunes\u00a0du Camp Verley du 19 au 23 mai.<\/p>\n<p>L&rsquo;\u00e9v\u00e8nement, organis\u00e9 par le d\u00e9partement de la jeunesse de l&rsquo;\u00e9glise de la Conf\u00e9rence Centrale de la Jamaique, a rassembl\u00e9 les d\u00e9l\u00e9gu\u00e9s\u00a0et\u00a0visiteurs des 169 \u00e9glises de la r\u00e9gion, ainsi que les dirgeants de l&rsquo;\u00e9glise de l&rsquo;\u00e9tranger.\u00a0 Le but de l&rsquo;\u00e9v\u00e8nement \u00e9tait d&rsquo;entra\u00eener,\u00a0motiver et promouvoir la participation des jeunes dans les activit\u00e9s communautaires \u00e9vang\u00e9liques.<\/p>\n<p>Les \u00e9claireurs et les Chef-Guides ont d\u00e9but\u00e9\u00a0l&rsquo;ouverture de la c\u00e9r\u00e9monie par une parade des couleurs, de la musique sp\u00e9ciale et un message du Pasteur Leon B. Wellington, pr\u00e9sident de l&rsquo;oeuvre en Inter-Am\u00e9rique et ancien directeur de la Jeunesse \u00e0 la Conf\u00e9rence Centrale de Jamaique.\u00a0<\/p>\n<p>Pasteur Wellington invita l&rsquo;assembl\u00e9e\u00a0\u00e0 faire du congr\u00e8s de la d\u00e9cennie le meilleur qui soit pour le Minist\u00e8re de la Jeunesse Adventiste de la r\u00e9gion.<\/p>\n<p>\u00ab\u00a0Faites y une d\u00e9cennie de d\u00e9fi pour ceux qui s&rsquo;enfoncent dans le crime et la violence,\u00a0\u00bb ajouta-t-il.\u00a0 \u00ab\u00a0Faites les savoir qu&rsquo;il y a une voie alternative.\u00a0 Faites les comprendre que vous avez trouv\u00e9 la r\u00e9ponse en menant une vie consacr\u00e9e \u00e0 J\u00e9sus-Christ et voulez\u00a0partager cette exp\u00e9rience,\u00a0\u00bb a-t-il soulign\u00e9.<\/p>\n<p>Pasteur Wellington nota qu&rsquo;il a\u00a0esp\u00e9r\u00e9 que le congr\u00e8s pourrait\u00a0inspirer et motiver les d\u00e9l\u00e9gu\u00e9s \u00e0 devenir des agents positifs dans un environnement\u00a0de d\u00e9ch\u00e9ance, d&rsquo;immoralit\u00e9 et de corruption.<\/p>\n<p>Les orateurs invit\u00e9s ont \u00e9t\u00e9 le pasteur Alfredo Garcia-Marinko, directeur adjoint de la jeunesse de l&rsquo;\u00e9glise mondiale, et le Pasteur Bernardo Rodriguez, directeur de la jeunesse en Inter-Am\u00e9rique.\u00a0<\/p>\n<p>Pasteur Garcia-Marenko a qualifi\u00e9 l&rsquo;\u00e9v\u00e8nement \u00ab\u00a0de grandiose et historique,\u00a0\u00bb et a rapport\u00e9 que 600.000 jeunes de par le monde \u00e9taient pr\u00e9sentement engag\u00e9s \u00e0 des croisades \u00e9vang\u00e9liques dans le cadre du Projet Elis\u00e9e de l&rsquo;Eglise Mondiale.\u00a0 Il a recommand\u00e9 aux jeunes de la Jamaique de s&rsquo;engager \u00e0 ce projet.<\/p>\n<p>L&rsquo;un des points culminants de la fin de semaine\u00a0a \u00e9t\u00e9 le programme \u00ab\u00a0Impact Spanish Town\u00a0\u00bb (Faites un impact sur Spanish Town).\u00a0 Le programme a r\u00e9uni plus de 3.000 jeunes d\u00e9l\u00e9gu\u00e9s, \u00e9claireurs, et chef-guides qui ont organis\u00e9 une marche et un rassemblement dans l&rsquo;ancienne capitale, Spanish Town au cours de l&rsquo;apr\u00e8s-midi du sabbat.\u00a0\u00a0Ils firent flotter les banni\u00e8res, distribu\u00e8rent de la litt\u00e9rature et pri\u00e8rent pour les gens sur leur parcours. Spanish Town a \u00e9t\u00e9 r\u00e9cemment affect\u00e9e par une recrudescence de violence.<\/p>\n<p>Les jeunes ont aussi eu\u00a0l&rsquo;opportunit\u00e9 de participer \u00e0 des s\u00e9minaires se rappportant aux probl\u00e8mes des jeunes et \u00e0 des projets communautaires tel repeindre les \u00e9coles priv\u00e9es des communaut\u00e9s avoisinantes.<\/p>\n<p>\u00a0\u00a0\u00a0\u00a0\u00a0<\/p>\n","protected":false},"excerpt":{"rendered":"<p>Les jeunes Adventistes \u00e0 travers l&rsquo;\u00e9glise du Centre de la Jamaique se\u00a0pr\u00e9parent activement\u00a0\u00e0\u00a0\u00eatre de meilleurs Chr\u00e9tiens, atteindre la communaut\u00e9\u00a0et faire entendre leurs voix en participant au Congr\u00e8s des Jeunes<\/p>\n","protected":false},"author":1,"featured_media":0,"comment_status":"closed","ping_status":"closed","sticky":false,"template":"","format":"standard","meta":{"_acf_changed":false,"footnotes":""},"categories":[9],"tags":[],"class_list":["post-12356","post","type-post","status-publish","format-standard","hentry","category-archive-fr"],"acf":[],"yoast_head":"<!-- This site is optimized with the Yoast SEO plugin v27.3 - https:\/\/yoast.com\/product\/yoast-seo-wordpress\/ -->\n<title>Jamaique Centrale:\u00a0 Les Jeunes Adventistes Travaillent Ensemble pour R\u00e9aliser un Impact sur la Communaut\u00e9\u00a0 - \u00c9glise Adventiste Du Septieme Jour - Inter Am\u00e9rique Division<\/title>\n<meta name=\"robots\" content=\"index, follow, max-snippet:-1, max-image-preview:large, max-video-preview:-1\" \/>\n<link rel=\"canonical\" href=\"https:\/\/interamerica.org\/fr\/2005\/06\/jamaique-centrale-les-jeunes-adventistes-travaillent-ensemble-pour-realiser-un-impact-sur-la-communaute\/\" \/>\n<meta property=\"og:locale\" content=\"fr_FR\" \/>\n<meta property=\"og:type\" content=\"article\" \/>\n<meta property=\"og:title\" content=\"Jamaique Centrale:\u00a0 Les Jeunes Adventistes Travaillent Ensemble pour R\u00e9aliser un Impact sur la Communaut\u00e9\u00a0 - \u00c9glise Adventiste Du Septieme Jour - Inter Am\u00e9rique Division\" \/>\n<meta property=\"og:description\" content=\"Les jeunes Adventistes \u00e0 travers l&#039;\u00e9glise du Centre de la Jamaique se\u00a0pr\u00e9parent activement\u00a0\u00e0\u00a0\u00eatre de meilleurs Chr\u00e9tiens, atteindre la communaut\u00e9\u00a0et faire entendre leurs voix en participant au Congr\u00e8s des Jeunes\" \/>\n<meta property=\"og:url\" content=\"https:\/\/interamerica.org\/fr\/2005\/06\/jamaique-centrale-les-jeunes-adventistes-travaillent-ensemble-pour-realiser-un-impact-sur-la-communaute\/\" \/>\n<meta property=\"og:site_name\" content=\"\u00c9glise Adventiste Du Septieme Jour - Inter Am\u00e9rique Division\" \/>\n<meta property=\"article:published_time\" content=\"2005-06-01T04:00:00+00:00\" \/>\n<meta property=\"article:modified_time\" content=\"2017-06-02T17:20:06+00:00\" \/>\n<meta name=\"author\" content=\"Lorenzo Verduzco\" \/>\n<meta name=\"twitter:card\" content=\"summary_large_image\" \/>\n<meta name=\"twitter:label1\" content=\"\u00c9crit par\" \/>\n\t<meta name=\"twitter:data1\" content=\"Lorenzo Verduzco\" \/>\n\t<meta name=\"twitter:label2\" content=\"Dur\u00e9e de lecture estim\u00e9e\" \/>\n\t<meta name=\"twitter:data2\" content=\"2 minutes\" \/>\n<script type=\"application\/ld+json\" class=\"yoast-schema-graph\">{\"@context\":\"https:\\\/\\\/schema.org\",\"@graph\":[{\"@type\":\"Article\",\"@id\":\"https:\\\/\\\/interamerica.org\\\/fr\\\/2005\\\/06\\\/jamaique-centrale-les-jeunes-adventistes-travaillent-ensemble-pour-realiser-un-impact-sur-la-communaute\\\/#article\",\"isPartOf\":{\"@id\":\"https:\\\/\\\/interamerica.org\\\/fr\\\/2005\\\/06\\\/jamaique-centrale-les-jeunes-adventistes-travaillent-ensemble-pour-realiser-un-impact-sur-la-communaute\\\/\"},\"author\":{\"name\":\"Lorenzo Verduzco\",\"@id\":\"https:\\\/\\\/interamerica.org\\\/fr\\\/#\\\/schema\\\/person\\\/68ede8bdc292885bb76c1e3810e73c39\"},\"headline\":\"Jamaique Centrale:\u00a0 Les Jeunes Adventistes Travaillent Ensemble pour R\u00e9aliser un Impact sur la Communaut\u00e9\u00a0\",\"datePublished\":\"2005-06-01T04:00:00+00:00\",\"dateModified\":\"2017-06-02T17:20:06+00:00\",\"mainEntityOfPage\":{\"@id\":\"https:\\\/\\\/interamerica.org\\\/fr\\\/2005\\\/06\\\/jamaique-centrale-les-jeunes-adventistes-travaillent-ensemble-pour-realiser-un-impact-sur-la-communaute\\\/\"},\"wordCount\":520,\"articleSection\":[\"Archive\"],\"inLanguage\":\"fr-FR\"},{\"@type\":\"WebPage\",\"@id\":\"https:\\\/\\\/interamerica.org\\\/fr\\\/2005\\\/06\\\/jamaique-centrale-les-jeunes-adventistes-travaillent-ensemble-pour-realiser-un-impact-sur-la-communaute\\\/\",\"url\":\"https:\\\/\\\/interamerica.org\\\/fr\\\/2005\\\/06\\\/jamaique-centrale-les-jeunes-adventistes-travaillent-ensemble-pour-realiser-un-impact-sur-la-communaute\\\/\",\"name\":\"Jamaique Centrale:\u00a0 Les Jeunes Adventistes Travaillent Ensemble pour R\u00e9aliser un Impact sur la Communaut\u00e9\u00a0 - \u00c9glise Adventiste Du Septieme Jour - Inter Am\u00e9rique Division\",\"isPartOf\":{\"@id\":\"https:\\\/\\\/interamerica.org\\\/fr\\\/#website\"},\"datePublished\":\"2005-06-01T04:00:00+00:00\",\"dateModified\":\"2017-06-02T17:20:06+00:00\",\"author\":{\"@id\":\"https:\\\/\\\/interamerica.org\\\/fr\\\/#\\\/schema\\\/person\\\/68ede8bdc292885bb76c1e3810e73c39\"},\"breadcrumb\":{\"@id\":\"https:\\\/\\\/interamerica.org\\\/fr\\\/2005\\\/06\\\/jamaique-centrale-les-jeunes-adventistes-travaillent-ensemble-pour-realiser-un-impact-sur-la-communaute\\\/#breadcrumb\"},\"inLanguage\":\"fr-FR\",\"potentialAction\":[{\"@type\":\"ReadAction\",\"target\":[\"https:\\\/\\\/interamerica.org\\\/fr\\\/2005\\\/06\\\/jamaique-centrale-les-jeunes-adventistes-travaillent-ensemble-pour-realiser-un-impact-sur-la-communaute\\\/\"]}]},{\"@type\":\"BreadcrumbList\",\"@id\":\"https:\\\/\\\/interamerica.org\\\/fr\\\/2005\\\/06\\\/jamaique-centrale-les-jeunes-adventistes-travaillent-ensemble-pour-realiser-un-impact-sur-la-communaute\\\/#breadcrumb\",\"itemListElement\":[{\"@type\":\"ListItem\",\"position\":1,\"name\":\"Home\",\"item\":\"https:\\\/\\\/interamerica.org\\\/fr\\\/\"},{\"@type\":\"ListItem\",\"position\":2,\"name\":\"Jamaique Centrale:\u00a0 Les Jeunes Adventistes Travaillent Ensemble pour R\u00e9aliser un Impact sur la Communaut\u00e9\u00a0\"}]},{\"@type\":\"WebSite\",\"@id\":\"https:\\\/\\\/interamerica.org\\\/fr\\\/#website\",\"url\":\"https:\\\/\\\/interamerica.org\\\/fr\\\/\",\"name\":\"\u00c9glise Adventiste Du Septieme Jour - Inter Am\u00e9rique Division\",\"description\":\"\",\"potentialAction\":[{\"@type\":\"SearchAction\",\"target\":{\"@type\":\"EntryPoint\",\"urlTemplate\":\"https:\\\/\\\/interamerica.org\\\/fr\\\/?s={search_term_string}\"},\"query-input\":{\"@type\":\"PropertyValueSpecification\",\"valueRequired\":true,\"valueName\":\"search_term_string\"}}],\"inLanguage\":\"fr-FR\"},{\"@type\":\"Person\",\"@id\":\"https:\\\/\\\/interamerica.org\\\/fr\\\/#\\\/schema\\\/person\\\/68ede8bdc292885bb76c1e3810e73c39\",\"name\":\"Lorenzo Verduzco\",\"image\":{\"@type\":\"ImageObject\",\"inLanguage\":\"fr-FR\",\"@id\":\"https:\\\/\\\/secure.gravatar.com\\\/avatar\\\/fb81a55b6218459490a9c1dc841a34909185b81904c5337b4b27f7a6fd60c49e?s=96&d=mm&r=g\",\"url\":\"https:\\\/\\\/secure.gravatar.com\\\/avatar\\\/fb81a55b6218459490a9c1dc841a34909185b81904c5337b4b27f7a6fd60c49e?s=96&d=mm&r=g\",\"contentUrl\":\"https:\\\/\\\/secure.gravatar.com\\\/avatar\\\/fb81a55b6218459490a9c1dc841a34909185b81904c5337b4b27f7a6fd60c49e?s=96&d=mm&r=g\",\"caption\":\"Lorenzo Verduzco\"}}]}<\/script>\n<!-- \/ Yoast SEO plugin. -->","yoast_head_json":{"title":"Jamaique Centrale:\u00a0 Les Jeunes Adventistes Travaillent Ensemble pour R\u00e9aliser un Impact sur la Communaut\u00e9\u00a0 - \u00c9glise Adventiste Du Septieme Jour - Inter Am\u00e9rique Division","robots":{"index":"index","follow":"follow","max-snippet":"max-snippet:-1","max-image-preview":"max-image-preview:large","max-video-preview":"max-video-preview:-1"},"canonical":"https:\/\/interamerica.org\/fr\/2005\/06\/jamaique-centrale-les-jeunes-adventistes-travaillent-ensemble-pour-realiser-un-impact-sur-la-communaute\/","og_locale":"fr_FR","og_type":"article","og_title":"Jamaique Centrale:\u00a0 Les Jeunes Adventistes Travaillent Ensemble pour R\u00e9aliser un Impact sur la Communaut\u00e9\u00a0 - \u00c9glise Adventiste Du Septieme Jour - Inter Am\u00e9rique Division","og_description":"Les jeunes Adventistes \u00e0 travers l'\u00e9glise du Centre de la Jamaique se\u00a0pr\u00e9parent activement\u00a0\u00e0\u00a0\u00eatre de meilleurs Chr\u00e9tiens, atteindre la communaut\u00e9\u00a0et faire entendre leurs voix en participant au Congr\u00e8s des Jeunes","og_url":"https:\/\/interamerica.org\/fr\/2005\/06\/jamaique-centrale-les-jeunes-adventistes-travaillent-ensemble-pour-realiser-un-impact-sur-la-communaute\/","og_site_name":"\u00c9glise Adventiste Du Septieme Jour - Inter Am\u00e9rique Division","article_published_time":"2005-06-01T04:00:00+00:00","article_modified_time":"2017-06-02T17:20:06+00:00","author":"Lorenzo Verduzco","twitter_card":"summary_large_image","twitter_misc":{"\u00c9crit par":"Lorenzo Verduzco","Dur\u00e9e de lecture estim\u00e9e":"2 minutes"},"schema":{"@context":"https:\/\/schema.org","@graph":[{"@type":"Article","@id":"https:\/\/interamerica.org\/fr\/2005\/06\/jamaique-centrale-les-jeunes-adventistes-travaillent-ensemble-pour-realiser-un-impact-sur-la-communaute\/#article","isPartOf":{"@id":"https:\/\/interamerica.org\/fr\/2005\/06\/jamaique-centrale-les-jeunes-adventistes-travaillent-ensemble-pour-realiser-un-impact-sur-la-communaute\/"},"author":{"name":"Lorenzo Verduzco","@id":"https:\/\/interamerica.org\/fr\/#\/schema\/person\/68ede8bdc292885bb76c1e3810e73c39"},"headline":"Jamaique Centrale:\u00a0 Les Jeunes Adventistes Travaillent Ensemble pour R\u00e9aliser un Impact sur la Communaut\u00e9\u00a0","datePublished":"2005-06-01T04:00:00+00:00","dateModified":"2017-06-02T17:20:06+00:00","mainEntityOfPage":{"@id":"https:\/\/interamerica.org\/fr\/2005\/06\/jamaique-centrale-les-jeunes-adventistes-travaillent-ensemble-pour-realiser-un-impact-sur-la-communaute\/"},"wordCount":520,"articleSection":["Archive"],"inLanguage":"fr-FR"},{"@type":"WebPage","@id":"https:\/\/interamerica.org\/fr\/2005\/06\/jamaique-centrale-les-jeunes-adventistes-travaillent-ensemble-pour-realiser-un-impact-sur-la-communaute\/","url":"https:\/\/interamerica.org\/fr\/2005\/06\/jamaique-centrale-les-jeunes-adventistes-travaillent-ensemble-pour-realiser-un-impact-sur-la-communaute\/","name":"Jamaique Centrale:\u00a0 Les Jeunes Adventistes Travaillent Ensemble pour R\u00e9aliser un Impact sur la Communaut\u00e9\u00a0 - \u00c9glise Adventiste Du Septieme Jour - Inter Am\u00e9rique Division","isPartOf":{"@id":"https:\/\/interamerica.org\/fr\/#website"},"datePublished":"2005-06-01T04:00:00+00:00","dateModified":"2017-06-02T17:20:06+00:00","author":{"@id":"https:\/\/interamerica.org\/fr\/#\/schema\/person\/68ede8bdc292885bb76c1e3810e73c39"},"breadcrumb":{"@id":"https:\/\/interamerica.org\/fr\/2005\/06\/jamaique-centrale-les-jeunes-adventistes-travaillent-ensemble-pour-realiser-un-impact-sur-la-communaute\/#breadcrumb"},"inLanguage":"fr-FR","potentialAction":[{"@type":"ReadAction","target":["https:\/\/interamerica.org\/fr\/2005\/06\/jamaique-centrale-les-jeunes-adventistes-travaillent-ensemble-pour-realiser-un-impact-sur-la-communaute\/"]}]},{"@type":"BreadcrumbList","@id":"https:\/\/interamerica.org\/fr\/2005\/06\/jamaique-centrale-les-jeunes-adventistes-travaillent-ensemble-pour-realiser-un-impact-sur-la-communaute\/#breadcrumb","itemListElement":[{"@type":"ListItem","position":1,"name":"Home","item":"https:\/\/interamerica.org\/fr\/"},{"@type":"ListItem","position":2,"name":"Jamaique Centrale:\u00a0 Les Jeunes Adventistes Travaillent Ensemble pour R\u00e9aliser un Impact sur la Communaut\u00e9\u00a0"}]},{"@type":"WebSite","@id":"https:\/\/interamerica.org\/fr\/#website","url":"https:\/\/interamerica.org\/fr\/","name":"\u00c9glise Adventiste Du Septieme Jour - Inter Am\u00e9rique Division","description":"","potentialAction":[{"@type":"SearchAction","target":{"@type":"EntryPoint","urlTemplate":"https:\/\/interamerica.org\/fr\/?s={search_term_string}"},"query-input":{"@type":"PropertyValueSpecification","valueRequired":true,"valueName":"search_term_string"}}],"inLanguage":"fr-FR"},{"@type":"Person","@id":"https:\/\/interamerica.org\/fr\/#\/schema\/person\/68ede8bdc292885bb76c1e3810e73c39","name":"Lorenzo Verduzco","image":{"@type":"ImageObject","inLanguage":"fr-FR","@id":"https:\/\/secure.gravatar.com\/avatar\/fb81a55b6218459490a9c1dc841a34909185b81904c5337b4b27f7a6fd60c49e?s=96&d=mm&r=g","url":"https:\/\/secure.gravatar.com\/avatar\/fb81a55b6218459490a9c1dc841a34909185b81904c5337b4b27f7a6fd60c49e?s=96&d=mm&r=g","contentUrl":"https:\/\/secure.gravatar.com\/avatar\/fb81a55b6218459490a9c1dc841a34909185b81904c5337b4b27f7a6fd60c49e?s=96&d=mm&r=g","caption":"Lorenzo Verduzco"}}]}},"_links":{"self":[{"href":"https:\/\/interamerica.org\/fr\/wp-json\/wp\/v2\/posts\/12356","targetHints":{"allow":["GET"]}}],"collection":[{"href":"https:\/\/interamerica.org\/fr\/wp-json\/wp\/v2\/posts"}],"about":[{"href":"https:\/\/interamerica.org\/fr\/wp-json\/wp\/v2\/types\/post"}],"author":[{"embeddable":true,"href":"https:\/\/interamerica.org\/fr\/wp-json\/wp\/v2\/users\/1"}],"replies":[{"embeddable":true,"href":"https:\/\/interamerica.org\/fr\/wp-json\/wp\/v2\/comments?post=12356"}],"version-history":[{"count":0,"href":"https:\/\/interamerica.org\/fr\/wp-json\/wp\/v2\/posts\/12356\/revisions"}],"wp:attachment":[{"href":"https:\/\/interamerica.org\/fr\/wp-json\/wp\/v2\/media?parent=12356"}],"wp:term":[{"taxonomy":"category","embeddable":true,"href":"https:\/\/interamerica.org\/fr\/wp-json\/wp\/v2\/categories?post=12356"},{"taxonomy":"post_tag","embeddable":true,"href":"https:\/\/interamerica.org\/fr\/wp-json\/wp\/v2\/tags?post=12356"}],"curies":[{"name":"wp","href":"https:\/\/api.w.org\/{rel}","templated":true}]}}