{"id":12357,"date":"2005-06-06T00:00:00","date_gmt":"2005-06-06T04:00:00","guid":{"rendered":"http:\/\/192.81.217.108\/interamerica\/2005\/06\/venezuela-un-accident-de-voiture-a-reclame-5-vies-une-personne-est-dans-un-etat-critique\/"},"modified":"2017-06-02T13:20:06","modified_gmt":"2017-06-02T17:20:06","slug":"venezuela-un-accident-de-voiture-a-reclame-5-vies-une-personne-est-dans-un-etat-critique","status":"publish","type":"post","link":"https:\/\/interamerica.org\/fr\/2005\/06\/venezuela-un-accident-de-voiture-a-reclame-5-vies-une-personne-est-dans-un-etat-critique\/","title":{"rendered":"V\u00e9n\u00e9zuela:\u00a0 Un Accident de Voiture a R\u00e9clam\u00e9 5 Vies, Une Personne\u00a0Est dans un\u00a0Etat Critique"},"content":{"rendered":"<p>Barquisimeto, V\u00e9n\u00e9zuela&#8230;(Libna Stevens\/IAD<\/p>\n<p>L&rsquo;Eglise Adventiste du Septi\u00e8me jour au V\u00e9n\u00e9zuela et de toute\u00a0l&rsquo;Inter Am\u00e9rique d\u00e9plore la perte de cinq de ses membres par suite d&rsquo;un tragique accident de voiture le vendredi 3 juin.\u00a0 Parmi les morts on compte trois femmes et deux enfants.\u00a0 Une femme est dans un \u00e9tat critique.<\/p>\n<p>\u00ab\u00a0Notre Division a souffert de cette perte, d&rsquo;autant que ces fid\u00e8les ouvriers \u00e9taient sur le chemin du devoir.\u00a0 Nous pr\u00e9sentons nos sinc\u00e8res condol\u00e9ances \u00e0 l&rsquo;\u00e9glise du V\u00e9n\u00e9zuela et sp\u00e9cialement aux familles de ces minist\u00e8res qui ont subi cette grande perte.\u00a0\u00bb\u00a0 pr\u00e9cise le Pasteur Israel Leito, pr\u00e9sident de l&rsquo;\u00e9glise de l&rsquo;Inter-Am\u00e9rique.\u00a0<\/p>\n<p>L&rsquo;accident est survenu alors que des centaines de dirigeants de l&rsquo;\u00e9glise et leurs enfants voyageaient en autobus et en\u00a0voiture de la ville de Barquisimeto\u00a0\u00e0 Barinas \u00e0 l&rsquo;occasion d&rsquo;une r\u00e9union du\u00a0minist\u00e8re des enfants patronn\u00e9e par la Conf\u00e9rence Centrale de l&rsquo;Ouest du V\u00e9n\u00e9zuela.\u00a0 D&rsquo;apr\u00e8s un rapport des t\u00e9moins occulaires, les victimes conduisaient une voiture Renault qui a \u00e9t\u00e9 heurt\u00e9e de plein fouet par une Toyota Camry hors de contr\u00f4le.<\/p>\n<p>\u00ab\u00a0L&rsquo;Eglise\u00a0des Adventistes du Septi\u00e8me jour exprime un message de condol\u00e9ances et d&rsquo;espoir \u00e0 toutes les familles qui ont subi cette perte dans le territoire central de l&rsquo;ouest,\u00a0\u00bb rapporte Rodolfo Escobar, Vice pr\u00e9sident et directeur des communications de l&rsquo;\u00e9glise au V\u00e9n\u00e9zuela.<\/p>\n<p>Du nombre des victimes on pouvait identifier Gloria Linarez, qui \u00e9tait directrice du minist\u00e8re des enfants et de la femme de la r\u00e9gion centrale de l&rsquo;ouest et sa fille Maribel Linarez; Celilia Rojas Manrique, ancienne directrice du minist\u00e8re de la femme; Laura, \u00e2g\u00e9 de 10 ans et son fr\u00e8re Jesus Gabriel Fernandez, \u00e2g\u00e9 de 4 ans.\u00a0 La seule survivante \u00e9tait Lorena Fernandez, m\u00e8re des deux enfants qui ont \u00e9t\u00e9 tu\u00e9s.\u00a0 Fernandez a subi une op\u00e9ration apr\u00e8s l&rsquo;accident.<\/p>\n<p>Les services fun\u00e8bres des victimes ont eu lieu\u00a0Sabbat et dimanche,\u00a0o\u00f9 des centaines de dirigeants de l&rsquo;\u00e9glise et des autobus remplis de membres venus de partout \u00e0 travers le pays y avaient assist\u00e9s.<\/p>\n<p>\u00ab\u00a0Nous sommes encore\u00a0sous le choc par suite de cette trag\u00e9die,\u00a0\u00bb avance Pasteur Vladimir Kabas, pr\u00e9sident de l&rsquo;\u00e9glise dans la r\u00e9gion centrale de l&rsquo;ouest du V\u00e9n\u00e9zuela.\u00a0 \u00ab\u00a0Il n&rsquo;y a pas de mots pour exprimer la perte de tant de vies.\u00a0 Nous avons perdu une excellente dirigeante dans la personne de Gloria de Linares qui \u00e9tait une\u00a0dirigeante formidable\u00a0et fut aussi ma secr\u00e9taire,\u00a0\u00bb a-t-il ajout\u00e9.<\/p>\n<p>\u00ab\u00a0Nous r\u00e9clamons les pri\u00e8res de nos fr\u00e8res et soeurs de toute la Division \u00e0 l&rsquo;occasion de cette perte,\u00a0\u00bb ajoute Pasteur Kabas.<\/p>\n<p>Les dirigeants de l&rsquo;Eglise du V\u00e9n\u00e9zuela ont d\u00e9clar\u00e9 les 6 et7 juin journ\u00e9es de deuil pour les 600 \u00e9glises et congr\u00e9gations du V\u00e9n\u00e9zuela.<\/p>\n<p>Une \u00e9quipe compos\u00e9e d&rsquo;agents param\u00e9dicaux, de conseillers et de pasteurs a \u00e9t\u00e9 organis\u00e9e pour fournir des conseils aux familles des victimes et aux gens qui ont assist\u00e9 \u00e0 l&rsquo;accident.\u00a0<\/p>\n<p>\u00a0 <\/p>\n","protected":false},"excerpt":{"rendered":"<p>L&rsquo;Eglise Adventiste du Septi\u00e8me jour au V\u00e9n\u00e9zuela ainsi que celle de l&rsquo;Inter Am\u00e9rique d\u00e9plorent la perte de cinq de ses membres par suite d&rsquo;un tragique accident de voiture le vendredi 3 juin.\u00a0<\/p>\n","protected":false},"author":1,"featured_media":0,"comment_status":"closed","ping_status":"closed","sticky":false,"template":"","format":"standard","meta":{"_acf_changed":false,"footnotes":""},"categories":[9],"tags":[],"class_list":["post-12357","post","type-post","status-publish","format-standard","hentry","category-archive-fr"],"acf":[],"yoast_head":"<!-- This site is optimized with the Yoast SEO plugin v27.3 - https:\/\/yoast.com\/product\/yoast-seo-wordpress\/ -->\n<title>V\u00e9n\u00e9zuela:\u00a0 Un Accident de Voiture a R\u00e9clam\u00e9 5 Vies, Une Personne\u00a0Est dans un\u00a0Etat Critique - \u00c9glise Adventiste Du Septieme Jour - Inter Am\u00e9rique Division<\/title>\n<meta name=\"robots\" content=\"index, follow, max-snippet:-1, max-image-preview:large, max-video-preview:-1\" \/>\n<link rel=\"canonical\" href=\"https:\/\/interamerica.org\/fr\/2005\/06\/venezuela-un-accident-de-voiture-a-reclame-5-vies-une-personne-est-dans-un-etat-critique\/\" \/>\n<meta property=\"og:locale\" content=\"fr_FR\" \/>\n<meta property=\"og:type\" content=\"article\" \/>\n<meta property=\"og:title\" content=\"V\u00e9n\u00e9zuela:\u00a0 Un Accident de Voiture a R\u00e9clam\u00e9 5 Vies, Une Personne\u00a0Est dans un\u00a0Etat Critique - \u00c9glise Adventiste Du Septieme Jour - Inter Am\u00e9rique Division\" \/>\n<meta property=\"og:description\" content=\"L&#039;Eglise Adventiste du Septi\u00e8me jour au V\u00e9n\u00e9zuela ainsi que celle de l&#039;Inter Am\u00e9rique d\u00e9plorent la perte de cinq de ses membres par suite d&#039;un tragique accident de voiture le vendredi 3 juin.\u00a0\" \/>\n<meta property=\"og:url\" content=\"https:\/\/interamerica.org\/fr\/2005\/06\/venezuela-un-accident-de-voiture-a-reclame-5-vies-une-personne-est-dans-un-etat-critique\/\" \/>\n<meta property=\"og:site_name\" content=\"\u00c9glise Adventiste Du Septieme Jour - Inter Am\u00e9rique Division\" \/>\n<meta property=\"article:published_time\" content=\"2005-06-06T04:00:00+00:00\" \/>\n<meta property=\"article:modified_time\" content=\"2017-06-02T17:20:06+00:00\" \/>\n<meta name=\"author\" content=\"Lorenzo Verduzco\" \/>\n<meta name=\"twitter:card\" content=\"summary_large_image\" \/>\n<meta name=\"twitter:label1\" content=\"\u00c9crit par\" \/>\n\t<meta name=\"twitter:data1\" content=\"Lorenzo Verduzco\" \/>\n\t<meta name=\"twitter:label2\" content=\"Dur\u00e9e de lecture estim\u00e9e\" \/>\n\t<meta name=\"twitter:data2\" content=\"3 minutes\" \/>\n<script type=\"application\/ld+json\" class=\"yoast-schema-graph\">{\"@context\":\"https:\\\/\\\/schema.org\",\"@graph\":[{\"@type\":\"Article\",\"@id\":\"https:\\\/\\\/interamerica.org\\\/fr\\\/2005\\\/06\\\/venezuela-un-accident-de-voiture-a-reclame-5-vies-une-personne-est-dans-un-etat-critique\\\/#article\",\"isPartOf\":{\"@id\":\"https:\\\/\\\/interamerica.org\\\/fr\\\/2005\\\/06\\\/venezuela-un-accident-de-voiture-a-reclame-5-vies-une-personne-est-dans-un-etat-critique\\\/\"},\"author\":{\"name\":\"Lorenzo Verduzco\",\"@id\":\"https:\\\/\\\/interamerica.org\\\/fr\\\/#\\\/schema\\\/person\\\/68ede8bdc292885bb76c1e3810e73c39\"},\"headline\":\"V\u00e9n\u00e9zuela:\u00a0 Un Accident de Voiture a R\u00e9clam\u00e9 5 Vies, Une Personne\u00a0Est dans un\u00a0Etat Critique\",\"datePublished\":\"2005-06-06T04:00:00+00:00\",\"dateModified\":\"2017-06-02T17:20:06+00:00\",\"mainEntityOfPage\":{\"@id\":\"https:\\\/\\\/interamerica.org\\\/fr\\\/2005\\\/06\\\/venezuela-un-accident-de-voiture-a-reclame-5-vies-une-personne-est-dans-un-etat-critique\\\/\"},\"wordCount\":558,\"articleSection\":[\"Archive\"],\"inLanguage\":\"fr-FR\"},{\"@type\":\"WebPage\",\"@id\":\"https:\\\/\\\/interamerica.org\\\/fr\\\/2005\\\/06\\\/venezuela-un-accident-de-voiture-a-reclame-5-vies-une-personne-est-dans-un-etat-critique\\\/\",\"url\":\"https:\\\/\\\/interamerica.org\\\/fr\\\/2005\\\/06\\\/venezuela-un-accident-de-voiture-a-reclame-5-vies-une-personne-est-dans-un-etat-critique\\\/\",\"name\":\"V\u00e9n\u00e9zuela:\u00a0 Un Accident de Voiture a R\u00e9clam\u00e9 5 Vies, Une Personne\u00a0Est dans un\u00a0Etat Critique - \u00c9glise Adventiste Du Septieme Jour - Inter Am\u00e9rique Division\",\"isPartOf\":{\"@id\":\"https:\\\/\\\/interamerica.org\\\/fr\\\/#website\"},\"datePublished\":\"2005-06-06T04:00:00+00:00\",\"dateModified\":\"2017-06-02T17:20:06+00:00\",\"author\":{\"@id\":\"https:\\\/\\\/interamerica.org\\\/fr\\\/#\\\/schema\\\/person\\\/68ede8bdc292885bb76c1e3810e73c39\"},\"breadcrumb\":{\"@id\":\"https:\\\/\\\/interamerica.org\\\/fr\\\/2005\\\/06\\\/venezuela-un-accident-de-voiture-a-reclame-5-vies-une-personne-est-dans-un-etat-critique\\\/#breadcrumb\"},\"inLanguage\":\"fr-FR\",\"potentialAction\":[{\"@type\":\"ReadAction\",\"target\":[\"https:\\\/\\\/interamerica.org\\\/fr\\\/2005\\\/06\\\/venezuela-un-accident-de-voiture-a-reclame-5-vies-une-personne-est-dans-un-etat-critique\\\/\"]}]},{\"@type\":\"BreadcrumbList\",\"@id\":\"https:\\\/\\\/interamerica.org\\\/fr\\\/2005\\\/06\\\/venezuela-un-accident-de-voiture-a-reclame-5-vies-une-personne-est-dans-un-etat-critique\\\/#breadcrumb\",\"itemListElement\":[{\"@type\":\"ListItem\",\"position\":1,\"name\":\"Home\",\"item\":\"https:\\\/\\\/interamerica.org\\\/fr\\\/\"},{\"@type\":\"ListItem\",\"position\":2,\"name\":\"V\u00e9n\u00e9zuela:\u00a0 Un Accident de Voiture a R\u00e9clam\u00e9 5 Vies, Une Personne\u00a0Est dans un\u00a0Etat Critique\"}]},{\"@type\":\"WebSite\",\"@id\":\"https:\\\/\\\/interamerica.org\\\/fr\\\/#website\",\"url\":\"https:\\\/\\\/interamerica.org\\\/fr\\\/\",\"name\":\"\u00c9glise Adventiste Du Septieme Jour - Inter Am\u00e9rique Division\",\"description\":\"\",\"potentialAction\":[{\"@type\":\"SearchAction\",\"target\":{\"@type\":\"EntryPoint\",\"urlTemplate\":\"https:\\\/\\\/interamerica.org\\\/fr\\\/?s={search_term_string}\"},\"query-input\":{\"@type\":\"PropertyValueSpecification\",\"valueRequired\":true,\"valueName\":\"search_term_string\"}}],\"inLanguage\":\"fr-FR\"},{\"@type\":\"Person\",\"@id\":\"https:\\\/\\\/interamerica.org\\\/fr\\\/#\\\/schema\\\/person\\\/68ede8bdc292885bb76c1e3810e73c39\",\"name\":\"Lorenzo Verduzco\",\"image\":{\"@type\":\"ImageObject\",\"inLanguage\":\"fr-FR\",\"@id\":\"https:\\\/\\\/secure.gravatar.com\\\/avatar\\\/fb81a55b6218459490a9c1dc841a34909185b81904c5337b4b27f7a6fd60c49e?s=96&d=mm&r=g\",\"url\":\"https:\\\/\\\/secure.gravatar.com\\\/avatar\\\/fb81a55b6218459490a9c1dc841a34909185b81904c5337b4b27f7a6fd60c49e?s=96&d=mm&r=g\",\"contentUrl\":\"https:\\\/\\\/secure.gravatar.com\\\/avatar\\\/fb81a55b6218459490a9c1dc841a34909185b81904c5337b4b27f7a6fd60c49e?s=96&d=mm&r=g\",\"caption\":\"Lorenzo Verduzco\"}}]}<\/script>\n<!-- \/ Yoast SEO plugin. -->","yoast_head_json":{"title":"V\u00e9n\u00e9zuela:\u00a0 Un Accident de Voiture a R\u00e9clam\u00e9 5 Vies, Une Personne\u00a0Est dans un\u00a0Etat Critique - \u00c9glise Adventiste Du Septieme Jour - Inter Am\u00e9rique Division","robots":{"index":"index","follow":"follow","max-snippet":"max-snippet:-1","max-image-preview":"max-image-preview:large","max-video-preview":"max-video-preview:-1"},"canonical":"https:\/\/interamerica.org\/fr\/2005\/06\/venezuela-un-accident-de-voiture-a-reclame-5-vies-une-personne-est-dans-un-etat-critique\/","og_locale":"fr_FR","og_type":"article","og_title":"V\u00e9n\u00e9zuela:\u00a0 Un Accident de Voiture a R\u00e9clam\u00e9 5 Vies, Une Personne\u00a0Est dans un\u00a0Etat Critique - \u00c9glise Adventiste Du Septieme Jour - Inter Am\u00e9rique Division","og_description":"L'Eglise Adventiste du Septi\u00e8me jour au V\u00e9n\u00e9zuela ainsi que celle de l'Inter Am\u00e9rique d\u00e9plorent la perte de cinq de ses membres par suite d'un tragique accident de voiture le vendredi 3 juin.\u00a0","og_url":"https:\/\/interamerica.org\/fr\/2005\/06\/venezuela-un-accident-de-voiture-a-reclame-5-vies-une-personne-est-dans-un-etat-critique\/","og_site_name":"\u00c9glise Adventiste Du Septieme Jour - Inter Am\u00e9rique Division","article_published_time":"2005-06-06T04:00:00+00:00","article_modified_time":"2017-06-02T17:20:06+00:00","author":"Lorenzo Verduzco","twitter_card":"summary_large_image","twitter_misc":{"\u00c9crit par":"Lorenzo Verduzco","Dur\u00e9e de lecture estim\u00e9e":"3 minutes"},"schema":{"@context":"https:\/\/schema.org","@graph":[{"@type":"Article","@id":"https:\/\/interamerica.org\/fr\/2005\/06\/venezuela-un-accident-de-voiture-a-reclame-5-vies-une-personne-est-dans-un-etat-critique\/#article","isPartOf":{"@id":"https:\/\/interamerica.org\/fr\/2005\/06\/venezuela-un-accident-de-voiture-a-reclame-5-vies-une-personne-est-dans-un-etat-critique\/"},"author":{"name":"Lorenzo Verduzco","@id":"https:\/\/interamerica.org\/fr\/#\/schema\/person\/68ede8bdc292885bb76c1e3810e73c39"},"headline":"V\u00e9n\u00e9zuela:\u00a0 Un Accident de Voiture a R\u00e9clam\u00e9 5 Vies, Une Personne\u00a0Est dans un\u00a0Etat Critique","datePublished":"2005-06-06T04:00:00+00:00","dateModified":"2017-06-02T17:20:06+00:00","mainEntityOfPage":{"@id":"https:\/\/interamerica.org\/fr\/2005\/06\/venezuela-un-accident-de-voiture-a-reclame-5-vies-une-personne-est-dans-un-etat-critique\/"},"wordCount":558,"articleSection":["Archive"],"inLanguage":"fr-FR"},{"@type":"WebPage","@id":"https:\/\/interamerica.org\/fr\/2005\/06\/venezuela-un-accident-de-voiture-a-reclame-5-vies-une-personne-est-dans-un-etat-critique\/","url":"https:\/\/interamerica.org\/fr\/2005\/06\/venezuela-un-accident-de-voiture-a-reclame-5-vies-une-personne-est-dans-un-etat-critique\/","name":"V\u00e9n\u00e9zuela:\u00a0 Un Accident de Voiture a R\u00e9clam\u00e9 5 Vies, Une Personne\u00a0Est dans un\u00a0Etat Critique - \u00c9glise Adventiste Du Septieme Jour - Inter Am\u00e9rique Division","isPartOf":{"@id":"https:\/\/interamerica.org\/fr\/#website"},"datePublished":"2005-06-06T04:00:00+00:00","dateModified":"2017-06-02T17:20:06+00:00","author":{"@id":"https:\/\/interamerica.org\/fr\/#\/schema\/person\/68ede8bdc292885bb76c1e3810e73c39"},"breadcrumb":{"@id":"https:\/\/interamerica.org\/fr\/2005\/06\/venezuela-un-accident-de-voiture-a-reclame-5-vies-une-personne-est-dans-un-etat-critique\/#breadcrumb"},"inLanguage":"fr-FR","potentialAction":[{"@type":"ReadAction","target":["https:\/\/interamerica.org\/fr\/2005\/06\/venezuela-un-accident-de-voiture-a-reclame-5-vies-une-personne-est-dans-un-etat-critique\/"]}]},{"@type":"BreadcrumbList","@id":"https:\/\/interamerica.org\/fr\/2005\/06\/venezuela-un-accident-de-voiture-a-reclame-5-vies-une-personne-est-dans-un-etat-critique\/#breadcrumb","itemListElement":[{"@type":"ListItem","position":1,"name":"Home","item":"https:\/\/interamerica.org\/fr\/"},{"@type":"ListItem","position":2,"name":"V\u00e9n\u00e9zuela:\u00a0 Un Accident de Voiture a R\u00e9clam\u00e9 5 Vies, Une Personne\u00a0Est dans un\u00a0Etat Critique"}]},{"@type":"WebSite","@id":"https:\/\/interamerica.org\/fr\/#website","url":"https:\/\/interamerica.org\/fr\/","name":"\u00c9glise Adventiste Du Septieme Jour - Inter Am\u00e9rique Division","description":"","potentialAction":[{"@type":"SearchAction","target":{"@type":"EntryPoint","urlTemplate":"https:\/\/interamerica.org\/fr\/?s={search_term_string}"},"query-input":{"@type":"PropertyValueSpecification","valueRequired":true,"valueName":"search_term_string"}}],"inLanguage":"fr-FR"},{"@type":"Person","@id":"https:\/\/interamerica.org\/fr\/#\/schema\/person\/68ede8bdc292885bb76c1e3810e73c39","name":"Lorenzo Verduzco","image":{"@type":"ImageObject","inLanguage":"fr-FR","@id":"https:\/\/secure.gravatar.com\/avatar\/fb81a55b6218459490a9c1dc841a34909185b81904c5337b4b27f7a6fd60c49e?s=96&d=mm&r=g","url":"https:\/\/secure.gravatar.com\/avatar\/fb81a55b6218459490a9c1dc841a34909185b81904c5337b4b27f7a6fd60c49e?s=96&d=mm&r=g","contentUrl":"https:\/\/secure.gravatar.com\/avatar\/fb81a55b6218459490a9c1dc841a34909185b81904c5337b4b27f7a6fd60c49e?s=96&d=mm&r=g","caption":"Lorenzo Verduzco"}}]}},"_links":{"self":[{"href":"https:\/\/interamerica.org\/fr\/wp-json\/wp\/v2\/posts\/12357","targetHints":{"allow":["GET"]}}],"collection":[{"href":"https:\/\/interamerica.org\/fr\/wp-json\/wp\/v2\/posts"}],"about":[{"href":"https:\/\/interamerica.org\/fr\/wp-json\/wp\/v2\/types\/post"}],"author":[{"embeddable":true,"href":"https:\/\/interamerica.org\/fr\/wp-json\/wp\/v2\/users\/1"}],"replies":[{"embeddable":true,"href":"https:\/\/interamerica.org\/fr\/wp-json\/wp\/v2\/comments?post=12357"}],"version-history":[{"count":0,"href":"https:\/\/interamerica.org\/fr\/wp-json\/wp\/v2\/posts\/12357\/revisions"}],"wp:attachment":[{"href":"https:\/\/interamerica.org\/fr\/wp-json\/wp\/v2\/media?parent=12357"}],"wp:term":[{"taxonomy":"category","embeddable":true,"href":"https:\/\/interamerica.org\/fr\/wp-json\/wp\/v2\/categories?post=12357"},{"taxonomy":"post_tag","embeddable":true,"href":"https:\/\/interamerica.org\/fr\/wp-json\/wp\/v2\/tags?post=12357"}],"curies":[{"name":"wp","href":"https:\/\/api.w.org\/{rel}","templated":true}]}}