{"id":12358,"date":"2005-06-07T00:00:00","date_gmt":"2005-06-07T04:00:00","guid":{"rendered":"http:\/\/192.81.217.108\/interamerica\/2005\/06\/st-louis-missouri-accueille-la-session-mondiale-2005-de-leglise-adventiste-du-septieme-jour\/"},"modified":"2017-06-02T13:19:22","modified_gmt":"2017-06-02T17:19:22","slug":"st-louis-missouri-accueille-la-session-mondiale-2005-de-leglise-adventiste-du-septieme-jour","status":"publish","type":"post","link":"https:\/\/interamerica.org\/fr\/2005\/06\/st-louis-missouri-accueille-la-session-mondiale-2005-de-leglise-adventiste-du-septieme-jour\/","title":{"rendered":"St.Louis, Missouri Accueille la Session Mondiale 2005 de l&rsquo;Eglise Adventiste du Septi\u00e8me Jour\u00a0\u00a0\u00a0"},"content":{"rendered":"<p>Silver Spring, Maryland, United States&#8230;(ANN Staff)<\/p>\n<p>La Session mondiale de l&rsquo;Eglise Adventiste du Septi\u00e8me jour apportera une saveur internationale \u00e0 St. Louis, Missouri, le centre des Etats-Unis d&rsquo;Am\u00e9rique.\u00a0 Le rassemblement sera compos\u00e9 des\u00a0repr\u00e9sentants\u00a0de la grande famille Adventiste comptant 25 millions de par le monde entier, et se r\u00e9unira sous le th\u00e8me \u00ab\u00a0Transform\u00e9 en Christ.\u00a0\u00bb\u00a0<\/p>\n<p>L&rsquo;organisateur de la Session sera le Pasteur Jan Paulsen, pr\u00e9sident de l&rsquo;\u00e9glise mondiale, qui a partag\u00e9 ses pr\u00e9visions concernant\u00a0la r\u00e9union qui\u00a0sera \u00ab\u00a0un moment de grande rencontre fraternelle et de raffraichissement spirituel.\u00a0\u00bb\u00a0 Il a ajout\u00e9 que le th\u00e8me de l&rsquo;assembl\u00e9e de St. Louis \u00ab\u00a0tourne l&rsquo;attention\u00a0\u00bb sur l&rsquo;aspect spirituel de la session &#8212; ce sera une comm\u00e9moration de ce que le Christ a accompli dans nos vies, et un rappel que nous avons \u00e9t\u00e9 invit\u00e9s \u00e0 \u00eatre des agents de changement dans nos communaut\u00e9s.\u00a0\u00bb<\/p>\n<p>La session, qui sera tenue du 30 juin au 9 juillet, est avant tout une r\u00e9union d&rsquo;affaires de la famille de l&rsquo;\u00e9glise mondiale.\u00a0 Les dirigeants de la d\u00e9nomination sont \u00e9lus, les affaires de l&rsquo;\u00e9glise sont d\u00e9batues, et les d\u00e9cisions concernant l&rsquo;organisation sont souvent prises.\u00a0 Etant donn\u00e9 que\u00a0la \u00ab\u00a0mission\u00a0\u00bb principale de l&rsquo;Eglise Adventiste\u00a0est de pr\u00eacher l&rsquo;\u00e9vangile de J\u00e9sus Christ, cette question sera au coeur de\u00a0toutes les activit\u00e9s de la convocation, a ajout\u00e9 Paulsen.<\/p>\n<p>Au centre de tout ce que nous ferons, et de toutes nos d\u00e9cisions, il n&rsquo;y a vraiment qu&rsquo;un seul objectif:\u00a0 mieux pr\u00e9parer et \u00e9quiper notre \u00e9glise pour la mission \u00e0 laquelle Dieu nous a appell\u00e9s,\u00a0\u00bb a ajout\u00e9 Paulsen.\u00a0 \u00ab\u00a0Nous sommes essentiellement une communaut\u00e9 qui t\u00e9moigne, en vivant dans l&rsquo;attente du retour de notre Seigneur, J\u00e9sus Christ.\u00a0\u00bb<\/p>\n<p>Environ 2.000 d\u00e9l\u00e9gu\u00e9s \u00e9lecteurs\u00a0de par\u00a0 le monde seront r\u00e9unis au local de\u00a0\u00ab\u00a0America&rsquo;s\u00a0Center\/Edward Jones Dome\u00a0au bas de la ville de St. Louis pour participer aux r\u00e9unions qui d\u00e9termineront plusieurs des d\u00e9cisions administratives de l&rsquo;\u00e9glise pour la moiti\u00e9 de la prochaine d\u00e9cade.\u00a0 Ils recevront les rapports de la croissance de l&rsquo;\u00e9glise dans ces r\u00e9gions du monde o\u00f9 le message \u00ab\u00a0touche les intouchables,\u00a0\u00bb et\u00a0auront le privil\u00e8ge de rencontrer les coll\u00e8gues croyants et les ouvriers de\u00a0l&rsquo;oeuvre des autres contr\u00e9es.<\/p>\n<p>Les participants \u00e0 ces convocations mondiales ont souvent pr\u00e9f\u00e9r\u00e9\u00a0les programmes internationaux de l&rsquo;apr\u00e8s-midi, au cours desquels les\u00a0rapports\u00a0du monde entier sont pr\u00e9sent\u00e9s.\u00a0 D&rsquo;autres r\u00e9unions sp\u00e9ciales de la Session viseront \u00e0 promouvoir la conscientisation globale et la sensibilisation \u00e0\u00a0la communaut\u00e9 mondiale,\u00a0 ce qui fait partie de la mission des Adventistes \u00e0 travers le monde.<\/p>\n<p>Des points importants\u00a0de la r\u00e9union de 2005\u00a0\u00e0 St. Louis seront diffus\u00e9s sur le r\u00e9seau de la\u00a0T\u00e9l\u00e9vision Adventiste\u00a0et les autres moyens de communications, y compris la Radio Adventiste Mondiale.\u00a0 Des rapports r\u00e9guliers seront disponibles aux d\u00e9l\u00e9gu\u00e9s de la Session et des croyants de l&rsquo;oeuvre \u00e0 travers le monde par le moyen du bulletin hebdomadaire de l&rsquo;\u00e9glise, la Revue Adventiste, et de\u00a0la couverture de presse mondiale du \u00ab\u00a0Adventist News Network\u00a0\u00bb (R\u00e9seau Adventiste de Nouvelles).\u00a0\u00a0\u00a0\u00a0\u00a0\u00a0\u00a0\u00a0\u00a0<\/p>\n<p>Organis\u00e9e par la Conf\u00e9rence G\u00e9n\u00e9rale des Adventistes du Septi\u00e8me jour, la plus grande instance administrative de l&rsquo;\u00e9glise mondiale, la Session quinquennale mondiale sera la 58\u00e8me session de la d\u00e9nomination depuis sa premi\u00e8re tenue en 1863.\u00a0 La convocation de St. Louis est la plus r\u00e9cente \u00e0 \u00eatre tenue aux Etats-Unis depuis 15 ans.\u00a0 On\u00a0s&rsquo;attend, chaque jour,\u00a0\u00e0\u00a0un effectif\u00a0de plus de 10.000 personnes; et au cours des deux fins de semaine, plus de 70.00 personnes sont atendues.\u00a0<\/p>\n<p>A travers le monde, les Chr\u00e9tiens Adventistes sont parmi les \u00e9glises les plus florissantes.\u00a0 Les Adventistes travaillent dans 203\u00a0des 228 pays et r\u00e9gions reconnus des Nations Unies, et communiquent en 717 langues.\u00a0 L&rsquo;\u00e9glise dirige aussi l&rsquo;un des plus grands r\u00e9seaux Protestants du syst\u00e8me \u00e9ducatif au monde, avec 6.846 \u00e9coles du niveau \u00e9l\u00e9mentaire au niveau universitaire sur le plan mondial.\u00a0 De celles ci, 101 \u00e9tablissements sont des instituts et des universit\u00e9s, et plus d&rsquo;un million d&rsquo;\u00e9tudiants fr\u00e9quentent les institutions Adventistes chaque ann\u00e9e.<\/p>\n<p>Les r\u00e9unions de la Session sont ouvertes au public en g\u00e9n\u00e9ral.\u00a0 Les\u00a0informations suppl\u00e9mentaires peuvent\u00a0\u00eatre trouv\u00e9es sur le\u00a0<a  href=\"http:\/\/www.gcsession.org\">www.gcsession.org<\/a>.<\/p>\n<p>\u00a0\u00a0\u00a0<\/p>\n","protected":false},"excerpt":{"rendered":"<p>La Session mondiale de l&rsquo;Eglise Adventiste du Septi\u00e8me jour apportera une saveur internationale \u00e0 St. Louis, Missouri, le centre des Etats-Unis d&rsquo;Am\u00e9rique.\u00a0<\/p>\n","protected":false},"author":1,"featured_media":0,"comment_status":"closed","ping_status":"closed","sticky":false,"template":"","format":"standard","meta":{"_acf_changed":false,"footnotes":""},"categories":[9],"tags":[],"class_list":["post-12358","post","type-post","status-publish","format-standard","hentry","category-archive-fr"],"acf":[],"yoast_head":"<!-- This site is optimized with the Yoast SEO plugin v27.3 - https:\/\/yoast.com\/product\/yoast-seo-wordpress\/ -->\n<title>St.Louis, Missouri Accueille la Session Mondiale 2005 de l&#039;Eglise Adventiste du Septi\u00e8me Jour\u00a0\u00a0\u00a0 - \u00c9glise Adventiste Du Septieme Jour - Inter Am\u00e9rique Division<\/title>\n<meta name=\"robots\" content=\"index, follow, max-snippet:-1, max-image-preview:large, max-video-preview:-1\" \/>\n<link rel=\"canonical\" href=\"https:\/\/interamerica.org\/fr\/2005\/06\/st-louis-missouri-accueille-la-session-mondiale-2005-de-leglise-adventiste-du-septieme-jour\/\" \/>\n<meta property=\"og:locale\" content=\"fr_FR\" \/>\n<meta property=\"og:type\" content=\"article\" \/>\n<meta property=\"og:title\" content=\"St.Louis, Missouri Accueille la Session Mondiale 2005 de l&#039;Eglise Adventiste du Septi\u00e8me Jour\u00a0\u00a0\u00a0 - \u00c9glise Adventiste Du Septieme Jour - Inter Am\u00e9rique Division\" \/>\n<meta property=\"og:description\" content=\"La Session mondiale de l&#039;Eglise Adventiste du Septi\u00e8me jour apportera une saveur internationale \u00e0 St. Louis, Missouri, le centre des Etats-Unis d&#039;Am\u00e9rique.\u00a0\" \/>\n<meta property=\"og:url\" content=\"https:\/\/interamerica.org\/fr\/2005\/06\/st-louis-missouri-accueille-la-session-mondiale-2005-de-leglise-adventiste-du-septieme-jour\/\" \/>\n<meta property=\"og:site_name\" content=\"\u00c9glise Adventiste Du Septieme Jour - Inter Am\u00e9rique Division\" \/>\n<meta property=\"article:published_time\" content=\"2005-06-07T04:00:00+00:00\" \/>\n<meta property=\"article:modified_time\" content=\"2017-06-02T17:19:22+00:00\" \/>\n<meta name=\"author\" content=\"Lorenzo Verduzco\" \/>\n<meta name=\"twitter:card\" content=\"summary_large_image\" \/>\n<meta name=\"twitter:label1\" content=\"\u00c9crit par\" \/>\n\t<meta name=\"twitter:data1\" content=\"Lorenzo Verduzco\" \/>\n\t<meta name=\"twitter:label2\" content=\"Dur\u00e9e de lecture estim\u00e9e\" \/>\n\t<meta name=\"twitter:data2\" content=\"4 minutes\" \/>\n<script type=\"application\/ld+json\" class=\"yoast-schema-graph\">{\"@context\":\"https:\\\/\\\/schema.org\",\"@graph\":[{\"@type\":\"Article\",\"@id\":\"https:\\\/\\\/interamerica.org\\\/fr\\\/2005\\\/06\\\/st-louis-missouri-accueille-la-session-mondiale-2005-de-leglise-adventiste-du-septieme-jour\\\/#article\",\"isPartOf\":{\"@id\":\"https:\\\/\\\/interamerica.org\\\/fr\\\/2005\\\/06\\\/st-louis-missouri-accueille-la-session-mondiale-2005-de-leglise-adventiste-du-septieme-jour\\\/\"},\"author\":{\"name\":\"Lorenzo Verduzco\",\"@id\":\"https:\\\/\\\/interamerica.org\\\/fr\\\/#\\\/schema\\\/person\\\/68ede8bdc292885bb76c1e3810e73c39\"},\"headline\":\"St.Louis, Missouri Accueille la Session Mondiale 2005 de l&rsquo;Eglise Adventiste du Septi\u00e8me Jour\u00a0\u00a0\u00a0\",\"datePublished\":\"2005-06-07T04:00:00+00:00\",\"dateModified\":\"2017-06-02T17:19:22+00:00\",\"mainEntityOfPage\":{\"@id\":\"https:\\\/\\\/interamerica.org\\\/fr\\\/2005\\\/06\\\/st-louis-missouri-accueille-la-session-mondiale-2005-de-leglise-adventiste-du-septieme-jour\\\/\"},\"wordCount\":764,\"articleSection\":[\"Archive\"],\"inLanguage\":\"fr-FR\"},{\"@type\":\"WebPage\",\"@id\":\"https:\\\/\\\/interamerica.org\\\/fr\\\/2005\\\/06\\\/st-louis-missouri-accueille-la-session-mondiale-2005-de-leglise-adventiste-du-septieme-jour\\\/\",\"url\":\"https:\\\/\\\/interamerica.org\\\/fr\\\/2005\\\/06\\\/st-louis-missouri-accueille-la-session-mondiale-2005-de-leglise-adventiste-du-septieme-jour\\\/\",\"name\":\"St.Louis, Missouri Accueille la Session Mondiale 2005 de l'Eglise Adventiste du Septi\u00e8me Jour\u00a0\u00a0\u00a0 - \u00c9glise Adventiste Du Septieme Jour - Inter Am\u00e9rique Division\",\"isPartOf\":{\"@id\":\"https:\\\/\\\/interamerica.org\\\/fr\\\/#website\"},\"datePublished\":\"2005-06-07T04:00:00+00:00\",\"dateModified\":\"2017-06-02T17:19:22+00:00\",\"author\":{\"@id\":\"https:\\\/\\\/interamerica.org\\\/fr\\\/#\\\/schema\\\/person\\\/68ede8bdc292885bb76c1e3810e73c39\"},\"breadcrumb\":{\"@id\":\"https:\\\/\\\/interamerica.org\\\/fr\\\/2005\\\/06\\\/st-louis-missouri-accueille-la-session-mondiale-2005-de-leglise-adventiste-du-septieme-jour\\\/#breadcrumb\"},\"inLanguage\":\"fr-FR\",\"potentialAction\":[{\"@type\":\"ReadAction\",\"target\":[\"https:\\\/\\\/interamerica.org\\\/fr\\\/2005\\\/06\\\/st-louis-missouri-accueille-la-session-mondiale-2005-de-leglise-adventiste-du-septieme-jour\\\/\"]}]},{\"@type\":\"BreadcrumbList\",\"@id\":\"https:\\\/\\\/interamerica.org\\\/fr\\\/2005\\\/06\\\/st-louis-missouri-accueille-la-session-mondiale-2005-de-leglise-adventiste-du-septieme-jour\\\/#breadcrumb\",\"itemListElement\":[{\"@type\":\"ListItem\",\"position\":1,\"name\":\"Home\",\"item\":\"https:\\\/\\\/interamerica.org\\\/fr\\\/\"},{\"@type\":\"ListItem\",\"position\":2,\"name\":\"St.Louis, Missouri Accueille la Session Mondiale 2005 de l&rsquo;Eglise Adventiste du Septi\u00e8me Jour\u00a0\u00a0\u00a0\"}]},{\"@type\":\"WebSite\",\"@id\":\"https:\\\/\\\/interamerica.org\\\/fr\\\/#website\",\"url\":\"https:\\\/\\\/interamerica.org\\\/fr\\\/\",\"name\":\"\u00c9glise Adventiste Du Septieme Jour - Inter Am\u00e9rique Division\",\"description\":\"\",\"potentialAction\":[{\"@type\":\"SearchAction\",\"target\":{\"@type\":\"EntryPoint\",\"urlTemplate\":\"https:\\\/\\\/interamerica.org\\\/fr\\\/?s={search_term_string}\"},\"query-input\":{\"@type\":\"PropertyValueSpecification\",\"valueRequired\":true,\"valueName\":\"search_term_string\"}}],\"inLanguage\":\"fr-FR\"},{\"@type\":\"Person\",\"@id\":\"https:\\\/\\\/interamerica.org\\\/fr\\\/#\\\/schema\\\/person\\\/68ede8bdc292885bb76c1e3810e73c39\",\"name\":\"Lorenzo Verduzco\",\"image\":{\"@type\":\"ImageObject\",\"inLanguage\":\"fr-FR\",\"@id\":\"https:\\\/\\\/secure.gravatar.com\\\/avatar\\\/fb81a55b6218459490a9c1dc841a34909185b81904c5337b4b27f7a6fd60c49e?s=96&d=mm&r=g\",\"url\":\"https:\\\/\\\/secure.gravatar.com\\\/avatar\\\/fb81a55b6218459490a9c1dc841a34909185b81904c5337b4b27f7a6fd60c49e?s=96&d=mm&r=g\",\"contentUrl\":\"https:\\\/\\\/secure.gravatar.com\\\/avatar\\\/fb81a55b6218459490a9c1dc841a34909185b81904c5337b4b27f7a6fd60c49e?s=96&d=mm&r=g\",\"caption\":\"Lorenzo Verduzco\"}}]}<\/script>\n<!-- \/ Yoast SEO plugin. -->","yoast_head_json":{"title":"St.Louis, Missouri Accueille la Session Mondiale 2005 de l'Eglise Adventiste du Septi\u00e8me Jour\u00a0\u00a0\u00a0 - \u00c9glise Adventiste Du Septieme Jour - Inter Am\u00e9rique Division","robots":{"index":"index","follow":"follow","max-snippet":"max-snippet:-1","max-image-preview":"max-image-preview:large","max-video-preview":"max-video-preview:-1"},"canonical":"https:\/\/interamerica.org\/fr\/2005\/06\/st-louis-missouri-accueille-la-session-mondiale-2005-de-leglise-adventiste-du-septieme-jour\/","og_locale":"fr_FR","og_type":"article","og_title":"St.Louis, Missouri Accueille la Session Mondiale 2005 de l'Eglise Adventiste du Septi\u00e8me Jour\u00a0\u00a0\u00a0 - \u00c9glise Adventiste Du Septieme Jour - Inter Am\u00e9rique Division","og_description":"La Session mondiale de l'Eglise Adventiste du Septi\u00e8me jour apportera une saveur internationale \u00e0 St. Louis, Missouri, le centre des Etats-Unis d'Am\u00e9rique.\u00a0","og_url":"https:\/\/interamerica.org\/fr\/2005\/06\/st-louis-missouri-accueille-la-session-mondiale-2005-de-leglise-adventiste-du-septieme-jour\/","og_site_name":"\u00c9glise Adventiste Du Septieme Jour - Inter Am\u00e9rique Division","article_published_time":"2005-06-07T04:00:00+00:00","article_modified_time":"2017-06-02T17:19:22+00:00","author":"Lorenzo Verduzco","twitter_card":"summary_large_image","twitter_misc":{"\u00c9crit par":"Lorenzo Verduzco","Dur\u00e9e de lecture estim\u00e9e":"4 minutes"},"schema":{"@context":"https:\/\/schema.org","@graph":[{"@type":"Article","@id":"https:\/\/interamerica.org\/fr\/2005\/06\/st-louis-missouri-accueille-la-session-mondiale-2005-de-leglise-adventiste-du-septieme-jour\/#article","isPartOf":{"@id":"https:\/\/interamerica.org\/fr\/2005\/06\/st-louis-missouri-accueille-la-session-mondiale-2005-de-leglise-adventiste-du-septieme-jour\/"},"author":{"name":"Lorenzo Verduzco","@id":"https:\/\/interamerica.org\/fr\/#\/schema\/person\/68ede8bdc292885bb76c1e3810e73c39"},"headline":"St.Louis, Missouri Accueille la Session Mondiale 2005 de l&rsquo;Eglise Adventiste du Septi\u00e8me Jour\u00a0\u00a0\u00a0","datePublished":"2005-06-07T04:00:00+00:00","dateModified":"2017-06-02T17:19:22+00:00","mainEntityOfPage":{"@id":"https:\/\/interamerica.org\/fr\/2005\/06\/st-louis-missouri-accueille-la-session-mondiale-2005-de-leglise-adventiste-du-septieme-jour\/"},"wordCount":764,"articleSection":["Archive"],"inLanguage":"fr-FR"},{"@type":"WebPage","@id":"https:\/\/interamerica.org\/fr\/2005\/06\/st-louis-missouri-accueille-la-session-mondiale-2005-de-leglise-adventiste-du-septieme-jour\/","url":"https:\/\/interamerica.org\/fr\/2005\/06\/st-louis-missouri-accueille-la-session-mondiale-2005-de-leglise-adventiste-du-septieme-jour\/","name":"St.Louis, Missouri Accueille la Session Mondiale 2005 de l'Eglise Adventiste du Septi\u00e8me Jour\u00a0\u00a0\u00a0 - \u00c9glise Adventiste Du Septieme Jour - Inter Am\u00e9rique Division","isPartOf":{"@id":"https:\/\/interamerica.org\/fr\/#website"},"datePublished":"2005-06-07T04:00:00+00:00","dateModified":"2017-06-02T17:19:22+00:00","author":{"@id":"https:\/\/interamerica.org\/fr\/#\/schema\/person\/68ede8bdc292885bb76c1e3810e73c39"},"breadcrumb":{"@id":"https:\/\/interamerica.org\/fr\/2005\/06\/st-louis-missouri-accueille-la-session-mondiale-2005-de-leglise-adventiste-du-septieme-jour\/#breadcrumb"},"inLanguage":"fr-FR","potentialAction":[{"@type":"ReadAction","target":["https:\/\/interamerica.org\/fr\/2005\/06\/st-louis-missouri-accueille-la-session-mondiale-2005-de-leglise-adventiste-du-septieme-jour\/"]}]},{"@type":"BreadcrumbList","@id":"https:\/\/interamerica.org\/fr\/2005\/06\/st-louis-missouri-accueille-la-session-mondiale-2005-de-leglise-adventiste-du-septieme-jour\/#breadcrumb","itemListElement":[{"@type":"ListItem","position":1,"name":"Home","item":"https:\/\/interamerica.org\/fr\/"},{"@type":"ListItem","position":2,"name":"St.Louis, Missouri Accueille la Session Mondiale 2005 de l&rsquo;Eglise Adventiste du Septi\u00e8me Jour\u00a0\u00a0\u00a0"}]},{"@type":"WebSite","@id":"https:\/\/interamerica.org\/fr\/#website","url":"https:\/\/interamerica.org\/fr\/","name":"\u00c9glise Adventiste Du Septieme Jour - Inter Am\u00e9rique Division","description":"","potentialAction":[{"@type":"SearchAction","target":{"@type":"EntryPoint","urlTemplate":"https:\/\/interamerica.org\/fr\/?s={search_term_string}"},"query-input":{"@type":"PropertyValueSpecification","valueRequired":true,"valueName":"search_term_string"}}],"inLanguage":"fr-FR"},{"@type":"Person","@id":"https:\/\/interamerica.org\/fr\/#\/schema\/person\/68ede8bdc292885bb76c1e3810e73c39","name":"Lorenzo Verduzco","image":{"@type":"ImageObject","inLanguage":"fr-FR","@id":"https:\/\/secure.gravatar.com\/avatar\/fb81a55b6218459490a9c1dc841a34909185b81904c5337b4b27f7a6fd60c49e?s=96&d=mm&r=g","url":"https:\/\/secure.gravatar.com\/avatar\/fb81a55b6218459490a9c1dc841a34909185b81904c5337b4b27f7a6fd60c49e?s=96&d=mm&r=g","contentUrl":"https:\/\/secure.gravatar.com\/avatar\/fb81a55b6218459490a9c1dc841a34909185b81904c5337b4b27f7a6fd60c49e?s=96&d=mm&r=g","caption":"Lorenzo Verduzco"}}]}},"_links":{"self":[{"href":"https:\/\/interamerica.org\/fr\/wp-json\/wp\/v2\/posts\/12358","targetHints":{"allow":["GET"]}}],"collection":[{"href":"https:\/\/interamerica.org\/fr\/wp-json\/wp\/v2\/posts"}],"about":[{"href":"https:\/\/interamerica.org\/fr\/wp-json\/wp\/v2\/types\/post"}],"author":[{"embeddable":true,"href":"https:\/\/interamerica.org\/fr\/wp-json\/wp\/v2\/users\/1"}],"replies":[{"embeddable":true,"href":"https:\/\/interamerica.org\/fr\/wp-json\/wp\/v2\/comments?post=12358"}],"version-history":[{"count":0,"href":"https:\/\/interamerica.org\/fr\/wp-json\/wp\/v2\/posts\/12358\/revisions"}],"wp:attachment":[{"href":"https:\/\/interamerica.org\/fr\/wp-json\/wp\/v2\/media?parent=12358"}],"wp:term":[{"taxonomy":"category","embeddable":true,"href":"https:\/\/interamerica.org\/fr\/wp-json\/wp\/v2\/categories?post=12358"},{"taxonomy":"post_tag","embeddable":true,"href":"https:\/\/interamerica.org\/fr\/wp-json\/wp\/v2\/tags?post=12358"}],"curies":[{"name":"wp","href":"https:\/\/api.w.org\/{rel}","templated":true}]}}