{"id":123583,"date":"2025-01-01T10:21:16","date_gmt":"2025-01-01T15:21:16","guid":{"rendered":"https:\/\/interamerica.org\/?p=123583"},"modified":"2025-01-02T12:22:31","modified_gmt":"2025-01-02T17:22:31","slug":"la-branche-locale-dadra-apporte-son-aide-a-laeroport-apres-le-crash-dun-avion-en-coree-du-sud","status":"publish","type":"post","link":"https:\/\/interamerica.org\/fr\/2025\/01\/la-branche-locale-dadra-apporte-son-aide-a-laeroport-apres-le-crash-dun-avion-en-coree-du-sud\/","title":{"rendered":"La branche locale d\u2019ADRA apporte son aide \u00e0 l\u2019a\u00e9roport apr\u00e8s le crash d\u2019un avion en Cor\u00e9e du Sud"},"content":{"rendered":"<p class=\"c-post-header__subtitle\"><em>Des b\u00e9n\u00e9voles distribuent des repas aux familles endeuill\u00e9es et au personnel des m\u00e9dias qui sont pr\u00e9sents sur le site. <\/em><\/p>\n<p>1er Janvier 2024 | S\u00e9oul, Cor\u00e9e | Kim Beom-tae, Union de F\u00e9d\u00e9rations de Cor\u00e9e et <em>Adventist Review<\/em><\/p>\n<p>Alors que le deuil de la nation s\u2019intensifie apr\u00e8s le crash de l\u2019avion de ligne qui s\u2019est produit \u00e0 l\u2019A\u00e9roport International de Muan en Cor\u00e9e du Sud le 29 d\u00e9cembre, la branche de l\u2019Agence Adventiste de D\u00e9veloppement et de Secours (ADRA) \u00e0 Honam en Cor\u00e9e du Sud vient en aide aux familles et aux amis endeuill\u00e9s.<\/p>\n<p>Peu de temps apr\u00e8s l\u2019accident, la branche d\u2019ADRA \u00e0 Honam a install\u00e9 un stand dans le terminal de passagers de l\u2019A\u00e9roport International de Muan et a commenc\u00e9 \u00e0 distribuer de la nourriture et d\u2019autres produits de premi\u00e8re n\u00e9cessit\u00e9.<\/p>\n<p><div id=\"attachment_123547\" style=\"width: 859px\" class=\"wp-caption aligncenter\"><img fetchpriority=\"high\" decoding=\"async\" aria-describedby=\"caption-attachment-123547\" class=\" wp-image-123546\" src=\"https:\/\/interamerica.org\/wp-content\/uploads\/2025\/01\/adra-korea-dsc-9656.jpg\" alt=\"\" width=\"849\" height=\"524\" srcset=\"https:\/\/interamerica.org\/wp-content\/uploads\/2025\/01\/adra-korea-dsc-9656.jpg 1000w, https:\/\/interamerica.org\/wp-content\/uploads\/2025\/01\/adra-korea-dsc-9656-300x185.jpg 300w, https:\/\/interamerica.org\/wp-content\/uploads\/2025\/01\/adra-korea-dsc-9656-768x474.jpg 768w\" sizes=\"(max-width: 849px) 100vw, 849px\" \/><p id=\"caption-attachment-123547\" class=\"wp-caption-text\">Choi Gyu-sik (au centre), qui est b\u00e9n\u00e9vole sur le site de la catastrophe de l\u2019avion de ligne \u00e0 l\u2019A\u00e9roport International de Muan, et d\u2019autres responsables de la branche d\u2019ADRA \u00e0 Honam discutent des plans de soutien le 30 d\u00e9cembre. [Photo : Union de F\u00e9d\u00e9rations de Cor\u00e9e]<\/p><\/div>Sur les lieux, plus de 200 membres de l\u2019\u00e9glise adventiste du septi\u00e8me jour de Muan-eup r\u00e9confortent les familles et les amis des victimes. En apprenant la nouvelle, des volontaires sont venus d\u2019aussi loin que Jeonju ; et les enseignants et le personnel de l\u2019\u00e9cole adventiste de Sahmyook \u00e0 Honam, qui a perdu deux de ses \u00e9l\u00e8ves dans le crash, ont \u00e9galement particip\u00e9.<\/p>\n<p>L\u2019apr\u00e8s-midi du 30 d\u00e9cembre, le pr\u00e9sident de la F\u00e9d\u00e9ration du Sud-Ouest de la Cor\u00e9e, Jang Won Kwan, et les directeurs du district de Honam se sont rendus sur le site pour rencontrer et r\u00e9conforter les familles endeuill\u00e9es et encourager les b\u00e9n\u00e9voles.<\/p>\n<p>La branche d\u2019ADRA \u00e0 Honam apporte une aide quotidienne depuis le jour de l\u2019accident. Les b\u00e9n\u00e9voles portent des gilets d\u2019ADRA Cor\u00e9e et de l\u2019Association de Service Communautaire de Sahmyook et distribuent des collations, comme par exemple des mandarines, des bananes, du pain et du lait de soja. Ils ont \u00e9galement distribu\u00e9 des articles pour le temps froid et des produits de premi\u00e8re n\u00e9cessit\u00e9 tels que des articles de toilette, des masques, des lingettes humides, des m\u00e9dicaments et des chaussettes. Le 31 d\u00e9cembre, ils ont pr\u00e9par\u00e9 et servi 500 d\u00e9jeuners.<\/p>\n<p>ADRA a \u00e9galement install\u00e9 un stand devant la tente de secours, o\u00f9 se trouvent les familles des victimes, pour apporter de l\u2019aide aux familles endeuill\u00e9es et aux responsables qui recherchent des articles dont on a urgemment besoin. Par l\u2019interm\u00e9diaire de son distributeur dans la r\u00e9gion de Jeonnam, Sahmyook Foods \u00e0 Gwangju a fourni des provisions telles que du lait de soja. Cependant, une aide suppl\u00e9mentaire est n\u00e9cessaire. Dans les situations de stress extr\u00eame, les gens ont besoin de m\u00e9dicaments tels que des analg\u00e9siques, des m\u00e9dicaments pour la digestion et d\u2019autres produits pharmaceutiques, ont indiqu\u00e9 les dirigeants d\u2019ADRA.<br \/>\nIl y a aussi une p\u00e9nurie de fonds.<\/p>\n<p><div id=\"attachment_123553\" style=\"width: 860px\" class=\"wp-caption aligncenter\"><img decoding=\"async\" aria-describedby=\"caption-attachment-123553\" class=\" wp-image-123552\" src=\"https:\/\/interamerica.org\/wp-content\/uploads\/2025\/01\/adra-korea3.webp\" alt=\"\" width=\"850\" height=\"560\" srcset=\"https:\/\/interamerica.org\/wp-content\/uploads\/2025\/01\/adra-korea3.webp 1000w, https:\/\/interamerica.org\/wp-content\/uploads\/2025\/01\/adra-korea3-300x198.webp 300w, https:\/\/interamerica.org\/wp-content\/uploads\/2025\/01\/adra-korea3-768x506.webp 768w\" sizes=\"(max-width: 850px) 100vw, 850px\" \/><p id=\"caption-attachment-123553\" class=\"wp-caption-text\">ADRA Cor\u00e9e, des membres d\u2019\u00e9glise et des \u00e9claireurs distribuent de la nourriture et d\u2019autres articles de premi\u00e8re n\u00e9cessit\u00e9 peu apr\u00e8s le crash de l\u2019avion \u00e0 l\u2019A\u00e9roport International de Muan le 29 d\u00e9cembre. [Photo : Union de F\u00e9d\u00e9rations de Cor\u00e9e]<\/p><\/div>Les dirigeants locaux et les membres d\u2019\u00e9glise ont \u00e9t\u00e9 stup\u00e9faits par la situation. \u00ab J\u2019ai \u00e9t\u00e9 choqu\u00e9 lorsque j\u2019ai vu les nouvelles au d\u00e9but, \u00bb a d\u00e9clar\u00e9 Jung Hae-po de l\u2019\u00e9glise adventiste de Muan-eup. \u00ab J\u2019ai \u00e9t\u00e9 encore plus surpris que cela se soit produit dans ma r\u00e9gion. Cela me fend le c\u0153ur comme si ma famille biologique avait \u00e9t\u00e9 durement touch\u00e9e. Dans des moments comme ceux-ci, nous devons partager l\u2019amour du Christ. J\u2019esp\u00e8re juste que cela aidera un peu. \u00bb<\/p>\n<p>Oh Geum-hee, la femme de Jung Hae-po, a dit : \u00ab Je peux voir le lieu de l\u2019accident depuis le toit de ma maison. Je n\u2019arrive toujours pas \u00e0 y croire et j\u2019ai du mal \u00e0 retrouver le calme. Mais la tristesse est r\u00e9duite de moiti\u00e9 lorsqu\u2019elle est partag\u00e9e, alors j\u2019esp\u00e8re que les adventistes de tout le pays se joindront \u00e0 nous pour partager cette grande tristesse. M\u00eame si vous ne pouvez pas venir ici pour servir en personne, j\u2019esp\u00e8re que vous prierez, o\u00f9 que vous soyez. \u00bb<\/p>\n<p>Un septuag\u00e9naire a \u00e9galement apport\u00e9 son aide. Jung Young-boon, de l\u2019\u00e9glise adventiste de Naju, a d\u00e9clar\u00e9 : \u00ab J\u2019ai pens\u00e9 que je devais faire quelque chose parce que je ne pouvais pas me contenter d\u2019\u00eatre \u00e0 l\u2019aise chez moi. J\u2019ai l\u2019impression que les victimes sont mes enfants, mes parents et mes fr\u00e8res. Je suis encore triste et les mots ne peuvent le d\u00e9crire. Je ne sais pas combien de temps je pourrai le faire, mais mon plan est de continuer \u00e0 participer \u00e0 ces efforts de secours. \u00bb<\/p>\n<p>Na Yoo-jung, de l\u2019\u00e9glise adventiste de Mokpo Hadang, a expliqu\u00e9 qu\u2019\u00e0 un moment o\u00f9 toute la nation est sous le choc et dans le chagrin, \u00ab j\u2019ai nourri l\u2019id\u00e9e que si je pouvais apporter ne serait-ce qu\u2019un peu d\u2019aide, je devrais le faire. En ces temps difficiles, nous devons donner et partager avec nos voisins en deuil dans l\u2019esprit de J\u00e9sus. \u00bb<\/p>\n<p><div id=\"attachment_123556\" style=\"width: 820px\" class=\"wp-caption aligncenter\"><img decoding=\"async\" aria-describedby=\"caption-attachment-123556\" class=\" wp-image-123555\" src=\"https:\/\/interamerica.org\/wp-content\/uploads\/2025\/01\/adar-korea-2-1.jpg\" alt=\"\" width=\"810\" height=\"534\" srcset=\"https:\/\/interamerica.org\/wp-content\/uploads\/2025\/01\/adar-korea-2-1.jpg 1000w, https:\/\/interamerica.org\/wp-content\/uploads\/2025\/01\/adar-korea-2-1-300x198.jpg 300w, https:\/\/interamerica.org\/wp-content\/uploads\/2025\/01\/adar-korea-2-1-768x506.jpg 768w\" sizes=\"(max-width: 810px) 100vw, 810px\" \/><p id=\"caption-attachment-123556\" class=\"wp-caption-text\">Peu de temps apr\u00e8s l\u2019accident d\u2019avion, la branche d\u2019ADRA \u00e0 Honam a install\u00e9 un stand au comptoir devant la sortie 1 au premier \u00e9tage du terminal de passagers de l\u2019A\u00e9roport International de Muan en Cor\u00e9e du Sud. [Photo : Union de F\u00e9d\u00e9rations de Cor\u00e9e]<\/p><\/div>Les dirigeants des \u00e9claireurs ont \u00e9galement retrouss\u00e9 leurs manches. Cha Sung-min, responsable du Concile des \u00c9claireurs de Honam et de l\u2019\u00e9glise adventiste de Samhyang, a d\u00e9clar\u00e9 qu\u2019il se sentait oblig\u00e9 de faire quelque chose. \u00ab J\u2019ai contact\u00e9 les dirigeants des \u00e9claireurs et consid\u00e9r\u00e9 avec eux l\u2019id\u00e9e que la f\u00e9d\u00e9ration d\u00e9ploie des b\u00e9n\u00e9voles. En deux jours, plus de 40 \u00e9claireurs se sont impliqu\u00e9s. C\u2019est d\u00e9vastateur et sombre, mais j\u2019esp\u00e8re que cela donnera d\u2019une mani\u00e8re ou d\u2019une autre de la force \u00e0 ceux qui sont dans le deuil. \u00bb<\/p>\n<p>Woo Eun-hye, de l\u2019\u00e9glise adventiste de Mokpo Hadang, a d\u00e9clar\u00e9 : \u00ab Si je peux faire quelque chose et aider, je suis pr\u00eat \u00e0 le faire. C\u2019est encore plus touchant lorsque les familles endeuill\u00e9es disent merci m\u00eame pour quelque chose de simple. \u00ab Il y a beaucoup de personnes qui peuvent travailler avec ADRA, l\u2019Association de Service Communautaire et le Concile des \u00c9claireurs, ce qui me donne du courage et du r\u00e9confort. \u00bb Il a ajout\u00e9 : \u00ab Participer aux op\u00e9rations de secours en cas de catastrophe est une chose naturelle et n\u00e9cessaire pour les adventistes, et j\u2019esp\u00e8re que les familles endeuill\u00e9es seront r\u00e9confort\u00e9es par l\u2019esp\u00e9rance de la r\u00e9surrection. \u00bb<\/p>\n<p>Le responsable de la branche ADRA de Honam, Choi Gyu-sik, a d\u00e9clar\u00e9 qu\u2019il \u00e9tait reconnaissant envers ceux qui ont fait don de provisions et d\u2019argent. Les demandes de renseignements concernant le travail b\u00e9n\u00e9vole sont en cours, a-t-il dit. Il a exprim\u00e9 sa gratitude pour la participation des \u00e9glises et des membres d\u2019\u00e9glise de tout le pays et a demand\u00e9 \u00ab de continuer \u00e0 manifester de l\u2019int\u00e9r\u00eat et \u00e0 prier \u00bb pendant les pr\u00e9paratifs des fun\u00e9railles.<\/p>\n<p>\u00ab Nous \u00e9valuons la situation de temps en temps, mais il y a une p\u00e9nurie de certains articles, \u00bb a dit Choi Gyu-sik. \u00ab Nous avons d\u2019importantes discussions \u00e0 propos des futures mesures et contre-mesures de soutien. Nous ferons de notre mieux pour ajuster l\u2019affectation des b\u00e9n\u00e9voles et le calendrier en fonction de la situation en constante \u00e9volution sur le terrain afin que nous ne manquions pas de transmettre l\u2019amour du Christ aux familles endeuill\u00e9es et aux personnes concern\u00e9es. \u00bb<\/p>\n<p><em>La<\/em><a href=\"https:\/\/www.adventist.or.kr\/news\/bbs\/board.php?bo_table=news&amp;wr_id=15082&amp;sca=%EA%B5%90%ED%9A%8C\" target=\"_blank\" rel=\"noreferrer noopener\"><em>version originale<\/em><\/a><em>\u00a0de cet article a \u00e9t\u00e9 publi\u00e9e sur le <\/em><a href=\"https:\/\/www.adventist.or.kr\/news\" target=\"_blank\" rel=\"noreferrer noopener\"><em>site d&rsquo;informations<\/em><\/a><em>de l\u2019Union de F\u00e9d\u00e9rations de Cor\u00e9e.<\/em><\/p>\n<p>Traduction: Patrick Luciathe<\/p>\n","protected":false},"excerpt":{"rendered":"<p>Des b\u00e9n\u00e9voles distribuent des repas aux familles endeuill\u00e9es et au personnel des m\u00e9dias qui sont pr\u00e9sents sur le site. 1er Janvier 2024 | S\u00e9oul, Cor\u00e9e | Kim Beom-tae, Union de&#8230;<\/p>\n","protected":false},"author":3,"featured_media":123547,"comment_status":"closed","ping_status":"closed","sticky":false,"template":"","format":"standard","meta":{"_acf_changed":false,"footnotes":""},"categories":[18,19],"tags":[],"class_list":["post-123583","post","type-post","status-publish","format-standard","has-post-thumbnail","hentry","category-nouvelles-de-leglise-mondiale","category-rss-francais"],"acf":[],"yoast_head":"<!-- This site is optimized with the Yoast SEO plugin v27.3 - https:\/\/yoast.com\/product\/yoast-seo-wordpress\/ -->\n<title>La branche locale d\u2019ADRA apporte son aide \u00e0 l\u2019a\u00e9roport apr\u00e8s le crash d\u2019un avion en Cor\u00e9e du Sud - \u00c9glise Adventiste Du Septieme Jour - Inter Am\u00e9rique Division<\/title>\n<meta name=\"robots\" content=\"index, follow, max-snippet:-1, max-image-preview:large, max-video-preview:-1\" \/>\n<link rel=\"canonical\" href=\"https:\/\/interamerica.org\/fr\/2025\/01\/la-branche-locale-dadra-apporte-son-aide-a-laeroport-apres-le-crash-dun-avion-en-coree-du-sud\/\" \/>\n<meta property=\"og:locale\" content=\"fr_FR\" \/>\n<meta property=\"og:type\" content=\"article\" \/>\n<meta property=\"og:title\" content=\"La branche locale d\u2019ADRA apporte son aide \u00e0 l\u2019a\u00e9roport apr\u00e8s le crash d\u2019un avion en Cor\u00e9e du Sud - \u00c9glise Adventiste Du Septieme Jour - Inter Am\u00e9rique Division\" \/>\n<meta property=\"og:description\" content=\"Des b\u00e9n\u00e9voles distribuent des repas aux familles endeuill\u00e9es et au personnel des m\u00e9dias qui sont pr\u00e9sents sur le site. 1er Janvier 2024 | S\u00e9oul, Cor\u00e9e | Kim Beom-tae, Union de...\" \/>\n<meta property=\"og:url\" content=\"https:\/\/interamerica.org\/fr\/2025\/01\/la-branche-locale-dadra-apporte-son-aide-a-laeroport-apres-le-crash-dun-avion-en-coree-du-sud\/\" \/>\n<meta property=\"og:site_name\" content=\"\u00c9glise Adventiste Du Septieme Jour - Inter Am\u00e9rique Division\" \/>\n<meta property=\"article:published_time\" content=\"2025-01-01T15:21:16+00:00\" \/>\n<meta property=\"article:modified_time\" content=\"2025-01-02T17:22:31+00:00\" \/>\n<meta property=\"og:image\" content=\"https:\/\/interamerica.org\/wp-content\/uploads\/2025\/01\/adra-korea-dsc-9656.jpg\" \/>\n\t<meta property=\"og:image:width\" content=\"1000\" \/>\n\t<meta property=\"og:image:height\" content=\"617\" \/>\n\t<meta property=\"og:image:type\" content=\"image\/jpeg\" \/>\n<meta name=\"author\" content=\"libna\" \/>\n<meta name=\"twitter:card\" content=\"summary_large_image\" \/>\n<meta name=\"twitter:label1\" content=\"\u00c9crit par\" \/>\n\t<meta name=\"twitter:data1\" content=\"libna\" \/>\n\t<meta name=\"twitter:label2\" content=\"Dur\u00e9e de lecture estim\u00e9e\" \/>\n\t<meta name=\"twitter:data2\" content=\"7 minutes\" \/>\n<script type=\"application\/ld+json\" class=\"yoast-schema-graph\">{\"@context\":\"https:\\\/\\\/schema.org\",\"@graph\":[{\"@type\":\"Article\",\"@id\":\"https:\\\/\\\/interamerica.org\\\/fr\\\/2025\\\/01\\\/la-branche-locale-dadra-apporte-son-aide-a-laeroport-apres-le-crash-dun-avion-en-coree-du-sud\\\/#article\",\"isPartOf\":{\"@id\":\"https:\\\/\\\/interamerica.org\\\/fr\\\/2025\\\/01\\\/la-branche-locale-dadra-apporte-son-aide-a-laeroport-apres-le-crash-dun-avion-en-coree-du-sud\\\/\"},\"author\":{\"name\":\"libna\",\"@id\":\"https:\\\/\\\/interamerica.org\\\/fr\\\/#\\\/schema\\\/person\\\/29998f2bc2d8bd0d38662909289b54f1\"},\"headline\":\"La branche locale d\u2019ADRA apporte son aide \u00e0 l\u2019a\u00e9roport apr\u00e8s le crash d\u2019un avion en Cor\u00e9e du Sud\",\"datePublished\":\"2025-01-01T15:21:16+00:00\",\"dateModified\":\"2025-01-02T17:22:31+00:00\",\"mainEntityOfPage\":{\"@id\":\"https:\\\/\\\/interamerica.org\\\/fr\\\/2025\\\/01\\\/la-branche-locale-dadra-apporte-son-aide-a-laeroport-apres-le-crash-dun-avion-en-coree-du-sud\\\/\"},\"wordCount\":1442,\"image\":{\"@id\":\"https:\\\/\\\/interamerica.org\\\/fr\\\/2025\\\/01\\\/la-branche-locale-dadra-apporte-son-aide-a-laeroport-apres-le-crash-dun-avion-en-coree-du-sud\\\/#primaryimage\"},\"thumbnailUrl\":\"https:\\\/\\\/interamerica.org\\\/wp-content\\\/uploads\\\/2025\\\/01\\\/adra-korea-dsc-9656.jpg\",\"articleSection\":[\"Nouvelles de l'\u00c9glise mondiale\",\"RSS Fran\u00e7ais\"],\"inLanguage\":\"fr-FR\"},{\"@type\":\"WebPage\",\"@id\":\"https:\\\/\\\/interamerica.org\\\/fr\\\/2025\\\/01\\\/la-branche-locale-dadra-apporte-son-aide-a-laeroport-apres-le-crash-dun-avion-en-coree-du-sud\\\/\",\"url\":\"https:\\\/\\\/interamerica.org\\\/fr\\\/2025\\\/01\\\/la-branche-locale-dadra-apporte-son-aide-a-laeroport-apres-le-crash-dun-avion-en-coree-du-sud\\\/\",\"name\":\"La branche locale d\u2019ADRA apporte son aide \u00e0 l\u2019a\u00e9roport apr\u00e8s le crash d\u2019un avion en Cor\u00e9e du Sud - \u00c9glise Adventiste Du Septieme Jour - Inter Am\u00e9rique Division\",\"isPartOf\":{\"@id\":\"https:\\\/\\\/interamerica.org\\\/fr\\\/#website\"},\"primaryImageOfPage\":{\"@id\":\"https:\\\/\\\/interamerica.org\\\/fr\\\/2025\\\/01\\\/la-branche-locale-dadra-apporte-son-aide-a-laeroport-apres-le-crash-dun-avion-en-coree-du-sud\\\/#primaryimage\"},\"image\":{\"@id\":\"https:\\\/\\\/interamerica.org\\\/fr\\\/2025\\\/01\\\/la-branche-locale-dadra-apporte-son-aide-a-laeroport-apres-le-crash-dun-avion-en-coree-du-sud\\\/#primaryimage\"},\"thumbnailUrl\":\"https:\\\/\\\/interamerica.org\\\/wp-content\\\/uploads\\\/2025\\\/01\\\/adra-korea-dsc-9656.jpg\",\"datePublished\":\"2025-01-01T15:21:16+00:00\",\"dateModified\":\"2025-01-02T17:22:31+00:00\",\"author\":{\"@id\":\"https:\\\/\\\/interamerica.org\\\/fr\\\/#\\\/schema\\\/person\\\/29998f2bc2d8bd0d38662909289b54f1\"},\"breadcrumb\":{\"@id\":\"https:\\\/\\\/interamerica.org\\\/fr\\\/2025\\\/01\\\/la-branche-locale-dadra-apporte-son-aide-a-laeroport-apres-le-crash-dun-avion-en-coree-du-sud\\\/#breadcrumb\"},\"inLanguage\":\"fr-FR\",\"potentialAction\":[{\"@type\":\"ReadAction\",\"target\":[\"https:\\\/\\\/interamerica.org\\\/fr\\\/2025\\\/01\\\/la-branche-locale-dadra-apporte-son-aide-a-laeroport-apres-le-crash-dun-avion-en-coree-du-sud\\\/\"]}]},{\"@type\":\"ImageObject\",\"inLanguage\":\"fr-FR\",\"@id\":\"https:\\\/\\\/interamerica.org\\\/fr\\\/2025\\\/01\\\/la-branche-locale-dadra-apporte-son-aide-a-laeroport-apres-le-crash-dun-avion-en-coree-du-sud\\\/#primaryimage\",\"url\":\"https:\\\/\\\/interamerica.org\\\/wp-content\\\/uploads\\\/2025\\\/01\\\/adra-korea-dsc-9656.jpg\",\"contentUrl\":\"https:\\\/\\\/interamerica.org\\\/wp-content\\\/uploads\\\/2025\\\/01\\\/adra-korea-dsc-9656.jpg\",\"width\":1000,\"height\":617,\"caption\":\"Choi Gyu-sik (center), who is volunteering at the site of the Muan International Airport passenger plane disaster, and other officials from the ADRA Honam branch discuss support plans on December 30. [Photo: Korean Union Conference]\"},{\"@type\":\"BreadcrumbList\",\"@id\":\"https:\\\/\\\/interamerica.org\\\/fr\\\/2025\\\/01\\\/la-branche-locale-dadra-apporte-son-aide-a-laeroport-apres-le-crash-dun-avion-en-coree-du-sud\\\/#breadcrumb\",\"itemListElement\":[{\"@type\":\"ListItem\",\"position\":1,\"name\":\"Home\",\"item\":\"https:\\\/\\\/interamerica.org\\\/fr\\\/\"},{\"@type\":\"ListItem\",\"position\":2,\"name\":\"La branche locale d\u2019ADRA apporte son aide \u00e0 l\u2019a\u00e9roport apr\u00e8s le crash d\u2019un avion en Cor\u00e9e du Sud\"}]},{\"@type\":\"WebSite\",\"@id\":\"https:\\\/\\\/interamerica.org\\\/fr\\\/#website\",\"url\":\"https:\\\/\\\/interamerica.org\\\/fr\\\/\",\"name\":\"\u00c9glise Adventiste Du Septieme Jour - Inter Am\u00e9rique Division\",\"description\":\"\",\"potentialAction\":[{\"@type\":\"SearchAction\",\"target\":{\"@type\":\"EntryPoint\",\"urlTemplate\":\"https:\\\/\\\/interamerica.org\\\/fr\\\/?s={search_term_string}\"},\"query-input\":{\"@type\":\"PropertyValueSpecification\",\"valueRequired\":true,\"valueName\":\"search_term_string\"}}],\"inLanguage\":\"fr-FR\"},{\"@type\":\"Person\",\"@id\":\"https:\\\/\\\/interamerica.org\\\/fr\\\/#\\\/schema\\\/person\\\/29998f2bc2d8bd0d38662909289b54f1\",\"name\":\"libna\",\"image\":{\"@type\":\"ImageObject\",\"inLanguage\":\"fr-FR\",\"@id\":\"https:\\\/\\\/secure.gravatar.com\\\/avatar\\\/7c5bd30ae4b47a9ba3c856590957fd1d96dc588bf3ac05719d247e126840331f?s=96&d=mm&r=g\",\"url\":\"https:\\\/\\\/secure.gravatar.com\\\/avatar\\\/7c5bd30ae4b47a9ba3c856590957fd1d96dc588bf3ac05719d247e126840331f?s=96&d=mm&r=g\",\"contentUrl\":\"https:\\\/\\\/secure.gravatar.com\\\/avatar\\\/7c5bd30ae4b47a9ba3c856590957fd1d96dc588bf3ac05719d247e126840331f?s=96&d=mm&r=g\",\"caption\":\"libna\"}}]}<\/script>\n<!-- \/ Yoast SEO plugin. -->","yoast_head_json":{"title":"La branche locale d\u2019ADRA apporte son aide \u00e0 l\u2019a\u00e9roport apr\u00e8s le crash d\u2019un avion en Cor\u00e9e du Sud - \u00c9glise Adventiste Du Septieme Jour - Inter Am\u00e9rique Division","robots":{"index":"index","follow":"follow","max-snippet":"max-snippet:-1","max-image-preview":"max-image-preview:large","max-video-preview":"max-video-preview:-1"},"canonical":"https:\/\/interamerica.org\/fr\/2025\/01\/la-branche-locale-dadra-apporte-son-aide-a-laeroport-apres-le-crash-dun-avion-en-coree-du-sud\/","og_locale":"fr_FR","og_type":"article","og_title":"La branche locale d\u2019ADRA apporte son aide \u00e0 l\u2019a\u00e9roport apr\u00e8s le crash d\u2019un avion en Cor\u00e9e du Sud - \u00c9glise Adventiste Du Septieme Jour - Inter Am\u00e9rique Division","og_description":"Des b\u00e9n\u00e9voles distribuent des repas aux familles endeuill\u00e9es et au personnel des m\u00e9dias qui sont pr\u00e9sents sur le site. 1er Janvier 2024 | S\u00e9oul, Cor\u00e9e | Kim Beom-tae, Union de...","og_url":"https:\/\/interamerica.org\/fr\/2025\/01\/la-branche-locale-dadra-apporte-son-aide-a-laeroport-apres-le-crash-dun-avion-en-coree-du-sud\/","og_site_name":"\u00c9glise Adventiste Du Septieme Jour - Inter Am\u00e9rique Division","article_published_time":"2025-01-01T15:21:16+00:00","article_modified_time":"2025-01-02T17:22:31+00:00","og_image":[{"width":1000,"height":617,"url":"https:\/\/interamerica.org\/wp-content\/uploads\/2025\/01\/adra-korea-dsc-9656.jpg","type":"image\/jpeg"}],"author":"libna","twitter_card":"summary_large_image","twitter_misc":{"\u00c9crit par":"libna","Dur\u00e9e de lecture estim\u00e9e":"7 minutes"},"schema":{"@context":"https:\/\/schema.org","@graph":[{"@type":"Article","@id":"https:\/\/interamerica.org\/fr\/2025\/01\/la-branche-locale-dadra-apporte-son-aide-a-laeroport-apres-le-crash-dun-avion-en-coree-du-sud\/#article","isPartOf":{"@id":"https:\/\/interamerica.org\/fr\/2025\/01\/la-branche-locale-dadra-apporte-son-aide-a-laeroport-apres-le-crash-dun-avion-en-coree-du-sud\/"},"author":{"name":"libna","@id":"https:\/\/interamerica.org\/fr\/#\/schema\/person\/29998f2bc2d8bd0d38662909289b54f1"},"headline":"La branche locale d\u2019ADRA apporte son aide \u00e0 l\u2019a\u00e9roport apr\u00e8s le crash d\u2019un avion en Cor\u00e9e du Sud","datePublished":"2025-01-01T15:21:16+00:00","dateModified":"2025-01-02T17:22:31+00:00","mainEntityOfPage":{"@id":"https:\/\/interamerica.org\/fr\/2025\/01\/la-branche-locale-dadra-apporte-son-aide-a-laeroport-apres-le-crash-dun-avion-en-coree-du-sud\/"},"wordCount":1442,"image":{"@id":"https:\/\/interamerica.org\/fr\/2025\/01\/la-branche-locale-dadra-apporte-son-aide-a-laeroport-apres-le-crash-dun-avion-en-coree-du-sud\/#primaryimage"},"thumbnailUrl":"https:\/\/interamerica.org\/wp-content\/uploads\/2025\/01\/adra-korea-dsc-9656.jpg","articleSection":["Nouvelles de l'\u00c9glise mondiale","RSS Fran\u00e7ais"],"inLanguage":"fr-FR"},{"@type":"WebPage","@id":"https:\/\/interamerica.org\/fr\/2025\/01\/la-branche-locale-dadra-apporte-son-aide-a-laeroport-apres-le-crash-dun-avion-en-coree-du-sud\/","url":"https:\/\/interamerica.org\/fr\/2025\/01\/la-branche-locale-dadra-apporte-son-aide-a-laeroport-apres-le-crash-dun-avion-en-coree-du-sud\/","name":"La branche locale d\u2019ADRA apporte son aide \u00e0 l\u2019a\u00e9roport apr\u00e8s le crash d\u2019un avion en Cor\u00e9e du Sud - \u00c9glise Adventiste Du Septieme Jour - Inter Am\u00e9rique Division","isPartOf":{"@id":"https:\/\/interamerica.org\/fr\/#website"},"primaryImageOfPage":{"@id":"https:\/\/interamerica.org\/fr\/2025\/01\/la-branche-locale-dadra-apporte-son-aide-a-laeroport-apres-le-crash-dun-avion-en-coree-du-sud\/#primaryimage"},"image":{"@id":"https:\/\/interamerica.org\/fr\/2025\/01\/la-branche-locale-dadra-apporte-son-aide-a-laeroport-apres-le-crash-dun-avion-en-coree-du-sud\/#primaryimage"},"thumbnailUrl":"https:\/\/interamerica.org\/wp-content\/uploads\/2025\/01\/adra-korea-dsc-9656.jpg","datePublished":"2025-01-01T15:21:16+00:00","dateModified":"2025-01-02T17:22:31+00:00","author":{"@id":"https:\/\/interamerica.org\/fr\/#\/schema\/person\/29998f2bc2d8bd0d38662909289b54f1"},"breadcrumb":{"@id":"https:\/\/interamerica.org\/fr\/2025\/01\/la-branche-locale-dadra-apporte-son-aide-a-laeroport-apres-le-crash-dun-avion-en-coree-du-sud\/#breadcrumb"},"inLanguage":"fr-FR","potentialAction":[{"@type":"ReadAction","target":["https:\/\/interamerica.org\/fr\/2025\/01\/la-branche-locale-dadra-apporte-son-aide-a-laeroport-apres-le-crash-dun-avion-en-coree-du-sud\/"]}]},{"@type":"ImageObject","inLanguage":"fr-FR","@id":"https:\/\/interamerica.org\/fr\/2025\/01\/la-branche-locale-dadra-apporte-son-aide-a-laeroport-apres-le-crash-dun-avion-en-coree-du-sud\/#primaryimage","url":"https:\/\/interamerica.org\/wp-content\/uploads\/2025\/01\/adra-korea-dsc-9656.jpg","contentUrl":"https:\/\/interamerica.org\/wp-content\/uploads\/2025\/01\/adra-korea-dsc-9656.jpg","width":1000,"height":617,"caption":"Choi Gyu-sik (center), who is volunteering at the site of the Muan International Airport passenger plane disaster, and other officials from the ADRA Honam branch discuss support plans on December 30. [Photo: Korean Union Conference]"},{"@type":"BreadcrumbList","@id":"https:\/\/interamerica.org\/fr\/2025\/01\/la-branche-locale-dadra-apporte-son-aide-a-laeroport-apres-le-crash-dun-avion-en-coree-du-sud\/#breadcrumb","itemListElement":[{"@type":"ListItem","position":1,"name":"Home","item":"https:\/\/interamerica.org\/fr\/"},{"@type":"ListItem","position":2,"name":"La branche locale d\u2019ADRA apporte son aide \u00e0 l\u2019a\u00e9roport apr\u00e8s le crash d\u2019un avion en Cor\u00e9e du Sud"}]},{"@type":"WebSite","@id":"https:\/\/interamerica.org\/fr\/#website","url":"https:\/\/interamerica.org\/fr\/","name":"\u00c9glise Adventiste Du Septieme Jour - Inter Am\u00e9rique Division","description":"","potentialAction":[{"@type":"SearchAction","target":{"@type":"EntryPoint","urlTemplate":"https:\/\/interamerica.org\/fr\/?s={search_term_string}"},"query-input":{"@type":"PropertyValueSpecification","valueRequired":true,"valueName":"search_term_string"}}],"inLanguage":"fr-FR"},{"@type":"Person","@id":"https:\/\/interamerica.org\/fr\/#\/schema\/person\/29998f2bc2d8bd0d38662909289b54f1","name":"libna","image":{"@type":"ImageObject","inLanguage":"fr-FR","@id":"https:\/\/secure.gravatar.com\/avatar\/7c5bd30ae4b47a9ba3c856590957fd1d96dc588bf3ac05719d247e126840331f?s=96&d=mm&r=g","url":"https:\/\/secure.gravatar.com\/avatar\/7c5bd30ae4b47a9ba3c856590957fd1d96dc588bf3ac05719d247e126840331f?s=96&d=mm&r=g","contentUrl":"https:\/\/secure.gravatar.com\/avatar\/7c5bd30ae4b47a9ba3c856590957fd1d96dc588bf3ac05719d247e126840331f?s=96&d=mm&r=g","caption":"libna"}}]}},"_links":{"self":[{"href":"https:\/\/interamerica.org\/fr\/wp-json\/wp\/v2\/posts\/123583","targetHints":{"allow":["GET"]}}],"collection":[{"href":"https:\/\/interamerica.org\/fr\/wp-json\/wp\/v2\/posts"}],"about":[{"href":"https:\/\/interamerica.org\/fr\/wp-json\/wp\/v2\/types\/post"}],"author":[{"embeddable":true,"href":"https:\/\/interamerica.org\/fr\/wp-json\/wp\/v2\/users\/3"}],"replies":[{"embeddable":true,"href":"https:\/\/interamerica.org\/fr\/wp-json\/wp\/v2\/comments?post=123583"}],"version-history":[{"count":0,"href":"https:\/\/interamerica.org\/fr\/wp-json\/wp\/v2\/posts\/123583\/revisions"}],"wp:featuredmedia":[{"embeddable":true,"href":"https:\/\/interamerica.org\/fr\/wp-json\/wp\/v2\/media\/123547"}],"wp:attachment":[{"href":"https:\/\/interamerica.org\/fr\/wp-json\/wp\/v2\/media?parent=123583"}],"wp:term":[{"taxonomy":"category","embeddable":true,"href":"https:\/\/interamerica.org\/fr\/wp-json\/wp\/v2\/categories?post=123583"},{"taxonomy":"post_tag","embeddable":true,"href":"https:\/\/interamerica.org\/fr\/wp-json\/wp\/v2\/tags?post=123583"}],"curies":[{"name":"wp","href":"https:\/\/api.w.org\/{rel}","templated":true}]}}