{"id":12359,"date":"2005-06-07T00:00:00","date_gmt":"2005-06-07T04:00:00","guid":{"rendered":"http:\/\/192.81.217.108\/interamerica\/2005\/06\/perou-plus-de-30-000-ont-repondu\/"},"modified":"2017-06-02T13:19:22","modified_gmt":"2017-06-02T17:19:22","slug":"perou-plus-de-30-000-ont-repondu","status":"publish","type":"post","link":"https:\/\/interamerica.org\/fr\/2005\/06\/perou-plus-de-30-000-ont-repondu\/","title":{"rendered":"P\u00e9rou:\u00a0 Plus de 30.000 Ont R\u00e9pondu"},"content":{"rendered":"<p>Lima, P\u00e9rou&#8230; (Michelle Stotz\/ANN Staff)<\/p>\n<p>L&rsquo;Eglise des Adventistes du Septi\u00e8me jour au P\u00e9rou a exp\u00e9riment\u00e9 ce qu&rsquo;on peut qualifier de croissance incroyable au cours de la premi\u00e8re partie de l&rsquo;ann\u00e9e 2005, d&rsquo;apr\u00e8s ce que rapportent les dirigeants.\u00a0 Plus de 30.000 nouveaux membres se sont joints \u00e0 l&rsquo;\u00e9glise par suite d&rsquo;une soigneuse planification et d&rsquo;un effort concert\u00e9, ce qui a abouti aux r\u00e9unions de la s\u00e9rie d&rsquo;\u00e9vang\u00e9lisation la \u00ab\u00a0Caravane de l&rsquo;Espoir\u00a0\u00bb (&lsquo;Cavaran of Hope&rsquo;), tenues du 23 au 28 mai.\u00a0 Le minist\u00e8re du programme t\u00e9l\u00e9vis\u00e9 Il Est Ecrit s&rsquo;est joint \u00e0 l&rsquo;Eglise Adventiste du P\u00e9rou pour conduire cette s\u00e9rie.<\/p>\n<p>Pr\u00e8s de 13.000 petits groupes se sont rencontr\u00e9s pour des \u00e9tudes bibliques avant la s\u00e9rie proprement dite.<\/p>\n<p>Pasteur Mark Finley, directeur du Bureau de l&rsquo;Evang\u00e9lisation Mondiale de l&rsquo;\u00e9glise et\u00a0 pr\u00e9dicateur \u00e9merite du programme Il Est Ecrit, a pr\u00each\u00e9 pendant six soirs et la traduction en Espagnole a \u00e9t\u00e9 assur\u00e9e par Robert Costa, qui est\u00a0coordinateur du minst\u00e8re Hispanique du programme Il Est Ecrit.<\/p>\n<p>Des pr\u00e9paratifs au niveau local ont commenc\u00e9\u00a0au d\u00e9but de d\u00e9cembre 2004 quand les membres d&rsquo;\u00e9glise et les pasteurs\u00a0 ont commenc\u00e9 \u00e0 visiter leurs communaut\u00e9s.\u00a0 Finley avait \u00e9t\u00e9 encourag\u00e9 par l&rsquo;engagement sans pr\u00e9c\u00e9dent des membres d&rsquo;\u00e9glise:<\/p>\n<p>\u00ab\u00a0Ce qui\u00a0m&rsquo;a le plus impressionn\u00e9 au P\u00e9rou est le fait\u00a0que\u00a0l&rsquo;\u00e9vang\u00e9lisation est une fa\u00e7on de vivre.\u00a0 Ce n&rsquo;est pas un programme et ce n&rsquo;est pas un \u00e9v\u00e8nement&#8211; c&rsquo;est un style de vie,\u00a0\u00bb dit-il.<\/p>\n<p>Avant l&rsquo;arriv\u00e9e de Finley et de Royce Williams, directeur de la t\u00e9l\u00e9vision mondiale et de l&rsquo;\u00e9vang\u00e9lisation du programme Il Est Ecrit, Costa a tenu des r\u00e9unions dans plusieurs \u00e9glises au nord et au sud de Lima pendant deux semaines.<\/p>\n<p>Puis, Finley s&rsquo;est address\u00e9 \u00e0 de grandes foules \u00e0 Arequipa, Moquegua, Tacna et Ilo dans le Sud\u00a0et Trujillo dans le Nord.\u00a0 La grande finale a eu lieu au Stade Monumental de Lima, o\u00f9 55.000 personnes se sont r\u00e9unies pour constituer la plus grande assembl\u00e9e dans l&rsquo;histoire de l&rsquo;\u00e9glise de la r\u00e9gion Sud Am\u00e9ricaine.\u00a0 Un total de 135.000 personnes ont assist\u00e9 \u00e0 ses six r\u00e9unions, et beaucoup plus de personnes les ont suivies\u00a0par satellite ou en\u00a0ligne.\u00a0\u00a0<\/p>\n<p>\u00ab\u00a0Il est assez\u00a0important de noter qu&rsquo;un grand nombre de ces nouveaux\u00a0membres d&rsquo;\u00e9glise sont des\u00a0professionnels,\u00a0\u00bb\u00a0 a dit William.\u00a0 \u00ab\u00a0Plusieurs officiers haut-grad\u00e9s de l&rsquo;arm\u00e9e ont pris leur d\u00e9cision pour le Christ.\u00a0 Les jeunes comme\u00a0les plus \u00e2g\u00e9s\u00a0se sont joints au peuple de Dieu dans ce pays o\u00f9 jadis la redoutable inquisition\u00a0f\u00eet tant de victimes sur les corps, mais n&rsquo;e\u00fbt\u00a0pu briser les esprits.\u00a0\u00bb<\/p>\n<p>Les membres d&rsquo;\u00e9glise au P\u00e9rou ont expliqu\u00e9 pourquoi l&rsquo;\u00e9glise\u00a0de ce pays a fait de la r\u00e9gion la plus grande de l&rsquo;oeuvre Adventiste\u00a0au\u00a0monde.\u00a0 Presque tous les\u00a0membres d&rsquo;\u00e9glise, du pr\u00e9sident de l&rsquo;oeuvre Melchor Ferreyra aux jeunes, sont impliqu\u00e9s dans le travail missionnaire \u00e0 travers les petits groupes.\u00a0 Ces groupes pr\u00e9sentent l&rsquo;\u00e9vangile aux gens et\u00a0conduisent plusieurs nouveaux membres \u00e0 l&rsquo;\u00e9glise.<\/p>\n<p>Les petits groupes de l&rsquo;\u00e9glise se rencontreront pour\u00a0des \u00e9tudes suppl\u00e9mentaires avec ceux qui sont interess\u00e9s \u00e0 apprendre davantage du Christ.\u00a0 Le but de l&rsquo;\u00e9glise au P\u00e9rou est de voir 50.000 personnes se joindre \u00e0 l&rsquo;\u00e9glise \u00e0 la date du 30 juin.\u00a0\u00a0\u00a0<\/p>\n<p>Ils croient que le Dieu qui a\u00a0abondamment b\u00e9ni le t\u00e9moignage de Son peuple\u00a0peut\u00a0faire mieux &#8211;et davantage&#8211; jusqu&rsquo;\u00e0 ce que l&rsquo;oeuvre soit achev\u00e9e et que toute la famille soit r\u00e9unie,\u00a0\u00bb a ajout\u00e9\u00a0Williams.\u00a0<\/p>\n<p>L&rsquo;\u00e9glise au P\u00e9rou planifie \u00ab\u00a0Les Caravanes de l&rsquo;Espoir\u00a0\u00bb pour les ann\u00e9es 2006, 2007 et 2008.\u00a0\u00a0\u00a0\u00a0<br \/>\u00a0<\/p>\n","protected":false},"excerpt":{"rendered":"<p>L&rsquo;Eglise des Adventistes du Septi\u00e8me jour au P\u00e9rou a exp\u00e9riment\u00e9 ce qu&rsquo;on peut qualifier de croissance incroyable au cours de la premi\u00e8re partie de l&rsquo;ann\u00e9e 2005, d&rsquo;apr\u00e8s ce que rapportent les dirigeants.<\/p>\n","protected":false},"author":1,"featured_media":0,"comment_status":"closed","ping_status":"closed","sticky":false,"template":"","format":"standard","meta":{"_acf_changed":false,"footnotes":""},"categories":[9],"tags":[],"class_list":["post-12359","post","type-post","status-publish","format-standard","hentry","category-archive-fr"],"acf":[],"yoast_head":"<!-- This site is optimized with the Yoast SEO plugin v27.3 - https:\/\/yoast.com\/product\/yoast-seo-wordpress\/ -->\n<title>P\u00e9rou:\u00a0 Plus de 30.000 Ont R\u00e9pondu - \u00c9glise Adventiste Du Septieme Jour - Inter Am\u00e9rique Division<\/title>\n<meta name=\"robots\" content=\"index, follow, max-snippet:-1, max-image-preview:large, max-video-preview:-1\" \/>\n<link rel=\"canonical\" href=\"https:\/\/interamerica.org\/fr\/2005\/06\/perou-plus-de-30-000-ont-repondu\/\" \/>\n<meta property=\"og:locale\" content=\"fr_FR\" \/>\n<meta property=\"og:type\" content=\"article\" \/>\n<meta property=\"og:title\" content=\"P\u00e9rou:\u00a0 Plus de 30.000 Ont R\u00e9pondu - \u00c9glise Adventiste Du Septieme Jour - Inter Am\u00e9rique Division\" \/>\n<meta property=\"og:description\" content=\"L&#039;Eglise des Adventistes du Septi\u00e8me jour au P\u00e9rou a exp\u00e9riment\u00e9 ce qu&#039;on peut qualifier de croissance incroyable au cours de la premi\u00e8re partie de l&#039;ann\u00e9e 2005, d&#039;apr\u00e8s ce que rapportent les dirigeants.\" \/>\n<meta property=\"og:url\" content=\"https:\/\/interamerica.org\/fr\/2005\/06\/perou-plus-de-30-000-ont-repondu\/\" \/>\n<meta property=\"og:site_name\" content=\"\u00c9glise Adventiste Du Septieme Jour - Inter Am\u00e9rique Division\" \/>\n<meta property=\"article:published_time\" content=\"2005-06-07T04:00:00+00:00\" \/>\n<meta property=\"article:modified_time\" content=\"2017-06-02T17:19:22+00:00\" \/>\n<meta name=\"author\" content=\"Lorenzo Verduzco\" \/>\n<meta name=\"twitter:card\" content=\"summary_large_image\" \/>\n<meta name=\"twitter:label1\" content=\"\u00c9crit par\" \/>\n\t<meta name=\"twitter:data1\" content=\"Lorenzo Verduzco\" \/>\n\t<meta name=\"twitter:label2\" content=\"Dur\u00e9e de lecture estim\u00e9e\" \/>\n\t<meta name=\"twitter:data2\" content=\"3 minutes\" \/>\n<script type=\"application\/ld+json\" class=\"yoast-schema-graph\">{\"@context\":\"https:\\\/\\\/schema.org\",\"@graph\":[{\"@type\":\"Article\",\"@id\":\"https:\\\/\\\/interamerica.org\\\/fr\\\/2005\\\/06\\\/perou-plus-de-30-000-ont-repondu\\\/#article\",\"isPartOf\":{\"@id\":\"https:\\\/\\\/interamerica.org\\\/fr\\\/2005\\\/06\\\/perou-plus-de-30-000-ont-repondu\\\/\"},\"author\":{\"name\":\"Lorenzo Verduzco\",\"@id\":\"https:\\\/\\\/interamerica.org\\\/fr\\\/#\\\/schema\\\/person\\\/68ede8bdc292885bb76c1e3810e73c39\"},\"headline\":\"P\u00e9rou:\u00a0 Plus de 30.000 Ont R\u00e9pondu\",\"datePublished\":\"2005-06-07T04:00:00+00:00\",\"dateModified\":\"2017-06-02T17:19:22+00:00\",\"mainEntityOfPage\":{\"@id\":\"https:\\\/\\\/interamerica.org\\\/fr\\\/2005\\\/06\\\/perou-plus-de-30-000-ont-repondu\\\/\"},\"wordCount\":659,\"articleSection\":[\"Archive\"],\"inLanguage\":\"fr-FR\"},{\"@type\":\"WebPage\",\"@id\":\"https:\\\/\\\/interamerica.org\\\/fr\\\/2005\\\/06\\\/perou-plus-de-30-000-ont-repondu\\\/\",\"url\":\"https:\\\/\\\/interamerica.org\\\/fr\\\/2005\\\/06\\\/perou-plus-de-30-000-ont-repondu\\\/\",\"name\":\"P\u00e9rou:\u00a0 Plus de 30.000 Ont R\u00e9pondu - \u00c9glise Adventiste Du Septieme Jour - Inter Am\u00e9rique Division\",\"isPartOf\":{\"@id\":\"https:\\\/\\\/interamerica.org\\\/fr\\\/#website\"},\"datePublished\":\"2005-06-07T04:00:00+00:00\",\"dateModified\":\"2017-06-02T17:19:22+00:00\",\"author\":{\"@id\":\"https:\\\/\\\/interamerica.org\\\/fr\\\/#\\\/schema\\\/person\\\/68ede8bdc292885bb76c1e3810e73c39\"},\"breadcrumb\":{\"@id\":\"https:\\\/\\\/interamerica.org\\\/fr\\\/2005\\\/06\\\/perou-plus-de-30-000-ont-repondu\\\/#breadcrumb\"},\"inLanguage\":\"fr-FR\",\"potentialAction\":[{\"@type\":\"ReadAction\",\"target\":[\"https:\\\/\\\/interamerica.org\\\/fr\\\/2005\\\/06\\\/perou-plus-de-30-000-ont-repondu\\\/\"]}]},{\"@type\":\"BreadcrumbList\",\"@id\":\"https:\\\/\\\/interamerica.org\\\/fr\\\/2005\\\/06\\\/perou-plus-de-30-000-ont-repondu\\\/#breadcrumb\",\"itemListElement\":[{\"@type\":\"ListItem\",\"position\":1,\"name\":\"Home\",\"item\":\"https:\\\/\\\/interamerica.org\\\/fr\\\/\"},{\"@type\":\"ListItem\",\"position\":2,\"name\":\"P\u00e9rou:\u00a0 Plus de 30.000 Ont R\u00e9pondu\"}]},{\"@type\":\"WebSite\",\"@id\":\"https:\\\/\\\/interamerica.org\\\/fr\\\/#website\",\"url\":\"https:\\\/\\\/interamerica.org\\\/fr\\\/\",\"name\":\"\u00c9glise Adventiste Du Septieme Jour - Inter Am\u00e9rique Division\",\"description\":\"\",\"potentialAction\":[{\"@type\":\"SearchAction\",\"target\":{\"@type\":\"EntryPoint\",\"urlTemplate\":\"https:\\\/\\\/interamerica.org\\\/fr\\\/?s={search_term_string}\"},\"query-input\":{\"@type\":\"PropertyValueSpecification\",\"valueRequired\":true,\"valueName\":\"search_term_string\"}}],\"inLanguage\":\"fr-FR\"},{\"@type\":\"Person\",\"@id\":\"https:\\\/\\\/interamerica.org\\\/fr\\\/#\\\/schema\\\/person\\\/68ede8bdc292885bb76c1e3810e73c39\",\"name\":\"Lorenzo Verduzco\",\"image\":{\"@type\":\"ImageObject\",\"inLanguage\":\"fr-FR\",\"@id\":\"https:\\\/\\\/secure.gravatar.com\\\/avatar\\\/fb81a55b6218459490a9c1dc841a34909185b81904c5337b4b27f7a6fd60c49e?s=96&d=mm&r=g\",\"url\":\"https:\\\/\\\/secure.gravatar.com\\\/avatar\\\/fb81a55b6218459490a9c1dc841a34909185b81904c5337b4b27f7a6fd60c49e?s=96&d=mm&r=g\",\"contentUrl\":\"https:\\\/\\\/secure.gravatar.com\\\/avatar\\\/fb81a55b6218459490a9c1dc841a34909185b81904c5337b4b27f7a6fd60c49e?s=96&d=mm&r=g\",\"caption\":\"Lorenzo Verduzco\"}}]}<\/script>\n<!-- \/ Yoast SEO plugin. -->","yoast_head_json":{"title":"P\u00e9rou:\u00a0 Plus de 30.000 Ont R\u00e9pondu - \u00c9glise Adventiste Du Septieme Jour - Inter Am\u00e9rique Division","robots":{"index":"index","follow":"follow","max-snippet":"max-snippet:-1","max-image-preview":"max-image-preview:large","max-video-preview":"max-video-preview:-1"},"canonical":"https:\/\/interamerica.org\/fr\/2005\/06\/perou-plus-de-30-000-ont-repondu\/","og_locale":"fr_FR","og_type":"article","og_title":"P\u00e9rou:\u00a0 Plus de 30.000 Ont R\u00e9pondu - \u00c9glise Adventiste Du Septieme Jour - Inter Am\u00e9rique Division","og_description":"L'Eglise des Adventistes du Septi\u00e8me jour au P\u00e9rou a exp\u00e9riment\u00e9 ce qu'on peut qualifier de croissance incroyable au cours de la premi\u00e8re partie de l'ann\u00e9e 2005, d'apr\u00e8s ce que rapportent les dirigeants.","og_url":"https:\/\/interamerica.org\/fr\/2005\/06\/perou-plus-de-30-000-ont-repondu\/","og_site_name":"\u00c9glise Adventiste Du Septieme Jour - Inter Am\u00e9rique Division","article_published_time":"2005-06-07T04:00:00+00:00","article_modified_time":"2017-06-02T17:19:22+00:00","author":"Lorenzo Verduzco","twitter_card":"summary_large_image","twitter_misc":{"\u00c9crit par":"Lorenzo Verduzco","Dur\u00e9e de lecture estim\u00e9e":"3 minutes"},"schema":{"@context":"https:\/\/schema.org","@graph":[{"@type":"Article","@id":"https:\/\/interamerica.org\/fr\/2005\/06\/perou-plus-de-30-000-ont-repondu\/#article","isPartOf":{"@id":"https:\/\/interamerica.org\/fr\/2005\/06\/perou-plus-de-30-000-ont-repondu\/"},"author":{"name":"Lorenzo Verduzco","@id":"https:\/\/interamerica.org\/fr\/#\/schema\/person\/68ede8bdc292885bb76c1e3810e73c39"},"headline":"P\u00e9rou:\u00a0 Plus de 30.000 Ont R\u00e9pondu","datePublished":"2005-06-07T04:00:00+00:00","dateModified":"2017-06-02T17:19:22+00:00","mainEntityOfPage":{"@id":"https:\/\/interamerica.org\/fr\/2005\/06\/perou-plus-de-30-000-ont-repondu\/"},"wordCount":659,"articleSection":["Archive"],"inLanguage":"fr-FR"},{"@type":"WebPage","@id":"https:\/\/interamerica.org\/fr\/2005\/06\/perou-plus-de-30-000-ont-repondu\/","url":"https:\/\/interamerica.org\/fr\/2005\/06\/perou-plus-de-30-000-ont-repondu\/","name":"P\u00e9rou:\u00a0 Plus de 30.000 Ont R\u00e9pondu - \u00c9glise Adventiste Du Septieme Jour - Inter Am\u00e9rique Division","isPartOf":{"@id":"https:\/\/interamerica.org\/fr\/#website"},"datePublished":"2005-06-07T04:00:00+00:00","dateModified":"2017-06-02T17:19:22+00:00","author":{"@id":"https:\/\/interamerica.org\/fr\/#\/schema\/person\/68ede8bdc292885bb76c1e3810e73c39"},"breadcrumb":{"@id":"https:\/\/interamerica.org\/fr\/2005\/06\/perou-plus-de-30-000-ont-repondu\/#breadcrumb"},"inLanguage":"fr-FR","potentialAction":[{"@type":"ReadAction","target":["https:\/\/interamerica.org\/fr\/2005\/06\/perou-plus-de-30-000-ont-repondu\/"]}]},{"@type":"BreadcrumbList","@id":"https:\/\/interamerica.org\/fr\/2005\/06\/perou-plus-de-30-000-ont-repondu\/#breadcrumb","itemListElement":[{"@type":"ListItem","position":1,"name":"Home","item":"https:\/\/interamerica.org\/fr\/"},{"@type":"ListItem","position":2,"name":"P\u00e9rou:\u00a0 Plus de 30.000 Ont R\u00e9pondu"}]},{"@type":"WebSite","@id":"https:\/\/interamerica.org\/fr\/#website","url":"https:\/\/interamerica.org\/fr\/","name":"\u00c9glise Adventiste Du Septieme Jour - Inter Am\u00e9rique Division","description":"","potentialAction":[{"@type":"SearchAction","target":{"@type":"EntryPoint","urlTemplate":"https:\/\/interamerica.org\/fr\/?s={search_term_string}"},"query-input":{"@type":"PropertyValueSpecification","valueRequired":true,"valueName":"search_term_string"}}],"inLanguage":"fr-FR"},{"@type":"Person","@id":"https:\/\/interamerica.org\/fr\/#\/schema\/person\/68ede8bdc292885bb76c1e3810e73c39","name":"Lorenzo Verduzco","image":{"@type":"ImageObject","inLanguage":"fr-FR","@id":"https:\/\/secure.gravatar.com\/avatar\/fb81a55b6218459490a9c1dc841a34909185b81904c5337b4b27f7a6fd60c49e?s=96&d=mm&r=g","url":"https:\/\/secure.gravatar.com\/avatar\/fb81a55b6218459490a9c1dc841a34909185b81904c5337b4b27f7a6fd60c49e?s=96&d=mm&r=g","contentUrl":"https:\/\/secure.gravatar.com\/avatar\/fb81a55b6218459490a9c1dc841a34909185b81904c5337b4b27f7a6fd60c49e?s=96&d=mm&r=g","caption":"Lorenzo Verduzco"}}]}},"_links":{"self":[{"href":"https:\/\/interamerica.org\/fr\/wp-json\/wp\/v2\/posts\/12359","targetHints":{"allow":["GET"]}}],"collection":[{"href":"https:\/\/interamerica.org\/fr\/wp-json\/wp\/v2\/posts"}],"about":[{"href":"https:\/\/interamerica.org\/fr\/wp-json\/wp\/v2\/types\/post"}],"author":[{"embeddable":true,"href":"https:\/\/interamerica.org\/fr\/wp-json\/wp\/v2\/users\/1"}],"replies":[{"embeddable":true,"href":"https:\/\/interamerica.org\/fr\/wp-json\/wp\/v2\/comments?post=12359"}],"version-history":[{"count":0,"href":"https:\/\/interamerica.org\/fr\/wp-json\/wp\/v2\/posts\/12359\/revisions"}],"wp:attachment":[{"href":"https:\/\/interamerica.org\/fr\/wp-json\/wp\/v2\/media?parent=12359"}],"wp:term":[{"taxonomy":"category","embeddable":true,"href":"https:\/\/interamerica.org\/fr\/wp-json\/wp\/v2\/categories?post=12359"},{"taxonomy":"post_tag","embeddable":true,"href":"https:\/\/interamerica.org\/fr\/wp-json\/wp\/v2\/tags?post=12359"}],"curies":[{"name":"wp","href":"https:\/\/api.w.org\/{rel}","templated":true}]}}