{"id":12361,"date":"2005-06-13T00:00:00","date_gmt":"2005-06-13T04:00:00","guid":{"rendered":"http:\/\/192.81.217.108\/interamerica\/2005\/06\/oprah-winfrey-accorde-un-don-de-1-million-a-une-organisation-de-jeunes-dirigee-par-des-adventistes\/"},"modified":"2017-06-02T13:19:21","modified_gmt":"2017-06-02T17:19:21","slug":"oprah-winfrey-accorde-un-don-de-1-million-a-une-organisation-de-jeunes-dirigee-par-des-adventistes","status":"publish","type":"post","link":"https:\/\/interamerica.org\/fr\/2005\/06\/oprah-winfrey-accorde-un-don-de-1-million-a-une-organisation-de-jeunes-dirigee-par-des-adventistes\/","title":{"rendered":"Oprah Winfrey Accorde un Don de $1 Million \u00e0 une Organisation de Jeunes Dirig\u00e9e par des Adventistes"},"content":{"rendered":"<p>Silver Springs, Maryland&#8230; (Revue Adventiste)<\/p>\n<p>L&rsquo;animatrice de d\u00e9bat t\u00e9l\u00e9vis\u00e9\u00a0Oprah Winfrey a grandement contribu\u00e9 \u00e0 la collecte de fonds du quatri\u00e8me gala annuel \u00ab\u00a0Power of a Dream\u00a0\u00bb (Puissance d&rsquo;un R\u00eave) organis\u00e9e le 24 mai au Grand Hyatt hotel \u00e0 Washington D.C., en pr\u00e9sentant un ch\u00e8que de $1 million au pasteur Adventiste, musicien et pr\u00e9sident de \u00ab\u00a0Dream Academy\u00a0\u00bb, (Acad\u00e9mie du R\u00eave)\u00a0Wintley Phipps.\u00a0 Winfrey a \u00e9t\u00e9 l&rsquo;orateur principal de\u00a0la c\u00e9r\u00e9monie, au cours de laquelle plus de $1.8 a \u00e9t\u00e9 collect\u00e9 pour l&rsquo;acad\u00e9mie.<\/p>\n<p>\u00ab\u00a0U.S. Dream Academy, Inc.,\u00a0\u00bb une organisation \u00e0 but non-lucratif\u00a0fond\u00e9e en 1998 par Phipps\u00a0a patron\u00e9\u00a0le gala annuel.\u00a0 Phipps a organis\u00e9 l&rsquo;acad\u00e9mie pour \u00eatre un centre des valeurs, un programme de formation\u00a0par Internet pour les jeunes en difficult\u00e9 aux Etats-Unis, en accordant une attention sp\u00e9ciale aux enfants des prisonniers et ceux qui sont en passe d&rsquo;abandonner les \u00e9tudes scolaires \u00e0 cause des probl\u00e8mes acad\u00e9miques, sociaux, et financiers.\u00a0 Phipps est aussi le\u00a0pasteur en chef\u00a0de l&rsquo;Eglise Adventiste\u00a0de Palm Bay en Floride.<\/p>\n<p>\u00ab\u00a0Environ 70 pour cent de ceux qui sont incarc\u00e9r\u00e9s sont des enfants de prisonniers,\u00a0\u00bb a dit Phipps \u00e0 la Revue Adventiste quand il expliquait la raison qui l&rsquo;a pouss\u00e9e \u00e0 aider ce groupe \u00e0 risque.\u00a0 Et 80\u00a0pour cent des prisonniers f\u00e9d\u00e9raux d&rsquo;aujourd&rsquo;ui sont ceux qui ont abandonn\u00e9 les \u00e9tudes secondaires.\u00a0\u00bb\u00a0<\/p>\n<p>L&rsquo;acad\u00e9mie offre son support \u00e0 travers des programmes d&rsquo;enseignement et de formation, des cours d&rsquo;informatique, et de leadership aux jeunes \u00e2g\u00e9s de 7 \u00e0 11 ans.\u00a0\u00a0Son bureau principal est situ\u00e9 \u00e0 Columbia, Maryland, et supervise\u00a0des centres d&rsquo;apprentissage dans huit villes des U.S.A., y compris Atlanta, Gerogia; Salt Lake City, Utah; et Orlando, Florida.<\/p>\n<p>\u00ab\u00a0Les pasteurs Adventistes luttent avec la tentation de contribuer au bien-\u00eatre des membres assistant aux services, mais pendant que nous le faisons, des millions p\u00e9rissent autour de nous,\u00a0\u00bb a jout\u00e9 Phipps.\u00a0 Dieu m&rsquo;a pouss\u00e9 \u00e0 r\u00e9aliser des actions\u00a0 plus vari\u00e9es au cours de mon minist\u00e8re.\u00a0 J&rsquo;ai\u00a0voulu essayer de faire tout ce que je pouvais pour faire une diff\u00e9rence dans les vies de ce groupe particulier d&rsquo;enfants, et Dieu a b\u00e9ni notre organisation au-del\u00e0 de tous nos\u00a0r\u00eaves les plus extravagants .<\/p>\n<p>Etaient aussi pr\u00e9sents\u00a0au gala\u00a0le S\u00e9nateur Orrin Hatch, la\u00a0Repr\u00e9sentante\u00a0Adventiste au Congr\u00e8s Sheila Jackson Lee, et le S\u00e9nateur Hillary Rodham Clinton.\u00a0 Les chorales de\u00a0\u00ab\u00a0Pine Forge Academy\u00a0\u00bb et de \u00ab\u00a0Dream Kids\u00a0\u00bb\u00a0ont \u00e9t\u00e9 parmi ceux qui ont particip\u00e9 au programme.<\/p>\n<p>Pour plus d&rsquo;information concernant le U.S. Dream Academy, visitez le <a  href=\"http:\/\/www.usdreamacademy.org\">www.usdreamacademy.org<\/a>.\u00a0\u00a0\u00a0\u00a0\u00a0\u00a0\u00a0\u00a0\u00a0\u00a0\u00a0\u00a0<\/p>\n","protected":false},"excerpt":{"rendered":"<p>L&rsquo;animatrice de d\u00e9bat t\u00e9l\u00e9vis\u00e9\u00a0Oprah Winfrey a grandement contribu\u00e9 \u00e0 la collecte de fonds du quatri\u00e8me gala annuel \u00ab\u00a0Power of a Dream\u00a0\u00bb (Puissance d&rsquo;un R\u00eave) organis\u00e9e le 24 mai au Grand Hyatt hotel \u00e0 Washington D.C.\u00a0<\/p>\n","protected":false},"author":1,"featured_media":0,"comment_status":"closed","ping_status":"closed","sticky":false,"template":"","format":"standard","meta":{"_acf_changed":false,"footnotes":""},"categories":[9],"tags":[],"class_list":["post-12361","post","type-post","status-publish","format-standard","hentry","category-archive-fr"],"acf":[],"yoast_head":"<!-- This site is optimized with the Yoast SEO plugin v27.3 - https:\/\/yoast.com\/product\/yoast-seo-wordpress\/ -->\n<title>Oprah Winfrey Accorde un Don de $1 Million \u00e0 une Organisation de Jeunes Dirig\u00e9e par des Adventistes - \u00c9glise Adventiste Du Septieme Jour - Inter Am\u00e9rique Division<\/title>\n<meta name=\"robots\" content=\"index, follow, max-snippet:-1, max-image-preview:large, max-video-preview:-1\" \/>\n<link rel=\"canonical\" href=\"https:\/\/interamerica.org\/fr\/2005\/06\/oprah-winfrey-accorde-un-don-de-1-million-a-une-organisation-de-jeunes-dirigee-par-des-adventistes\/\" \/>\n<meta property=\"og:locale\" content=\"fr_FR\" \/>\n<meta property=\"og:type\" content=\"article\" \/>\n<meta property=\"og:title\" content=\"Oprah Winfrey Accorde un Don de $1 Million \u00e0 une Organisation de Jeunes Dirig\u00e9e par des Adventistes - \u00c9glise Adventiste Du Septieme Jour - Inter Am\u00e9rique Division\" \/>\n<meta property=\"og:description\" content=\"L&#039;animatrice de d\u00e9bat t\u00e9l\u00e9vis\u00e9\u00a0Oprah Winfrey a grandement contribu\u00e9 \u00e0 la collecte de fonds du quatri\u00e8me gala annuel &quot;Power of a Dream&quot; (Puissance d&#039;un R\u00eave) organis\u00e9e le 24 mai au Grand Hyatt hotel \u00e0 Washington D.C.\u00a0\" \/>\n<meta property=\"og:url\" content=\"https:\/\/interamerica.org\/fr\/2005\/06\/oprah-winfrey-accorde-un-don-de-1-million-a-une-organisation-de-jeunes-dirigee-par-des-adventistes\/\" \/>\n<meta property=\"og:site_name\" content=\"\u00c9glise Adventiste Du Septieme Jour - Inter Am\u00e9rique Division\" \/>\n<meta property=\"article:published_time\" content=\"2005-06-13T04:00:00+00:00\" \/>\n<meta property=\"article:modified_time\" content=\"2017-06-02T17:19:21+00:00\" \/>\n<meta name=\"author\" content=\"Lorenzo Verduzco\" \/>\n<meta name=\"twitter:card\" content=\"summary_large_image\" \/>\n<meta name=\"twitter:label1\" content=\"\u00c9crit par\" \/>\n\t<meta name=\"twitter:data1\" content=\"Lorenzo Verduzco\" \/>\n\t<meta name=\"twitter:label2\" content=\"Dur\u00e9e de lecture estim\u00e9e\" \/>\n\t<meta name=\"twitter:data2\" content=\"2 minutes\" \/>\n<script type=\"application\/ld+json\" class=\"yoast-schema-graph\">{\"@context\":\"https:\\\/\\\/schema.org\",\"@graph\":[{\"@type\":\"Article\",\"@id\":\"https:\\\/\\\/interamerica.org\\\/fr\\\/2005\\\/06\\\/oprah-winfrey-accorde-un-don-de-1-million-a-une-organisation-de-jeunes-dirigee-par-des-adventistes\\\/#article\",\"isPartOf\":{\"@id\":\"https:\\\/\\\/interamerica.org\\\/fr\\\/2005\\\/06\\\/oprah-winfrey-accorde-un-don-de-1-million-a-une-organisation-de-jeunes-dirigee-par-des-adventistes\\\/\"},\"author\":{\"name\":\"Lorenzo Verduzco\",\"@id\":\"https:\\\/\\\/interamerica.org\\\/fr\\\/#\\\/schema\\\/person\\\/68ede8bdc292885bb76c1e3810e73c39\"},\"headline\":\"Oprah Winfrey Accorde un Don de $1 Million \u00e0 une Organisation de Jeunes Dirig\u00e9e par des Adventistes\",\"datePublished\":\"2005-06-13T04:00:00+00:00\",\"dateModified\":\"2017-06-02T17:19:21+00:00\",\"mainEntityOfPage\":{\"@id\":\"https:\\\/\\\/interamerica.org\\\/fr\\\/2005\\\/06\\\/oprah-winfrey-accorde-un-don-de-1-million-a-une-organisation-de-jeunes-dirigee-par-des-adventistes\\\/\"},\"wordCount\":467,\"articleSection\":[\"Archive\"],\"inLanguage\":\"fr-FR\"},{\"@type\":\"WebPage\",\"@id\":\"https:\\\/\\\/interamerica.org\\\/fr\\\/2005\\\/06\\\/oprah-winfrey-accorde-un-don-de-1-million-a-une-organisation-de-jeunes-dirigee-par-des-adventistes\\\/\",\"url\":\"https:\\\/\\\/interamerica.org\\\/fr\\\/2005\\\/06\\\/oprah-winfrey-accorde-un-don-de-1-million-a-une-organisation-de-jeunes-dirigee-par-des-adventistes\\\/\",\"name\":\"Oprah Winfrey Accorde un Don de $1 Million \u00e0 une Organisation de Jeunes Dirig\u00e9e par des Adventistes - \u00c9glise Adventiste Du Septieme Jour - Inter Am\u00e9rique Division\",\"isPartOf\":{\"@id\":\"https:\\\/\\\/interamerica.org\\\/fr\\\/#website\"},\"datePublished\":\"2005-06-13T04:00:00+00:00\",\"dateModified\":\"2017-06-02T17:19:21+00:00\",\"author\":{\"@id\":\"https:\\\/\\\/interamerica.org\\\/fr\\\/#\\\/schema\\\/person\\\/68ede8bdc292885bb76c1e3810e73c39\"},\"breadcrumb\":{\"@id\":\"https:\\\/\\\/interamerica.org\\\/fr\\\/2005\\\/06\\\/oprah-winfrey-accorde-un-don-de-1-million-a-une-organisation-de-jeunes-dirigee-par-des-adventistes\\\/#breadcrumb\"},\"inLanguage\":\"fr-FR\",\"potentialAction\":[{\"@type\":\"ReadAction\",\"target\":[\"https:\\\/\\\/interamerica.org\\\/fr\\\/2005\\\/06\\\/oprah-winfrey-accorde-un-don-de-1-million-a-une-organisation-de-jeunes-dirigee-par-des-adventistes\\\/\"]}]},{\"@type\":\"BreadcrumbList\",\"@id\":\"https:\\\/\\\/interamerica.org\\\/fr\\\/2005\\\/06\\\/oprah-winfrey-accorde-un-don-de-1-million-a-une-organisation-de-jeunes-dirigee-par-des-adventistes\\\/#breadcrumb\",\"itemListElement\":[{\"@type\":\"ListItem\",\"position\":1,\"name\":\"Home\",\"item\":\"https:\\\/\\\/interamerica.org\\\/fr\\\/\"},{\"@type\":\"ListItem\",\"position\":2,\"name\":\"Oprah Winfrey Accorde un Don de $1 Million \u00e0 une Organisation de Jeunes Dirig\u00e9e par des Adventistes\"}]},{\"@type\":\"WebSite\",\"@id\":\"https:\\\/\\\/interamerica.org\\\/fr\\\/#website\",\"url\":\"https:\\\/\\\/interamerica.org\\\/fr\\\/\",\"name\":\"\u00c9glise Adventiste Du Septieme Jour - Inter Am\u00e9rique Division\",\"description\":\"\",\"potentialAction\":[{\"@type\":\"SearchAction\",\"target\":{\"@type\":\"EntryPoint\",\"urlTemplate\":\"https:\\\/\\\/interamerica.org\\\/fr\\\/?s={search_term_string}\"},\"query-input\":{\"@type\":\"PropertyValueSpecification\",\"valueRequired\":true,\"valueName\":\"search_term_string\"}}],\"inLanguage\":\"fr-FR\"},{\"@type\":\"Person\",\"@id\":\"https:\\\/\\\/interamerica.org\\\/fr\\\/#\\\/schema\\\/person\\\/68ede8bdc292885bb76c1e3810e73c39\",\"name\":\"Lorenzo Verduzco\",\"image\":{\"@type\":\"ImageObject\",\"inLanguage\":\"fr-FR\",\"@id\":\"https:\\\/\\\/secure.gravatar.com\\\/avatar\\\/fb81a55b6218459490a9c1dc841a34909185b81904c5337b4b27f7a6fd60c49e?s=96&d=mm&r=g\",\"url\":\"https:\\\/\\\/secure.gravatar.com\\\/avatar\\\/fb81a55b6218459490a9c1dc841a34909185b81904c5337b4b27f7a6fd60c49e?s=96&d=mm&r=g\",\"contentUrl\":\"https:\\\/\\\/secure.gravatar.com\\\/avatar\\\/fb81a55b6218459490a9c1dc841a34909185b81904c5337b4b27f7a6fd60c49e?s=96&d=mm&r=g\",\"caption\":\"Lorenzo Verduzco\"}}]}<\/script>\n<!-- \/ Yoast SEO plugin. -->","yoast_head_json":{"title":"Oprah Winfrey Accorde un Don de $1 Million \u00e0 une Organisation de Jeunes Dirig\u00e9e par des Adventistes - \u00c9glise Adventiste Du Septieme Jour - Inter Am\u00e9rique Division","robots":{"index":"index","follow":"follow","max-snippet":"max-snippet:-1","max-image-preview":"max-image-preview:large","max-video-preview":"max-video-preview:-1"},"canonical":"https:\/\/interamerica.org\/fr\/2005\/06\/oprah-winfrey-accorde-un-don-de-1-million-a-une-organisation-de-jeunes-dirigee-par-des-adventistes\/","og_locale":"fr_FR","og_type":"article","og_title":"Oprah Winfrey Accorde un Don de $1 Million \u00e0 une Organisation de Jeunes Dirig\u00e9e par des Adventistes - \u00c9glise Adventiste Du Septieme Jour - Inter Am\u00e9rique Division","og_description":"L'animatrice de d\u00e9bat t\u00e9l\u00e9vis\u00e9\u00a0Oprah Winfrey a grandement contribu\u00e9 \u00e0 la collecte de fonds du quatri\u00e8me gala annuel \"Power of a Dream\" (Puissance d'un R\u00eave) organis\u00e9e le 24 mai au Grand Hyatt hotel \u00e0 Washington D.C.\u00a0","og_url":"https:\/\/interamerica.org\/fr\/2005\/06\/oprah-winfrey-accorde-un-don-de-1-million-a-une-organisation-de-jeunes-dirigee-par-des-adventistes\/","og_site_name":"\u00c9glise Adventiste Du Septieme Jour - Inter Am\u00e9rique Division","article_published_time":"2005-06-13T04:00:00+00:00","article_modified_time":"2017-06-02T17:19:21+00:00","author":"Lorenzo Verduzco","twitter_card":"summary_large_image","twitter_misc":{"\u00c9crit par":"Lorenzo Verduzco","Dur\u00e9e de lecture estim\u00e9e":"2 minutes"},"schema":{"@context":"https:\/\/schema.org","@graph":[{"@type":"Article","@id":"https:\/\/interamerica.org\/fr\/2005\/06\/oprah-winfrey-accorde-un-don-de-1-million-a-une-organisation-de-jeunes-dirigee-par-des-adventistes\/#article","isPartOf":{"@id":"https:\/\/interamerica.org\/fr\/2005\/06\/oprah-winfrey-accorde-un-don-de-1-million-a-une-organisation-de-jeunes-dirigee-par-des-adventistes\/"},"author":{"name":"Lorenzo Verduzco","@id":"https:\/\/interamerica.org\/fr\/#\/schema\/person\/68ede8bdc292885bb76c1e3810e73c39"},"headline":"Oprah Winfrey Accorde un Don de $1 Million \u00e0 une Organisation de Jeunes Dirig\u00e9e par des Adventistes","datePublished":"2005-06-13T04:00:00+00:00","dateModified":"2017-06-02T17:19:21+00:00","mainEntityOfPage":{"@id":"https:\/\/interamerica.org\/fr\/2005\/06\/oprah-winfrey-accorde-un-don-de-1-million-a-une-organisation-de-jeunes-dirigee-par-des-adventistes\/"},"wordCount":467,"articleSection":["Archive"],"inLanguage":"fr-FR"},{"@type":"WebPage","@id":"https:\/\/interamerica.org\/fr\/2005\/06\/oprah-winfrey-accorde-un-don-de-1-million-a-une-organisation-de-jeunes-dirigee-par-des-adventistes\/","url":"https:\/\/interamerica.org\/fr\/2005\/06\/oprah-winfrey-accorde-un-don-de-1-million-a-une-organisation-de-jeunes-dirigee-par-des-adventistes\/","name":"Oprah Winfrey Accorde un Don de $1 Million \u00e0 une Organisation de Jeunes Dirig\u00e9e par des Adventistes - \u00c9glise Adventiste Du Septieme Jour - Inter Am\u00e9rique Division","isPartOf":{"@id":"https:\/\/interamerica.org\/fr\/#website"},"datePublished":"2005-06-13T04:00:00+00:00","dateModified":"2017-06-02T17:19:21+00:00","author":{"@id":"https:\/\/interamerica.org\/fr\/#\/schema\/person\/68ede8bdc292885bb76c1e3810e73c39"},"breadcrumb":{"@id":"https:\/\/interamerica.org\/fr\/2005\/06\/oprah-winfrey-accorde-un-don-de-1-million-a-une-organisation-de-jeunes-dirigee-par-des-adventistes\/#breadcrumb"},"inLanguage":"fr-FR","potentialAction":[{"@type":"ReadAction","target":["https:\/\/interamerica.org\/fr\/2005\/06\/oprah-winfrey-accorde-un-don-de-1-million-a-une-organisation-de-jeunes-dirigee-par-des-adventistes\/"]}]},{"@type":"BreadcrumbList","@id":"https:\/\/interamerica.org\/fr\/2005\/06\/oprah-winfrey-accorde-un-don-de-1-million-a-une-organisation-de-jeunes-dirigee-par-des-adventistes\/#breadcrumb","itemListElement":[{"@type":"ListItem","position":1,"name":"Home","item":"https:\/\/interamerica.org\/fr\/"},{"@type":"ListItem","position":2,"name":"Oprah Winfrey Accorde un Don de $1 Million \u00e0 une Organisation de Jeunes Dirig\u00e9e par des Adventistes"}]},{"@type":"WebSite","@id":"https:\/\/interamerica.org\/fr\/#website","url":"https:\/\/interamerica.org\/fr\/","name":"\u00c9glise Adventiste Du Septieme Jour - Inter Am\u00e9rique Division","description":"","potentialAction":[{"@type":"SearchAction","target":{"@type":"EntryPoint","urlTemplate":"https:\/\/interamerica.org\/fr\/?s={search_term_string}"},"query-input":{"@type":"PropertyValueSpecification","valueRequired":true,"valueName":"search_term_string"}}],"inLanguage":"fr-FR"},{"@type":"Person","@id":"https:\/\/interamerica.org\/fr\/#\/schema\/person\/68ede8bdc292885bb76c1e3810e73c39","name":"Lorenzo Verduzco","image":{"@type":"ImageObject","inLanguage":"fr-FR","@id":"https:\/\/secure.gravatar.com\/avatar\/fb81a55b6218459490a9c1dc841a34909185b81904c5337b4b27f7a6fd60c49e?s=96&d=mm&r=g","url":"https:\/\/secure.gravatar.com\/avatar\/fb81a55b6218459490a9c1dc841a34909185b81904c5337b4b27f7a6fd60c49e?s=96&d=mm&r=g","contentUrl":"https:\/\/secure.gravatar.com\/avatar\/fb81a55b6218459490a9c1dc841a34909185b81904c5337b4b27f7a6fd60c49e?s=96&d=mm&r=g","caption":"Lorenzo Verduzco"}}]}},"_links":{"self":[{"href":"https:\/\/interamerica.org\/fr\/wp-json\/wp\/v2\/posts\/12361","targetHints":{"allow":["GET"]}}],"collection":[{"href":"https:\/\/interamerica.org\/fr\/wp-json\/wp\/v2\/posts"}],"about":[{"href":"https:\/\/interamerica.org\/fr\/wp-json\/wp\/v2\/types\/post"}],"author":[{"embeddable":true,"href":"https:\/\/interamerica.org\/fr\/wp-json\/wp\/v2\/users\/1"}],"replies":[{"embeddable":true,"href":"https:\/\/interamerica.org\/fr\/wp-json\/wp\/v2\/comments?post=12361"}],"version-history":[{"count":0,"href":"https:\/\/interamerica.org\/fr\/wp-json\/wp\/v2\/posts\/12361\/revisions"}],"wp:attachment":[{"href":"https:\/\/interamerica.org\/fr\/wp-json\/wp\/v2\/media?parent=12361"}],"wp:term":[{"taxonomy":"category","embeddable":true,"href":"https:\/\/interamerica.org\/fr\/wp-json\/wp\/v2\/categories?post=12361"},{"taxonomy":"post_tag","embeddable":true,"href":"https:\/\/interamerica.org\/fr\/wp-json\/wp\/v2\/tags?post=12361"}],"curies":[{"name":"wp","href":"https:\/\/api.w.org\/{rel}","templated":true}]}}