{"id":12362,"date":"2005-06-14T00:00:00","date_gmt":"2005-06-14T04:00:00","guid":{"rendered":"http:\/\/192.81.217.108\/interamerica\/2005\/06\/lagenda-de-la-session-envisage-de-nouvelles-orientations-preparer-leglise-en-pleine-croissance\/"},"modified":"2017-06-02T13:19:19","modified_gmt":"2017-06-02T17:19:19","slug":"lagenda-de-la-session-envisage-de-nouvelles-orientations-preparer-leglise-en-pleine-croissance","status":"publish","type":"post","link":"https:\/\/interamerica.org\/fr\/2005\/06\/lagenda-de-la-session-envisage-de-nouvelles-orientations-preparer-leglise-en-pleine-croissance\/","title":{"rendered":"L&rsquo;Agenda de la Session Envisage de\u00a0Nouvelles Orientations:\u00a0 Pr\u00e9parer\u00a0l&rsquo;Eglise en Pleine Croissance\u00a0"},"content":{"rendered":"<p>Silver Spring, Maryland, Etats-Unis d&rsquo;Am\u00e9rique&#8230; (Taashi Rowe\/ANN)<\/p>\n<p>La croissance constante de l&rsquo;effectif des membres d&rsquo;\u00e9glise sur le plan mondial dominera l&rsquo;agenda de la r\u00e9union de St. Louis, \u00e0 Missouri au cours de cet \u00e9t\u00e9.\u00a0 Les d\u00e9l\u00e9gu\u00e9s se pencheront sur le d\u00e9fi de la vie de l&rsquo;\u00e9glise et de la g\u00e9rence de la croissance de l&rsquo;\u00e9glise mondiale.\u00a0 Les 2.000 d\u00e9l\u00e9gu\u00e9s ayant droit de vote au cours de la session d&rsquo;affaires influenceront la direction de l&rsquo;\u00e9glise pour les cinq prochaines ann\u00e9es et m\u00eame davantage\u00a0alors qu&rsquo;ils vont consid\u00e9rer les\u00a0nouvelles r\u00e9solutions et voter de nouveaux dirigeants de l&rsquo;\u00e9glise au niveau international.<\/p>\n<p>Les Adventistes ont choisi \u00ab\u00a0Transform\u00e9s en Christ\u00a0\u00bb comme th\u00e8me de la 58\u00e8me r\u00e9union quinquennale d&rsquo;affaires.\u00a0 \u00ab\u00a0Le th\u00e8me\u00a0convient bien, car changement,\u00a0 croissance et\u00a0transformation sont au coeur de l&rsquo;Adventisme,\u00a0\u00bb\u00a0 commente Ray Dabrowski, directeur des communications pour l&rsquo;\u00e9glise mondiale.<\/p>\n<p>Avec\u00a0plus\u00a0de 5 millions de membres\u00a0\u00e0 se\u00a0 joindre \u00e0 l&rsquo;\u00e9glise au cours de la p\u00e9riode de cinq ans depuis la derni\u00e8re r\u00e9union de l&rsquo;ann\u00e9e 2000, une telle croissance pr\u00e9sente une pr\u00e9occupation, dit Matthew Bediako, secr\u00e9taire de l&rsquo;\u00e9glise mondiale.\u00a0 \u00ab\u00a0Comment allons-nous pr\u00e9parer et retenir les milliers qui se joignent \u00e0 l&rsquo;\u00e9glise?\u00a0\u00bb\u00a0<\/p>\n<p>En d\u00e9pit de la croissance dynamique de l&rsquo;\u00e9glise en Afrique au cours des ann\u00e9es pass\u00e9es, ce qui \u00e9tait tr\u00e8s bien au point que l&rsquo;\u00e9glise ait ajout\u00e9 r\u00e9cemment une nouvelle division administrative dans la r\u00e9gion Centrale de l&rsquo;Afrique de l&rsquo;Est, l&rsquo;oeuvre continue \u00e0 perdre des membres chaque ann\u00e9e.\u00a0\u00a0 Au cours des cinq derni\u00e8res ann\u00e9es, l&rsquo;\u00e9glise a perdu environ un million de membres, ce qui repr\u00e9sente environ 7 pour cent de l&rsquo;effectif de ses membres au niveau mondial.\u00a0<\/p>\n<p>La r\u00e9union permettra aussi aux dirigeants de prendre des d\u00e9cisions concernant les croyances fondamentales de\u00a0l&rsquo;\u00e9glise, ce qui ne peut \u00eatre consid\u00e9r\u00e9 qu&rsquo;en pareille occasion.\u00a0 Une nouvelle croyance fondamentale\u00a0&#8212; Cro\u00eetre en Christ&#8211; avait \u00e9t\u00e9 adopt\u00e9e au cours du Concile Annuel de 2004, mais elle sera officiellement ajout\u00e9e aux 27 croyances existantes au cours de la r\u00e9union de 2005.\u00a0 Elle met l&#8217;emphase sur la communion quotidienne avec Christ.\u00a0 \u00ab\u00a0Nous n&rsquo;avions jamais eu auparavant une croyance qui priorise la\u00a0pri\u00e8re, la m\u00e9ditation et l&rsquo;adoration,\u00a0\u00bb rapporte Larry Evans, sous-secr\u00e9taire de l&rsquo;\u00e9glise mondiale.<\/p>\n<p>Cette addition aux croyances fondamentales permettra aux membres de r\u00e9aliser que l&rsquo;\u00e9glise est flexible et ne change pas.\u00a0 \u00ab\u00a0Il est aussi important de d\u00e9montrer aux membres que l&rsquo;\u00e9glise n&rsquo;est pas renferm\u00e9e dans un credo,\u00a0\u00bb dit Evans.\u00a0 \u00ab\u00a0La v\u00e9rit\u00e9 fait surface alors\u00a0que le temps change.\u00a0\u00bb<\/p>\n<p>Au cours d&rsquo;une r\u00e9union de comit\u00e9 qui a lieu deux jours avant la r\u00e9union d&rsquo;affaires, les dirigeants voteront \u00e9galement une r\u00e9solution au sujet du r\u00f4le de la Bible dans l&rsquo;Eglise Adventiste.<\/p>\n<p>\u00ab\u00a0Nous confirmons\u00a0la Bible et son r\u00f4le principal dans la vie de l&rsquo;\u00e9glise, et nous pressons les membres de trouver les moyens de partager son message avec les autres et\u00a0dans leurs propres vies,\u00a0\u00bb explique Evans.<\/p>\n<p>Le comit\u00e9 r\u00e9affirmera l&rsquo;authenticit\u00e9 des \u00e9crits de Ellen G. White, une fondatrice principale du mouvement.\u00a0 La d\u00e9cision a trouv\u00e9 l&rsquo;appui du comit\u00e9 ex\u00e9cutif de la\u00a0 R\u00e9union\u00a0du Printemps de 2005 pour un plan de distribution des principaux livres \u00e9crits par Mme. White \u00e0 chaque famille Adventiste, en vue d&rsquo;apporter un support spirituel et diriger l&rsquo;attention vers les conseils de la Bible.<\/p>\n<p>Un autre probl\u00e8me\u00a0important consiste \u00e0 fixer\u00a0le nombre des d\u00e9l\u00e9gu\u00e9s qui doivent participer \u00e0 ces prochaines r\u00e9unions.\u00a0 Pr\u00e9sentement, le nombre est limit\u00e9 \u00e0 2.000; mais, Evans explique, le comit\u00e9 des d\u00e9l\u00e9gu\u00e9s veut accorder une\u00a0 certaine flexibilit\u00e9 \u00e0 ce\u00a0nombre pour faire la place aux nouvelles organisations de l&rsquo;oeuvre.<\/p>\n<p>Les d\u00e9l\u00e9gu\u00e9s se pencheront aussi sur les r\u00e9gions mondiales et les \u00e9glises locales des r\u00e9gions qui planifient une r\u00e9duction de leur personnel.<\/p>\n<p>Bien que cette r\u00e9union ne consid\u00e8rera pas les questions assez controvers\u00e9es des derni\u00e8res ann\u00e9es, telles\u00a0l&rsquo;ordination des femmes, le divorce et le remariage, Bediako confirme que des d\u00e9cisions assez significatives seront prises au cours de ces 10 jours de r\u00e9unions.<\/p>\n<p>Bien qu&rsquo;en\u00a0grande partie l&rsquo;assembl\u00e9e rev\u00eate un aspect de travail, Bediako consid\u00e8re la rencontre comme une grande r\u00e9union de famille \u00e0 laquelle\u00a070.000 personnes y assisteront\u00a0au cours des fins de semaine.<\/p>\n<p>\u00ab\u00a0Nous somme pr\u00e9sentement dans 206 pays et plusieurs auront, pour la premi\u00e8re fois, l&rsquo;occasion de rencontrer leurs fr\u00e8res et soeurs des autres parties du monde\u00a0\u00bb ajoute-t-il. \u00a0\u00a0\u00a0\u00a0\u00a0\u00a0\u00a0\u00a0\u00a0<\/p>\n<p>En s&rsquo;adressant aux d\u00e9l\u00e9gu\u00e9s et participants, Jan Paulsen, pr\u00e9sident de l&rsquo;\u00e9glise mondiale,\u00a0dit:\u00a0 \u00ab\u00a0Au centre de tout ce que nous ferons, et de toutes les d\u00e9cisions \u00e0 prendre, il n&rsquo;y a qu&rsquo;un seul objectif:\u00a0 mieux pr\u00e9parer et \u00e9quiper notre \u00e9glise pour la mission que Dieu lui a confi\u00e9e.\u00a0 Car nous sommes fondamentalement une communaut\u00e9 qui t\u00e9moigne, et qui vit dans l&rsquo;attente du retour de notre Ma\u00eetre.\u00a0\u00bb\u00a0\u00a0\u00a0<\/p>\n<p>\u00a0\u00a0<\/p>\n","protected":false},"excerpt":{"rendered":"<p>La croissance constante de l&rsquo;effectif des membres d&rsquo;\u00e9glise sur le plan mondial dominera l&rsquo;agenda de la r\u00e9union de St. Louis, \u00e0 Missouri au cours de cet \u00e9t\u00e9.<\/p>\n","protected":false},"author":1,"featured_media":0,"comment_status":"closed","ping_status":"closed","sticky":false,"template":"","format":"standard","meta":{"_acf_changed":false,"footnotes":""},"categories":[9],"tags":[],"class_list":["post-12362","post","type-post","status-publish","format-standard","hentry","category-archive-fr"],"acf":[],"yoast_head":"<!-- This site is optimized with the Yoast SEO plugin v27.3 - https:\/\/yoast.com\/product\/yoast-seo-wordpress\/ -->\n<title>L&#039;Agenda de la Session Envisage de\u00a0Nouvelles Orientations:\u00a0 Pr\u00e9parer\u00a0l&#039;Eglise en Pleine Croissance\u00a0 - \u00c9glise Adventiste Du Septieme Jour - Inter Am\u00e9rique Division<\/title>\n<meta name=\"robots\" content=\"index, follow, max-snippet:-1, max-image-preview:large, max-video-preview:-1\" \/>\n<link rel=\"canonical\" href=\"https:\/\/interamerica.org\/fr\/2005\/06\/lagenda-de-la-session-envisage-de-nouvelles-orientations-preparer-leglise-en-pleine-croissance\/\" \/>\n<meta property=\"og:locale\" content=\"fr_FR\" \/>\n<meta property=\"og:type\" content=\"article\" \/>\n<meta property=\"og:title\" content=\"L&#039;Agenda de la Session Envisage de\u00a0Nouvelles Orientations:\u00a0 Pr\u00e9parer\u00a0l&#039;Eglise en Pleine Croissance\u00a0 - \u00c9glise Adventiste Du Septieme Jour - Inter Am\u00e9rique Division\" \/>\n<meta property=\"og:description\" content=\"La croissance constante de l&#039;effectif des membres d&#039;\u00e9glise sur le plan mondial dominera l&#039;agenda de la r\u00e9union de St. Louis, \u00e0 Missouri au cours de cet \u00e9t\u00e9.\" \/>\n<meta property=\"og:url\" content=\"https:\/\/interamerica.org\/fr\/2005\/06\/lagenda-de-la-session-envisage-de-nouvelles-orientations-preparer-leglise-en-pleine-croissance\/\" \/>\n<meta property=\"og:site_name\" content=\"\u00c9glise Adventiste Du Septieme Jour - Inter Am\u00e9rique Division\" \/>\n<meta property=\"article:published_time\" content=\"2005-06-14T04:00:00+00:00\" \/>\n<meta property=\"article:modified_time\" content=\"2017-06-02T17:19:19+00:00\" \/>\n<meta name=\"author\" content=\"Lorenzo Verduzco\" \/>\n<meta name=\"twitter:card\" content=\"summary_large_image\" \/>\n<meta name=\"twitter:label1\" content=\"\u00c9crit par\" \/>\n\t<meta name=\"twitter:data1\" content=\"Lorenzo Verduzco\" \/>\n\t<meta name=\"twitter:label2\" content=\"Dur\u00e9e de lecture estim\u00e9e\" \/>\n\t<meta name=\"twitter:data2\" content=\"4 minutes\" \/>\n<script type=\"application\/ld+json\" class=\"yoast-schema-graph\">{\"@context\":\"https:\\\/\\\/schema.org\",\"@graph\":[{\"@type\":\"Article\",\"@id\":\"https:\\\/\\\/interamerica.org\\\/fr\\\/2005\\\/06\\\/lagenda-de-la-session-envisage-de-nouvelles-orientations-preparer-leglise-en-pleine-croissance\\\/#article\",\"isPartOf\":{\"@id\":\"https:\\\/\\\/interamerica.org\\\/fr\\\/2005\\\/06\\\/lagenda-de-la-session-envisage-de-nouvelles-orientations-preparer-leglise-en-pleine-croissance\\\/\"},\"author\":{\"name\":\"Lorenzo Verduzco\",\"@id\":\"https:\\\/\\\/interamerica.org\\\/fr\\\/#\\\/schema\\\/person\\\/68ede8bdc292885bb76c1e3810e73c39\"},\"headline\":\"L&rsquo;Agenda de la Session Envisage de\u00a0Nouvelles Orientations:\u00a0 Pr\u00e9parer\u00a0l&rsquo;Eglise en Pleine Croissance\u00a0\",\"datePublished\":\"2005-06-14T04:00:00+00:00\",\"dateModified\":\"2017-06-02T17:19:19+00:00\",\"mainEntityOfPage\":{\"@id\":\"https:\\\/\\\/interamerica.org\\\/fr\\\/2005\\\/06\\\/lagenda-de-la-session-envisage-de-nouvelles-orientations-preparer-leglise-en-pleine-croissance\\\/\"},\"wordCount\":904,\"articleSection\":[\"Archive\"],\"inLanguage\":\"fr-FR\"},{\"@type\":\"WebPage\",\"@id\":\"https:\\\/\\\/interamerica.org\\\/fr\\\/2005\\\/06\\\/lagenda-de-la-session-envisage-de-nouvelles-orientations-preparer-leglise-en-pleine-croissance\\\/\",\"url\":\"https:\\\/\\\/interamerica.org\\\/fr\\\/2005\\\/06\\\/lagenda-de-la-session-envisage-de-nouvelles-orientations-preparer-leglise-en-pleine-croissance\\\/\",\"name\":\"L'Agenda de la Session Envisage de\u00a0Nouvelles Orientations:\u00a0 Pr\u00e9parer\u00a0l'Eglise en Pleine Croissance\u00a0 - \u00c9glise Adventiste Du Septieme Jour - Inter Am\u00e9rique Division\",\"isPartOf\":{\"@id\":\"https:\\\/\\\/interamerica.org\\\/fr\\\/#website\"},\"datePublished\":\"2005-06-14T04:00:00+00:00\",\"dateModified\":\"2017-06-02T17:19:19+00:00\",\"author\":{\"@id\":\"https:\\\/\\\/interamerica.org\\\/fr\\\/#\\\/schema\\\/person\\\/68ede8bdc292885bb76c1e3810e73c39\"},\"breadcrumb\":{\"@id\":\"https:\\\/\\\/interamerica.org\\\/fr\\\/2005\\\/06\\\/lagenda-de-la-session-envisage-de-nouvelles-orientations-preparer-leglise-en-pleine-croissance\\\/#breadcrumb\"},\"inLanguage\":\"fr-FR\",\"potentialAction\":[{\"@type\":\"ReadAction\",\"target\":[\"https:\\\/\\\/interamerica.org\\\/fr\\\/2005\\\/06\\\/lagenda-de-la-session-envisage-de-nouvelles-orientations-preparer-leglise-en-pleine-croissance\\\/\"]}]},{\"@type\":\"BreadcrumbList\",\"@id\":\"https:\\\/\\\/interamerica.org\\\/fr\\\/2005\\\/06\\\/lagenda-de-la-session-envisage-de-nouvelles-orientations-preparer-leglise-en-pleine-croissance\\\/#breadcrumb\",\"itemListElement\":[{\"@type\":\"ListItem\",\"position\":1,\"name\":\"Home\",\"item\":\"https:\\\/\\\/interamerica.org\\\/fr\\\/\"},{\"@type\":\"ListItem\",\"position\":2,\"name\":\"L&rsquo;Agenda de la Session Envisage de\u00a0Nouvelles Orientations:\u00a0 Pr\u00e9parer\u00a0l&rsquo;Eglise en Pleine Croissance\u00a0\"}]},{\"@type\":\"WebSite\",\"@id\":\"https:\\\/\\\/interamerica.org\\\/fr\\\/#website\",\"url\":\"https:\\\/\\\/interamerica.org\\\/fr\\\/\",\"name\":\"\u00c9glise Adventiste Du Septieme Jour - Inter Am\u00e9rique Division\",\"description\":\"\",\"potentialAction\":[{\"@type\":\"SearchAction\",\"target\":{\"@type\":\"EntryPoint\",\"urlTemplate\":\"https:\\\/\\\/interamerica.org\\\/fr\\\/?s={search_term_string}\"},\"query-input\":{\"@type\":\"PropertyValueSpecification\",\"valueRequired\":true,\"valueName\":\"search_term_string\"}}],\"inLanguage\":\"fr-FR\"},{\"@type\":\"Person\",\"@id\":\"https:\\\/\\\/interamerica.org\\\/fr\\\/#\\\/schema\\\/person\\\/68ede8bdc292885bb76c1e3810e73c39\",\"name\":\"Lorenzo Verduzco\",\"image\":{\"@type\":\"ImageObject\",\"inLanguage\":\"fr-FR\",\"@id\":\"https:\\\/\\\/secure.gravatar.com\\\/avatar\\\/fb81a55b6218459490a9c1dc841a34909185b81904c5337b4b27f7a6fd60c49e?s=96&d=mm&r=g\",\"url\":\"https:\\\/\\\/secure.gravatar.com\\\/avatar\\\/fb81a55b6218459490a9c1dc841a34909185b81904c5337b4b27f7a6fd60c49e?s=96&d=mm&r=g\",\"contentUrl\":\"https:\\\/\\\/secure.gravatar.com\\\/avatar\\\/fb81a55b6218459490a9c1dc841a34909185b81904c5337b4b27f7a6fd60c49e?s=96&d=mm&r=g\",\"caption\":\"Lorenzo Verduzco\"}}]}<\/script>\n<!-- \/ Yoast SEO plugin. -->","yoast_head_json":{"title":"L'Agenda de la Session Envisage de\u00a0Nouvelles Orientations:\u00a0 Pr\u00e9parer\u00a0l'Eglise en Pleine Croissance\u00a0 - \u00c9glise Adventiste Du Septieme Jour - Inter Am\u00e9rique Division","robots":{"index":"index","follow":"follow","max-snippet":"max-snippet:-1","max-image-preview":"max-image-preview:large","max-video-preview":"max-video-preview:-1"},"canonical":"https:\/\/interamerica.org\/fr\/2005\/06\/lagenda-de-la-session-envisage-de-nouvelles-orientations-preparer-leglise-en-pleine-croissance\/","og_locale":"fr_FR","og_type":"article","og_title":"L'Agenda de la Session Envisage de\u00a0Nouvelles Orientations:\u00a0 Pr\u00e9parer\u00a0l'Eglise en Pleine Croissance\u00a0 - \u00c9glise Adventiste Du Septieme Jour - Inter Am\u00e9rique Division","og_description":"La croissance constante de l'effectif des membres d'\u00e9glise sur le plan mondial dominera l'agenda de la r\u00e9union de St. Louis, \u00e0 Missouri au cours de cet \u00e9t\u00e9.","og_url":"https:\/\/interamerica.org\/fr\/2005\/06\/lagenda-de-la-session-envisage-de-nouvelles-orientations-preparer-leglise-en-pleine-croissance\/","og_site_name":"\u00c9glise Adventiste Du Septieme Jour - Inter Am\u00e9rique Division","article_published_time":"2005-06-14T04:00:00+00:00","article_modified_time":"2017-06-02T17:19:19+00:00","author":"Lorenzo Verduzco","twitter_card":"summary_large_image","twitter_misc":{"\u00c9crit par":"Lorenzo Verduzco","Dur\u00e9e de lecture estim\u00e9e":"4 minutes"},"schema":{"@context":"https:\/\/schema.org","@graph":[{"@type":"Article","@id":"https:\/\/interamerica.org\/fr\/2005\/06\/lagenda-de-la-session-envisage-de-nouvelles-orientations-preparer-leglise-en-pleine-croissance\/#article","isPartOf":{"@id":"https:\/\/interamerica.org\/fr\/2005\/06\/lagenda-de-la-session-envisage-de-nouvelles-orientations-preparer-leglise-en-pleine-croissance\/"},"author":{"name":"Lorenzo Verduzco","@id":"https:\/\/interamerica.org\/fr\/#\/schema\/person\/68ede8bdc292885bb76c1e3810e73c39"},"headline":"L&rsquo;Agenda de la Session Envisage de\u00a0Nouvelles Orientations:\u00a0 Pr\u00e9parer\u00a0l&rsquo;Eglise en Pleine Croissance\u00a0","datePublished":"2005-06-14T04:00:00+00:00","dateModified":"2017-06-02T17:19:19+00:00","mainEntityOfPage":{"@id":"https:\/\/interamerica.org\/fr\/2005\/06\/lagenda-de-la-session-envisage-de-nouvelles-orientations-preparer-leglise-en-pleine-croissance\/"},"wordCount":904,"articleSection":["Archive"],"inLanguage":"fr-FR"},{"@type":"WebPage","@id":"https:\/\/interamerica.org\/fr\/2005\/06\/lagenda-de-la-session-envisage-de-nouvelles-orientations-preparer-leglise-en-pleine-croissance\/","url":"https:\/\/interamerica.org\/fr\/2005\/06\/lagenda-de-la-session-envisage-de-nouvelles-orientations-preparer-leglise-en-pleine-croissance\/","name":"L'Agenda de la Session Envisage de\u00a0Nouvelles Orientations:\u00a0 Pr\u00e9parer\u00a0l'Eglise en Pleine Croissance\u00a0 - \u00c9glise Adventiste Du Septieme Jour - Inter Am\u00e9rique Division","isPartOf":{"@id":"https:\/\/interamerica.org\/fr\/#website"},"datePublished":"2005-06-14T04:00:00+00:00","dateModified":"2017-06-02T17:19:19+00:00","author":{"@id":"https:\/\/interamerica.org\/fr\/#\/schema\/person\/68ede8bdc292885bb76c1e3810e73c39"},"breadcrumb":{"@id":"https:\/\/interamerica.org\/fr\/2005\/06\/lagenda-de-la-session-envisage-de-nouvelles-orientations-preparer-leglise-en-pleine-croissance\/#breadcrumb"},"inLanguage":"fr-FR","potentialAction":[{"@type":"ReadAction","target":["https:\/\/interamerica.org\/fr\/2005\/06\/lagenda-de-la-session-envisage-de-nouvelles-orientations-preparer-leglise-en-pleine-croissance\/"]}]},{"@type":"BreadcrumbList","@id":"https:\/\/interamerica.org\/fr\/2005\/06\/lagenda-de-la-session-envisage-de-nouvelles-orientations-preparer-leglise-en-pleine-croissance\/#breadcrumb","itemListElement":[{"@type":"ListItem","position":1,"name":"Home","item":"https:\/\/interamerica.org\/fr\/"},{"@type":"ListItem","position":2,"name":"L&rsquo;Agenda de la Session Envisage de\u00a0Nouvelles Orientations:\u00a0 Pr\u00e9parer\u00a0l&rsquo;Eglise en Pleine Croissance\u00a0"}]},{"@type":"WebSite","@id":"https:\/\/interamerica.org\/fr\/#website","url":"https:\/\/interamerica.org\/fr\/","name":"\u00c9glise Adventiste Du Septieme Jour - Inter Am\u00e9rique Division","description":"","potentialAction":[{"@type":"SearchAction","target":{"@type":"EntryPoint","urlTemplate":"https:\/\/interamerica.org\/fr\/?s={search_term_string}"},"query-input":{"@type":"PropertyValueSpecification","valueRequired":true,"valueName":"search_term_string"}}],"inLanguage":"fr-FR"},{"@type":"Person","@id":"https:\/\/interamerica.org\/fr\/#\/schema\/person\/68ede8bdc292885bb76c1e3810e73c39","name":"Lorenzo Verduzco","image":{"@type":"ImageObject","inLanguage":"fr-FR","@id":"https:\/\/secure.gravatar.com\/avatar\/fb81a55b6218459490a9c1dc841a34909185b81904c5337b4b27f7a6fd60c49e?s=96&d=mm&r=g","url":"https:\/\/secure.gravatar.com\/avatar\/fb81a55b6218459490a9c1dc841a34909185b81904c5337b4b27f7a6fd60c49e?s=96&d=mm&r=g","contentUrl":"https:\/\/secure.gravatar.com\/avatar\/fb81a55b6218459490a9c1dc841a34909185b81904c5337b4b27f7a6fd60c49e?s=96&d=mm&r=g","caption":"Lorenzo Verduzco"}}]}},"_links":{"self":[{"href":"https:\/\/interamerica.org\/fr\/wp-json\/wp\/v2\/posts\/12362","targetHints":{"allow":["GET"]}}],"collection":[{"href":"https:\/\/interamerica.org\/fr\/wp-json\/wp\/v2\/posts"}],"about":[{"href":"https:\/\/interamerica.org\/fr\/wp-json\/wp\/v2\/types\/post"}],"author":[{"embeddable":true,"href":"https:\/\/interamerica.org\/fr\/wp-json\/wp\/v2\/users\/1"}],"replies":[{"embeddable":true,"href":"https:\/\/interamerica.org\/fr\/wp-json\/wp\/v2\/comments?post=12362"}],"version-history":[{"count":0,"href":"https:\/\/interamerica.org\/fr\/wp-json\/wp\/v2\/posts\/12362\/revisions"}],"wp:attachment":[{"href":"https:\/\/interamerica.org\/fr\/wp-json\/wp\/v2\/media?parent=12362"}],"wp:term":[{"taxonomy":"category","embeddable":true,"href":"https:\/\/interamerica.org\/fr\/wp-json\/wp\/v2\/categories?post=12362"},{"taxonomy":"post_tag","embeddable":true,"href":"https:\/\/interamerica.org\/fr\/wp-json\/wp\/v2\/tags?post=12362"}],"curies":[{"name":"wp","href":"https:\/\/api.w.org\/{rel}","templated":true}]}}