{"id":12366,"date":"2005-06-21T00:00:00","date_gmt":"2005-06-21T04:00:00","guid":{"rendered":"http:\/\/192.81.217.108\/interamerica\/2005\/06\/pays-bas-les-membres-deglise-ont-economise-pendant-des-decades-pour-acheter-une-eglise\/"},"modified":"2017-06-02T13:19:17","modified_gmt":"2017-06-02T17:19:17","slug":"pays-bas-les-membres-deglise-ont-economise-pendant-des-decades-pour-acheter-une-eglise","status":"publish","type":"post","link":"https:\/\/interamerica.org\/fr\/2005\/06\/pays-bas-les-membres-deglise-ont-economise-pendant-des-decades-pour-acheter-une-eglise\/","title":{"rendered":"Pays-Bas:  Les membres d&rsquo;Eglise ont Economis\u00e9 Pendant des D\u00e9cades Pour Acheter une Eglise"},"content":{"rendered":"<p>Z\u00e9lande, Pays-Bas &#8230; (ANN Staff)<\/p>\n<p>Une \u00e9glise Catholique Romaine inoccup\u00e9e depuis deux ans dans la province de Z\u00e9lande, au Pays-Bas sera transform\u00e9e en une maison d&rsquo;adoration des Adventistes du Septi\u00e8me jour.\u00a0 Avant l&rsquo;achat le 15 juin, les 100 membres de l&rsquo;\u00e9glise Adventiste de\u00a0Z\u00e9lande \u00e9taient les seuls de la province qui n&rsquo;avaient pas leur propre local.<\/p>\n<p>\u00ab\u00a0Je consid\u00e8re cela comme une vraie b\u00e9n\u00e9diction pour l&rsquo;\u00e9glise de cette r\u00e9gion du pays,\u00a0\u00bb rapporte le pasteur Reinder Bruinsma, pr\u00e9sident de l&rsquo;Eglise Adventiste au Pays-Bas.\u00a0 Ceci permettra \u00e0 l&rsquo;\u00e9glise (locale) d&rsquo;\u00eatre\u00a0plus visible \u00ab\u00a0sur la carte\u00a0\u00bb et renforcera certainement l&rsquo;importance de la mission des membres dans cette province.<\/p>\n<p>A cause de la d\u00e9perdition de ses membres l&rsquo;\u00e9glise vieille de de 70 ans est l&rsquo;une des \u00e9glises Catholiques qui ont \u00e9t\u00e9 ferm\u00e9es et vendues \u00e0 d&rsquo;autres d\u00e9nominations Chr\u00e9tiennes.\u00a0 Les membres de l&rsquo;\u00e9glise Adventiste de Z\u00e9lande &#8211;qui sont l\u00e0 depuis 100 ans&#8211; ont \u00e9conomis\u00e9 pendant des d\u00e9cades pour acheter leur propre maison d&rsquo;adoration, dit Bruinsma.\u00a0\u00a0Ils ont r\u00e9uni environ 40 pour cent du montant n\u00e9cessaire pour l&rsquo;achat alors que le quartier g\u00e9n\u00e9ral de l&rsquo;\u00e9glise a pourvu au reste de la valeur.<\/p>\n<p>La congr\u00e9gation avait lou\u00e9 un espace d&rsquo;une Eglise Mennonite et d&rsquo;une Eglise Hollandaise R\u00e9form\u00e9e.\u00a0 Le nouvel \u00e9difice a \u00e9t\u00e9 choisi pour sa solide construction, sa bonne position, et sa capacit\u00e9 d&rsquo;accommoder 250 si\u00e8ges.\u00a0\u00a0En plus de l&rsquo;\u00e9glise, il y a une maison, qui sera transform\u00e9e pour les activit\u00e9s des enfants et des jeunes.<\/p>\n<p>Bien que la paroisse qui a vendu le local avait pris les articles sp\u00e9cifiques \u00e0 l&rsquo;adoration Catholique du local, il y aura d&rsquo;autres modifications \u00e0 faire, telles l&rsquo;enl\u00e8vement de l&rsquo;autel et la construction\u00a0d&rsquo;un centre liturgique et d&rsquo;un fonds baptismal.<\/p>\n<p>L&rsquo;Eglise des Adventistes du Septi\u00e8me jour au Pays-Bas compte \u00e0 pr\u00e9sent plus de 4.500 membres.\u00a0 Les officiels de l&rsquo;\u00e9glise avancent qu&rsquo;avec la croissance rapide de l&rsquo;\u00e9glise avec un taux de deux pour cent l&rsquo;an, ils vont bient\u00f4t envisager de trouver plusieurs autres lieux de culte.\u00a0\u00a0<\/p>\n<p>\u00a0\u00a0<\/p>\n<p>\u00a0 <\/p>\n","protected":false},"excerpt":{"rendered":"<p>Une \u00e9glise Catholique Romaine inoccup\u00e9e depuis deux ans dans la province de Z\u00e9lande, au Pays-Bas sera transform\u00e9e en une maison d&rsquo;adoration des Adventistes du Septi\u00e8me jour.<\/p>\n","protected":false},"author":1,"featured_media":0,"comment_status":"closed","ping_status":"closed","sticky":false,"template":"","format":"standard","meta":{"_acf_changed":false,"footnotes":""},"categories":[9],"tags":[],"class_list":["post-12366","post","type-post","status-publish","format-standard","hentry","category-archive-fr"],"acf":[],"yoast_head":"<!-- This site is optimized with the Yoast SEO plugin v27.3 - https:\/\/yoast.com\/product\/yoast-seo-wordpress\/ -->\n<title>Pays-Bas: Les membres d&#039;Eglise ont Economis\u00e9 Pendant des D\u00e9cades Pour Acheter une Eglise - \u00c9glise Adventiste Du Septieme Jour - Inter Am\u00e9rique Division<\/title>\n<meta name=\"robots\" content=\"index, follow, max-snippet:-1, max-image-preview:large, max-video-preview:-1\" \/>\n<link rel=\"canonical\" href=\"https:\/\/interamerica.org\/fr\/2005\/06\/pays-bas-les-membres-deglise-ont-economise-pendant-des-decades-pour-acheter-une-eglise\/\" \/>\n<meta property=\"og:locale\" content=\"fr_FR\" \/>\n<meta property=\"og:type\" content=\"article\" \/>\n<meta property=\"og:title\" content=\"Pays-Bas: Les membres d&#039;Eglise ont Economis\u00e9 Pendant des D\u00e9cades Pour Acheter une Eglise - \u00c9glise Adventiste Du Septieme Jour - Inter Am\u00e9rique Division\" \/>\n<meta property=\"og:description\" content=\"Une \u00e9glise Catholique Romaine inoccup\u00e9e depuis deux ans dans la province de Z\u00e9lande, au Pays-Bas sera transform\u00e9e en une maison d&#039;adoration des Adventistes du Septi\u00e8me jour.\" \/>\n<meta property=\"og:url\" content=\"https:\/\/interamerica.org\/fr\/2005\/06\/pays-bas-les-membres-deglise-ont-economise-pendant-des-decades-pour-acheter-une-eglise\/\" \/>\n<meta property=\"og:site_name\" content=\"\u00c9glise Adventiste Du Septieme Jour - Inter Am\u00e9rique Division\" \/>\n<meta property=\"article:published_time\" content=\"2005-06-21T04:00:00+00:00\" \/>\n<meta property=\"article:modified_time\" content=\"2017-06-02T17:19:17+00:00\" \/>\n<meta name=\"author\" content=\"Lorenzo Verduzco\" \/>\n<meta name=\"twitter:card\" content=\"summary_large_image\" \/>\n<meta name=\"twitter:label1\" content=\"\u00c9crit par\" \/>\n\t<meta name=\"twitter:data1\" content=\"Lorenzo Verduzco\" \/>\n\t<meta name=\"twitter:label2\" content=\"Dur\u00e9e de lecture estim\u00e9e\" \/>\n\t<meta name=\"twitter:data2\" content=\"2 minutes\" \/>\n<script type=\"application\/ld+json\" class=\"yoast-schema-graph\">{\"@context\":\"https:\\\/\\\/schema.org\",\"@graph\":[{\"@type\":\"Article\",\"@id\":\"https:\\\/\\\/interamerica.org\\\/fr\\\/2005\\\/06\\\/pays-bas-les-membres-deglise-ont-economise-pendant-des-decades-pour-acheter-une-eglise\\\/#article\",\"isPartOf\":{\"@id\":\"https:\\\/\\\/interamerica.org\\\/fr\\\/2005\\\/06\\\/pays-bas-les-membres-deglise-ont-economise-pendant-des-decades-pour-acheter-une-eglise\\\/\"},\"author\":{\"name\":\"Lorenzo Verduzco\",\"@id\":\"https:\\\/\\\/interamerica.org\\\/fr\\\/#\\\/schema\\\/person\\\/68ede8bdc292885bb76c1e3810e73c39\"},\"headline\":\"Pays-Bas: Les membres d&rsquo;Eglise ont Economis\u00e9 Pendant des D\u00e9cades Pour Acheter une Eglise\",\"datePublished\":\"2005-06-21T04:00:00+00:00\",\"dateModified\":\"2017-06-02T17:19:17+00:00\",\"mainEntityOfPage\":{\"@id\":\"https:\\\/\\\/interamerica.org\\\/fr\\\/2005\\\/06\\\/pays-bas-les-membres-deglise-ont-economise-pendant-des-decades-pour-acheter-une-eglise\\\/\"},\"wordCount\":388,\"articleSection\":[\"Archive\"],\"inLanguage\":\"fr-FR\"},{\"@type\":\"WebPage\",\"@id\":\"https:\\\/\\\/interamerica.org\\\/fr\\\/2005\\\/06\\\/pays-bas-les-membres-deglise-ont-economise-pendant-des-decades-pour-acheter-une-eglise\\\/\",\"url\":\"https:\\\/\\\/interamerica.org\\\/fr\\\/2005\\\/06\\\/pays-bas-les-membres-deglise-ont-economise-pendant-des-decades-pour-acheter-une-eglise\\\/\",\"name\":\"Pays-Bas: Les membres d'Eglise ont Economis\u00e9 Pendant des D\u00e9cades Pour Acheter une Eglise - \u00c9glise Adventiste Du Septieme Jour - Inter Am\u00e9rique Division\",\"isPartOf\":{\"@id\":\"https:\\\/\\\/interamerica.org\\\/fr\\\/#website\"},\"datePublished\":\"2005-06-21T04:00:00+00:00\",\"dateModified\":\"2017-06-02T17:19:17+00:00\",\"author\":{\"@id\":\"https:\\\/\\\/interamerica.org\\\/fr\\\/#\\\/schema\\\/person\\\/68ede8bdc292885bb76c1e3810e73c39\"},\"breadcrumb\":{\"@id\":\"https:\\\/\\\/interamerica.org\\\/fr\\\/2005\\\/06\\\/pays-bas-les-membres-deglise-ont-economise-pendant-des-decades-pour-acheter-une-eglise\\\/#breadcrumb\"},\"inLanguage\":\"fr-FR\",\"potentialAction\":[{\"@type\":\"ReadAction\",\"target\":[\"https:\\\/\\\/interamerica.org\\\/fr\\\/2005\\\/06\\\/pays-bas-les-membres-deglise-ont-economise-pendant-des-decades-pour-acheter-une-eglise\\\/\"]}]},{\"@type\":\"BreadcrumbList\",\"@id\":\"https:\\\/\\\/interamerica.org\\\/fr\\\/2005\\\/06\\\/pays-bas-les-membres-deglise-ont-economise-pendant-des-decades-pour-acheter-une-eglise\\\/#breadcrumb\",\"itemListElement\":[{\"@type\":\"ListItem\",\"position\":1,\"name\":\"Home\",\"item\":\"https:\\\/\\\/interamerica.org\\\/fr\\\/\"},{\"@type\":\"ListItem\",\"position\":2,\"name\":\"Pays-Bas: Les membres d&rsquo;Eglise ont Economis\u00e9 Pendant des D\u00e9cades Pour Acheter une Eglise\"}]},{\"@type\":\"WebSite\",\"@id\":\"https:\\\/\\\/interamerica.org\\\/fr\\\/#website\",\"url\":\"https:\\\/\\\/interamerica.org\\\/fr\\\/\",\"name\":\"\u00c9glise Adventiste Du Septieme Jour - Inter Am\u00e9rique Division\",\"description\":\"\",\"potentialAction\":[{\"@type\":\"SearchAction\",\"target\":{\"@type\":\"EntryPoint\",\"urlTemplate\":\"https:\\\/\\\/interamerica.org\\\/fr\\\/?s={search_term_string}\"},\"query-input\":{\"@type\":\"PropertyValueSpecification\",\"valueRequired\":true,\"valueName\":\"search_term_string\"}}],\"inLanguage\":\"fr-FR\"},{\"@type\":\"Person\",\"@id\":\"https:\\\/\\\/interamerica.org\\\/fr\\\/#\\\/schema\\\/person\\\/68ede8bdc292885bb76c1e3810e73c39\",\"name\":\"Lorenzo Verduzco\",\"image\":{\"@type\":\"ImageObject\",\"inLanguage\":\"fr-FR\",\"@id\":\"https:\\\/\\\/secure.gravatar.com\\\/avatar\\\/fb81a55b6218459490a9c1dc841a34909185b81904c5337b4b27f7a6fd60c49e?s=96&d=mm&r=g\",\"url\":\"https:\\\/\\\/secure.gravatar.com\\\/avatar\\\/fb81a55b6218459490a9c1dc841a34909185b81904c5337b4b27f7a6fd60c49e?s=96&d=mm&r=g\",\"contentUrl\":\"https:\\\/\\\/secure.gravatar.com\\\/avatar\\\/fb81a55b6218459490a9c1dc841a34909185b81904c5337b4b27f7a6fd60c49e?s=96&d=mm&r=g\",\"caption\":\"Lorenzo Verduzco\"}}]}<\/script>\n<!-- \/ Yoast SEO plugin. -->","yoast_head_json":{"title":"Pays-Bas: Les membres d'Eglise ont Economis\u00e9 Pendant des D\u00e9cades Pour Acheter une Eglise - \u00c9glise Adventiste Du Septieme Jour - Inter Am\u00e9rique Division","robots":{"index":"index","follow":"follow","max-snippet":"max-snippet:-1","max-image-preview":"max-image-preview:large","max-video-preview":"max-video-preview:-1"},"canonical":"https:\/\/interamerica.org\/fr\/2005\/06\/pays-bas-les-membres-deglise-ont-economise-pendant-des-decades-pour-acheter-une-eglise\/","og_locale":"fr_FR","og_type":"article","og_title":"Pays-Bas: Les membres d'Eglise ont Economis\u00e9 Pendant des D\u00e9cades Pour Acheter une Eglise - \u00c9glise Adventiste Du Septieme Jour - Inter Am\u00e9rique Division","og_description":"Une \u00e9glise Catholique Romaine inoccup\u00e9e depuis deux ans dans la province de Z\u00e9lande, au Pays-Bas sera transform\u00e9e en une maison d'adoration des Adventistes du Septi\u00e8me jour.","og_url":"https:\/\/interamerica.org\/fr\/2005\/06\/pays-bas-les-membres-deglise-ont-economise-pendant-des-decades-pour-acheter-une-eglise\/","og_site_name":"\u00c9glise Adventiste Du Septieme Jour - Inter Am\u00e9rique Division","article_published_time":"2005-06-21T04:00:00+00:00","article_modified_time":"2017-06-02T17:19:17+00:00","author":"Lorenzo Verduzco","twitter_card":"summary_large_image","twitter_misc":{"\u00c9crit par":"Lorenzo Verduzco","Dur\u00e9e de lecture estim\u00e9e":"2 minutes"},"schema":{"@context":"https:\/\/schema.org","@graph":[{"@type":"Article","@id":"https:\/\/interamerica.org\/fr\/2005\/06\/pays-bas-les-membres-deglise-ont-economise-pendant-des-decades-pour-acheter-une-eglise\/#article","isPartOf":{"@id":"https:\/\/interamerica.org\/fr\/2005\/06\/pays-bas-les-membres-deglise-ont-economise-pendant-des-decades-pour-acheter-une-eglise\/"},"author":{"name":"Lorenzo Verduzco","@id":"https:\/\/interamerica.org\/fr\/#\/schema\/person\/68ede8bdc292885bb76c1e3810e73c39"},"headline":"Pays-Bas: Les membres d&rsquo;Eglise ont Economis\u00e9 Pendant des D\u00e9cades Pour Acheter une Eglise","datePublished":"2005-06-21T04:00:00+00:00","dateModified":"2017-06-02T17:19:17+00:00","mainEntityOfPage":{"@id":"https:\/\/interamerica.org\/fr\/2005\/06\/pays-bas-les-membres-deglise-ont-economise-pendant-des-decades-pour-acheter-une-eglise\/"},"wordCount":388,"articleSection":["Archive"],"inLanguage":"fr-FR"},{"@type":"WebPage","@id":"https:\/\/interamerica.org\/fr\/2005\/06\/pays-bas-les-membres-deglise-ont-economise-pendant-des-decades-pour-acheter-une-eglise\/","url":"https:\/\/interamerica.org\/fr\/2005\/06\/pays-bas-les-membres-deglise-ont-economise-pendant-des-decades-pour-acheter-une-eglise\/","name":"Pays-Bas: Les membres d'Eglise ont Economis\u00e9 Pendant des D\u00e9cades Pour Acheter une Eglise - \u00c9glise Adventiste Du Septieme Jour - Inter Am\u00e9rique Division","isPartOf":{"@id":"https:\/\/interamerica.org\/fr\/#website"},"datePublished":"2005-06-21T04:00:00+00:00","dateModified":"2017-06-02T17:19:17+00:00","author":{"@id":"https:\/\/interamerica.org\/fr\/#\/schema\/person\/68ede8bdc292885bb76c1e3810e73c39"},"breadcrumb":{"@id":"https:\/\/interamerica.org\/fr\/2005\/06\/pays-bas-les-membres-deglise-ont-economise-pendant-des-decades-pour-acheter-une-eglise\/#breadcrumb"},"inLanguage":"fr-FR","potentialAction":[{"@type":"ReadAction","target":["https:\/\/interamerica.org\/fr\/2005\/06\/pays-bas-les-membres-deglise-ont-economise-pendant-des-decades-pour-acheter-une-eglise\/"]}]},{"@type":"BreadcrumbList","@id":"https:\/\/interamerica.org\/fr\/2005\/06\/pays-bas-les-membres-deglise-ont-economise-pendant-des-decades-pour-acheter-une-eglise\/#breadcrumb","itemListElement":[{"@type":"ListItem","position":1,"name":"Home","item":"https:\/\/interamerica.org\/fr\/"},{"@type":"ListItem","position":2,"name":"Pays-Bas: Les membres d&rsquo;Eglise ont Economis\u00e9 Pendant des D\u00e9cades Pour Acheter une Eglise"}]},{"@type":"WebSite","@id":"https:\/\/interamerica.org\/fr\/#website","url":"https:\/\/interamerica.org\/fr\/","name":"\u00c9glise Adventiste Du Septieme Jour - Inter Am\u00e9rique Division","description":"","potentialAction":[{"@type":"SearchAction","target":{"@type":"EntryPoint","urlTemplate":"https:\/\/interamerica.org\/fr\/?s={search_term_string}"},"query-input":{"@type":"PropertyValueSpecification","valueRequired":true,"valueName":"search_term_string"}}],"inLanguage":"fr-FR"},{"@type":"Person","@id":"https:\/\/interamerica.org\/fr\/#\/schema\/person\/68ede8bdc292885bb76c1e3810e73c39","name":"Lorenzo Verduzco","image":{"@type":"ImageObject","inLanguage":"fr-FR","@id":"https:\/\/secure.gravatar.com\/avatar\/fb81a55b6218459490a9c1dc841a34909185b81904c5337b4b27f7a6fd60c49e?s=96&d=mm&r=g","url":"https:\/\/secure.gravatar.com\/avatar\/fb81a55b6218459490a9c1dc841a34909185b81904c5337b4b27f7a6fd60c49e?s=96&d=mm&r=g","contentUrl":"https:\/\/secure.gravatar.com\/avatar\/fb81a55b6218459490a9c1dc841a34909185b81904c5337b4b27f7a6fd60c49e?s=96&d=mm&r=g","caption":"Lorenzo Verduzco"}}]}},"_links":{"self":[{"href":"https:\/\/interamerica.org\/fr\/wp-json\/wp\/v2\/posts\/12366","targetHints":{"allow":["GET"]}}],"collection":[{"href":"https:\/\/interamerica.org\/fr\/wp-json\/wp\/v2\/posts"}],"about":[{"href":"https:\/\/interamerica.org\/fr\/wp-json\/wp\/v2\/types\/post"}],"author":[{"embeddable":true,"href":"https:\/\/interamerica.org\/fr\/wp-json\/wp\/v2\/users\/1"}],"replies":[{"embeddable":true,"href":"https:\/\/interamerica.org\/fr\/wp-json\/wp\/v2\/comments?post=12366"}],"version-history":[{"count":0,"href":"https:\/\/interamerica.org\/fr\/wp-json\/wp\/v2\/posts\/12366\/revisions"}],"wp:attachment":[{"href":"https:\/\/interamerica.org\/fr\/wp-json\/wp\/v2\/media?parent=12366"}],"wp:term":[{"taxonomy":"category","embeddable":true,"href":"https:\/\/interamerica.org\/fr\/wp-json\/wp\/v2\/categories?post=12366"},{"taxonomy":"post_tag","embeddable":true,"href":"https:\/\/interamerica.org\/fr\/wp-json\/wp\/v2\/tags?post=12366"}],"curies":[{"name":"wp","href":"https:\/\/api.w.org\/{rel}","templated":true}]}}