{"id":123675,"date":"2025-01-07T20:08:29","date_gmt":"2025-01-08T01:08:29","guid":{"rendered":"https:\/\/interamerica.org\/?p=123675"},"modified":"2025-01-10T09:51:57","modified_gmt":"2025-01-10T14:51:57","slug":"mais-avez-vous-deja-assiste-a-une-session-de-la-conference-generale","status":"publish","type":"post","link":"https:\/\/interamerica.org\/fr\/2025\/01\/mais-avez-vous-deja-assiste-a-une-session-de-la-conference-generale\/","title":{"rendered":"\u00ab Mais avez-vous d\u00e9j\u00e0 assist\u00e9 \u00e0 une session de la Conf\u00e9rence G\u00e9n\u00e9rale ? \u00bb"},"content":{"rendered":"<p class=\"c-post-header__subtitle\"><em>Se rassembler \u00e0 nouveau pour sa mission. <\/em><\/p>\n<p>7 Janvier 2024 | Silver Spring, Maryland, \u00c9tats-Unis | Jonathan Walter, Adventist Review<\/p>\n<p>Il y a quelque chose de vraiment \u00e9mouvant dans le fait que des gens en provenance de tous les coins de la terre se r\u00e9unissent pour un objectif commun. Qu\u2019il s\u2019agisse des Jeux Olympiques, de l\u2019Assembl\u00e9e G\u00e9n\u00e9rale des Nations Unies, d\u2019une conf\u00e9rence mondiale sur le climat ou, comme dans le cas de l\u2019\u00c9glise adventiste, d\u2019une Session de la Conf\u00e9rence G\u00e9n\u00e9rale, cela t\u00e9moigne d\u2019un ph\u00e9nom\u00e8ne mondial. Toutes les fois que des personnes de nations, de cultures, d\u2019ethnies et de langues diverses se rassemblent pour collaborer, s\u2019unissent et travaillent ensemble pour r\u00e9aliser un projet, cela am\u00e8ne une prise de conscience particuli\u00e8re de ce qui nous relie, de ce que nous pouvons accomplir ensemble et du fait que nous sommes tous vraiment similaires en d\u00e9pit de nos diff\u00e9rences culturelles et ethniques.<\/p>\n<p>L\u2019unit\u00e9 dans la diversit\u00e9 au-del\u00e0 des fronti\u00e8res est une source d\u2019inspiration pour les \u00eatres humains. Bien s\u00fbr, les rassemblements s\u00e9culiers et une Session de la Conf\u00e9rence G\u00e9n\u00e9rale ne pourraient pas \u00eatre plus diff\u00e9rents en nature et en objectif. Ce qui les diff\u00e9rencie est \u00e9videmment la raison qui se cache derri\u00e8re le rassemblement de repr\u00e9sentants de toute l\u2019humanit\u00e9 vivante. Il existe sans aucun doute de nombreuses conf\u00e9rences et r\u00e9unions internationales avec de bonnes intentions et de bons objectifs. Aussi passionnant que puisse \u00eatre \u00e9motionnellement le fait d\u2019assister aux Jeux Olympiques ou \u00e0 tout autre \u00e9v\u00e9nement sportif, politique ou id\u00e9ologique au niveau mondial, ce sentiment d\u2019unit\u00e9 n\u2019ira que jusqu\u2019\u00e0 un certain point et n\u2019a pas encore produit de paix, d\u2019am\u00e9lioration ou de transformation durable de la condition humaine.<\/p>\n<p>Nous, en tant qu\u2019\u00c9glise, d\u2019un autre c\u00f4t\u00e9, nous nous unissons pour une Session de la Conf\u00e9rence G\u00e9n\u00e9rale dans l\u2019amour, la v\u00e9rit\u00e9 et l\u2019humilit\u00e9 pour exalter au plus haut Dieu, notre Cr\u00e9ateur, et dans l\u2019objectif de la mission, car nous <em>know<\/em>\u00a0que J\u00e9sus est la seule solution pour l\u2019humanit\u00e9 d\u00e9chue, et le temps presse !<\/p>\n<p><strong>Rassemblement crucial<\/strong><\/p>\n<p>Une Session de la Conf\u00e9rence G\u00e9n\u00e9rale est peut-\u00eatre le rassemblement interculturel le plus inspirant et le plus important de notre \u00e9poque.<\/p>\n<p>L\u2019\u00c9glise adventiste du septi\u00e8me jour est la plus grande organisation missionnaire des croyants du reste suscit\u00e9s par Dieu \u00e0 la fin des temps. Et bien qu\u2019aucune organisation compos\u00e9e d\u2019humains ne soit parfaite, c\u2019est un corps impressionnant, guid\u00e9 par l\u2019Esprit, qui maintient la v\u00e9rit\u00e9 de Dieu non seulement \u00e0 flot, mais aussi qui l\u2019\u00e9l\u00e8ve et la proclame. N\u2019oubliez pas non plus l\u2019h\u00e9ritage proph\u00e9tique et la responsabilit\u00e9 qui a \u00e9t\u00e9 confi\u00e9e \u00e0 l\u2019\u00c9glise adventiste du septi\u00e8me jour de le porter et de le poursuivre !<\/p>\n<p>\u00catre adventiste du septi\u00e8me jour signifie \u00eatre un chr\u00e9tien centr\u00e9 sur la mission, croyant en la Bible, conscient des temps de la fin dans lesquels nous vivons, engag\u00e9 dans l\u2019\u0153uvre \u00e0 accomplir et conscient du besoin quotidien de J\u00e9sus, ainsi que du bapt\u00eame du Saint-Esprit. Cela signifie se joindre \u00e0 d\u2019autres fr\u00e8res et s\u0153urs au niveau local et au niveau mondial pour servir dans le plan de Dieu visant \u00e0 pr\u00e9parer les c\u0153urs pour son retour. C\u2019est la raison pour laquelle notre \u00e9glise est structur\u00e9e de cette mani\u00e8re et pourquoi il est <em>crucial<\/em>\u00a0que nous nous r\u00e9unissions r\u00e9guli\u00e8rement, au niveau local et au niveau mondial.<\/p>\n<div class=\"o-rich-text c-content-single__body\">\n<p>\u00catre un corps organis\u00e9 de mani\u00e8re repr\u00e9sentative signifie que chaque membre, qu\u2019il vive au centre-ville de Manhattan, dans la banlieue de Manille, dans la campagne du Kenya ou dans les hautes terres de Papouasie-Nouvelle-Guin\u00e9e, exerce une influence sur la direction de l\u2019\u00c9glise mondiale. \u00c0 l\u2019\u00e9chelle mondiale, une Session de la Conf\u00e9rence G\u00e9n\u00e9rale, avec ses 2804 d\u00e9l\u00e9gu\u00e9s repr\u00e9sentant au moins 150 pays, est l\u2019endroit id\u00e9al pour voir l\u2019\u00c9glise du reste mondiale, suscit\u00e9e par Dieu, en action et participer \u00e0 ses plans de mission. Du 3 au 12 juillet 2025, c\u2019est une b\u00e9n\u00e9diction pour nous d\u2019avoir \u00e0 nouveau l\u2019opportunit\u00e9 de participer \u00e0 un tel rassemblement historique !<\/p>\n<p><strong>La Session de la Conf\u00e9rence G\u00e9n\u00e9rale \u00e0 grande \u00e9chelle<\/strong><\/p>\n<p>En raison de la pand\u00e9mie de COVID-19, la Session de la Conf\u00e9rence G\u00e9n\u00e9rale de 2020 a \u00e9t\u00e9 report\u00e9e \u00e0 2022 et sa programmation avait \u00e9t\u00e9 r\u00e9duite pour ce qui \u00e9tait des questions non administratives. La Session de la Conf\u00e9rence G\u00e9n\u00e9rale de 2025 qui aura lieu \u00e0 St. Louis, dans le Missouri, aux \u00c9tats-Unis, devrait ramener l\u2019exp\u00e9rience compl\u00e8te en pr\u00e9sentiel. Les participants peuvent s\u2019attendre \u00e0 des expositions, des programmes inspirants, des rapports et des pr\u00e9sentations, des rencontres administratives et des r\u00e9union auxiliaires, des rencontres pour les femmes et une pr\u00e9sence importante d\u2019invit\u00e9s sp\u00e9ciaux. En d\u2019autres termes, l\u2019exp\u00e9rience de la Session de la Conf\u00e9rence G\u00e9n\u00e9rale de 2025 redeviendra ce qu\u2019elle \u00e9tait.<\/p>\n<p>Les principales r\u00e9unions pourront \u00eatre vues gr\u00e2ce \u00e0 la diffusion en direct pour permettre \u00e0 ceux qui ne peuvent pas y assister d\u2019acc\u00e9der \u00e0 la programmation principale. Cela ne permet cependant pas de vivre pleinement l\u2019exp\u00e9rience qui consiste \u00e0 assister en personne \u00e0 une Session de la Conf\u00e9rence G\u00e9n\u00e9rale.<\/p>\n<p>En plus de puissants moments d\u2019adoration et de rencontres administratives pertinentes, les participants auront beaucoup \u00e0 explorer, notamment un vaste hall d\u2019exposition. Ici, divers minist\u00e8res, institutions, d\u00e9partements et organisations du monde adventiste pr\u00e9senteront leur travail et proposeront du mat\u00e9riel d\u2019\u00e9vang\u00e9lisation, des ressources et des opportunit\u00e9s de r\u00e9seautage. Avec plus de 50000 participants attendus de tous les coins du champ de mission mondial, le hall d\u2019exposition promet d\u2019\u00eatre un espace privil\u00e9gi\u00e9 pour d\u00e9voiler de nouvelles id\u00e9es et des innovations pour proclamer J\u00e9sus \u00e0 travers le monde. Si vous souhaitez en savoir plus sur ce que font les minist\u00e8res de l\u2019\u00c9glise et des la\u00efcs \u00e0 travers le monde et comment vous pouvez participer, c\u2019est l\u2019endroit id\u00e9al pour vous !<\/p>\n<p>Les outils num\u00e9riques am\u00e9lioreront et \u00e9largiront l\u2019exp\u00e9rience, la rendant accessible \u00e0 un public plus large. Pendant 10 jours, le hall d\u2019exposition fonctionnera comme un centre d\u2019interactions personnelles, un peu comme une grande r\u00e9union de famille, o\u00f9 les amis et les anciens \u00e9l\u00e8ves des nombreuses institutions \u00e9ducatives de notre \u00e9glise mondiale r\u00e9tabliront le contact en personne.<\/p>\n<p>La prochaine session mettra \u00e9galement en lumi\u00e8re le Recentrage sur la Mission et le plan strat\u00e9gique I Will Go (J\u2019Irai), ainsi que d\u2019autres initiatives cl\u00e9s de l\u2019\u00e9glise. Ces priorit\u00e9s sont con\u00e7ues pour motiver et guider l\u2019\u00e9glise dans une nouvelle saison de travail missionnaire holistique, complet et de premi\u00e8re ligne.<\/p>\n<p>Enfin, au cours de la Session de la Conf\u00e9rence G\u00e9n\u00e9rale, les dirigeants mondiaux et les dirigeants des divisions sont propos\u00e9s, \u00e9lus dans un esprit de pri\u00e8re et on leur confie la sainte \u0153uvre du leadership de service dans l\u2019\u00e9glise mondiale pour le prochain quinquennat.<\/p>\n<p><strong>Serez-vous l\u00e0?<\/strong><\/p>\n<p>Dans quelques mois seulement, les adventistes du septi\u00e8me jour viendront de tous les coins du monde pour se rassembler \u00e0 Saint-Louis, sachant que Dieu aime son \u00e9glise et a \u00e9t\u00e9 avec nous dans nos hauts et nos bas. Par sa gr\u00e2ce, nous nous unirons pour rechercher, accomplir et faire avancer sa volont\u00e9, en esp\u00e9rant une effusion du Saint-Esprit qui nous rapproche de son objectif ultime : voir son projet de royaume victorieux, r\u00e9dempteur et glorieux bient\u00f4t achev\u00e9 !<\/p>\n<\/div>\n<div class=\"c-content-single__author\">\n<div class=\"c-content-single__author-wrap\">\n<div class=\"c-content-single__bio\">\n<p><em>Jonathan Walter est r\u00e9dacteur adjoint pour\u00a0Adventist World &amp; Adventist Review<\/em><\/p>\n<\/div>\n<\/div>\n<\/div>\n<p>Traduction: Patrick Luciathe<\/p>\n","protected":false},"excerpt":{"rendered":"<p>Se rassembler \u00e0 nouveau pour sa mission. 7 Janvier 2024 | Silver Spring, Maryland, \u00c9tats-Unis | Jonathan Walter, Adventist Review Il y a quelque chose de vraiment \u00e9mouvant dans le&#8230;<\/p>\n","protected":false},"author":3,"featured_media":123623,"comment_status":"closed","ping_status":"closed","sticky":false,"template":"","format":"standard","meta":{"_acf_changed":false,"footnotes":""},"categories":[18,19],"tags":[],"class_list":["post-123675","post","type-post","status-publish","format-standard","has-post-thumbnail","hentry","category-nouvelles-de-leglise-mondiale","category-rss-francais"],"acf":[],"yoast_head":"<!-- This site is optimized with the Yoast SEO plugin v27.3 - https:\/\/yoast.com\/product\/yoast-seo-wordpress\/ -->\n<title>\u00ab Mais avez-vous d\u00e9j\u00e0 assist\u00e9 \u00e0 une session de la Conf\u00e9rence G\u00e9n\u00e9rale ? \u00bb - \u00c9glise Adventiste Du Septieme Jour - Inter Am\u00e9rique Division<\/title>\n<meta name=\"robots\" content=\"index, follow, max-snippet:-1, max-image-preview:large, max-video-preview:-1\" \/>\n<link rel=\"canonical\" href=\"https:\/\/interamerica.org\/fr\/2025\/01\/mais-avez-vous-deja-assiste-a-une-session-de-la-conference-generale\/\" \/>\n<meta property=\"og:locale\" content=\"fr_FR\" \/>\n<meta property=\"og:type\" content=\"article\" \/>\n<meta property=\"og:title\" content=\"\u00ab Mais avez-vous d\u00e9j\u00e0 assist\u00e9 \u00e0 une session de la Conf\u00e9rence G\u00e9n\u00e9rale ? \u00bb - \u00c9glise Adventiste Du Septieme Jour - Inter Am\u00e9rique Division\" \/>\n<meta property=\"og:description\" content=\"Se rassembler \u00e0 nouveau pour sa mission. 7 Janvier 2024 | Silver Spring, Maryland, \u00c9tats-Unis | Jonathan Walter, Adventist Review Il y a quelque chose de vraiment \u00e9mouvant dans le...\" \/>\n<meta property=\"og:url\" content=\"https:\/\/interamerica.org\/fr\/2025\/01\/mais-avez-vous-deja-assiste-a-une-session-de-la-conference-generale\/\" \/>\n<meta property=\"og:site_name\" content=\"\u00c9glise Adventiste Du Septieme Jour - Inter Am\u00e9rique Division\" \/>\n<meta property=\"article:published_time\" content=\"2025-01-08T01:08:29+00:00\" \/>\n<meta property=\"article:modified_time\" content=\"2025-01-10T14:51:57+00:00\" \/>\n<meta property=\"og:image\" content=\"https:\/\/interamerica.org\/wp-content\/uploads\/2025\/01\/mlf288rgd5-scaled.jpeg\" \/>\n\t<meta property=\"og:image:width\" content=\"2560\" \/>\n\t<meta property=\"og:image:height\" content=\"1768\" \/>\n\t<meta property=\"og:image:type\" content=\"image\/jpeg\" \/>\n<meta name=\"author\" content=\"libna\" \/>\n<meta name=\"twitter:card\" content=\"summary_large_image\" \/>\n<meta name=\"twitter:label1\" content=\"\u00c9crit par\" \/>\n\t<meta name=\"twitter:data1\" content=\"libna\" \/>\n\t<meta name=\"twitter:label2\" content=\"Dur\u00e9e de lecture estim\u00e9e\" \/>\n\t<meta name=\"twitter:data2\" content=\"6 minutes\" \/>\n<script type=\"application\/ld+json\" class=\"yoast-schema-graph\">{\"@context\":\"https:\\\/\\\/schema.org\",\"@graph\":[{\"@type\":\"Article\",\"@id\":\"https:\\\/\\\/interamerica.org\\\/fr\\\/2025\\\/01\\\/mais-avez-vous-deja-assiste-a-une-session-de-la-conference-generale\\\/#article\",\"isPartOf\":{\"@id\":\"https:\\\/\\\/interamerica.org\\\/fr\\\/2025\\\/01\\\/mais-avez-vous-deja-assiste-a-une-session-de-la-conference-generale\\\/\"},\"author\":{\"name\":\"libna\",\"@id\":\"https:\\\/\\\/interamerica.org\\\/fr\\\/#\\\/schema\\\/person\\\/29998f2bc2d8bd0d38662909289b54f1\"},\"headline\":\"\u00ab Mais avez-vous d\u00e9j\u00e0 assist\u00e9 \u00e0 une session de la Conf\u00e9rence G\u00e9n\u00e9rale ? \u00bb\",\"datePublished\":\"2025-01-08T01:08:29+00:00\",\"dateModified\":\"2025-01-10T14:51:57+00:00\",\"mainEntityOfPage\":{\"@id\":\"https:\\\/\\\/interamerica.org\\\/fr\\\/2025\\\/01\\\/mais-avez-vous-deja-assiste-a-une-session-de-la-conference-generale\\\/\"},\"wordCount\":1351,\"image\":{\"@id\":\"https:\\\/\\\/interamerica.org\\\/fr\\\/2025\\\/01\\\/mais-avez-vous-deja-assiste-a-une-session-de-la-conference-generale\\\/#primaryimage\"},\"thumbnailUrl\":\"https:\\\/\\\/interamerica.org\\\/wp-content\\\/uploads\\\/2025\\\/01\\\/mlf288rgd5-scaled.jpeg\",\"articleSection\":[\"Nouvelles de l'\u00c9glise mondiale\",\"RSS Fran\u00e7ais\"],\"inLanguage\":\"fr-FR\"},{\"@type\":\"WebPage\",\"@id\":\"https:\\\/\\\/interamerica.org\\\/fr\\\/2025\\\/01\\\/mais-avez-vous-deja-assiste-a-une-session-de-la-conference-generale\\\/\",\"url\":\"https:\\\/\\\/interamerica.org\\\/fr\\\/2025\\\/01\\\/mais-avez-vous-deja-assiste-a-une-session-de-la-conference-generale\\\/\",\"name\":\"\u00ab Mais avez-vous d\u00e9j\u00e0 assist\u00e9 \u00e0 une session de la Conf\u00e9rence G\u00e9n\u00e9rale ? \u00bb - \u00c9glise Adventiste Du Septieme Jour - Inter Am\u00e9rique Division\",\"isPartOf\":{\"@id\":\"https:\\\/\\\/interamerica.org\\\/fr\\\/#website\"},\"primaryImageOfPage\":{\"@id\":\"https:\\\/\\\/interamerica.org\\\/fr\\\/2025\\\/01\\\/mais-avez-vous-deja-assiste-a-une-session-de-la-conference-generale\\\/#primaryimage\"},\"image\":{\"@id\":\"https:\\\/\\\/interamerica.org\\\/fr\\\/2025\\\/01\\\/mais-avez-vous-deja-assiste-a-une-session-de-la-conference-generale\\\/#primaryimage\"},\"thumbnailUrl\":\"https:\\\/\\\/interamerica.org\\\/wp-content\\\/uploads\\\/2025\\\/01\\\/mlf288rgd5-scaled.jpeg\",\"datePublished\":\"2025-01-08T01:08:29+00:00\",\"dateModified\":\"2025-01-10T14:51:57+00:00\",\"author\":{\"@id\":\"https:\\\/\\\/interamerica.org\\\/fr\\\/#\\\/schema\\\/person\\\/29998f2bc2d8bd0d38662909289b54f1\"},\"breadcrumb\":{\"@id\":\"https:\\\/\\\/interamerica.org\\\/fr\\\/2025\\\/01\\\/mais-avez-vous-deja-assiste-a-une-session-de-la-conference-generale\\\/#breadcrumb\"},\"inLanguage\":\"fr-FR\",\"potentialAction\":[{\"@type\":\"ReadAction\",\"target\":[\"https:\\\/\\\/interamerica.org\\\/fr\\\/2025\\\/01\\\/mais-avez-vous-deja-assiste-a-une-session-de-la-conference-generale\\\/\"]}]},{\"@type\":\"ImageObject\",\"inLanguage\":\"fr-FR\",\"@id\":\"https:\\\/\\\/interamerica.org\\\/fr\\\/2025\\\/01\\\/mais-avez-vous-deja-assiste-a-une-session-de-la-conference-generale\\\/#primaryimage\",\"url\":\"https:\\\/\\\/interamerica.org\\\/wp-content\\\/uploads\\\/2025\\\/01\\\/mlf288rgd5-scaled.jpeg\",\"contentUrl\":\"https:\\\/\\\/interamerica.org\\\/wp-content\\\/uploads\\\/2025\\\/01\\\/mlf288rgd5-scaled.jpeg\",\"width\":2560,\"height\":1768,\"caption\":\"[Photo: Adventist Review]\"},{\"@type\":\"BreadcrumbList\",\"@id\":\"https:\\\/\\\/interamerica.org\\\/fr\\\/2025\\\/01\\\/mais-avez-vous-deja-assiste-a-une-session-de-la-conference-generale\\\/#breadcrumb\",\"itemListElement\":[{\"@type\":\"ListItem\",\"position\":1,\"name\":\"Home\",\"item\":\"https:\\\/\\\/interamerica.org\\\/fr\\\/\"},{\"@type\":\"ListItem\",\"position\":2,\"name\":\"\u00ab Mais avez-vous d\u00e9j\u00e0 assist\u00e9 \u00e0 une session de la Conf\u00e9rence G\u00e9n\u00e9rale ? \u00bb\"}]},{\"@type\":\"WebSite\",\"@id\":\"https:\\\/\\\/interamerica.org\\\/fr\\\/#website\",\"url\":\"https:\\\/\\\/interamerica.org\\\/fr\\\/\",\"name\":\"\u00c9glise Adventiste Du Septieme Jour - Inter Am\u00e9rique Division\",\"description\":\"\",\"potentialAction\":[{\"@type\":\"SearchAction\",\"target\":{\"@type\":\"EntryPoint\",\"urlTemplate\":\"https:\\\/\\\/interamerica.org\\\/fr\\\/?s={search_term_string}\"},\"query-input\":{\"@type\":\"PropertyValueSpecification\",\"valueRequired\":true,\"valueName\":\"search_term_string\"}}],\"inLanguage\":\"fr-FR\"},{\"@type\":\"Person\",\"@id\":\"https:\\\/\\\/interamerica.org\\\/fr\\\/#\\\/schema\\\/person\\\/29998f2bc2d8bd0d38662909289b54f1\",\"name\":\"libna\",\"image\":{\"@type\":\"ImageObject\",\"inLanguage\":\"fr-FR\",\"@id\":\"https:\\\/\\\/secure.gravatar.com\\\/avatar\\\/7c5bd30ae4b47a9ba3c856590957fd1d96dc588bf3ac05719d247e126840331f?s=96&d=mm&r=g\",\"url\":\"https:\\\/\\\/secure.gravatar.com\\\/avatar\\\/7c5bd30ae4b47a9ba3c856590957fd1d96dc588bf3ac05719d247e126840331f?s=96&d=mm&r=g\",\"contentUrl\":\"https:\\\/\\\/secure.gravatar.com\\\/avatar\\\/7c5bd30ae4b47a9ba3c856590957fd1d96dc588bf3ac05719d247e126840331f?s=96&d=mm&r=g\",\"caption\":\"libna\"}}]}<\/script>\n<!-- \/ Yoast SEO plugin. -->","yoast_head_json":{"title":"\u00ab Mais avez-vous d\u00e9j\u00e0 assist\u00e9 \u00e0 une session de la Conf\u00e9rence G\u00e9n\u00e9rale ? \u00bb - \u00c9glise Adventiste Du Septieme Jour - Inter Am\u00e9rique Division","robots":{"index":"index","follow":"follow","max-snippet":"max-snippet:-1","max-image-preview":"max-image-preview:large","max-video-preview":"max-video-preview:-1"},"canonical":"https:\/\/interamerica.org\/fr\/2025\/01\/mais-avez-vous-deja-assiste-a-une-session-de-la-conference-generale\/","og_locale":"fr_FR","og_type":"article","og_title":"\u00ab Mais avez-vous d\u00e9j\u00e0 assist\u00e9 \u00e0 une session de la Conf\u00e9rence G\u00e9n\u00e9rale ? \u00bb - \u00c9glise Adventiste Du Septieme Jour - Inter Am\u00e9rique Division","og_description":"Se rassembler \u00e0 nouveau pour sa mission. 7 Janvier 2024 | Silver Spring, Maryland, \u00c9tats-Unis | Jonathan Walter, Adventist Review Il y a quelque chose de vraiment \u00e9mouvant dans le...","og_url":"https:\/\/interamerica.org\/fr\/2025\/01\/mais-avez-vous-deja-assiste-a-une-session-de-la-conference-generale\/","og_site_name":"\u00c9glise Adventiste Du Septieme Jour - Inter Am\u00e9rique Division","article_published_time":"2025-01-08T01:08:29+00:00","article_modified_time":"2025-01-10T14:51:57+00:00","og_image":[{"width":2560,"height":1768,"url":"https:\/\/interamerica.org\/wp-content\/uploads\/2025\/01\/mlf288rgd5-scaled.jpeg","type":"image\/jpeg"}],"author":"libna","twitter_card":"summary_large_image","twitter_misc":{"\u00c9crit par":"libna","Dur\u00e9e de lecture estim\u00e9e":"6 minutes"},"schema":{"@context":"https:\/\/schema.org","@graph":[{"@type":"Article","@id":"https:\/\/interamerica.org\/fr\/2025\/01\/mais-avez-vous-deja-assiste-a-une-session-de-la-conference-generale\/#article","isPartOf":{"@id":"https:\/\/interamerica.org\/fr\/2025\/01\/mais-avez-vous-deja-assiste-a-une-session-de-la-conference-generale\/"},"author":{"name":"libna","@id":"https:\/\/interamerica.org\/fr\/#\/schema\/person\/29998f2bc2d8bd0d38662909289b54f1"},"headline":"\u00ab Mais avez-vous d\u00e9j\u00e0 assist\u00e9 \u00e0 une session de la Conf\u00e9rence G\u00e9n\u00e9rale ? \u00bb","datePublished":"2025-01-08T01:08:29+00:00","dateModified":"2025-01-10T14:51:57+00:00","mainEntityOfPage":{"@id":"https:\/\/interamerica.org\/fr\/2025\/01\/mais-avez-vous-deja-assiste-a-une-session-de-la-conference-generale\/"},"wordCount":1351,"image":{"@id":"https:\/\/interamerica.org\/fr\/2025\/01\/mais-avez-vous-deja-assiste-a-une-session-de-la-conference-generale\/#primaryimage"},"thumbnailUrl":"https:\/\/interamerica.org\/wp-content\/uploads\/2025\/01\/mlf288rgd5-scaled.jpeg","articleSection":["Nouvelles de l'\u00c9glise mondiale","RSS Fran\u00e7ais"],"inLanguage":"fr-FR"},{"@type":"WebPage","@id":"https:\/\/interamerica.org\/fr\/2025\/01\/mais-avez-vous-deja-assiste-a-une-session-de-la-conference-generale\/","url":"https:\/\/interamerica.org\/fr\/2025\/01\/mais-avez-vous-deja-assiste-a-une-session-de-la-conference-generale\/","name":"\u00ab Mais avez-vous d\u00e9j\u00e0 assist\u00e9 \u00e0 une session de la Conf\u00e9rence G\u00e9n\u00e9rale ? \u00bb - \u00c9glise Adventiste Du Septieme Jour - Inter Am\u00e9rique Division","isPartOf":{"@id":"https:\/\/interamerica.org\/fr\/#website"},"primaryImageOfPage":{"@id":"https:\/\/interamerica.org\/fr\/2025\/01\/mais-avez-vous-deja-assiste-a-une-session-de-la-conference-generale\/#primaryimage"},"image":{"@id":"https:\/\/interamerica.org\/fr\/2025\/01\/mais-avez-vous-deja-assiste-a-une-session-de-la-conference-generale\/#primaryimage"},"thumbnailUrl":"https:\/\/interamerica.org\/wp-content\/uploads\/2025\/01\/mlf288rgd5-scaled.jpeg","datePublished":"2025-01-08T01:08:29+00:00","dateModified":"2025-01-10T14:51:57+00:00","author":{"@id":"https:\/\/interamerica.org\/fr\/#\/schema\/person\/29998f2bc2d8bd0d38662909289b54f1"},"breadcrumb":{"@id":"https:\/\/interamerica.org\/fr\/2025\/01\/mais-avez-vous-deja-assiste-a-une-session-de-la-conference-generale\/#breadcrumb"},"inLanguage":"fr-FR","potentialAction":[{"@type":"ReadAction","target":["https:\/\/interamerica.org\/fr\/2025\/01\/mais-avez-vous-deja-assiste-a-une-session-de-la-conference-generale\/"]}]},{"@type":"ImageObject","inLanguage":"fr-FR","@id":"https:\/\/interamerica.org\/fr\/2025\/01\/mais-avez-vous-deja-assiste-a-une-session-de-la-conference-generale\/#primaryimage","url":"https:\/\/interamerica.org\/wp-content\/uploads\/2025\/01\/mlf288rgd5-scaled.jpeg","contentUrl":"https:\/\/interamerica.org\/wp-content\/uploads\/2025\/01\/mlf288rgd5-scaled.jpeg","width":2560,"height":1768,"caption":"[Photo: Adventist Review]"},{"@type":"BreadcrumbList","@id":"https:\/\/interamerica.org\/fr\/2025\/01\/mais-avez-vous-deja-assiste-a-une-session-de-la-conference-generale\/#breadcrumb","itemListElement":[{"@type":"ListItem","position":1,"name":"Home","item":"https:\/\/interamerica.org\/fr\/"},{"@type":"ListItem","position":2,"name":"\u00ab Mais avez-vous d\u00e9j\u00e0 assist\u00e9 \u00e0 une session de la Conf\u00e9rence G\u00e9n\u00e9rale ? \u00bb"}]},{"@type":"WebSite","@id":"https:\/\/interamerica.org\/fr\/#website","url":"https:\/\/interamerica.org\/fr\/","name":"\u00c9glise Adventiste Du Septieme Jour - Inter Am\u00e9rique Division","description":"","potentialAction":[{"@type":"SearchAction","target":{"@type":"EntryPoint","urlTemplate":"https:\/\/interamerica.org\/fr\/?s={search_term_string}"},"query-input":{"@type":"PropertyValueSpecification","valueRequired":true,"valueName":"search_term_string"}}],"inLanguage":"fr-FR"},{"@type":"Person","@id":"https:\/\/interamerica.org\/fr\/#\/schema\/person\/29998f2bc2d8bd0d38662909289b54f1","name":"libna","image":{"@type":"ImageObject","inLanguage":"fr-FR","@id":"https:\/\/secure.gravatar.com\/avatar\/7c5bd30ae4b47a9ba3c856590957fd1d96dc588bf3ac05719d247e126840331f?s=96&d=mm&r=g","url":"https:\/\/secure.gravatar.com\/avatar\/7c5bd30ae4b47a9ba3c856590957fd1d96dc588bf3ac05719d247e126840331f?s=96&d=mm&r=g","contentUrl":"https:\/\/secure.gravatar.com\/avatar\/7c5bd30ae4b47a9ba3c856590957fd1d96dc588bf3ac05719d247e126840331f?s=96&d=mm&r=g","caption":"libna"}}]}},"_links":{"self":[{"href":"https:\/\/interamerica.org\/fr\/wp-json\/wp\/v2\/posts\/123675","targetHints":{"allow":["GET"]}}],"collection":[{"href":"https:\/\/interamerica.org\/fr\/wp-json\/wp\/v2\/posts"}],"about":[{"href":"https:\/\/interamerica.org\/fr\/wp-json\/wp\/v2\/types\/post"}],"author":[{"embeddable":true,"href":"https:\/\/interamerica.org\/fr\/wp-json\/wp\/v2\/users\/3"}],"replies":[{"embeddable":true,"href":"https:\/\/interamerica.org\/fr\/wp-json\/wp\/v2\/comments?post=123675"}],"version-history":[{"count":0,"href":"https:\/\/interamerica.org\/fr\/wp-json\/wp\/v2\/posts\/123675\/revisions"}],"wp:featuredmedia":[{"embeddable":true,"href":"https:\/\/interamerica.org\/fr\/wp-json\/wp\/v2\/media\/123623"}],"wp:attachment":[{"href":"https:\/\/interamerica.org\/fr\/wp-json\/wp\/v2\/media?parent=123675"}],"wp:term":[{"taxonomy":"category","embeddable":true,"href":"https:\/\/interamerica.org\/fr\/wp-json\/wp\/v2\/categories?post=123675"},{"taxonomy":"post_tag","embeddable":true,"href":"https:\/\/interamerica.org\/fr\/wp-json\/wp\/v2\/tags?post=123675"}],"curies":[{"name":"wp","href":"https:\/\/api.w.org\/{rel}","templated":true}]}}