{"id":12368,"date":"2005-06-16T00:00:00","date_gmt":"2005-06-16T04:00:00","guid":{"rendered":"http:\/\/192.81.217.108\/interamerica\/2005\/06\/guatemala-la-croissance-oblige-leglise-a-se-reorganiser\/"},"modified":"2017-06-02T13:19:18","modified_gmt":"2017-06-02T17:19:18","slug":"guatemala-la-croissance-oblige-leglise-a-se-reorganiser","status":"publish","type":"post","link":"https:\/\/interamerica.org\/fr\/2005\/06\/guatemala-la-croissance-oblige-leglise-a-se-reorganiser\/","title":{"rendered":"Guat\u00e9mala:\u00a0 La Croissance Oblige l&rsquo;Eglise a se R\u00e9organiser"},"content":{"rendered":"<p>Guat\u00e9mala City, Guat\u00e9mala&#8230; (Libna Stevens\/IAD Staff)<\/p>\n<p>En moins de quatre ans l&rsquo;Eglise des Adventistes du Guat\u00e9mala a cru du statut de conf\u00e9rence \u00e0 celui\u00a0d&rsquo;union qui compte\u00a0 trois champs.\u00a0 En mai, l&rsquo;\u00e9glise a organis\u00e9 deux autres\u00a0champs pour s&rsquo;occuper des besoins croissants de ses membres qui s&rsquo;\u00e9l\u00e8vent \u00e0 pr\u00e8s de 155.000 membres.<\/p>\n<p>La mission du Sud de Guat\u00e9mala nouvellement organis\u00e9e, regorgeant de 32.000 membres,\u00a0a germ\u00e9 de la Mission de l&rsquo;Ouest de Guat\u00e9mala, comptant 80.000 membres, et situ\u00e9e entre deux r\u00e9gions g\u00e9ographiques:\u00a0 l&rsquo;une perch\u00e9e dans les montagnes et l&rsquo;autre sur la c\u00f4te, d&rsquo;apr\u00e8s le pasteur Israel Leito, pr\u00e9sident de l&rsquo;oeuvre en Inter-Am\u00e9rique.\u00a0 Pasteur Leito \u00e9tait pr\u00e9sent \u00e0 l&rsquo;inauguration officielle de la\u00a0 mission.\u00a0\u00a0\u00a0<\/p>\n<p>\u00ab\u00a0Il \u00e9tait imp\u00e9ratif de r\u00e9organiser ce vaste champ (Mission de l&rsquo;Ouest) et au point de vue de l&rsquo;effectif que\u00a0de celui du territoire,\u00a0\u00bb avance Pasteur Leito.\u00a0 \u00ab\u00a0La Mission du Sud a \u00e0 son actif un capital de 106%, une liquidit\u00e9 de 325%, et un\u00a0b\u00e2timent r\u00e9cemment construit pourvu d&rsquo;un \u00e9quipement moderne n\u00e9cessaire au fonctionement\u00a0du champ local de cette Division,\u00a0\u00bb dit-il.<\/p>\n<p>La Mission du Sud de Guat\u00e9mala est situ\u00e9e dans la ville de Mazatenango dans la r\u00e9gion sud du pays.<\/p>\n<p>Aussi, une autre mission\u00a0a \u00e9t\u00e9 r\u00e9cemment organis\u00e9e\u00a0dans la capitale du pays.\u00a0 La conf\u00e9rence du Guat\u00e9mala qui couvre la ville de Guat\u00e9mala et les zones avoisinantes, a \u00e9t\u00e9 r\u00e9cemment r\u00e9organis\u00e9e, laissant la capitale sous la d\u00e9pendance de la conf\u00e9rence.\u00a0 Ceci a valu la cr\u00e9ation de la Mission\u00a0Centrale de Guat\u00e9mala.\u00a0 La nouvelle mission a commenc\u00e9 avec \u00e0 peu pr\u00e8s 14.000 membres, ayant un capital actif de 106% et une liquidit\u00e9 de 160%, d&rsquo;apr\u00e8s Pasteur Leito.<\/p>\n<p>Les pasteurs et les laiques ont d\u00e9montr\u00e9 un grand engagement dans leur travail \u00e0\u00a0 travers ce nouveau champ qui fonctionnait d&rsquo;une mani\u00e8re exp\u00e9rimentale pendant plus de deux ans, et qui maintenant a \u00e9t\u00e9 officiellement organis\u00e9e en une nouvelle mission,\u00a0\u00bb explique Pasteur Leito.\u00a0\u00bb\u00a0 Elle d\u00e9bute avec une situation financi\u00e8re assez avantag\u00e9e, avec plusieurs \u00e9coles et beaucoup d&rsquo;\u00e9glises d\u00e9j\u00e0 construites, et toutes les ressources disponibles pour la construction de son bureau principal,\u00a0\u00bb ajoute-t-il.<\/p>\n<p>L&rsquo;Union Centrale d&rsquo;Am\u00e9rique du Nord, est compos\u00e9e de cinq champs au Guat\u00e9mala et un\u00a0\u00e0 B\u00e9lize, et compte plus de 183.00 membres adorant dans 618 \u00e9glises et congr\u00e9gations.<\/p>\n<p>\u00a0\u00a0\u00a0<\/p>\n<p>\u00a0\u00a0\u00a0<\/p>\n","protected":false},"excerpt":{"rendered":"<p>En moins de quatre ans l&rsquo;Eglise des Adventistes du Guat\u00e9mala a cru du statut de conf\u00e9rence \u00e0 celui d&rsquo;union qui compte  trois champs.<\/p>\n","protected":false},"author":1,"featured_media":0,"comment_status":"closed","ping_status":"closed","sticky":false,"template":"","format":"standard","meta":{"_acf_changed":false,"footnotes":""},"categories":[9],"tags":[],"class_list":["post-12368","post","type-post","status-publish","format-standard","hentry","category-archive-fr"],"acf":[],"yoast_head":"<!-- This site is optimized with the Yoast SEO plugin v27.3 - https:\/\/yoast.com\/product\/yoast-seo-wordpress\/ -->\n<title>Guat\u00e9mala:\u00a0 La Croissance Oblige l&#039;Eglise a se R\u00e9organiser - \u00c9glise Adventiste Du Septieme Jour - Inter Am\u00e9rique Division<\/title>\n<meta name=\"robots\" content=\"index, follow, max-snippet:-1, max-image-preview:large, max-video-preview:-1\" \/>\n<link rel=\"canonical\" href=\"https:\/\/interamerica.org\/fr\/2005\/06\/guatemala-la-croissance-oblige-leglise-a-se-reorganiser\/\" \/>\n<meta property=\"og:locale\" content=\"fr_FR\" \/>\n<meta property=\"og:type\" content=\"article\" \/>\n<meta property=\"og:title\" content=\"Guat\u00e9mala:\u00a0 La Croissance Oblige l&#039;Eglise a se R\u00e9organiser - \u00c9glise Adventiste Du Septieme Jour - Inter Am\u00e9rique Division\" \/>\n<meta property=\"og:description\" content=\"En moins de quatre ans l&#039;Eglise des Adventistes du Guat\u00e9mala a cru du statut de conf\u00e9rence \u00e0 celui d&#039;union qui compte trois champs.\" \/>\n<meta property=\"og:url\" content=\"https:\/\/interamerica.org\/fr\/2005\/06\/guatemala-la-croissance-oblige-leglise-a-se-reorganiser\/\" \/>\n<meta property=\"og:site_name\" content=\"\u00c9glise Adventiste Du Septieme Jour - Inter Am\u00e9rique Division\" \/>\n<meta property=\"article:published_time\" content=\"2005-06-16T04:00:00+00:00\" \/>\n<meta property=\"article:modified_time\" content=\"2017-06-02T17:19:18+00:00\" \/>\n<meta name=\"author\" content=\"Lorenzo Verduzco\" \/>\n<meta name=\"twitter:card\" content=\"summary_large_image\" \/>\n<meta name=\"twitter:label1\" content=\"\u00c9crit par\" \/>\n\t<meta name=\"twitter:data1\" content=\"Lorenzo Verduzco\" \/>\n\t<meta name=\"twitter:label2\" content=\"Dur\u00e9e de lecture estim\u00e9e\" \/>\n\t<meta name=\"twitter:data2\" content=\"2 minutes\" \/>\n<script type=\"application\/ld+json\" class=\"yoast-schema-graph\">{\"@context\":\"https:\\\/\\\/schema.org\",\"@graph\":[{\"@type\":\"Article\",\"@id\":\"https:\\\/\\\/interamerica.org\\\/fr\\\/2005\\\/06\\\/guatemala-la-croissance-oblige-leglise-a-se-reorganiser\\\/#article\",\"isPartOf\":{\"@id\":\"https:\\\/\\\/interamerica.org\\\/fr\\\/2005\\\/06\\\/guatemala-la-croissance-oblige-leglise-a-se-reorganiser\\\/\"},\"author\":{\"name\":\"Lorenzo Verduzco\",\"@id\":\"https:\\\/\\\/interamerica.org\\\/fr\\\/#\\\/schema\\\/person\\\/68ede8bdc292885bb76c1e3810e73c39\"},\"headline\":\"Guat\u00e9mala:\u00a0 La Croissance Oblige l&rsquo;Eglise a se R\u00e9organiser\",\"datePublished\":\"2005-06-16T04:00:00+00:00\",\"dateModified\":\"2017-06-02T17:19:18+00:00\",\"mainEntityOfPage\":{\"@id\":\"https:\\\/\\\/interamerica.org\\\/fr\\\/2005\\\/06\\\/guatemala-la-croissance-oblige-leglise-a-se-reorganiser\\\/\"},\"wordCount\":434,\"articleSection\":[\"Archive\"],\"inLanguage\":\"fr-FR\"},{\"@type\":\"WebPage\",\"@id\":\"https:\\\/\\\/interamerica.org\\\/fr\\\/2005\\\/06\\\/guatemala-la-croissance-oblige-leglise-a-se-reorganiser\\\/\",\"url\":\"https:\\\/\\\/interamerica.org\\\/fr\\\/2005\\\/06\\\/guatemala-la-croissance-oblige-leglise-a-se-reorganiser\\\/\",\"name\":\"Guat\u00e9mala:\u00a0 La Croissance Oblige l'Eglise a se R\u00e9organiser - \u00c9glise Adventiste Du Septieme Jour - Inter Am\u00e9rique Division\",\"isPartOf\":{\"@id\":\"https:\\\/\\\/interamerica.org\\\/fr\\\/#website\"},\"datePublished\":\"2005-06-16T04:00:00+00:00\",\"dateModified\":\"2017-06-02T17:19:18+00:00\",\"author\":{\"@id\":\"https:\\\/\\\/interamerica.org\\\/fr\\\/#\\\/schema\\\/person\\\/68ede8bdc292885bb76c1e3810e73c39\"},\"breadcrumb\":{\"@id\":\"https:\\\/\\\/interamerica.org\\\/fr\\\/2005\\\/06\\\/guatemala-la-croissance-oblige-leglise-a-se-reorganiser\\\/#breadcrumb\"},\"inLanguage\":\"fr-FR\",\"potentialAction\":[{\"@type\":\"ReadAction\",\"target\":[\"https:\\\/\\\/interamerica.org\\\/fr\\\/2005\\\/06\\\/guatemala-la-croissance-oblige-leglise-a-se-reorganiser\\\/\"]}]},{\"@type\":\"BreadcrumbList\",\"@id\":\"https:\\\/\\\/interamerica.org\\\/fr\\\/2005\\\/06\\\/guatemala-la-croissance-oblige-leglise-a-se-reorganiser\\\/#breadcrumb\",\"itemListElement\":[{\"@type\":\"ListItem\",\"position\":1,\"name\":\"Home\",\"item\":\"https:\\\/\\\/interamerica.org\\\/fr\\\/\"},{\"@type\":\"ListItem\",\"position\":2,\"name\":\"Guat\u00e9mala:\u00a0 La Croissance Oblige l&rsquo;Eglise a se R\u00e9organiser\"}]},{\"@type\":\"WebSite\",\"@id\":\"https:\\\/\\\/interamerica.org\\\/fr\\\/#website\",\"url\":\"https:\\\/\\\/interamerica.org\\\/fr\\\/\",\"name\":\"\u00c9glise Adventiste Du Septieme Jour - Inter Am\u00e9rique Division\",\"description\":\"\",\"potentialAction\":[{\"@type\":\"SearchAction\",\"target\":{\"@type\":\"EntryPoint\",\"urlTemplate\":\"https:\\\/\\\/interamerica.org\\\/fr\\\/?s={search_term_string}\"},\"query-input\":{\"@type\":\"PropertyValueSpecification\",\"valueRequired\":true,\"valueName\":\"search_term_string\"}}],\"inLanguage\":\"fr-FR\"},{\"@type\":\"Person\",\"@id\":\"https:\\\/\\\/interamerica.org\\\/fr\\\/#\\\/schema\\\/person\\\/68ede8bdc292885bb76c1e3810e73c39\",\"name\":\"Lorenzo Verduzco\",\"image\":{\"@type\":\"ImageObject\",\"inLanguage\":\"fr-FR\",\"@id\":\"https:\\\/\\\/secure.gravatar.com\\\/avatar\\\/fb81a55b6218459490a9c1dc841a34909185b81904c5337b4b27f7a6fd60c49e?s=96&d=mm&r=g\",\"url\":\"https:\\\/\\\/secure.gravatar.com\\\/avatar\\\/fb81a55b6218459490a9c1dc841a34909185b81904c5337b4b27f7a6fd60c49e?s=96&d=mm&r=g\",\"contentUrl\":\"https:\\\/\\\/secure.gravatar.com\\\/avatar\\\/fb81a55b6218459490a9c1dc841a34909185b81904c5337b4b27f7a6fd60c49e?s=96&d=mm&r=g\",\"caption\":\"Lorenzo Verduzco\"}}]}<\/script>\n<!-- \/ Yoast SEO plugin. -->","yoast_head_json":{"title":"Guat\u00e9mala:\u00a0 La Croissance Oblige l'Eglise a se R\u00e9organiser - \u00c9glise Adventiste Du Septieme Jour - Inter Am\u00e9rique Division","robots":{"index":"index","follow":"follow","max-snippet":"max-snippet:-1","max-image-preview":"max-image-preview:large","max-video-preview":"max-video-preview:-1"},"canonical":"https:\/\/interamerica.org\/fr\/2005\/06\/guatemala-la-croissance-oblige-leglise-a-se-reorganiser\/","og_locale":"fr_FR","og_type":"article","og_title":"Guat\u00e9mala:\u00a0 La Croissance Oblige l'Eglise a se R\u00e9organiser - \u00c9glise Adventiste Du Septieme Jour - Inter Am\u00e9rique Division","og_description":"En moins de quatre ans l'Eglise des Adventistes du Guat\u00e9mala a cru du statut de conf\u00e9rence \u00e0 celui d'union qui compte trois champs.","og_url":"https:\/\/interamerica.org\/fr\/2005\/06\/guatemala-la-croissance-oblige-leglise-a-se-reorganiser\/","og_site_name":"\u00c9glise Adventiste Du Septieme Jour - Inter Am\u00e9rique Division","article_published_time":"2005-06-16T04:00:00+00:00","article_modified_time":"2017-06-02T17:19:18+00:00","author":"Lorenzo Verduzco","twitter_card":"summary_large_image","twitter_misc":{"\u00c9crit par":"Lorenzo Verduzco","Dur\u00e9e de lecture estim\u00e9e":"2 minutes"},"schema":{"@context":"https:\/\/schema.org","@graph":[{"@type":"Article","@id":"https:\/\/interamerica.org\/fr\/2005\/06\/guatemala-la-croissance-oblige-leglise-a-se-reorganiser\/#article","isPartOf":{"@id":"https:\/\/interamerica.org\/fr\/2005\/06\/guatemala-la-croissance-oblige-leglise-a-se-reorganiser\/"},"author":{"name":"Lorenzo Verduzco","@id":"https:\/\/interamerica.org\/fr\/#\/schema\/person\/68ede8bdc292885bb76c1e3810e73c39"},"headline":"Guat\u00e9mala:\u00a0 La Croissance Oblige l&rsquo;Eglise a se R\u00e9organiser","datePublished":"2005-06-16T04:00:00+00:00","dateModified":"2017-06-02T17:19:18+00:00","mainEntityOfPage":{"@id":"https:\/\/interamerica.org\/fr\/2005\/06\/guatemala-la-croissance-oblige-leglise-a-se-reorganiser\/"},"wordCount":434,"articleSection":["Archive"],"inLanguage":"fr-FR"},{"@type":"WebPage","@id":"https:\/\/interamerica.org\/fr\/2005\/06\/guatemala-la-croissance-oblige-leglise-a-se-reorganiser\/","url":"https:\/\/interamerica.org\/fr\/2005\/06\/guatemala-la-croissance-oblige-leglise-a-se-reorganiser\/","name":"Guat\u00e9mala:\u00a0 La Croissance Oblige l'Eglise a se R\u00e9organiser - \u00c9glise Adventiste Du Septieme Jour - Inter Am\u00e9rique Division","isPartOf":{"@id":"https:\/\/interamerica.org\/fr\/#website"},"datePublished":"2005-06-16T04:00:00+00:00","dateModified":"2017-06-02T17:19:18+00:00","author":{"@id":"https:\/\/interamerica.org\/fr\/#\/schema\/person\/68ede8bdc292885bb76c1e3810e73c39"},"breadcrumb":{"@id":"https:\/\/interamerica.org\/fr\/2005\/06\/guatemala-la-croissance-oblige-leglise-a-se-reorganiser\/#breadcrumb"},"inLanguage":"fr-FR","potentialAction":[{"@type":"ReadAction","target":["https:\/\/interamerica.org\/fr\/2005\/06\/guatemala-la-croissance-oblige-leglise-a-se-reorganiser\/"]}]},{"@type":"BreadcrumbList","@id":"https:\/\/interamerica.org\/fr\/2005\/06\/guatemala-la-croissance-oblige-leglise-a-se-reorganiser\/#breadcrumb","itemListElement":[{"@type":"ListItem","position":1,"name":"Home","item":"https:\/\/interamerica.org\/fr\/"},{"@type":"ListItem","position":2,"name":"Guat\u00e9mala:\u00a0 La Croissance Oblige l&rsquo;Eglise a se R\u00e9organiser"}]},{"@type":"WebSite","@id":"https:\/\/interamerica.org\/fr\/#website","url":"https:\/\/interamerica.org\/fr\/","name":"\u00c9glise Adventiste Du Septieme Jour - Inter Am\u00e9rique Division","description":"","potentialAction":[{"@type":"SearchAction","target":{"@type":"EntryPoint","urlTemplate":"https:\/\/interamerica.org\/fr\/?s={search_term_string}"},"query-input":{"@type":"PropertyValueSpecification","valueRequired":true,"valueName":"search_term_string"}}],"inLanguage":"fr-FR"},{"@type":"Person","@id":"https:\/\/interamerica.org\/fr\/#\/schema\/person\/68ede8bdc292885bb76c1e3810e73c39","name":"Lorenzo Verduzco","image":{"@type":"ImageObject","inLanguage":"fr-FR","@id":"https:\/\/secure.gravatar.com\/avatar\/fb81a55b6218459490a9c1dc841a34909185b81904c5337b4b27f7a6fd60c49e?s=96&d=mm&r=g","url":"https:\/\/secure.gravatar.com\/avatar\/fb81a55b6218459490a9c1dc841a34909185b81904c5337b4b27f7a6fd60c49e?s=96&d=mm&r=g","contentUrl":"https:\/\/secure.gravatar.com\/avatar\/fb81a55b6218459490a9c1dc841a34909185b81904c5337b4b27f7a6fd60c49e?s=96&d=mm&r=g","caption":"Lorenzo Verduzco"}}]}},"_links":{"self":[{"href":"https:\/\/interamerica.org\/fr\/wp-json\/wp\/v2\/posts\/12368","targetHints":{"allow":["GET"]}}],"collection":[{"href":"https:\/\/interamerica.org\/fr\/wp-json\/wp\/v2\/posts"}],"about":[{"href":"https:\/\/interamerica.org\/fr\/wp-json\/wp\/v2\/types\/post"}],"author":[{"embeddable":true,"href":"https:\/\/interamerica.org\/fr\/wp-json\/wp\/v2\/users\/1"}],"replies":[{"embeddable":true,"href":"https:\/\/interamerica.org\/fr\/wp-json\/wp\/v2\/comments?post=12368"}],"version-history":[{"count":0,"href":"https:\/\/interamerica.org\/fr\/wp-json\/wp\/v2\/posts\/12368\/revisions"}],"wp:attachment":[{"href":"https:\/\/interamerica.org\/fr\/wp-json\/wp\/v2\/media?parent=12368"}],"wp:term":[{"taxonomy":"category","embeddable":true,"href":"https:\/\/interamerica.org\/fr\/wp-json\/wp\/v2\/categories?post=12368"},{"taxonomy":"post_tag","embeddable":true,"href":"https:\/\/interamerica.org\/fr\/wp-json\/wp\/v2\/tags?post=12368"}],"curies":[{"name":"wp","href":"https:\/\/api.w.org\/{rel}","templated":true}]}}