{"id":12370,"date":"2005-06-24T00:00:00","date_gmt":"2005-06-24T04:00:00","guid":{"rendered":"http:\/\/192.81.217.108\/interamerica\/2005\/06\/linter-amerique-devoile-son-exposition-evangeliving-vivant-levangile-a-la-session-de-la-cg\/"},"modified":"2017-06-02T13:19:16","modified_gmt":"2017-06-02T17:19:16","slug":"linter-amerique-devoile-son-exposition-evangeliving-vivant-levangile-a-la-session-de-la-cg","status":"publish","type":"post","link":"https:\/\/interamerica.org\/fr\/2005\/06\/linter-amerique-devoile-son-exposition-evangeliving-vivant-levangile-a-la-session-de-la-cg\/","title":{"rendered":"L&rsquo;Inter-Am\u00e9rique d\u00e9voile son Exposition \u00ab\u00a0Evangeliving\u00a0\u00bb (Vivant l&rsquo;Evangile) \u00e0 la Session de la CG"},"content":{"rendered":"<p>Miami, Florida, Etats-Unis d&rsquo;Am\u00e9rique&#8230; (Libna Stevens\/DIA)<\/p>\n<p>L&rsquo;Inter-Am\u00e9rique aura l&rsquo;opportunit\u00e9 de d\u00e9ployer les 37 drapeaux de ses 15 unions ou r\u00e9gions \u00e0 la Session de la Conf\u00e9rence G\u00e9n\u00e9rale de l&rsquo;Eglise des Adventistes du Septi\u00e8me Jour de cette ann\u00e9e au \u00ab\u00a0Centre des Am\u00e9riques\u00a0\u00bb (America&rsquo;s Center) \u00e0 St. Louis, Missouri, aux Etats-Unis, du 30 juin au 9 juillet.<\/p>\n<p>L&rsquo;exposition de la DIA accueillera les 70.000 personnes qui sont attendues \u00e0 participer \u00e0 l&rsquo;\u00e9v\u00e8nement dont le th\u00e8me pour ce quinquennat est, \u00ab\u00a0Evangeliving (ou vivant l&rsquo;\u00e9vangile) Une Culture pour l&rsquo;Inter-Am\u00e9rique.\u00a0\u00bb  Les visiteurs de l&rsquo;exposition de 10&#215;30 pourront jeter un coup d&rsquo;oeil sur ce que fait l&rsquo;Inter-Am\u00e9rique dans le domaine de la mission de l&rsquo;\u00e9glise<\/p>\n<p>Cette ann\u00e9e, tous les territoires de l&rsquo;union de l&rsquo;\u00e9glise seront repr\u00e9sent\u00e9s \u00e0 des p\u00e9riodes diff\u00e9rentes au cours des 10 jours de la session, pr\u00e9cise Mrs. Belkis Archbold, Assistante Administratrice de la DIA responsable de l&rsquo;\u00e9talage. <\/p>\n<p>\u00ab\u00a0Il y aura un \u00e9cran plasma qui passera continuellement les activit\u00e9s et r\u00e9alisations de chaque territoire de l&rsquo;union,\u00a0\u00bb dit Archbold.  \u00ab\u00a0Chacun des 2.000 d\u00e9l\u00e9gu\u00e9s d\u00e9sign\u00e9s de ces r\u00e9unions recevra un cadeau sp\u00e9cial et les passants recevront des souvenirs des diff\u00e9rents pays faisant partie de notre Division,\u00a0\u00bb ajoute-elle.<\/p>\n<p>Les visiteurs de l&rsquo;exposition, qui sera pr\u00e8s de l&rsquo;entr\u00e9e principale No. 1406-08-010, recevront aussi un livret renfermant de br\u00e8ves informations concernant la mission de la DIA, sa vision et ses r\u00e9alisations \u00e0 travers ses plans strat\u00e9giques des cinq derni\u00e8res ann\u00e9es, ainsi que le profil de chacune de ses unions.<\/p>\n<p>Les Services des Laiques et des Industries de l&rsquo;Inter-Am\u00e9rique ainsi que \u00ab\u00a0Educational Foundation for Children&rsquo;s Care Inc.\u00a0\u00bb (Fondation Educative pour les Soins des Enfants Inc.), feront partie de l&rsquo;exposition de la DIA.<\/p>\n<p>Aussi, les institutions \u00e9ducatives de l&rsquo;Inter-Am\u00e9rique pr\u00e9senteront ses universit\u00e9s et coll\u00e8ges au cours d&rsquo;une exposition \u00e0 l&rsquo;int\u00e9rieur de la \u00ab\u00a0Convention Center\u00a0\u00bb.  Les maisons de publication et les compagnies d&rsquo;alimentation naturelle de la DIA exposeront aussi leurs produits dans la section commerciale du centre. <\/p>\n<p>Voici les jours et heures o\u00f9 les unions et organisations de la DIA exposeront:<\/p>\n<p><u><strong>Jeudi 30 juin 2005<\/strong><\/u><\/p>\n<p>9:00 a.m. &#8211; 1:30 p.m. Union Centre Am\u00e9rique &#8211; Nord<\/p>\n<p>1:30 p.m. &#8211; 6:30 p.m  Union Centre Am\u00e9rique &#8211; Sud<\/p>\n<\/p>\n<p><u><strong>Vendredi 1 juillet 2005<\/strong><\/u><\/p>\n<p>9:00 a.m. &#8211; 1:30 p.m. Union Caraib\u00e9enne<\/p>\n<p>1:30p.m. &#8211; 6:30 p.m. Union Cubaine<\/p>\n<\/p>\n<p><strong><u>Sabbat 2 juillet 2005<\/u><\/strong><\/p>\n<p>1:30 p.m. &#8211; 6:30 p.m.  Union Colombienne<\/p>\n<\/p>\n<p><strong><u>Dimanche 3 juillet 2005<\/u><\/strong><\/p>\n<p>9:00 a.m. &#8211; 1:30 p.m.  Union des Indes Occidentales<\/p>\n<p>1;30 p.m. &#8211; 6:30 p.m.  Union Haitienne<\/p>\n<\/p>\n<p><strong><u>Lundi 4 juillet 2005<\/u><\/strong><\/p>\n<p>9:00 a.m. &#8211; 1:30 p.m.  Union des Antilles Fran\u00e7aises et de la Guyane<\/p>\n<p>1:30 p.m. &#8211; 6:30 p.m. Union d&rsquo;Am\u00e9rique Centrale &#8211; Centre<\/p>\n<\/p>\n<p><strong><u>Mardi 5 juillet 2005<\/u><\/strong><\/p>\n<p>9:00 a.m. &#8211; 1:30 p.m. Union Mexicaine du Nord<\/p>\n<p>1:30 p.m. &#8211; 6:30 p.m.  Union Mexicaine Inter-Oc\u00e9anique<\/p>\n<\/p>\n<p><strong><u>Mercredi 6 juillet 2005<\/u><\/strong><\/p>\n<p>9:00 a.m. &#8211; 1:30 p.m.  Union Porto-Ricaine<\/p>\n<p>1:30 p.m. &#8211; 6:30 p.m.  Union des Antilles V\u00e9n\u00e9zueliennes<\/p>\n<\/p>\n<p><strong><u>Jeudi 7 juillet 2005<\/u><\/strong><\/p>\n<p>9:00 a.m. &#8211; 1:30 p.m.  Union Domincaine<\/p>\n<p>1:30 p.m. &#8211; 6:30 p.m.  Union Mexicaine du Sud<\/p>\n<\/p>\n<p><strong><u>Vendredi 8 juillet 2005<\/u><\/strong><\/p>\n<p>9:00 a.m. &#8211; 1:30 p.m.  Fondation Educative pour les Soins des Enfants Inc.<\/p>\n<p>1:30 p.m. &#8211; 6:30 p.m.  Les Services des Laiques et des Industries<\/p>\n<\/p>\n<p><strong><u>Sabbat 9 juillet 2005<\/u><\/strong><\/p>\n<p>1:30 p.m. &#8211; 3:30 p.m.  Association des Publications de la DIA<\/p>\n<\/p>\n<\/p>\n<\/p>\n<\/p><\/p>\n","protected":false},"excerpt":{"rendered":"<p>L&rsquo;Inter-Am\u00e9rique aura l&rsquo;opportunit\u00e9 de d\u00e9ployer les 37 drapeaux de ses 15 unions ou r\u00e9gions \u00e0 la Session de la Conf\u00e9rence G\u00e9n\u00e9rale de l&rsquo;Eglise des Adventistes du Septi\u00e8me Jour de cette ann\u00e9e au \u00ab\u00a0Centre des Am\u00e9riques\u00a0\u00bb (America&rsquo;s Center) &#038;agra<\/p>\n","protected":false},"author":1,"featured_media":0,"comment_status":"closed","ping_status":"closed","sticky":false,"template":"","format":"standard","meta":{"_acf_changed":false,"footnotes":""},"categories":[9],"tags":[],"class_list":["post-12370","post","type-post","status-publish","format-standard","hentry","category-archive-fr"],"acf":[],"yoast_head":"<!-- This site is optimized with the Yoast SEO plugin v27.3 - https:\/\/yoast.com\/product\/yoast-seo-wordpress\/ -->\n<title>L&#039;Inter-Am\u00e9rique d\u00e9voile son Exposition &quot;Evangeliving&quot; (Vivant l&#039;Evangile) \u00e0 la Session de la CG - \u00c9glise Adventiste Du Septieme Jour - Inter Am\u00e9rique Division<\/title>\n<meta name=\"robots\" content=\"index, follow, max-snippet:-1, max-image-preview:large, max-video-preview:-1\" \/>\n<link rel=\"canonical\" href=\"https:\/\/interamerica.org\/fr\/2005\/06\/linter-amerique-devoile-son-exposition-evangeliving-vivant-levangile-a-la-session-de-la-cg\/\" \/>\n<meta property=\"og:locale\" content=\"fr_FR\" \/>\n<meta property=\"og:type\" content=\"article\" \/>\n<meta property=\"og:title\" content=\"L&#039;Inter-Am\u00e9rique d\u00e9voile son Exposition &quot;Evangeliving&quot; (Vivant l&#039;Evangile) \u00e0 la Session de la CG - \u00c9glise Adventiste Du Septieme Jour - Inter Am\u00e9rique Division\" \/>\n<meta property=\"og:description\" content=\"L&#039;Inter-Am\u00e9rique aura l&#039;opportunit\u00e9 de d\u00e9ployer les 37 drapeaux de ses 15 unions ou r\u00e9gions \u00e0 la Session de la Conf\u00e9rence G\u00e9n\u00e9rale de l&#039;Eglise des Adventistes du Septi\u00e8me Jour de cette ann\u00e9e au &quot;Centre des Am\u00e9riques&quot; (America&#039;s Center) &amp;agra\" \/>\n<meta property=\"og:url\" content=\"https:\/\/interamerica.org\/fr\/2005\/06\/linter-amerique-devoile-son-exposition-evangeliving-vivant-levangile-a-la-session-de-la-cg\/\" \/>\n<meta property=\"og:site_name\" content=\"\u00c9glise Adventiste Du Septieme Jour - Inter Am\u00e9rique Division\" \/>\n<meta property=\"article:published_time\" content=\"2005-06-24T04:00:00+00:00\" \/>\n<meta property=\"article:modified_time\" content=\"2017-06-02T17:19:16+00:00\" \/>\n<meta name=\"author\" content=\"Lorenzo Verduzco\" \/>\n<meta name=\"twitter:card\" content=\"summary_large_image\" \/>\n<meta name=\"twitter:label1\" content=\"\u00c9crit par\" \/>\n\t<meta name=\"twitter:data1\" content=\"Lorenzo Verduzco\" \/>\n\t<meta name=\"twitter:label2\" content=\"Dur\u00e9e de lecture estim\u00e9e\" \/>\n\t<meta name=\"twitter:data2\" content=\"3 minutes\" \/>\n<script type=\"application\/ld+json\" class=\"yoast-schema-graph\">{\"@context\":\"https:\\\/\\\/schema.org\",\"@graph\":[{\"@type\":\"Article\",\"@id\":\"https:\\\/\\\/interamerica.org\\\/fr\\\/2005\\\/06\\\/linter-amerique-devoile-son-exposition-evangeliving-vivant-levangile-a-la-session-de-la-cg\\\/#article\",\"isPartOf\":{\"@id\":\"https:\\\/\\\/interamerica.org\\\/fr\\\/2005\\\/06\\\/linter-amerique-devoile-son-exposition-evangeliving-vivant-levangile-a-la-session-de-la-cg\\\/\"},\"author\":{\"name\":\"Lorenzo Verduzco\",\"@id\":\"https:\\\/\\\/interamerica.org\\\/fr\\\/#\\\/schema\\\/person\\\/68ede8bdc292885bb76c1e3810e73c39\"},\"headline\":\"L&rsquo;Inter-Am\u00e9rique d\u00e9voile son Exposition \u00ab\u00a0Evangeliving\u00a0\u00bb (Vivant l&rsquo;Evangile) \u00e0 la Session de la CG\",\"datePublished\":\"2005-06-24T04:00:00+00:00\",\"dateModified\":\"2017-06-02T17:19:16+00:00\",\"mainEntityOfPage\":{\"@id\":\"https:\\\/\\\/interamerica.org\\\/fr\\\/2005\\\/06\\\/linter-amerique-devoile-son-exposition-evangeliving-vivant-levangile-a-la-session-de-la-cg\\\/\"},\"wordCount\":596,\"articleSection\":[\"Archive\"],\"inLanguage\":\"fr-FR\"},{\"@type\":\"WebPage\",\"@id\":\"https:\\\/\\\/interamerica.org\\\/fr\\\/2005\\\/06\\\/linter-amerique-devoile-son-exposition-evangeliving-vivant-levangile-a-la-session-de-la-cg\\\/\",\"url\":\"https:\\\/\\\/interamerica.org\\\/fr\\\/2005\\\/06\\\/linter-amerique-devoile-son-exposition-evangeliving-vivant-levangile-a-la-session-de-la-cg\\\/\",\"name\":\"L'Inter-Am\u00e9rique d\u00e9voile son Exposition \\\"Evangeliving\\\" (Vivant l'Evangile) \u00e0 la Session de la CG - \u00c9glise Adventiste Du Septieme Jour - Inter Am\u00e9rique Division\",\"isPartOf\":{\"@id\":\"https:\\\/\\\/interamerica.org\\\/fr\\\/#website\"},\"datePublished\":\"2005-06-24T04:00:00+00:00\",\"dateModified\":\"2017-06-02T17:19:16+00:00\",\"author\":{\"@id\":\"https:\\\/\\\/interamerica.org\\\/fr\\\/#\\\/schema\\\/person\\\/68ede8bdc292885bb76c1e3810e73c39\"},\"breadcrumb\":{\"@id\":\"https:\\\/\\\/interamerica.org\\\/fr\\\/2005\\\/06\\\/linter-amerique-devoile-son-exposition-evangeliving-vivant-levangile-a-la-session-de-la-cg\\\/#breadcrumb\"},\"inLanguage\":\"fr-FR\",\"potentialAction\":[{\"@type\":\"ReadAction\",\"target\":[\"https:\\\/\\\/interamerica.org\\\/fr\\\/2005\\\/06\\\/linter-amerique-devoile-son-exposition-evangeliving-vivant-levangile-a-la-session-de-la-cg\\\/\"]}]},{\"@type\":\"BreadcrumbList\",\"@id\":\"https:\\\/\\\/interamerica.org\\\/fr\\\/2005\\\/06\\\/linter-amerique-devoile-son-exposition-evangeliving-vivant-levangile-a-la-session-de-la-cg\\\/#breadcrumb\",\"itemListElement\":[{\"@type\":\"ListItem\",\"position\":1,\"name\":\"Home\",\"item\":\"https:\\\/\\\/interamerica.org\\\/fr\\\/\"},{\"@type\":\"ListItem\",\"position\":2,\"name\":\"L&rsquo;Inter-Am\u00e9rique d\u00e9voile son Exposition \u00ab\u00a0Evangeliving\u00a0\u00bb (Vivant l&rsquo;Evangile) \u00e0 la Session de la CG\"}]},{\"@type\":\"WebSite\",\"@id\":\"https:\\\/\\\/interamerica.org\\\/fr\\\/#website\",\"url\":\"https:\\\/\\\/interamerica.org\\\/fr\\\/\",\"name\":\"\u00c9glise Adventiste Du Septieme Jour - Inter Am\u00e9rique Division\",\"description\":\"\",\"potentialAction\":[{\"@type\":\"SearchAction\",\"target\":{\"@type\":\"EntryPoint\",\"urlTemplate\":\"https:\\\/\\\/interamerica.org\\\/fr\\\/?s={search_term_string}\"},\"query-input\":{\"@type\":\"PropertyValueSpecification\",\"valueRequired\":true,\"valueName\":\"search_term_string\"}}],\"inLanguage\":\"fr-FR\"},{\"@type\":\"Person\",\"@id\":\"https:\\\/\\\/interamerica.org\\\/fr\\\/#\\\/schema\\\/person\\\/68ede8bdc292885bb76c1e3810e73c39\",\"name\":\"Lorenzo Verduzco\",\"image\":{\"@type\":\"ImageObject\",\"inLanguage\":\"fr-FR\",\"@id\":\"https:\\\/\\\/secure.gravatar.com\\\/avatar\\\/fb81a55b6218459490a9c1dc841a34909185b81904c5337b4b27f7a6fd60c49e?s=96&d=mm&r=g\",\"url\":\"https:\\\/\\\/secure.gravatar.com\\\/avatar\\\/fb81a55b6218459490a9c1dc841a34909185b81904c5337b4b27f7a6fd60c49e?s=96&d=mm&r=g\",\"contentUrl\":\"https:\\\/\\\/secure.gravatar.com\\\/avatar\\\/fb81a55b6218459490a9c1dc841a34909185b81904c5337b4b27f7a6fd60c49e?s=96&d=mm&r=g\",\"caption\":\"Lorenzo Verduzco\"}}]}<\/script>\n<!-- \/ Yoast SEO plugin. -->","yoast_head_json":{"title":"L'Inter-Am\u00e9rique d\u00e9voile son Exposition \"Evangeliving\" (Vivant l'Evangile) \u00e0 la Session de la CG - \u00c9glise Adventiste Du Septieme Jour - Inter Am\u00e9rique Division","robots":{"index":"index","follow":"follow","max-snippet":"max-snippet:-1","max-image-preview":"max-image-preview:large","max-video-preview":"max-video-preview:-1"},"canonical":"https:\/\/interamerica.org\/fr\/2005\/06\/linter-amerique-devoile-son-exposition-evangeliving-vivant-levangile-a-la-session-de-la-cg\/","og_locale":"fr_FR","og_type":"article","og_title":"L'Inter-Am\u00e9rique d\u00e9voile son Exposition \"Evangeliving\" (Vivant l'Evangile) \u00e0 la Session de la CG - \u00c9glise Adventiste Du Septieme Jour - Inter Am\u00e9rique Division","og_description":"L'Inter-Am\u00e9rique aura l'opportunit\u00e9 de d\u00e9ployer les 37 drapeaux de ses 15 unions ou r\u00e9gions \u00e0 la Session de la Conf\u00e9rence G\u00e9n\u00e9rale de l'Eglise des Adventistes du Septi\u00e8me Jour de cette ann\u00e9e au \"Centre des Am\u00e9riques\" (America's Center) &agra","og_url":"https:\/\/interamerica.org\/fr\/2005\/06\/linter-amerique-devoile-son-exposition-evangeliving-vivant-levangile-a-la-session-de-la-cg\/","og_site_name":"\u00c9glise Adventiste Du Septieme Jour - Inter Am\u00e9rique Division","article_published_time":"2005-06-24T04:00:00+00:00","article_modified_time":"2017-06-02T17:19:16+00:00","author":"Lorenzo Verduzco","twitter_card":"summary_large_image","twitter_misc":{"\u00c9crit par":"Lorenzo Verduzco","Dur\u00e9e de lecture estim\u00e9e":"3 minutes"},"schema":{"@context":"https:\/\/schema.org","@graph":[{"@type":"Article","@id":"https:\/\/interamerica.org\/fr\/2005\/06\/linter-amerique-devoile-son-exposition-evangeliving-vivant-levangile-a-la-session-de-la-cg\/#article","isPartOf":{"@id":"https:\/\/interamerica.org\/fr\/2005\/06\/linter-amerique-devoile-son-exposition-evangeliving-vivant-levangile-a-la-session-de-la-cg\/"},"author":{"name":"Lorenzo Verduzco","@id":"https:\/\/interamerica.org\/fr\/#\/schema\/person\/68ede8bdc292885bb76c1e3810e73c39"},"headline":"L&rsquo;Inter-Am\u00e9rique d\u00e9voile son Exposition \u00ab\u00a0Evangeliving\u00a0\u00bb (Vivant l&rsquo;Evangile) \u00e0 la Session de la CG","datePublished":"2005-06-24T04:00:00+00:00","dateModified":"2017-06-02T17:19:16+00:00","mainEntityOfPage":{"@id":"https:\/\/interamerica.org\/fr\/2005\/06\/linter-amerique-devoile-son-exposition-evangeliving-vivant-levangile-a-la-session-de-la-cg\/"},"wordCount":596,"articleSection":["Archive"],"inLanguage":"fr-FR"},{"@type":"WebPage","@id":"https:\/\/interamerica.org\/fr\/2005\/06\/linter-amerique-devoile-son-exposition-evangeliving-vivant-levangile-a-la-session-de-la-cg\/","url":"https:\/\/interamerica.org\/fr\/2005\/06\/linter-amerique-devoile-son-exposition-evangeliving-vivant-levangile-a-la-session-de-la-cg\/","name":"L'Inter-Am\u00e9rique d\u00e9voile son Exposition \"Evangeliving\" (Vivant l'Evangile) \u00e0 la Session de la CG - \u00c9glise Adventiste Du Septieme Jour - Inter Am\u00e9rique Division","isPartOf":{"@id":"https:\/\/interamerica.org\/fr\/#website"},"datePublished":"2005-06-24T04:00:00+00:00","dateModified":"2017-06-02T17:19:16+00:00","author":{"@id":"https:\/\/interamerica.org\/fr\/#\/schema\/person\/68ede8bdc292885bb76c1e3810e73c39"},"breadcrumb":{"@id":"https:\/\/interamerica.org\/fr\/2005\/06\/linter-amerique-devoile-son-exposition-evangeliving-vivant-levangile-a-la-session-de-la-cg\/#breadcrumb"},"inLanguage":"fr-FR","potentialAction":[{"@type":"ReadAction","target":["https:\/\/interamerica.org\/fr\/2005\/06\/linter-amerique-devoile-son-exposition-evangeliving-vivant-levangile-a-la-session-de-la-cg\/"]}]},{"@type":"BreadcrumbList","@id":"https:\/\/interamerica.org\/fr\/2005\/06\/linter-amerique-devoile-son-exposition-evangeliving-vivant-levangile-a-la-session-de-la-cg\/#breadcrumb","itemListElement":[{"@type":"ListItem","position":1,"name":"Home","item":"https:\/\/interamerica.org\/fr\/"},{"@type":"ListItem","position":2,"name":"L&rsquo;Inter-Am\u00e9rique d\u00e9voile son Exposition \u00ab\u00a0Evangeliving\u00a0\u00bb (Vivant l&rsquo;Evangile) \u00e0 la Session de la CG"}]},{"@type":"WebSite","@id":"https:\/\/interamerica.org\/fr\/#website","url":"https:\/\/interamerica.org\/fr\/","name":"\u00c9glise Adventiste Du Septieme Jour - Inter Am\u00e9rique Division","description":"","potentialAction":[{"@type":"SearchAction","target":{"@type":"EntryPoint","urlTemplate":"https:\/\/interamerica.org\/fr\/?s={search_term_string}"},"query-input":{"@type":"PropertyValueSpecification","valueRequired":true,"valueName":"search_term_string"}}],"inLanguage":"fr-FR"},{"@type":"Person","@id":"https:\/\/interamerica.org\/fr\/#\/schema\/person\/68ede8bdc292885bb76c1e3810e73c39","name":"Lorenzo Verduzco","image":{"@type":"ImageObject","inLanguage":"fr-FR","@id":"https:\/\/secure.gravatar.com\/avatar\/fb81a55b6218459490a9c1dc841a34909185b81904c5337b4b27f7a6fd60c49e?s=96&d=mm&r=g","url":"https:\/\/secure.gravatar.com\/avatar\/fb81a55b6218459490a9c1dc841a34909185b81904c5337b4b27f7a6fd60c49e?s=96&d=mm&r=g","contentUrl":"https:\/\/secure.gravatar.com\/avatar\/fb81a55b6218459490a9c1dc841a34909185b81904c5337b4b27f7a6fd60c49e?s=96&d=mm&r=g","caption":"Lorenzo Verduzco"}}]}},"_links":{"self":[{"href":"https:\/\/interamerica.org\/fr\/wp-json\/wp\/v2\/posts\/12370","targetHints":{"allow":["GET"]}}],"collection":[{"href":"https:\/\/interamerica.org\/fr\/wp-json\/wp\/v2\/posts"}],"about":[{"href":"https:\/\/interamerica.org\/fr\/wp-json\/wp\/v2\/types\/post"}],"author":[{"embeddable":true,"href":"https:\/\/interamerica.org\/fr\/wp-json\/wp\/v2\/users\/1"}],"replies":[{"embeddable":true,"href":"https:\/\/interamerica.org\/fr\/wp-json\/wp\/v2\/comments?post=12370"}],"version-history":[{"count":0,"href":"https:\/\/interamerica.org\/fr\/wp-json\/wp\/v2\/posts\/12370\/revisions"}],"wp:attachment":[{"href":"https:\/\/interamerica.org\/fr\/wp-json\/wp\/v2\/media?parent=12370"}],"wp:term":[{"taxonomy":"category","embeddable":true,"href":"https:\/\/interamerica.org\/fr\/wp-json\/wp\/v2\/categories?post=12370"},{"taxonomy":"post_tag","embeddable":true,"href":"https:\/\/interamerica.org\/fr\/wp-json\/wp\/v2\/tags?post=12370"}],"curies":[{"name":"wp","href":"https:\/\/api.w.org\/{rel}","templated":true}]}}