{"id":12371,"date":"2005-06-26T00:00:00","date_gmt":"2005-06-26T04:00:00","guid":{"rendered":"http:\/\/192.81.217.108\/interamerica\/2005\/06\/le-president-de-la-dia-repond-aux-questions-concernant-la-session-et-son-impact-sur-leglise-dans-linter-amerique\/"},"modified":"2017-06-02T13:19:15","modified_gmt":"2017-06-02T17:19:15","slug":"le-president-de-la-dia-repond-aux-questions-concernant-la-session-et-son-impact-sur-leglise-dans-linter-amerique","status":"publish","type":"post","link":"https:\/\/interamerica.org\/fr\/2005\/06\/le-president-de-la-dia-repond-aux-questions-concernant-la-session-et-son-impact-sur-leglise-dans-linter-amerique\/","title":{"rendered":"Le Pr\u00e9sident de la DIA\u00a0R\u00e9pond aux Questions Concernant la Session et son Impact sur l&rsquo;Eglise dans l&rsquo;Inter-Am\u00e9rique"},"content":{"rendered":"<p>Miami, Florida, Etats-Unis d&rsquo;Am\u00e9rique&#8230; (Libna Stevens\/DIA<\/p>\n<p>Dans quelques\u00a0jours, des milliers d&rsquo;Adventistes du Septi\u00e8me jour se joindront \u00e0 la d\u00e9l\u00e9gation de l&rsquo;\u00e9glise\u00a0mondiale pour sa r\u00e9unions d&rsquo;affaires \u00e0 St. Louis, Missouri, aux Etats-Unis, \u00e0 l&rsquo;occasion de la 58\u00e8me Session Qinquennale de la Conf\u00e9rence G\u00e9n\u00e9rale.<\/p>\n<p>Se\u00a0 vantant d&rsquo;\u00eatre la plus grande d\u00e9l\u00e9gation de toutes les divisions du monde, la Division Inter-Am\u00e9ricaine enverra plus de 250 d\u00e9l\u00e9gu\u00e9s repr\u00e9sentant les plus de 2.5 millions de membres d&rsquo;\u00e9glise de son territoire.<\/p>\n<p>Mais Pasteur Israel Leito, pr\u00e9sident de l&rsquo;\u00e9glise en Inter-Am\u00e9rique, avance que les\u00a0 chiffres ne repr\u00e9sentent pas la chose la plus importante.<\/p>\n<p>\u00ab\u00a0Notre effectif ne devrait pas \u00eatre le facteur dominant de notre participation \u00e0 cette r\u00e9union d&rsquo;affaires,\u00a0\u00bb\u00a0dit le Pasteur Leito.\u00a0\u00a0\u00ab\u00a0Notre engagement et notre participation \u00e0 apporter \u00e0 l&rsquo;\u00e9glise mondiale les id\u00e9es authoctones qui peuvent \u00eatre pratiqu\u00e9es dans les autres parties du\u00a0monde\u00a0est notre but.\u00a0\u00bb<\/p>\n<p>\u00ab\u00a0La Division Inter-Am\u00e9ricaine ne va pas \u00e0 la session dans le but de dominer, mais pour apporter sa contribution,\u00a0\u00bb ajoute-t-il.<\/p>\n<p>Une partie de l&rsquo;agenda des affaires\u00a0de l&rsquo;\u00e9glise \u00e0\u00a0la session comprendra les \u00e9lections des dirigeants de l&rsquo;\u00e9glise de l&rsquo;oeuvre\u00a0mondiale ainsi que celles des\u00a0Divisions mondiales, qui doivent \u00eatre achev\u00e9es\u00a0le 7 juillet.<\/p>\n<p>Pasteur Israel Leito, pr\u00e9sident de l&rsquo;\u00e9glise en Inter-Am\u00e9rique depuis 1996, r\u00e9pond aux questions concernant le r\u00f4le de la DIA et de son orientation, alors qu&rsquo;un nouveau quinquennat commence pour l&rsquo;Inter-Am\u00e9rique.<\/p>\n<p>Question:\u00a0 Qu&rsquo;attendez-vous des d\u00e9l\u00e9gu\u00e9s de la DIA cette ann\u00e9e et quelle est l&rsquo;importance du r\u00f4le des d\u00e9l\u00e9gu\u00e9s pour cette session?<\/p>\n<p>Pasteur LEITO:\u00a0 Le r\u00f4le des d\u00e9l\u00e9gu\u00e9s aux r\u00e9unions d&rsquo;affaires de l&rsquo;\u00e9glise est un travail important que les dirigeants d&rsquo;\u00e9glise veulent souligner.<\/p>\n<p>Je m&rsquo;attends \u00e0 ce que tous les d\u00e9l\u00e9gu\u00e9s de la DIA soient inspir\u00e9s, mais avant tout,\u00a0qu&rsquo;ils aient une nouvelle vision de l&rsquo;urgence des temps pour que nous fassions de notre mieux pour apporter l&rsquo;\u00e9vangile \u00e0 tous les habitants de notre territoire.\u00a0 Au cours de la session, j&rsquo;esp\u00e8re que tous les d\u00e9l\u00e9gu\u00e9s seront assez responsables pour participer \u00e0\u00a0toutes\u00a0les sessions, et y participer activement en contribuant pleinement \u00e0 la bonne marche de l&rsquo;\u00e9glise mondiale.<\/p>\n<p>Question:\u00a0 Par rapport au th\u00e8me de la sesion \u00ab\u00a0Transform\u00e9 en Christ,\u00a0\u00bb Quelles sont vos impressions au sujet de la session et qu&rsquo;est-ce qui parait \u00eatre\u00a0diff\u00e9rent en mati\u00e8re de priorit\u00e9 pour notre Division en ces temps\u00a0qui changent?<\/p>\n<p>Pasteur LEITO:\u00a0 Bien que cette session para\u00eet \u00eatre\u00a0sans probl\u00e8mes, la direction que le pr\u00e9sident de la Conf\u00e9rence G\u00e9n\u00e9rale a donn\u00e9e \u00e0 l&rsquo;\u00e9glise et sp\u00e9cialement cette session, est tr\u00e8s importante.\u00a0 Transform\u00e9 en Christ signifie pour nous d&rsquo;accorder la premi\u00e8re place \u00e0 J\u00e9sus dans nos vies et dans notre mani\u00e8re de faire les choses.\u00a0 Il signifie que chaque jour nous devons avoir la certitude qu&rsquo;Il est celui qui gouverne nos pens\u00e9es et nos actions.<\/p>\n<p>Question:\u00a0 D&rsquo;apr\u00e8s vous, comment ce th\u00e8me va-t-il affecter la direction de l&rsquo;\u00e9glise de la DIA au cours du prochain quinquennat?<\/p>\n<p>Pasteur LEITO: Il n&rsquo;y a pas de limite aux possibilit\u00e9s d&rsquo;une personne quand le moi est mis de c\u00f4t\u00e9, et que Christ devient le moteur dans tout ce que nous faisons.\u00a0 Si l&rsquo;\u00e9glise\u00a0en Inter-Am\u00e9rique\u00a0continue de permettre au Christ d&rsquo;\u00eatre la force motrice, il n&rsquo;y a pas de limite \u00e0 ce que nous pouvons faire.\u00a0 Je m&rsquo;attends \u00e0 un grand renouveau, l\u00e0 o\u00f9 la vie\u00a0en Christ et pour Christ effacera tout ce qui g\u00eane\u00a0le travail de Dieu.\u00a0 Ce (prochain) quinquennat\u00a0promet d&rsquo;\u00eatre un de tr\u00e8s sp\u00e9cial.<\/p>\n<p>Question:\u00a0 La DIA a \u00e9t\u00e9 \u00e0 l&rsquo;avant-garde de la croissance de l&rsquo;\u00e9glise au cours des 20 derni\u00e8res ann\u00e9es.\u00a0 Au cours de l&rsquo;ann\u00e9e 200, le nombre des membres \u00e9tait de 2 millions.\u00a0 Cette ann\u00e9e,\u00a0LA DIA a d\u00e9pass\u00e9 la limite de 2.5 millions. Y a-t-il un but envisag\u00e9\u00a0pour atteindre 3 millions de\u00a0 membres en 2010?<\/p>\n<p>Pasteur LEITO:\u00a0 Certainement,\u00a0 la conclusion de notre rapport \u00e0 la Conf\u00e9rence G\u00e9n\u00e9rale sera une invitation pour que l&rsquo;\u00e9glise mondiale vienne c\u00e9l\u00e9brer avec nous en 2010 quand nous serons certains d&rsquo;avoir d\u00e9pass\u00e9 la limite des 3 millions de membres.<\/p>\n<p>Question:\u00a0 Comment a-t-il a \u00e9t\u00e9 possible pour la DIA\u00a0de maintenir cette croissance constante dans un monde changeant?<\/p>\n<p>La DIA a une approche diversifi\u00e9e\u00a0pour gagner les \u00e2mes.\u00a0\u00a0Nous laissons chaque union choisir et faire ce qui lui convient le mieux.\u00a0 Nous sommes toujours en qu\u00eate de nouvelles id\u00e9es et\u00a0 de m\u00e9thodes\u00a0de travail, nous instruisant des autres et constamment \u00e0 la recherche et \u00e0 l&rsquo;application\u00a0de nouvelles id\u00e9es et m\u00e9thodes pour r\u00e9pondre au monde changeant.\u00a0 La stagnation et l&rsquo;attachement \u00e0 ce qui a r\u00e9ussi par le pass\u00e9 sont de s\u00fbrs moyens de regresser et de rester en arri\u00e8re.\u00a0 Par la gr\u00e2ce de Dieu, nous voulons \u00e9viter le pi\u00e8ge de comp\u00e9tence, et ne pas nous reposer sur nos succ\u00e8s pass\u00e9s, mais toujours nous efforcer \u00e0 faire davantage et mieux.<\/p>\n<p>Question:\u00a0\u00a0L&rsquo;\u00e9glise mondiale met\u00a0beaucoup d&#8217;emphase sur la fa\u00e7on dont nous Adventistes des diff\u00e9rentes\u00a0divisions mondiales devons nous adresser aux diff\u00e9rents d\u00e9fis pour former et maintenir la croissance des membres d&rsquo;\u00e9glise.\u00a0 Comment la DIA se pr\u00e9pare-t-elle \u00e0 former et maintenir ses 2.5 millions de membres et plus?\u00a0<\/p>\n<p>L&rsquo;Inter-Am\u00e9rique s&rsquo;est pench\u00e9e sur ce probl\u00e8me au d\u00e9but du quinquennat pass\u00e9, plus que par le pass\u00e9.\u00a0 \u00a0Ajout\u00e9 \u00e0 la croissance, notre plan strat\u00e9gique fait appel \u00e0 la consolidation de nos gains.\u00a0 La Division a fait des progr\u00e8s remarquables dans le maintien de ses membres.\u00a0 Notre taux de maintien s&rsquo;est am\u00e9lior\u00e9 par rapport au quinquennat pass\u00e9, de 97.9 \u00e0 98.35 du total des membres.\u00a0 Ceci a \u00e9t\u00e9 la raison de notre cro\u00eessance de 660.962 par rapport au quinquennat pass\u00e9.\u00a0 Au cours du dernier quinquennat l&rsquo;Eternel nous a aid\u00e9 \u00e0 retenir 72.60% des personnes\u00a0 baptis\u00e9es.\u00a0 Ce quinquennat a aussi exp\u00e9riment\u00e9 un grand changement sur ce point,\u00a0d&rsquo;o\u00f9 76% des baptis\u00e9s ont gard\u00e9 la foi.\u00a0 Nous esp\u00e9rons\u00a0les garder tous et continuerons \u00e0 travailler pour changer ce taux.<\/p>\n<p>Question:\u00a0 Il y a une question qui doit \u00eatre soumise \u00e0 la Conf\u00e9rence G\u00e9n\u00e9rale concernant la r\u00e9duction du personnel\u00a0 de l&rsquo;\u00e9glise mondiale et des r\u00e9gions locales et r\u00e9organiser leur territoire.\u00a0 Comment cela va-t-il affecter l&rsquo;Inter-Am\u00e9rique?<\/p>\n<p>Pasteur LEITO:\u00a0 Je ne m&rsquo;attends \u00e0 aucune r\u00e9duction au\u00a0 niveau de la Conf\u00e9rence G\u00e9n\u00e9rale pour le moment.\u00a0 La DIA ne s&rsquo;attend pas non plus \u00e0 une r\u00e9duction.\u00a0 Avec la croissance nous gardons notre effectif, nous ne pouvons faire le travail avec moins de personnes.\u00a0 Les Unions seront restructur\u00e9es pour mieux servir l&rsquo;oeuvre.\u00a0 Presque toutes nos unions ont en quelque sorte op\u00e9r\u00e9 des r\u00e9organisations dans leurs territoires.\u00a0 Nous continuerons \u00e0 mieux renseigner les membres concernant ce sujet.<\/p>\n<p>Question:\u00a0 Quelle vision avez-vous pour la DIA au cours des cinq prochaines ann\u00e9es et apr\u00e8s?<\/p>\n<p>Pasteur LEITO:\u00a0 Nous nous attendons \u00e0 atteindre 3 millions de membres,\u00a0nous voulons voir l&rsquo;Eglise Adventiste du Septi\u00e8me Jour sur toutes les art\u00e8res principales de la DIA.\u00a0 Nous voulons voir plus de 20.000 colporteurs aller de porte en porte avec le message, nous voulons voir plus d&rsquo;\u00e9coles o\u00f9 les enfants des membres d&rsquo;\u00e9glise\u00a0pourront recevoir une solide \u00e9ducation chr\u00e9tienne.\u00a0 Nous voulons que les jeunes de cette \u00e9glise sachent que c&rsquo;est leur \u00e9glise\u00a0et que l&rsquo;\u00e9glise a urgemment besoin d&rsquo;eux pour diriger l&rsquo;\u00e9glise et s&rsquo;entendre pour se mettre \u00e0 la t\u00e2che.\u00a0 Ceci, ils l&rsquo;ont fait par le pass\u00e9, mais nous ne voulons pas\u00a0que l&rsquo;\u00e9glise vieillisse, nous voulons qu&rsquo;elle soit vigoureuse et forte, et ceci ne peut \u00eatre r\u00e9alis\u00e9 qu&rsquo;avec la participation des jeunes.\u00a0 Nous voulons avoir un\u00a0personnel enseignant consacr\u00e9 au niveau de toutes nos universit\u00e9s, et par dessus tout, nous voulons que nos dirigeants dirigent par l&rsquo;exemple.<\/p>\n<p>Pour plus d&rsquo;informations sur les derni\u00e8res nouvelles concernant la session et les d\u00e9cisions affectant la Division Inter-Am\u00e9ricaine, visitez\u00a0 www.interamerica.org\u00a0\u00a0\u00a0\u00a0\u00a0\u00a0\u00a0\u00a0\u00a0\u00a0\u00a0\u00a0 <\/p>\n<p>\u00a0\u00a0<\/p>\n<p>\u00a0\u00a0\u00a0\u00a0<\/p>\n<p>\u00a0\u00a0\u00a0<\/p>\n<p>\u00a0\u00a0<\/p>\n<p>\u00a0\u00a0<\/p>\n<p>\u00a0\u00a0\u00a0\u00a0<\/p>\n","protected":false},"excerpt":{"rendered":"<p>Dans quelques jours, des milliers d&rsquo;Adventistes du Septi\u00e8me jour se joindront \u00e0 la d\u00e9l\u00e9gation de l&rsquo;\u00e9glise\u00a0mondiale pour sa r\u00e9union d&rsquo;affaires \u00e0 St. Louis, Missouri, aux Etats-Unis, \u00e0 l&rsquo;occasion de la 58\u00e8me Session Qinque<\/p>\n","protected":false},"author":1,"featured_media":0,"comment_status":"closed","ping_status":"closed","sticky":false,"template":"","format":"standard","meta":{"_acf_changed":false,"footnotes":""},"categories":[9],"tags":[],"class_list":["post-12371","post","type-post","status-publish","format-standard","hentry","category-archive-fr"],"acf":[],"yoast_head":"<!-- This site is optimized with the Yoast SEO plugin v27.3 - https:\/\/yoast.com\/product\/yoast-seo-wordpress\/ -->\n<title>Le Pr\u00e9sident de la DIA\u00a0R\u00e9pond aux Questions Concernant la Session et son Impact sur l&#039;Eglise dans l&#039;Inter-Am\u00e9rique - \u00c9glise Adventiste Du Septieme Jour - Inter Am\u00e9rique Division<\/title>\n<meta name=\"robots\" content=\"index, follow, max-snippet:-1, max-image-preview:large, max-video-preview:-1\" \/>\n<link rel=\"canonical\" href=\"https:\/\/interamerica.org\/fr\/2005\/06\/le-president-de-la-dia-repond-aux-questions-concernant-la-session-et-son-impact-sur-leglise-dans-linter-amerique\/\" \/>\n<meta property=\"og:locale\" content=\"fr_FR\" \/>\n<meta property=\"og:type\" content=\"article\" \/>\n<meta property=\"og:title\" content=\"Le Pr\u00e9sident de la DIA\u00a0R\u00e9pond aux Questions Concernant la Session et son Impact sur l&#039;Eglise dans l&#039;Inter-Am\u00e9rique - \u00c9glise Adventiste Du Septieme Jour - Inter Am\u00e9rique Division\" \/>\n<meta property=\"og:description\" content=\"Dans quelques jours, des milliers d&#039;Adventistes du Septi\u00e8me jour se joindront \u00e0 la d\u00e9l\u00e9gation de l&#039;\u00e9glise\u00a0mondiale pour sa r\u00e9union d&#039;affaires \u00e0 St. Louis, Missouri, aux Etats-Unis, \u00e0 l&#039;occasion de la 58\u00e8me Session Qinque\" \/>\n<meta property=\"og:url\" content=\"https:\/\/interamerica.org\/fr\/2005\/06\/le-president-de-la-dia-repond-aux-questions-concernant-la-session-et-son-impact-sur-leglise-dans-linter-amerique\/\" \/>\n<meta property=\"og:site_name\" content=\"\u00c9glise Adventiste Du Septieme Jour - Inter Am\u00e9rique Division\" \/>\n<meta property=\"article:published_time\" content=\"2005-06-26T04:00:00+00:00\" \/>\n<meta property=\"article:modified_time\" content=\"2017-06-02T17:19:15+00:00\" \/>\n<meta name=\"author\" content=\"Lorenzo Verduzco\" \/>\n<meta name=\"twitter:card\" content=\"summary_large_image\" \/>\n<meta name=\"twitter:label1\" content=\"\u00c9crit par\" \/>\n\t<meta name=\"twitter:data1\" content=\"Lorenzo Verduzco\" \/>\n\t<meta name=\"twitter:label2\" content=\"Dur\u00e9e de lecture estim\u00e9e\" \/>\n\t<meta name=\"twitter:data2\" content=\"7 minutes\" \/>\n<script type=\"application\/ld+json\" class=\"yoast-schema-graph\">{\"@context\":\"https:\\\/\\\/schema.org\",\"@graph\":[{\"@type\":\"Article\",\"@id\":\"https:\\\/\\\/interamerica.org\\\/fr\\\/2005\\\/06\\\/le-president-de-la-dia-repond-aux-questions-concernant-la-session-et-son-impact-sur-leglise-dans-linter-amerique\\\/#article\",\"isPartOf\":{\"@id\":\"https:\\\/\\\/interamerica.org\\\/fr\\\/2005\\\/06\\\/le-president-de-la-dia-repond-aux-questions-concernant-la-session-et-son-impact-sur-leglise-dans-linter-amerique\\\/\"},\"author\":{\"name\":\"Lorenzo Verduzco\",\"@id\":\"https:\\\/\\\/interamerica.org\\\/fr\\\/#\\\/schema\\\/person\\\/68ede8bdc292885bb76c1e3810e73c39\"},\"headline\":\"Le Pr\u00e9sident de la DIA\u00a0R\u00e9pond aux Questions Concernant la Session et son Impact sur l&rsquo;Eglise dans l&rsquo;Inter-Am\u00e9rique\",\"datePublished\":\"2005-06-26T04:00:00+00:00\",\"dateModified\":\"2017-06-02T17:19:15+00:00\",\"mainEntityOfPage\":{\"@id\":\"https:\\\/\\\/interamerica.org\\\/fr\\\/2005\\\/06\\\/le-president-de-la-dia-repond-aux-questions-concernant-la-session-et-son-impact-sur-leglise-dans-linter-amerique\\\/\"},\"wordCount\":1440,\"articleSection\":[\"Archive\"],\"inLanguage\":\"fr-FR\"},{\"@type\":\"WebPage\",\"@id\":\"https:\\\/\\\/interamerica.org\\\/fr\\\/2005\\\/06\\\/le-president-de-la-dia-repond-aux-questions-concernant-la-session-et-son-impact-sur-leglise-dans-linter-amerique\\\/\",\"url\":\"https:\\\/\\\/interamerica.org\\\/fr\\\/2005\\\/06\\\/le-president-de-la-dia-repond-aux-questions-concernant-la-session-et-son-impact-sur-leglise-dans-linter-amerique\\\/\",\"name\":\"Le Pr\u00e9sident de la DIA\u00a0R\u00e9pond aux Questions Concernant la Session et son Impact sur l'Eglise dans l'Inter-Am\u00e9rique - \u00c9glise Adventiste Du Septieme Jour - Inter Am\u00e9rique Division\",\"isPartOf\":{\"@id\":\"https:\\\/\\\/interamerica.org\\\/fr\\\/#website\"},\"datePublished\":\"2005-06-26T04:00:00+00:00\",\"dateModified\":\"2017-06-02T17:19:15+00:00\",\"author\":{\"@id\":\"https:\\\/\\\/interamerica.org\\\/fr\\\/#\\\/schema\\\/person\\\/68ede8bdc292885bb76c1e3810e73c39\"},\"breadcrumb\":{\"@id\":\"https:\\\/\\\/interamerica.org\\\/fr\\\/2005\\\/06\\\/le-president-de-la-dia-repond-aux-questions-concernant-la-session-et-son-impact-sur-leglise-dans-linter-amerique\\\/#breadcrumb\"},\"inLanguage\":\"fr-FR\",\"potentialAction\":[{\"@type\":\"ReadAction\",\"target\":[\"https:\\\/\\\/interamerica.org\\\/fr\\\/2005\\\/06\\\/le-president-de-la-dia-repond-aux-questions-concernant-la-session-et-son-impact-sur-leglise-dans-linter-amerique\\\/\"]}]},{\"@type\":\"BreadcrumbList\",\"@id\":\"https:\\\/\\\/interamerica.org\\\/fr\\\/2005\\\/06\\\/le-president-de-la-dia-repond-aux-questions-concernant-la-session-et-son-impact-sur-leglise-dans-linter-amerique\\\/#breadcrumb\",\"itemListElement\":[{\"@type\":\"ListItem\",\"position\":1,\"name\":\"Home\",\"item\":\"https:\\\/\\\/interamerica.org\\\/fr\\\/\"},{\"@type\":\"ListItem\",\"position\":2,\"name\":\"Le Pr\u00e9sident de la DIA\u00a0R\u00e9pond aux Questions Concernant la Session et son Impact sur l&rsquo;Eglise dans l&rsquo;Inter-Am\u00e9rique\"}]},{\"@type\":\"WebSite\",\"@id\":\"https:\\\/\\\/interamerica.org\\\/fr\\\/#website\",\"url\":\"https:\\\/\\\/interamerica.org\\\/fr\\\/\",\"name\":\"\u00c9glise Adventiste Du Septieme Jour - Inter Am\u00e9rique Division\",\"description\":\"\",\"potentialAction\":[{\"@type\":\"SearchAction\",\"target\":{\"@type\":\"EntryPoint\",\"urlTemplate\":\"https:\\\/\\\/interamerica.org\\\/fr\\\/?s={search_term_string}\"},\"query-input\":{\"@type\":\"PropertyValueSpecification\",\"valueRequired\":true,\"valueName\":\"search_term_string\"}}],\"inLanguage\":\"fr-FR\"},{\"@type\":\"Person\",\"@id\":\"https:\\\/\\\/interamerica.org\\\/fr\\\/#\\\/schema\\\/person\\\/68ede8bdc292885bb76c1e3810e73c39\",\"name\":\"Lorenzo Verduzco\",\"image\":{\"@type\":\"ImageObject\",\"inLanguage\":\"fr-FR\",\"@id\":\"https:\\\/\\\/secure.gravatar.com\\\/avatar\\\/fb81a55b6218459490a9c1dc841a34909185b81904c5337b4b27f7a6fd60c49e?s=96&d=mm&r=g\",\"url\":\"https:\\\/\\\/secure.gravatar.com\\\/avatar\\\/fb81a55b6218459490a9c1dc841a34909185b81904c5337b4b27f7a6fd60c49e?s=96&d=mm&r=g\",\"contentUrl\":\"https:\\\/\\\/secure.gravatar.com\\\/avatar\\\/fb81a55b6218459490a9c1dc841a34909185b81904c5337b4b27f7a6fd60c49e?s=96&d=mm&r=g\",\"caption\":\"Lorenzo Verduzco\"}}]}<\/script>\n<!-- \/ Yoast SEO plugin. -->","yoast_head_json":{"title":"Le Pr\u00e9sident de la DIA\u00a0R\u00e9pond aux Questions Concernant la Session et son Impact sur l'Eglise dans l'Inter-Am\u00e9rique - \u00c9glise Adventiste Du Septieme Jour - Inter Am\u00e9rique Division","robots":{"index":"index","follow":"follow","max-snippet":"max-snippet:-1","max-image-preview":"max-image-preview:large","max-video-preview":"max-video-preview:-1"},"canonical":"https:\/\/interamerica.org\/fr\/2005\/06\/le-president-de-la-dia-repond-aux-questions-concernant-la-session-et-son-impact-sur-leglise-dans-linter-amerique\/","og_locale":"fr_FR","og_type":"article","og_title":"Le Pr\u00e9sident de la DIA\u00a0R\u00e9pond aux Questions Concernant la Session et son Impact sur l'Eglise dans l'Inter-Am\u00e9rique - \u00c9glise Adventiste Du Septieme Jour - Inter Am\u00e9rique Division","og_description":"Dans quelques jours, des milliers d'Adventistes du Septi\u00e8me jour se joindront \u00e0 la d\u00e9l\u00e9gation de l'\u00e9glise\u00a0mondiale pour sa r\u00e9union d'affaires \u00e0 St. Louis, Missouri, aux Etats-Unis, \u00e0 l'occasion de la 58\u00e8me Session Qinque","og_url":"https:\/\/interamerica.org\/fr\/2005\/06\/le-president-de-la-dia-repond-aux-questions-concernant-la-session-et-son-impact-sur-leglise-dans-linter-amerique\/","og_site_name":"\u00c9glise Adventiste Du Septieme Jour - Inter Am\u00e9rique Division","article_published_time":"2005-06-26T04:00:00+00:00","article_modified_time":"2017-06-02T17:19:15+00:00","author":"Lorenzo Verduzco","twitter_card":"summary_large_image","twitter_misc":{"\u00c9crit par":"Lorenzo Verduzco","Dur\u00e9e de lecture estim\u00e9e":"7 minutes"},"schema":{"@context":"https:\/\/schema.org","@graph":[{"@type":"Article","@id":"https:\/\/interamerica.org\/fr\/2005\/06\/le-president-de-la-dia-repond-aux-questions-concernant-la-session-et-son-impact-sur-leglise-dans-linter-amerique\/#article","isPartOf":{"@id":"https:\/\/interamerica.org\/fr\/2005\/06\/le-president-de-la-dia-repond-aux-questions-concernant-la-session-et-son-impact-sur-leglise-dans-linter-amerique\/"},"author":{"name":"Lorenzo Verduzco","@id":"https:\/\/interamerica.org\/fr\/#\/schema\/person\/68ede8bdc292885bb76c1e3810e73c39"},"headline":"Le Pr\u00e9sident de la DIA\u00a0R\u00e9pond aux Questions Concernant la Session et son Impact sur l&rsquo;Eglise dans l&rsquo;Inter-Am\u00e9rique","datePublished":"2005-06-26T04:00:00+00:00","dateModified":"2017-06-02T17:19:15+00:00","mainEntityOfPage":{"@id":"https:\/\/interamerica.org\/fr\/2005\/06\/le-president-de-la-dia-repond-aux-questions-concernant-la-session-et-son-impact-sur-leglise-dans-linter-amerique\/"},"wordCount":1440,"articleSection":["Archive"],"inLanguage":"fr-FR"},{"@type":"WebPage","@id":"https:\/\/interamerica.org\/fr\/2005\/06\/le-president-de-la-dia-repond-aux-questions-concernant-la-session-et-son-impact-sur-leglise-dans-linter-amerique\/","url":"https:\/\/interamerica.org\/fr\/2005\/06\/le-president-de-la-dia-repond-aux-questions-concernant-la-session-et-son-impact-sur-leglise-dans-linter-amerique\/","name":"Le Pr\u00e9sident de la DIA\u00a0R\u00e9pond aux Questions Concernant la Session et son Impact sur l'Eglise dans l'Inter-Am\u00e9rique - \u00c9glise Adventiste Du Septieme Jour - Inter Am\u00e9rique Division","isPartOf":{"@id":"https:\/\/interamerica.org\/fr\/#website"},"datePublished":"2005-06-26T04:00:00+00:00","dateModified":"2017-06-02T17:19:15+00:00","author":{"@id":"https:\/\/interamerica.org\/fr\/#\/schema\/person\/68ede8bdc292885bb76c1e3810e73c39"},"breadcrumb":{"@id":"https:\/\/interamerica.org\/fr\/2005\/06\/le-president-de-la-dia-repond-aux-questions-concernant-la-session-et-son-impact-sur-leglise-dans-linter-amerique\/#breadcrumb"},"inLanguage":"fr-FR","potentialAction":[{"@type":"ReadAction","target":["https:\/\/interamerica.org\/fr\/2005\/06\/le-president-de-la-dia-repond-aux-questions-concernant-la-session-et-son-impact-sur-leglise-dans-linter-amerique\/"]}]},{"@type":"BreadcrumbList","@id":"https:\/\/interamerica.org\/fr\/2005\/06\/le-president-de-la-dia-repond-aux-questions-concernant-la-session-et-son-impact-sur-leglise-dans-linter-amerique\/#breadcrumb","itemListElement":[{"@type":"ListItem","position":1,"name":"Home","item":"https:\/\/interamerica.org\/fr\/"},{"@type":"ListItem","position":2,"name":"Le Pr\u00e9sident de la DIA\u00a0R\u00e9pond aux Questions Concernant la Session et son Impact sur l&rsquo;Eglise dans l&rsquo;Inter-Am\u00e9rique"}]},{"@type":"WebSite","@id":"https:\/\/interamerica.org\/fr\/#website","url":"https:\/\/interamerica.org\/fr\/","name":"\u00c9glise Adventiste Du Septieme Jour - Inter Am\u00e9rique Division","description":"","potentialAction":[{"@type":"SearchAction","target":{"@type":"EntryPoint","urlTemplate":"https:\/\/interamerica.org\/fr\/?s={search_term_string}"},"query-input":{"@type":"PropertyValueSpecification","valueRequired":true,"valueName":"search_term_string"}}],"inLanguage":"fr-FR"},{"@type":"Person","@id":"https:\/\/interamerica.org\/fr\/#\/schema\/person\/68ede8bdc292885bb76c1e3810e73c39","name":"Lorenzo Verduzco","image":{"@type":"ImageObject","inLanguage":"fr-FR","@id":"https:\/\/secure.gravatar.com\/avatar\/fb81a55b6218459490a9c1dc841a34909185b81904c5337b4b27f7a6fd60c49e?s=96&d=mm&r=g","url":"https:\/\/secure.gravatar.com\/avatar\/fb81a55b6218459490a9c1dc841a34909185b81904c5337b4b27f7a6fd60c49e?s=96&d=mm&r=g","contentUrl":"https:\/\/secure.gravatar.com\/avatar\/fb81a55b6218459490a9c1dc841a34909185b81904c5337b4b27f7a6fd60c49e?s=96&d=mm&r=g","caption":"Lorenzo Verduzco"}}]}},"_links":{"self":[{"href":"https:\/\/interamerica.org\/fr\/wp-json\/wp\/v2\/posts\/12371","targetHints":{"allow":["GET"]}}],"collection":[{"href":"https:\/\/interamerica.org\/fr\/wp-json\/wp\/v2\/posts"}],"about":[{"href":"https:\/\/interamerica.org\/fr\/wp-json\/wp\/v2\/types\/post"}],"author":[{"embeddable":true,"href":"https:\/\/interamerica.org\/fr\/wp-json\/wp\/v2\/users\/1"}],"replies":[{"embeddable":true,"href":"https:\/\/interamerica.org\/fr\/wp-json\/wp\/v2\/comments?post=12371"}],"version-history":[{"count":0,"href":"https:\/\/interamerica.org\/fr\/wp-json\/wp\/v2\/posts\/12371\/revisions"}],"wp:attachment":[{"href":"https:\/\/interamerica.org\/fr\/wp-json\/wp\/v2\/media?parent=12371"}],"wp:term":[{"taxonomy":"category","embeddable":true,"href":"https:\/\/interamerica.org\/fr\/wp-json\/wp\/v2\/categories?post=12371"},{"taxonomy":"post_tag","embeddable":true,"href":"https:\/\/interamerica.org\/fr\/wp-json\/wp\/v2\/tags?post=12371"}],"curies":[{"name":"wp","href":"https:\/\/api.w.org\/{rel}","templated":true}]}}