{"id":123710,"date":"2025-01-08T12:09:01","date_gmt":"2025-01-08T17:09:01","guid":{"rendered":"https:\/\/interamerica.org\/?p=123710"},"modified":"2025-01-13T15:13:52","modified_gmt":"2025-01-13T20:13:52","slug":"un-ancien-dune-eglise-adventiste-locale-tue-tragiquement-la-veille-du-nouvel-an-a-trinidad","status":"publish","type":"post","link":"https:\/\/interamerica.org\/fr\/2025\/01\/un-ancien-dune-eglise-adventiste-locale-tue-tragiquement-la-veille-du-nouvel-an-a-trinidad\/","title":{"rendered":"Un ancien d\u2019une \u00e9glise adventiste locale tu\u00e9 tragiquement la veille du Nouvel An \u00e0 Trinidad"},"content":{"rendered":"<p><em>Randall Hector \u00e9tait un dirigeant d\u00e9vou\u00e9, disent les dirigeants de l\u2019\u00e9glise r\u00e9gionale et les membres de l\u2019\u00e9glise locale. <\/em><\/p>\n<p>9 Janvier 2025 | Port of Spain, Trinidad | Royston Philbert, personnel de la CARU et \u00c9quipe de presse de la DIA<\/p>\n<p>Les adventistes du septi\u00e8me jour dans la F\u00e9d\u00e9ration du Sud de la Cara\u00efbe (SCC) pleurent la perte tragique d\u2019un ancien d\u2019\u00e9glise locale qui a \u00e9t\u00e9 tu\u00e9 devant l\u2019\u00e9glise adventiste du septi\u00e8me jour de Stanmore Avenue \u00e0 Port of Spain, \u00e0 Trinidad. L\u2019incident a eu lieu le 31 d\u00e9cembre 2024, peu apr\u00e8s la fin du service de la veille du Nouvel An organis\u00e9 par l\u2019\u00e9glise.<\/p>\n<p>Randall Hector, 43 ans, a \u00e9t\u00e9 tu\u00e9 dans une embuscade en voiture \u00e0 l\u2019ext\u00e9rieur de l\u2019\u00e9glise devant sa femme et ses enfants. Selon les m\u00e9dias, Randall Hector quittait l\u2019\u00e9glise et se dirigeait vers sa voiture gar\u00e9e sur Stanmore Avenue lorsque deux v\u00e9hicules se sont arr\u00eat\u00e9s \u00e0 c\u00f4t\u00e9 de lui. Des t\u00e9moins ont d\u00e9clar\u00e9 avoir entendu plusieurs coups de feu. Randall Hector, touch\u00e9 \u00e0 la poitrine \u00e0 plusieurs reprises, a \u00e9t\u00e9 transport\u00e9 \u00e0 l\u2019H\u00f4pital G\u00e9n\u00e9ral de Port of Spain, o\u00f9 il a \u00e9t\u00e9 d\u00e9clar\u00e9 mort.<\/p>\n<p>\u00ab L\u2019\u00c9glise adventiste du septi\u00e8me jour \u00e0 Trinidad-et-Tobago et toute l\u2019Union Carib\u00e9enne sont attrist\u00e9es par la perte tragique d\u2019un membre innocent et incroyable, le fr\u00e8re Randall Hector, \u00bb a d\u00e9clar\u00e9 le pr\u00e9sident de l\u2019Union Carib\u00e9enne, le pasteur Kern Tobias. \u00ab Son service \u00e0 l\u2019\u00e9glise, pour le pays et dans sa famille a \u00e9t\u00e9 remarquable. \u00bb<\/p>\n<p><div id=\"attachment_123639\" style=\"width: 518px\" class=\"wp-caption aligncenter\"><img fetchpriority=\"high\" decoding=\"async\" aria-describedby=\"caption-attachment-123639\" class=\"wp-image-123638\" src=\"https:\/\/interamerica.org\/wp-content\/uploads\/2025\/01\/caru-scc-randall-hector-portrait-898x1024.jpg\" alt=\"\" width=\"508\" height=\"580\" srcset=\"https:\/\/interamerica.org\/wp-content\/uploads\/2025\/01\/caru-scc-randall-hector-portrait-898x1024.jpg 898w, https:\/\/interamerica.org\/wp-content\/uploads\/2025\/01\/caru-scc-randall-hector-portrait-263x300.jpg 263w, https:\/\/interamerica.org\/wp-content\/uploads\/2025\/01\/caru-scc-randall-hector-portrait-768x876.jpg 768w, https:\/\/interamerica.org\/wp-content\/uploads\/2025\/01\/caru-scc-randall-hector-portrait-1347x1536.jpg 1347w, https:\/\/interamerica.org\/wp-content\/uploads\/2025\/01\/caru-scc-randall-hector-portrait-1796x2048.jpg 1796w\" sizes=\"(max-width: 508px) 100vw, 508px\" \/><p id=\"caption-attachment-123639\" class=\"wp-caption-text\">Randall Hector [Photo: SCC Media\/DIA]<\/p><\/div><strong>Un dirigeant d\u00e9vou\u00e9<\/strong><\/p>\n<p>Les dirigeants r\u00e9gionaux de l\u2019\u00e9glise ainsi que les membres d\u2019\u00e9glise ont d\u00e9clar\u00e9 que Randall Hector \u00e9tait un dirigeant d\u00e9vou\u00e9 au sein de la communaut\u00e9 adventiste. Il \u00e9tait membre du Comit\u00e9 Ex\u00e9cutif de la F\u00e9d\u00e9ration du Sud de la Cara\u00efbe et apportait un accompagnement Juridique \u00e0 la fois \u00e0 la SCC et \u00e0 l\u2019Union de F\u00e9d\u00e9rations Carib\u00e9enne (CARU). Randall Hector \u00e9tait \u00e9galement membre du Comit\u00e9 Ex\u00e9cutif de l\u2019Association Carib\u00e9enne de Libert\u00e9 Religieuse (CARLA) et a \u00e9t\u00e9 un intervenant invit\u00e9 lors de congr\u00e8s r\u00e9gionaux dans la Cara\u00efbe pendant plus de dix ans. De plus, il a \u00e9t\u00e9 avocat pour la Mission de Tobago et membre des conseils d\u2019administration de l\u2019\u00c9cole Secondaire du Caribbean Union College et de l\u2019\u00c9cole Primaire Adventiste du septi\u00e8me jour de Port of Spain.<\/p>\n<p>\u00ab Il \u00e9tait pleinement ancr\u00e9 dans la vie de l\u2019\u00e9glise, \u00bb a d\u00e9clar\u00e9 le pr\u00e9sident de la SCC, pasteur Leslie Moses.<\/p>\n<p>Dr Clive Dottin, directeur des Affaires Publiques et de la Libert\u00e9 Religieuse de la CARU, a d\u00e9clar\u00e9 : \u00ab Randall Hector a servi avec int\u00e9grit\u00e9, passion et un engagement \u00e0 faire preuve d\u2019\u00e9quit\u00e9. Il croyait en la justice et cherchait \u00e0 honorer Dieu, son \u00e9glise et sa famille. \u00bb<\/p>\n<p>Pasteur David Holder, secr\u00e9taire de l\u2019association pastorale \u00e0 la SCC et ancien pasteur de Randall Hector, l\u2019a d\u00e9crit comme un serviteur fid\u00e8le. \u00ab Bien qu\u2019il ait \u00e9t\u00e9 tr\u00e8s estim\u00e9 dans la fraternit\u00e9 juridique, il est rest\u00e9 humble dans ses relations avec tout le monde. Nous sommes profond\u00e9ment attrist\u00e9s par cet acte honteux, mais confiants dans la faveur de Dieu envers lui, \u00bb a d\u00e9clar\u00e9 pasteur Holder.<\/p>\n<p>\u00ab Dieu ne nous a pas oubli\u00e9s, \u00bb a d\u00e9clar\u00e9 pasteur Moses dans un message adress\u00e9 \u00e0 l\u2019\u00e9glise. \u00ab Ce qui s\u2019est pass\u00e9 sera jug\u00e9 par Dieu en son temps. \u00bb<\/p>\n<p>Pasteur Moses a d\u00e9clar\u00e9 le sabbat 4 janvier 2025 un jour de pri\u00e8re pour la nation. \u00ab Nous prierons pour notre pays et demanderons \u00e0 Dieu d\u2019apporter un changement dans notre nation, \u00bb a-t-il d\u00e9clar\u00e9. Il a exhort\u00e9 les membres \u00e0 prier pour la famille de Randall Hector, y compris sa femme, ses enfants, ses parents et sa s\u0153ur.<\/p>\n<p>Clive Dottin, qui a accompagn\u00e9 la famille de Randall Hector, a soulign\u00e9 la foi de sa veuve, Adenike. \u00ab Elle a dit qu\u2019elle voulait passer toute sa vie avec lui, mais qu\u2019elle \u00e9tait reconnaissante pour les 22 ann\u00e9es qu\u2019elle a pass\u00e9es avec cet homme extraordinaire. Elle remercie Dieu du fait qu\u2019elle et ses enfants aient \u00e9t\u00e9 \u00e9pargn\u00e9s, \u00bb a indiqu\u00e9 Dr Dottin.<\/p>\n<p><strong>Augmentation de la Violence<\/strong><\/p>\n<p>Le meurtre a marqu\u00e9 un sombre jalon, portant le nombre d\u2019homicides \u00e0 Trinidad-et-Tobago \u00e0 624 pour 2024. En r\u00e9ponse \u00e0 une recrudescence de la violence des gangs, le gouvernement de Trinidad-et-Tobago a mis en place l\u2019\u00e9tat d\u2019urgence, accordant \u00e0 la police des pouvoirs suppl\u00e9mentaires pour freiner les meurtres de repr\u00e9sailles et autres activit\u00e9s li\u00e9es aux gangs.<\/p>\n<p>L\u2019assassinat a laiss\u00e9 les membres et les dirigeants adventistes de tout le territoire sous le choc. Le secr\u00e9taire ex\u00e9cutif de la CARU, pasteur Johnson Frederick, a d\u00e9clar\u00e9 : \u00ab Mon c\u0153ur saigne pour la perte de notre cher fr\u00e8re et avocat de l\u2019union, Randall Hector. Que Dieu berce la famille dans ses bras forts et \u00e9ternels. \u00bb<\/p>\n<p>Pasteur Tobias a exprim\u00e9 sa pr\u00e9occupation quant \u00e0 la situation. \u00ab Nous sommes dans une grande tristesse, \u00bb a-t-il dit. \u00ab Une jeune famille bris\u00e9e par cet acte insens\u00e9. Nous nous tournons vers J\u00e9sus qui saura r\u00e9soudre le probl\u00e8me et mettre fin un jour \u00e0 cette situation. \u00bb<\/p>\n<p>La violence dans le territoire se propage dans de nouvelles zones, for\u00e7ant les gens \u00e0 vivre dans la peur. Les membres de l\u2019\u00c9glise sont confront\u00e9s \u00e0 la m\u00eame r\u00e9alit\u00e9, ont d\u00e9clar\u00e9 les dirigeants. \u00ab De nombreuses \u00e9glises ont eu recours \u00e0 des services du soir virtuels pour att\u00e9nuer l\u2019exposition \u00e0 la violence ext\u00e9rieure, \u00bb a indiqu\u00e9 le directeur de la communication de la SCC, pasteur Eddy Williams.<\/p>\n<p>Malgr\u00e9 les difficult\u00e9s, pasteur Moses a encourag\u00e9 les membres \u00e0 faire confiance \u00e0 Dieu. \u00ab Adorons le Seigneur et tournons-nous vers Lui pour le r\u00e9confort, la consolation et la protection. Prions pour que notre nation ait un soulagement, \u00bb a-t-il d\u00e9clar\u00e9. \u00ab Ayons confiance dans l\u2019assurance que nous avons que Dieu conna\u00eet cette situation et qu\u2019il prendra soin de nous. \u00bb<\/p>\n<p><strong>Venir en aide aux membres<\/strong><\/p>\n<p>Pendant le culte du sabbat 4 janvier, l\u2019administration de la SCC a consacr\u00e9 du temps \u00e0 une intervention, abordant le traumatisme qui avait profond\u00e9ment affect\u00e9 la congr\u00e9gation.<\/p>\n<p>\u00ab Les membres ont \u00e9t\u00e9 invit\u00e9s \u00e0 partager les fardeaux des membres de la famille en deuil et d\u2019exprimer leurs r\u00e9actions personnelles, \u00bb a dit pasteur Brian Defritas. \u00ab La congr\u00e9gation a \u00e9t\u00e9 r\u00e9confort\u00e9e par les principes contenus dans le psaume 11 qui souligne que Dieu voit et connait toutes choses et qu\u2019il a le pouvoir de pr\u00e9server la fondation de son peuple. L\u2019\u00e9glise continuera de proposer une intervention professionnelle et un soutien pour aider la congr\u00e9gation \u00e0 gu\u00e9rir. \u00bb<\/p>\n<p>Les dirigeants de la F\u00e9d\u00e9ration du Sud de la Cara\u00efbe ont exprim\u00e9 leur gratitude pour l\u2019attention exprim\u00e9e par les membres dans le monde entier qui ont offert leurs pri\u00e8res et leur soutien pendant cette p\u00e9riode difficile. \u00bb<\/p>\n<p>La F\u00e9d\u00e9ration du Sud de la Cara\u00efbe, qui fait partie de l\u2019Union Carib\u00e9enne dans la Division Inter Am\u00e9ricaine des adventistes du septi\u00e8me jour supervise 166 congr\u00e9gations et sert 61300 membres dans tout Trinidad.<\/p>\n<p>Traduction: Patrick Luciathe<\/p>\n","protected":false},"excerpt":{"rendered":"<p>Randall Hector \u00e9tait un dirigeant d\u00e9vou\u00e9, disent les dirigeants de l\u2019\u00e9glise r\u00e9gionale et les membres de l\u2019\u00e9glise locale. 9 Janvier 2025 | Port of Spain, Trinidad | Royston Philbert, personnel&#8230;<\/p>\n","protected":false},"author":3,"featured_media":123636,"comment_status":"closed","ping_status":"closed","sticky":false,"template":"","format":"standard","meta":{"_acf_changed":false,"footnotes":""},"categories":[21,19],"tags":[],"class_list":["post-123710","post","type-post","status-publish","format-standard","has-post-thumbnail","hentry","category-nouvelles-du-territoire","category-rss-francais"],"acf":[],"yoast_head":"<!-- This site is optimized with the Yoast SEO plugin v27.3 - https:\/\/yoast.com\/product\/yoast-seo-wordpress\/ -->\n<title>Un ancien d\u2019une \u00e9glise adventiste locale tu\u00e9 tragiquement la veille du Nouvel An \u00e0 Trinidad - \u00c9glise Adventiste Du Septieme Jour - Inter Am\u00e9rique Division<\/title>\n<meta name=\"robots\" content=\"index, follow, max-snippet:-1, max-image-preview:large, max-video-preview:-1\" \/>\n<link rel=\"canonical\" href=\"https:\/\/interamerica.org\/fr\/2025\/01\/un-ancien-dune-eglise-adventiste-locale-tue-tragiquement-la-veille-du-nouvel-an-a-trinidad\/\" \/>\n<meta property=\"og:locale\" content=\"fr_FR\" \/>\n<meta property=\"og:type\" content=\"article\" \/>\n<meta property=\"og:title\" content=\"Un ancien d\u2019une \u00e9glise adventiste locale tu\u00e9 tragiquement la veille du Nouvel An \u00e0 Trinidad - \u00c9glise Adventiste Du Septieme Jour - Inter Am\u00e9rique Division\" \/>\n<meta property=\"og:description\" content=\"Randall Hector \u00e9tait un dirigeant d\u00e9vou\u00e9, disent les dirigeants de l\u2019\u00e9glise r\u00e9gionale et les membres de l\u2019\u00e9glise locale. 9 Janvier 2025 | Port of Spain, Trinidad | Royston Philbert, personnel...\" \/>\n<meta property=\"og:url\" content=\"https:\/\/interamerica.org\/fr\/2025\/01\/un-ancien-dune-eglise-adventiste-locale-tue-tragiquement-la-veille-du-nouvel-an-a-trinidad\/\" \/>\n<meta property=\"og:site_name\" content=\"\u00c9glise Adventiste Du Septieme Jour - Inter Am\u00e9rique Division\" \/>\n<meta property=\"article:published_time\" content=\"2025-01-08T17:09:01+00:00\" \/>\n<meta property=\"article:modified_time\" content=\"2025-01-13T20:13:52+00:00\" \/>\n<meta property=\"og:image\" content=\"https:\/\/interamerica.org\/wp-content\/uploads\/2025\/01\/caru-scc-randall-hector-portrait-small.jpg\" \/>\n\t<meta property=\"og:image:width\" content=\"1000\" \/>\n\t<meta property=\"og:image:height\" content=\"1140\" \/>\n\t<meta property=\"og:image:type\" content=\"image\/jpeg\" \/>\n<meta name=\"author\" content=\"libna\" \/>\n<meta name=\"twitter:card\" content=\"summary_large_image\" \/>\n<meta name=\"twitter:label1\" content=\"\u00c9crit par\" \/>\n\t<meta name=\"twitter:data1\" content=\"libna\" \/>\n\t<meta name=\"twitter:label2\" content=\"Dur\u00e9e de lecture estim\u00e9e\" \/>\n\t<meta name=\"twitter:data2\" content=\"6 minutes\" \/>\n<script type=\"application\/ld+json\" class=\"yoast-schema-graph\">{\"@context\":\"https:\\\/\\\/schema.org\",\"@graph\":[{\"@type\":\"Article\",\"@id\":\"https:\\\/\\\/interamerica.org\\\/fr\\\/2025\\\/01\\\/un-ancien-dune-eglise-adventiste-locale-tue-tragiquement-la-veille-du-nouvel-an-a-trinidad\\\/#article\",\"isPartOf\":{\"@id\":\"https:\\\/\\\/interamerica.org\\\/fr\\\/2025\\\/01\\\/un-ancien-dune-eglise-adventiste-locale-tue-tragiquement-la-veille-du-nouvel-an-a-trinidad\\\/\"},\"author\":{\"name\":\"libna\",\"@id\":\"https:\\\/\\\/interamerica.org\\\/fr\\\/#\\\/schema\\\/person\\\/29998f2bc2d8bd0d38662909289b54f1\"},\"headline\":\"Un ancien d\u2019une \u00e9glise adventiste locale tu\u00e9 tragiquement la veille du Nouvel An \u00e0 Trinidad\",\"datePublished\":\"2025-01-08T17:09:01+00:00\",\"dateModified\":\"2025-01-13T20:13:52+00:00\",\"mainEntityOfPage\":{\"@id\":\"https:\\\/\\\/interamerica.org\\\/fr\\\/2025\\\/01\\\/un-ancien-dune-eglise-adventiste-locale-tue-tragiquement-la-veille-du-nouvel-an-a-trinidad\\\/\"},\"wordCount\":1244,\"image\":{\"@id\":\"https:\\\/\\\/interamerica.org\\\/fr\\\/2025\\\/01\\\/un-ancien-dune-eglise-adventiste-locale-tue-tragiquement-la-veille-du-nouvel-an-a-trinidad\\\/#primaryimage\"},\"thumbnailUrl\":\"https:\\\/\\\/interamerica.org\\\/wp-content\\\/uploads\\\/2025\\\/01\\\/caru-scc-randall-hector-portrait-small.jpg\",\"articleSection\":[\"Nouvelles du territoire\",\"RSS Fran\u00e7ais\"],\"inLanguage\":\"fr-FR\"},{\"@type\":\"WebPage\",\"@id\":\"https:\\\/\\\/interamerica.org\\\/fr\\\/2025\\\/01\\\/un-ancien-dune-eglise-adventiste-locale-tue-tragiquement-la-veille-du-nouvel-an-a-trinidad\\\/\",\"url\":\"https:\\\/\\\/interamerica.org\\\/fr\\\/2025\\\/01\\\/un-ancien-dune-eglise-adventiste-locale-tue-tragiquement-la-veille-du-nouvel-an-a-trinidad\\\/\",\"name\":\"Un ancien d\u2019une \u00e9glise adventiste locale tu\u00e9 tragiquement la veille du Nouvel An \u00e0 Trinidad - \u00c9glise Adventiste Du Septieme Jour - Inter Am\u00e9rique Division\",\"isPartOf\":{\"@id\":\"https:\\\/\\\/interamerica.org\\\/fr\\\/#website\"},\"primaryImageOfPage\":{\"@id\":\"https:\\\/\\\/interamerica.org\\\/fr\\\/2025\\\/01\\\/un-ancien-dune-eglise-adventiste-locale-tue-tragiquement-la-veille-du-nouvel-an-a-trinidad\\\/#primaryimage\"},\"image\":{\"@id\":\"https:\\\/\\\/interamerica.org\\\/fr\\\/2025\\\/01\\\/un-ancien-dune-eglise-adventiste-locale-tue-tragiquement-la-veille-du-nouvel-an-a-trinidad\\\/#primaryimage\"},\"thumbnailUrl\":\"https:\\\/\\\/interamerica.org\\\/wp-content\\\/uploads\\\/2025\\\/01\\\/caru-scc-randall-hector-portrait-small.jpg\",\"datePublished\":\"2025-01-08T17:09:01+00:00\",\"dateModified\":\"2025-01-13T20:13:52+00:00\",\"author\":{\"@id\":\"https:\\\/\\\/interamerica.org\\\/fr\\\/#\\\/schema\\\/person\\\/29998f2bc2d8bd0d38662909289b54f1\"},\"breadcrumb\":{\"@id\":\"https:\\\/\\\/interamerica.org\\\/fr\\\/2025\\\/01\\\/un-ancien-dune-eglise-adventiste-locale-tue-tragiquement-la-veille-du-nouvel-an-a-trinidad\\\/#breadcrumb\"},\"inLanguage\":\"fr-FR\",\"potentialAction\":[{\"@type\":\"ReadAction\",\"target\":[\"https:\\\/\\\/interamerica.org\\\/fr\\\/2025\\\/01\\\/un-ancien-dune-eglise-adventiste-locale-tue-tragiquement-la-veille-du-nouvel-an-a-trinidad\\\/\"]}]},{\"@type\":\"ImageObject\",\"inLanguage\":\"fr-FR\",\"@id\":\"https:\\\/\\\/interamerica.org\\\/fr\\\/2025\\\/01\\\/un-ancien-dune-eglise-adventiste-locale-tue-tragiquement-la-veille-du-nouvel-an-a-trinidad\\\/#primaryimage\",\"url\":\"https:\\\/\\\/interamerica.org\\\/wp-content\\\/uploads\\\/2025\\\/01\\\/caru-scc-randall-hector-portrait-small.jpg\",\"contentUrl\":\"https:\\\/\\\/interamerica.org\\\/wp-content\\\/uploads\\\/2025\\\/01\\\/caru-scc-randall-hector-portrait-small.jpg\",\"width\":1000,\"height\":1140,\"caption\":\"[Photo: SCC Media\\\/IAD]\"},{\"@type\":\"BreadcrumbList\",\"@id\":\"https:\\\/\\\/interamerica.org\\\/fr\\\/2025\\\/01\\\/un-ancien-dune-eglise-adventiste-locale-tue-tragiquement-la-veille-du-nouvel-an-a-trinidad\\\/#breadcrumb\",\"itemListElement\":[{\"@type\":\"ListItem\",\"position\":1,\"name\":\"Home\",\"item\":\"https:\\\/\\\/interamerica.org\\\/fr\\\/\"},{\"@type\":\"ListItem\",\"position\":2,\"name\":\"Un ancien d\u2019une \u00e9glise adventiste locale tu\u00e9 tragiquement la veille du Nouvel An \u00e0 Trinidad\"}]},{\"@type\":\"WebSite\",\"@id\":\"https:\\\/\\\/interamerica.org\\\/fr\\\/#website\",\"url\":\"https:\\\/\\\/interamerica.org\\\/fr\\\/\",\"name\":\"\u00c9glise Adventiste Du Septieme Jour - Inter Am\u00e9rique Division\",\"description\":\"\",\"potentialAction\":[{\"@type\":\"SearchAction\",\"target\":{\"@type\":\"EntryPoint\",\"urlTemplate\":\"https:\\\/\\\/interamerica.org\\\/fr\\\/?s={search_term_string}\"},\"query-input\":{\"@type\":\"PropertyValueSpecification\",\"valueRequired\":true,\"valueName\":\"search_term_string\"}}],\"inLanguage\":\"fr-FR\"},{\"@type\":\"Person\",\"@id\":\"https:\\\/\\\/interamerica.org\\\/fr\\\/#\\\/schema\\\/person\\\/29998f2bc2d8bd0d38662909289b54f1\",\"name\":\"libna\",\"image\":{\"@type\":\"ImageObject\",\"inLanguage\":\"fr-FR\",\"@id\":\"https:\\\/\\\/secure.gravatar.com\\\/avatar\\\/7c5bd30ae4b47a9ba3c856590957fd1d96dc588bf3ac05719d247e126840331f?s=96&d=mm&r=g\",\"url\":\"https:\\\/\\\/secure.gravatar.com\\\/avatar\\\/7c5bd30ae4b47a9ba3c856590957fd1d96dc588bf3ac05719d247e126840331f?s=96&d=mm&r=g\",\"contentUrl\":\"https:\\\/\\\/secure.gravatar.com\\\/avatar\\\/7c5bd30ae4b47a9ba3c856590957fd1d96dc588bf3ac05719d247e126840331f?s=96&d=mm&r=g\",\"caption\":\"libna\"}}]}<\/script>\n<!-- \/ Yoast SEO plugin. -->","yoast_head_json":{"title":"Un ancien d\u2019une \u00e9glise adventiste locale tu\u00e9 tragiquement la veille du Nouvel An \u00e0 Trinidad - \u00c9glise Adventiste Du Septieme Jour - Inter Am\u00e9rique Division","robots":{"index":"index","follow":"follow","max-snippet":"max-snippet:-1","max-image-preview":"max-image-preview:large","max-video-preview":"max-video-preview:-1"},"canonical":"https:\/\/interamerica.org\/fr\/2025\/01\/un-ancien-dune-eglise-adventiste-locale-tue-tragiquement-la-veille-du-nouvel-an-a-trinidad\/","og_locale":"fr_FR","og_type":"article","og_title":"Un ancien d\u2019une \u00e9glise adventiste locale tu\u00e9 tragiquement la veille du Nouvel An \u00e0 Trinidad - \u00c9glise Adventiste Du Septieme Jour - Inter Am\u00e9rique Division","og_description":"Randall Hector \u00e9tait un dirigeant d\u00e9vou\u00e9, disent les dirigeants de l\u2019\u00e9glise r\u00e9gionale et les membres de l\u2019\u00e9glise locale. 9 Janvier 2025 | Port of Spain, Trinidad | Royston Philbert, personnel...","og_url":"https:\/\/interamerica.org\/fr\/2025\/01\/un-ancien-dune-eglise-adventiste-locale-tue-tragiquement-la-veille-du-nouvel-an-a-trinidad\/","og_site_name":"\u00c9glise Adventiste Du Septieme Jour - Inter Am\u00e9rique Division","article_published_time":"2025-01-08T17:09:01+00:00","article_modified_time":"2025-01-13T20:13:52+00:00","og_image":[{"width":1000,"height":1140,"url":"https:\/\/interamerica.org\/wp-content\/uploads\/2025\/01\/caru-scc-randall-hector-portrait-small.jpg","type":"image\/jpeg"}],"author":"libna","twitter_card":"summary_large_image","twitter_misc":{"\u00c9crit par":"libna","Dur\u00e9e de lecture estim\u00e9e":"6 minutes"},"schema":{"@context":"https:\/\/schema.org","@graph":[{"@type":"Article","@id":"https:\/\/interamerica.org\/fr\/2025\/01\/un-ancien-dune-eglise-adventiste-locale-tue-tragiquement-la-veille-du-nouvel-an-a-trinidad\/#article","isPartOf":{"@id":"https:\/\/interamerica.org\/fr\/2025\/01\/un-ancien-dune-eglise-adventiste-locale-tue-tragiquement-la-veille-du-nouvel-an-a-trinidad\/"},"author":{"name":"libna","@id":"https:\/\/interamerica.org\/fr\/#\/schema\/person\/29998f2bc2d8bd0d38662909289b54f1"},"headline":"Un ancien d\u2019une \u00e9glise adventiste locale tu\u00e9 tragiquement la veille du Nouvel An \u00e0 Trinidad","datePublished":"2025-01-08T17:09:01+00:00","dateModified":"2025-01-13T20:13:52+00:00","mainEntityOfPage":{"@id":"https:\/\/interamerica.org\/fr\/2025\/01\/un-ancien-dune-eglise-adventiste-locale-tue-tragiquement-la-veille-du-nouvel-an-a-trinidad\/"},"wordCount":1244,"image":{"@id":"https:\/\/interamerica.org\/fr\/2025\/01\/un-ancien-dune-eglise-adventiste-locale-tue-tragiquement-la-veille-du-nouvel-an-a-trinidad\/#primaryimage"},"thumbnailUrl":"https:\/\/interamerica.org\/wp-content\/uploads\/2025\/01\/caru-scc-randall-hector-portrait-small.jpg","articleSection":["Nouvelles du territoire","RSS Fran\u00e7ais"],"inLanguage":"fr-FR"},{"@type":"WebPage","@id":"https:\/\/interamerica.org\/fr\/2025\/01\/un-ancien-dune-eglise-adventiste-locale-tue-tragiquement-la-veille-du-nouvel-an-a-trinidad\/","url":"https:\/\/interamerica.org\/fr\/2025\/01\/un-ancien-dune-eglise-adventiste-locale-tue-tragiquement-la-veille-du-nouvel-an-a-trinidad\/","name":"Un ancien d\u2019une \u00e9glise adventiste locale tu\u00e9 tragiquement la veille du Nouvel An \u00e0 Trinidad - \u00c9glise Adventiste Du Septieme Jour - Inter Am\u00e9rique Division","isPartOf":{"@id":"https:\/\/interamerica.org\/fr\/#website"},"primaryImageOfPage":{"@id":"https:\/\/interamerica.org\/fr\/2025\/01\/un-ancien-dune-eglise-adventiste-locale-tue-tragiquement-la-veille-du-nouvel-an-a-trinidad\/#primaryimage"},"image":{"@id":"https:\/\/interamerica.org\/fr\/2025\/01\/un-ancien-dune-eglise-adventiste-locale-tue-tragiquement-la-veille-du-nouvel-an-a-trinidad\/#primaryimage"},"thumbnailUrl":"https:\/\/interamerica.org\/wp-content\/uploads\/2025\/01\/caru-scc-randall-hector-portrait-small.jpg","datePublished":"2025-01-08T17:09:01+00:00","dateModified":"2025-01-13T20:13:52+00:00","author":{"@id":"https:\/\/interamerica.org\/fr\/#\/schema\/person\/29998f2bc2d8bd0d38662909289b54f1"},"breadcrumb":{"@id":"https:\/\/interamerica.org\/fr\/2025\/01\/un-ancien-dune-eglise-adventiste-locale-tue-tragiquement-la-veille-du-nouvel-an-a-trinidad\/#breadcrumb"},"inLanguage":"fr-FR","potentialAction":[{"@type":"ReadAction","target":["https:\/\/interamerica.org\/fr\/2025\/01\/un-ancien-dune-eglise-adventiste-locale-tue-tragiquement-la-veille-du-nouvel-an-a-trinidad\/"]}]},{"@type":"ImageObject","inLanguage":"fr-FR","@id":"https:\/\/interamerica.org\/fr\/2025\/01\/un-ancien-dune-eglise-adventiste-locale-tue-tragiquement-la-veille-du-nouvel-an-a-trinidad\/#primaryimage","url":"https:\/\/interamerica.org\/wp-content\/uploads\/2025\/01\/caru-scc-randall-hector-portrait-small.jpg","contentUrl":"https:\/\/interamerica.org\/wp-content\/uploads\/2025\/01\/caru-scc-randall-hector-portrait-small.jpg","width":1000,"height":1140,"caption":"[Photo: SCC Media\/IAD]"},{"@type":"BreadcrumbList","@id":"https:\/\/interamerica.org\/fr\/2025\/01\/un-ancien-dune-eglise-adventiste-locale-tue-tragiquement-la-veille-du-nouvel-an-a-trinidad\/#breadcrumb","itemListElement":[{"@type":"ListItem","position":1,"name":"Home","item":"https:\/\/interamerica.org\/fr\/"},{"@type":"ListItem","position":2,"name":"Un ancien d\u2019une \u00e9glise adventiste locale tu\u00e9 tragiquement la veille du Nouvel An \u00e0 Trinidad"}]},{"@type":"WebSite","@id":"https:\/\/interamerica.org\/fr\/#website","url":"https:\/\/interamerica.org\/fr\/","name":"\u00c9glise Adventiste Du Septieme Jour - Inter Am\u00e9rique Division","description":"","potentialAction":[{"@type":"SearchAction","target":{"@type":"EntryPoint","urlTemplate":"https:\/\/interamerica.org\/fr\/?s={search_term_string}"},"query-input":{"@type":"PropertyValueSpecification","valueRequired":true,"valueName":"search_term_string"}}],"inLanguage":"fr-FR"},{"@type":"Person","@id":"https:\/\/interamerica.org\/fr\/#\/schema\/person\/29998f2bc2d8bd0d38662909289b54f1","name":"libna","image":{"@type":"ImageObject","inLanguage":"fr-FR","@id":"https:\/\/secure.gravatar.com\/avatar\/7c5bd30ae4b47a9ba3c856590957fd1d96dc588bf3ac05719d247e126840331f?s=96&d=mm&r=g","url":"https:\/\/secure.gravatar.com\/avatar\/7c5bd30ae4b47a9ba3c856590957fd1d96dc588bf3ac05719d247e126840331f?s=96&d=mm&r=g","contentUrl":"https:\/\/secure.gravatar.com\/avatar\/7c5bd30ae4b47a9ba3c856590957fd1d96dc588bf3ac05719d247e126840331f?s=96&d=mm&r=g","caption":"libna"}}]}},"_links":{"self":[{"href":"https:\/\/interamerica.org\/fr\/wp-json\/wp\/v2\/posts\/123710","targetHints":{"allow":["GET"]}}],"collection":[{"href":"https:\/\/interamerica.org\/fr\/wp-json\/wp\/v2\/posts"}],"about":[{"href":"https:\/\/interamerica.org\/fr\/wp-json\/wp\/v2\/types\/post"}],"author":[{"embeddable":true,"href":"https:\/\/interamerica.org\/fr\/wp-json\/wp\/v2\/users\/3"}],"replies":[{"embeddable":true,"href":"https:\/\/interamerica.org\/fr\/wp-json\/wp\/v2\/comments?post=123710"}],"version-history":[{"count":0,"href":"https:\/\/interamerica.org\/fr\/wp-json\/wp\/v2\/posts\/123710\/revisions"}],"wp:featuredmedia":[{"embeddable":true,"href":"https:\/\/interamerica.org\/fr\/wp-json\/wp\/v2\/media\/123636"}],"wp:attachment":[{"href":"https:\/\/interamerica.org\/fr\/wp-json\/wp\/v2\/media?parent=123710"}],"wp:term":[{"taxonomy":"category","embeddable":true,"href":"https:\/\/interamerica.org\/fr\/wp-json\/wp\/v2\/categories?post=123710"},{"taxonomy":"post_tag","embeddable":true,"href":"https:\/\/interamerica.org\/fr\/wp-json\/wp\/v2\/tags?post=123710"}],"curies":[{"name":"wp","href":"https:\/\/api.w.org\/{rel}","templated":true}]}}