{"id":123722,"date":"2025-01-09T20:42:09","date_gmt":"2025-01-10T01:42:09","guid":{"rendered":"https:\/\/interamerica.org\/?p=123722"},"modified":"2025-01-13T08:30:39","modified_gmt":"2025-01-13T13:30:39","slug":"un-nouveau-centre-hospitalier-en-colombie-offre-un-soutien-spirituel-et-emotionnel-aux-patients","status":"publish","type":"post","link":"https:\/\/interamerica.org\/fr\/2025\/01\/un-nouveau-centre-hospitalier-en-colombie-offre-un-soutien-spirituel-et-emotionnel-aux-patients\/","title":{"rendered":"Un nouveau centre hospitalier en Colombie offre un soutien spirituel et \u00e9motionnel aux patients"},"content":{"rendered":"<p><div id=\"attachment_123706\" style=\"width: 862px\" class=\"wp-caption aligncenter\"><img fetchpriority=\"high\" decoding=\"async\" aria-describedby=\"caption-attachment-123706\" class=\" wp-image-123705\" src=\"https:\/\/interamerica.org\/wp-content\/uploads\/2025\/01\/letras-de-vida-nocu-1.jpg\" alt=\"\" width=\"852\" height=\"638\" srcset=\"https:\/\/interamerica.org\/wp-content\/uploads\/2025\/01\/letras-de-vida-nocu-1.jpg 897w, https:\/\/interamerica.org\/wp-content\/uploads\/2025\/01\/letras-de-vida-nocu-1-300x225.jpg 300w, https:\/\/interamerica.org\/wp-content\/uploads\/2025\/01\/letras-de-vida-nocu-1-768x575.jpg 768w\" sizes=\"(max-width: 852px) 100vw, 852px\" \/><p id=\"caption-attachment-123706\" class=\"wp-caption-text\">De gauche \u00e0 droite : Dr Sandra Roc\u00edo Ort\u00edz, administratrice de l\u2019H\u00f4pital International de Colombie, Dr Sonia Ram\u00edrez, vice-pr\u00e9sidente de la Fondation Cardiovasculaire de Colombie, Dr Victor Ra\u00fal Castillo, pr\u00e9sident de la Fondation Cardiovasculaire, Dr Jonathan C\u00e1ceres Prada, directeur m\u00e9dical de l\u2019h\u00f4pital, pasteur Elie Henry, pr\u00e9sident de la Division Inter Am\u00e9ricaine, et Sa\u00fal Ort\u00edz, pr\u00e9sident de la IADPA, se pr\u00e9parent \u00e0 couper le ruban lors de l\u2019ouverture du nouveau centre d\u2019influence de l\u2019H\u00f4pital International de Colombie \u00e0 Bucaramanga, en Colombie, le 6 d\u00e9cembre 2024. [Photo : F\u00e9d\u00e9ration de l\u2019Est de la Colombie]<\/p><\/div><em>L\u2019initiative, soutenue par l\u2019\u00c9glise adventiste, combine les soins m\u00e9dicaux et le bien-\u00eatre spirituel dans un h\u00f4pital priv\u00e9.<\/em><\/p>\n<p>9 Janvier 2024 | Medell\u00edn, Antioquia | Cristin Serrano, UCN, et \u00c9quipe de Presse de la DIA<br \/>\nUn centre r\u00e9cemment inaugur\u00e9 apporte un soutien \u00e9motionnel et spirituel aux patients et \u00e0 leurs familles dans un h\u00f4pital priv\u00e9 de Bucaramanga, en Colombie, gr\u00e2ce aux efforts de l\u2019\u00c9glise adventiste du septi\u00e8me jour dans la r\u00e9gion. Inaugur\u00e9 \u00e0 l\u2019H\u00f4pital International de Colombie, le centre a \u00e9t\u00e9 d\u00e9voil\u00e9 lors d\u2019une c\u00e9r\u00e9monie \u00e0 laquelle ont assist\u00e9 le personnel de l\u2019h\u00f4pital et les dirigeants de l\u2019\u00c9glise. La structure comprend une librairie organis\u00e9e avec des titres choisis publi\u00e9s par l\u2019Association d\u2019\u00c9dition de la Division Inter Am\u00e9ricaine (IADPA), un espace consacr\u00e9 \u00e0 la nourriture saine encourageant les habitudes positives et une section proposant d\u2019autres ressources et produits artistiques pour les adultes et les enfants.<\/p>\n<p>Le centre, qui s&rsquo;appelle <em>Letras de Vida<\/em> (Lettres de Vie), sert de centre d\u2019influence et b\u00e9n\u00e9ficie du soutien de la F\u00e9d\u00e9ration de l\u2019Est de la Colombie. Sa mission est de promouvoir la sant\u00e9 \u00e0 travers la connaissance de Dieu, marquant ainsi une \u00e9tape importante dans les soins hospitaliers en int\u00e9grant non seulement le traitement m\u00e9dical mais aussi le soutien \u00e9motionnel et spirituel, selon ce qu\u2019indiquent les dirigeants de l\u2019\u00e9glise locale.<\/p>\n<p><div id=\"attachment_123690\" style=\"width: 919px\" class=\"wp-caption aligncenter\"><img decoding=\"async\" aria-describedby=\"caption-attachment-123690\" class=\" wp-image-123689\" src=\"https:\/\/interamerica.org\/wp-content\/uploads\/2025\/01\/letrasdevida-nocu.png\" alt=\"\" width=\"909\" height=\"771\" srcset=\"https:\/\/interamerica.org\/wp-content\/uploads\/2025\/01\/letrasdevida-nocu.png 807w, https:\/\/interamerica.org\/wp-content\/uploads\/2025\/01\/letrasdevida-nocu-300x254.png 300w, https:\/\/interamerica.org\/wp-content\/uploads\/2025\/01\/letrasdevida-nocu-768x651.png 768w\" sizes=\"(max-width: 909px) 100vw, 909px\" \/><p id=\"caption-attachment-123690\" class=\"wp-caption-text\">Le nouveau centre, inaugur\u00e9 le 6 d\u00e9cembre 2024, comprend une librairie soigneusement organis\u00e9e avec des titres publi\u00e9s par l\u2019Association d\u2019\u00c9dition de la Division Inter Am\u00e9ricaine (IADPA), un coin d\u2019alimentation saine encourageant les habitudes positives et une section proposant d\u2019autres ressources et produits artistiques pour les adultes et les enfants. [Photo : F\u00e9d\u00e9ration de l\u2019Est de la Colombie]<\/p><\/div>Dr Jonathan C\u00e1ceres Prada, adventiste du septi\u00e8me jour et directeur m\u00e9dical de l\u2019H\u00f4pital International de Colombie, est le visionnaire \u00e0 l\u2019origine de l\u2019initiative. Il pense que cet espace apportera du r\u00e9confort \u00e0 ceux qui traversent des moments difficiles \u00e0 l\u2019h\u00f4pital.<\/p>\n<p><strong>Une lueur d\u2019espoir pour tous<\/strong><\/p>\n<p>Le centre propose \u00e9galement un service unique de pr\u00eat de livres sous la forme d\u2019un bibliobus, qui apporte les livres directement dans les chambres des patients. Avec plus de 100 titres disponibles, la s\u00e9lection couvre des sujets tels que le d\u00e9veloppement personnel, la spiritualit\u00e9, la consolidation de la famille et la sant\u00e9. Les patients peuvent demander des livres via le site web officiel du centre o\u00f9 ils recevront un service personnalis\u00e9 via une fonction de discussion en ligne.<\/p>\n<p>\u00ab Avec la direction de Dieu, nous commen\u00e7ons un nouveau chapitre. <em>Letras de Vida<\/em> est un phare qui guidera sans aucun doute de nombreuses personnes, \u00bb a d\u00e9clar\u00e9 Dr C\u00e1ceres lors de l\u2019inauguration du centre le 6 d\u00e9cembre 2024. \u00ab Merci \u00e0 tous de faire partie de ce r\u00eave devenu r\u00e9alit\u00e9. \u00bb<\/p>\n<p><div id=\"attachment_123687\" style=\"width: 906px\" class=\"wp-caption aligncenter\"><img decoding=\"async\" aria-describedby=\"caption-attachment-123687\" class=\" wp-image-123686\" src=\"https:\/\/interamerica.org\/wp-content\/uploads\/2025\/01\/letras-eh-drcaceres.png\" alt=\"\" width=\"896\" height=\"544\" srcset=\"https:\/\/interamerica.org\/wp-content\/uploads\/2025\/01\/letras-eh-drcaceres.png 588w, https:\/\/interamerica.org\/wp-content\/uploads\/2025\/01\/letras-eh-drcaceres-300x182.png 300w\" sizes=\"(max-width: 896px) 100vw, 896px\" \/><p id=\"caption-attachment-123687\" class=\"wp-caption-text\">De gauche \u00e0 droite : le Dr Victor Ra\u00fal Castillo, pr\u00e9sident de la Fondation Cardiovasculaire de Colombie, pasteur Elie Henry, pr\u00e9sident de la Division Inter Am\u00e9ricaine, et Dr Jonathan C\u00e1ceres Prada, directeur m\u00e9dical de l\u2019H\u00f4pital International de Colombie, faisaient partie des dirigeants ayant assist\u00e9 \u00e0 l\u2019inauguration du centre le 6 d\u00e9cembre 2024. [Photo : F\u00e9d\u00e9ration de l\u2019Est de la Colombie]<\/p><\/div>TLe centre a re\u00e7u un soutien important de la F\u00e9d\u00e9ration de l\u2019Est de la Colombie, qui coordonne le service missionnaire volontaire \u00e0 l\u2019\u00e9chelle locale et au niveau international par le biais de son initiative \u00c9cole de Missions. Dans le cadre de cette collaboration, le centre propose \u00e9galement un soutien dans la pr\u00e9vention du suicide et organise des initiatives sociales men\u00e9es par des b\u00e9n\u00e9voles, et accueille la participation de l\u2019ensemble de la communaut\u00e9 hospitali\u00e8re.<\/p>\n<p>Pasteur Elie Henry, pr\u00e9sident de la Division Inter Am\u00e9ricaine, a f\u00e9licit\u00e9 les dirigeants de l\u2019h\u00f4pital et ceux de l\u2019\u00e9glise pour leurs efforts visant \u00e0 r\u00e9pondre aux besoins des patients, des familles, des visiteurs et du personnel hospitalier. \u00ab Nous louons Dieu pour cet espace sp\u00e9cial, qui cr\u00e9era des opportunit\u00e9s d\u2019\u00e9tablir le contact avec ceux qui sont malades et qui ont besoin de gu\u00e9rison et d\u2019espoir, \u00bb a-t-il fait remarquer.<\/p>\n<p><strong>Un impact au-del\u00e0 de l\u2019h\u00f4pital<\/strong><\/p>\n<p>L&rsquo;ouverture de <em>Letras de Vida<\/em> a largement suscit\u00e9 l\u2019attention sur les m\u00e9dias locaux, ce qui montre l\u2019impact positif de l\u2019initiative. \u00ab Des projets comme celui-ci renforcent la mission adventiste qui est de servir la soci\u00e9t\u00e9, en apportant de l\u2019espoir et du bien-\u00eatre au-del\u00e0 des congr\u00e9gations de l\u2019\u00e9glise, \u00bb ont d\u00e9clar\u00e9 les dirigeants de l\u2019\u00e9glise.<\/p>\n<p><div id=\"attachment_123684\" style=\"width: 920px\" class=\"wp-caption aligncenter\"><img loading=\"lazy\" decoding=\"async\" aria-describedby=\"caption-attachment-123684\" class=\" wp-image-123683\" src=\"https:\/\/interamerica.org\/wp-content\/uploads\/2025\/01\/nocu-group-by-hospital-download.png\" alt=\"\" width=\"910\" height=\"529\" srcset=\"https:\/\/interamerica.org\/wp-content\/uploads\/2025\/01\/nocu-group-by-hospital-download.png 688w, https:\/\/interamerica.org\/wp-content\/uploads\/2025\/01\/nocu-group-by-hospital-download-300x174.png 300w\" sizes=\"(max-width: 910px) 100vw, 910px\" \/><p id=\"caption-attachment-123684\" class=\"wp-caption-text\">Les dirigeants de l\u2019\u00e9glise et le personnel de l\u2019h\u00f4pital ont particip\u00e9 \u00e0 la c\u00e9r\u00e9monie sp\u00e9ciale d\u2019inauguration du nouveau centre de l\u2019H\u00f4pital International de Colombie \u00e0 Bucaramanga, en Colombie. [Photo : F\u00e9d\u00e9ration de l\u2019Est de la Colombie]<\/p><\/div>Dr C\u00e1ceres a ajout\u00e9 : \u00ab L\u2019opportunit\u00e9 d\u2019avoir des livres remplis d\u2019espoir pour atteindre ceux qui en ont le plus besoin, et apporter ainsi une direction vers la restauration, est une grande b\u00e9n\u00e9diction, et tout cela a \u00e9t\u00e9 rendu possible par Dieu. \u00bb<\/p>\n<p><strong>La foi qui d\u00e9place les montagnes<\/strong><\/p>\n<p>Dr C\u00e1ceres a soulign\u00e9 comment la foi a \u00e9t\u00e9 cruciale dans le d\u00e9veloppement de ce projet ; il a racont\u00e9 les moments cl\u00e9s o\u00f9 Dieu a dirig\u00e9 le processus. \u00ab Lorsque nous ne savions pas comment construire le site web et que le temps \u00e9tait compt\u00e9, Dieu a envoy\u00e9 un expert en marketing du Mexique qui a r\u00e9solu le probl\u00e8me avec excellence, \u00bb a-t-il expliqu\u00e9. \u00ab Et lorsque nous ne savions pas vraiment comment approvisionner le centre avec divers produits, Dieu a utilis\u00e9 un jeune homme pour offrir ses ressources et son expertise. Ce ne sont l\u00e0 que quelques exemples de la mani\u00e8re dont Dieu a r\u00e9uni des vies, des connaissances et des ressources pour faire de cette mission une r\u00e9alit\u00e9. \u00bb<\/p>\n<p><em>Letras de Vida<\/em> devrait non seulement am\u00e9liorer la qualit\u00e9 de vie des patients et de leurs familles, mais aussi humaniser l\u2019exp\u00e9rience hospitali\u00e8re en proposant un espace de r\u00e9confort et de r\u00e9flexion. Le centre est ouvert tous les jours de la semaine, sauf le samedi et le dimanche.<\/p>\n<p>Pour en savoir plus sur le centre <em>Letras de Vida<\/em> ou pour commander un livre pour un patient, visitez le site <a href=\"https:\/\/letrasdevida.com.co\/\">letrasdevida.com.co<\/a><\/p>\n<p>Traduction: Patrick Luciathe<\/p>\n","protected":false},"excerpt":{"rendered":"<p>L\u2019initiative, soutenue par l\u2019\u00c9glise adventiste, combine les soins m\u00e9dicaux et le bien-\u00eatre spirituel dans un h\u00f4pital priv\u00e9. 9 Janvier 2024 | Medell\u00edn, Antioquia | Cristin Serrano, UCN, et \u00c9quipe de&#8230;<\/p>\n","protected":false},"author":3,"featured_media":123706,"comment_status":"closed","ping_status":"closed","sticky":false,"template":"","format":"standard","meta":{"_acf_changed":false,"footnotes":""},"categories":[21,19],"tags":[],"class_list":["post-123722","post","type-post","status-publish","format-standard","has-post-thumbnail","hentry","category-nouvelles-du-territoire","category-rss-francais"],"acf":[],"yoast_head":"<!-- This site is optimized with the Yoast SEO plugin v27.3 - https:\/\/yoast.com\/product\/yoast-seo-wordpress\/ -->\n<title>Un nouveau centre hospitalier en Colombie offre un soutien spirituel et \u00e9motionnel aux patients - \u00c9glise Adventiste Du Septieme Jour - Inter Am\u00e9rique Division<\/title>\n<meta name=\"robots\" content=\"index, follow, max-snippet:-1, max-image-preview:large, max-video-preview:-1\" \/>\n<link rel=\"canonical\" href=\"https:\/\/interamerica.org\/fr\/2025\/01\/un-nouveau-centre-hospitalier-en-colombie-offre-un-soutien-spirituel-et-emotionnel-aux-patients\/\" \/>\n<meta property=\"og:locale\" content=\"fr_FR\" \/>\n<meta property=\"og:type\" content=\"article\" \/>\n<meta property=\"og:title\" content=\"Un nouveau centre hospitalier en Colombie offre un soutien spirituel et \u00e9motionnel aux patients - \u00c9glise Adventiste Du Septieme Jour - Inter Am\u00e9rique Division\" \/>\n<meta property=\"og:description\" content=\"L\u2019initiative, soutenue par l\u2019\u00c9glise adventiste, combine les soins m\u00e9dicaux et le bien-\u00eatre spirituel dans un h\u00f4pital priv\u00e9. 9 Janvier 2024 | Medell\u00edn, Antioquia | Cristin Serrano, UCN, et \u00c9quipe de...\" \/>\n<meta property=\"og:url\" content=\"https:\/\/interamerica.org\/fr\/2025\/01\/un-nouveau-centre-hospitalier-en-colombie-offre-un-soutien-spirituel-et-emotionnel-aux-patients\/\" \/>\n<meta property=\"og:site_name\" content=\"\u00c9glise Adventiste Du Septieme Jour - Inter Am\u00e9rique Division\" \/>\n<meta property=\"article:published_time\" content=\"2025-01-10T01:42:09+00:00\" \/>\n<meta property=\"article:modified_time\" content=\"2025-01-13T13:30:39+00:00\" \/>\n<meta property=\"og:image\" content=\"https:\/\/interamerica.org\/wp-content\/uploads\/2025\/01\/letras-de-vida-nocu-1.jpg\" \/>\n\t<meta property=\"og:image:width\" content=\"897\" \/>\n\t<meta property=\"og:image:height\" content=\"672\" \/>\n\t<meta property=\"og:image:type\" content=\"image\/jpeg\" \/>\n<meta name=\"author\" content=\"libna\" \/>\n<meta name=\"twitter:card\" content=\"summary_large_image\" \/>\n<meta name=\"twitter:label1\" content=\"\u00c9crit par\" \/>\n\t<meta name=\"twitter:data1\" content=\"libna\" \/>\n\t<meta name=\"twitter:label2\" content=\"Dur\u00e9e de lecture estim\u00e9e\" \/>\n\t<meta name=\"twitter:data2\" content=\"6 minutes\" \/>\n<script type=\"application\/ld+json\" class=\"yoast-schema-graph\">{\"@context\":\"https:\\\/\\\/schema.org\",\"@graph\":[{\"@type\":\"Article\",\"@id\":\"https:\\\/\\\/interamerica.org\\\/fr\\\/2025\\\/01\\\/un-nouveau-centre-hospitalier-en-colombie-offre-un-soutien-spirituel-et-emotionnel-aux-patients\\\/#article\",\"isPartOf\":{\"@id\":\"https:\\\/\\\/interamerica.org\\\/fr\\\/2025\\\/01\\\/un-nouveau-centre-hospitalier-en-colombie-offre-un-soutien-spirituel-et-emotionnel-aux-patients\\\/\"},\"author\":{\"name\":\"libna\",\"@id\":\"https:\\\/\\\/interamerica.org\\\/fr\\\/#\\\/schema\\\/person\\\/29998f2bc2d8bd0d38662909289b54f1\"},\"headline\":\"Un nouveau centre hospitalier en Colombie offre un soutien spirituel et \u00e9motionnel aux patients\",\"datePublished\":\"2025-01-10T01:42:09+00:00\",\"dateModified\":\"2025-01-13T13:30:39+00:00\",\"mainEntityOfPage\":{\"@id\":\"https:\\\/\\\/interamerica.org\\\/fr\\\/2025\\\/01\\\/un-nouveau-centre-hospitalier-en-colombie-offre-un-soutien-spirituel-et-emotionnel-aux-patients\\\/\"},\"wordCount\":1249,\"image\":{\"@id\":\"https:\\\/\\\/interamerica.org\\\/fr\\\/2025\\\/01\\\/un-nouveau-centre-hospitalier-en-colombie-offre-un-soutien-spirituel-et-emotionnel-aux-patients\\\/#primaryimage\"},\"thumbnailUrl\":\"https:\\\/\\\/interamerica.org\\\/wp-content\\\/uploads\\\/2025\\\/01\\\/letras-de-vida-nocu-1.jpg\",\"articleSection\":[\"Nouvelles du territoire\",\"RSS Fran\u00e7ais\"],\"inLanguage\":\"fr-FR\"},{\"@type\":\"WebPage\",\"@id\":\"https:\\\/\\\/interamerica.org\\\/fr\\\/2025\\\/01\\\/un-nouveau-centre-hospitalier-en-colombie-offre-un-soutien-spirituel-et-emotionnel-aux-patients\\\/\",\"url\":\"https:\\\/\\\/interamerica.org\\\/fr\\\/2025\\\/01\\\/un-nouveau-centre-hospitalier-en-colombie-offre-un-soutien-spirituel-et-emotionnel-aux-patients\\\/\",\"name\":\"Un nouveau centre hospitalier en Colombie offre un soutien spirituel et \u00e9motionnel aux patients - \u00c9glise Adventiste Du Septieme Jour - Inter Am\u00e9rique Division\",\"isPartOf\":{\"@id\":\"https:\\\/\\\/interamerica.org\\\/fr\\\/#website\"},\"primaryImageOfPage\":{\"@id\":\"https:\\\/\\\/interamerica.org\\\/fr\\\/2025\\\/01\\\/un-nouveau-centre-hospitalier-en-colombie-offre-un-soutien-spirituel-et-emotionnel-aux-patients\\\/#primaryimage\"},\"image\":{\"@id\":\"https:\\\/\\\/interamerica.org\\\/fr\\\/2025\\\/01\\\/un-nouveau-centre-hospitalier-en-colombie-offre-un-soutien-spirituel-et-emotionnel-aux-patients\\\/#primaryimage\"},\"thumbnailUrl\":\"https:\\\/\\\/interamerica.org\\\/wp-content\\\/uploads\\\/2025\\\/01\\\/letras-de-vida-nocu-1.jpg\",\"datePublished\":\"2025-01-10T01:42:09+00:00\",\"dateModified\":\"2025-01-13T13:30:39+00:00\",\"author\":{\"@id\":\"https:\\\/\\\/interamerica.org\\\/fr\\\/#\\\/schema\\\/person\\\/29998f2bc2d8bd0d38662909289b54f1\"},\"breadcrumb\":{\"@id\":\"https:\\\/\\\/interamerica.org\\\/fr\\\/2025\\\/01\\\/un-nouveau-centre-hospitalier-en-colombie-offre-un-soutien-spirituel-et-emotionnel-aux-patients\\\/#breadcrumb\"},\"inLanguage\":\"fr-FR\",\"potentialAction\":[{\"@type\":\"ReadAction\",\"target\":[\"https:\\\/\\\/interamerica.org\\\/fr\\\/2025\\\/01\\\/un-nouveau-centre-hospitalier-en-colombie-offre-un-soutien-spirituel-et-emotionnel-aux-patients\\\/\"]}]},{\"@type\":\"ImageObject\",\"inLanguage\":\"fr-FR\",\"@id\":\"https:\\\/\\\/interamerica.org\\\/fr\\\/2025\\\/01\\\/un-nouveau-centre-hospitalier-en-colombie-offre-un-soutien-spirituel-et-emotionnel-aux-patients\\\/#primaryimage\",\"url\":\"https:\\\/\\\/interamerica.org\\\/wp-content\\\/uploads\\\/2025\\\/01\\\/letras-de-vida-nocu-1.jpg\",\"contentUrl\":\"https:\\\/\\\/interamerica.org\\\/wp-content\\\/uploads\\\/2025\\\/01\\\/letras-de-vida-nocu-1.jpg\",\"width\":897,\"height\":672,\"caption\":\"[Photo: East Colombian Conference]\"},{\"@type\":\"BreadcrumbList\",\"@id\":\"https:\\\/\\\/interamerica.org\\\/fr\\\/2025\\\/01\\\/un-nouveau-centre-hospitalier-en-colombie-offre-un-soutien-spirituel-et-emotionnel-aux-patients\\\/#breadcrumb\",\"itemListElement\":[{\"@type\":\"ListItem\",\"position\":1,\"name\":\"Home\",\"item\":\"https:\\\/\\\/interamerica.org\\\/fr\\\/\"},{\"@type\":\"ListItem\",\"position\":2,\"name\":\"Un nouveau centre hospitalier en Colombie offre un soutien spirituel et \u00e9motionnel aux patients\"}]},{\"@type\":\"WebSite\",\"@id\":\"https:\\\/\\\/interamerica.org\\\/fr\\\/#website\",\"url\":\"https:\\\/\\\/interamerica.org\\\/fr\\\/\",\"name\":\"\u00c9glise Adventiste Du Septieme Jour - Inter Am\u00e9rique Division\",\"description\":\"\",\"potentialAction\":[{\"@type\":\"SearchAction\",\"target\":{\"@type\":\"EntryPoint\",\"urlTemplate\":\"https:\\\/\\\/interamerica.org\\\/fr\\\/?s={search_term_string}\"},\"query-input\":{\"@type\":\"PropertyValueSpecification\",\"valueRequired\":true,\"valueName\":\"search_term_string\"}}],\"inLanguage\":\"fr-FR\"},{\"@type\":\"Person\",\"@id\":\"https:\\\/\\\/interamerica.org\\\/fr\\\/#\\\/schema\\\/person\\\/29998f2bc2d8bd0d38662909289b54f1\",\"name\":\"libna\",\"image\":{\"@type\":\"ImageObject\",\"inLanguage\":\"fr-FR\",\"@id\":\"https:\\\/\\\/secure.gravatar.com\\\/avatar\\\/7c5bd30ae4b47a9ba3c856590957fd1d96dc588bf3ac05719d247e126840331f?s=96&d=mm&r=g\",\"url\":\"https:\\\/\\\/secure.gravatar.com\\\/avatar\\\/7c5bd30ae4b47a9ba3c856590957fd1d96dc588bf3ac05719d247e126840331f?s=96&d=mm&r=g\",\"contentUrl\":\"https:\\\/\\\/secure.gravatar.com\\\/avatar\\\/7c5bd30ae4b47a9ba3c856590957fd1d96dc588bf3ac05719d247e126840331f?s=96&d=mm&r=g\",\"caption\":\"libna\"}}]}<\/script>\n<!-- \/ Yoast SEO plugin. -->","yoast_head_json":{"title":"Un nouveau centre hospitalier en Colombie offre un soutien spirituel et \u00e9motionnel aux patients - \u00c9glise Adventiste Du Septieme Jour - Inter Am\u00e9rique Division","robots":{"index":"index","follow":"follow","max-snippet":"max-snippet:-1","max-image-preview":"max-image-preview:large","max-video-preview":"max-video-preview:-1"},"canonical":"https:\/\/interamerica.org\/fr\/2025\/01\/un-nouveau-centre-hospitalier-en-colombie-offre-un-soutien-spirituel-et-emotionnel-aux-patients\/","og_locale":"fr_FR","og_type":"article","og_title":"Un nouveau centre hospitalier en Colombie offre un soutien spirituel et \u00e9motionnel aux patients - \u00c9glise Adventiste Du Septieme Jour - Inter Am\u00e9rique Division","og_description":"L\u2019initiative, soutenue par l\u2019\u00c9glise adventiste, combine les soins m\u00e9dicaux et le bien-\u00eatre spirituel dans un h\u00f4pital priv\u00e9. 9 Janvier 2024 | Medell\u00edn, Antioquia | Cristin Serrano, UCN, et \u00c9quipe de...","og_url":"https:\/\/interamerica.org\/fr\/2025\/01\/un-nouveau-centre-hospitalier-en-colombie-offre-un-soutien-spirituel-et-emotionnel-aux-patients\/","og_site_name":"\u00c9glise Adventiste Du Septieme Jour - Inter Am\u00e9rique Division","article_published_time":"2025-01-10T01:42:09+00:00","article_modified_time":"2025-01-13T13:30:39+00:00","og_image":[{"width":897,"height":672,"url":"https:\/\/interamerica.org\/wp-content\/uploads\/2025\/01\/letras-de-vida-nocu-1.jpg","type":"image\/jpeg"}],"author":"libna","twitter_card":"summary_large_image","twitter_misc":{"\u00c9crit par":"libna","Dur\u00e9e de lecture estim\u00e9e":"6 minutes"},"schema":{"@context":"https:\/\/schema.org","@graph":[{"@type":"Article","@id":"https:\/\/interamerica.org\/fr\/2025\/01\/un-nouveau-centre-hospitalier-en-colombie-offre-un-soutien-spirituel-et-emotionnel-aux-patients\/#article","isPartOf":{"@id":"https:\/\/interamerica.org\/fr\/2025\/01\/un-nouveau-centre-hospitalier-en-colombie-offre-un-soutien-spirituel-et-emotionnel-aux-patients\/"},"author":{"name":"libna","@id":"https:\/\/interamerica.org\/fr\/#\/schema\/person\/29998f2bc2d8bd0d38662909289b54f1"},"headline":"Un nouveau centre hospitalier en Colombie offre un soutien spirituel et \u00e9motionnel aux patients","datePublished":"2025-01-10T01:42:09+00:00","dateModified":"2025-01-13T13:30:39+00:00","mainEntityOfPage":{"@id":"https:\/\/interamerica.org\/fr\/2025\/01\/un-nouveau-centre-hospitalier-en-colombie-offre-un-soutien-spirituel-et-emotionnel-aux-patients\/"},"wordCount":1249,"image":{"@id":"https:\/\/interamerica.org\/fr\/2025\/01\/un-nouveau-centre-hospitalier-en-colombie-offre-un-soutien-spirituel-et-emotionnel-aux-patients\/#primaryimage"},"thumbnailUrl":"https:\/\/interamerica.org\/wp-content\/uploads\/2025\/01\/letras-de-vida-nocu-1.jpg","articleSection":["Nouvelles du territoire","RSS Fran\u00e7ais"],"inLanguage":"fr-FR"},{"@type":"WebPage","@id":"https:\/\/interamerica.org\/fr\/2025\/01\/un-nouveau-centre-hospitalier-en-colombie-offre-un-soutien-spirituel-et-emotionnel-aux-patients\/","url":"https:\/\/interamerica.org\/fr\/2025\/01\/un-nouveau-centre-hospitalier-en-colombie-offre-un-soutien-spirituel-et-emotionnel-aux-patients\/","name":"Un nouveau centre hospitalier en Colombie offre un soutien spirituel et \u00e9motionnel aux patients - \u00c9glise Adventiste Du Septieme Jour - Inter Am\u00e9rique Division","isPartOf":{"@id":"https:\/\/interamerica.org\/fr\/#website"},"primaryImageOfPage":{"@id":"https:\/\/interamerica.org\/fr\/2025\/01\/un-nouveau-centre-hospitalier-en-colombie-offre-un-soutien-spirituel-et-emotionnel-aux-patients\/#primaryimage"},"image":{"@id":"https:\/\/interamerica.org\/fr\/2025\/01\/un-nouveau-centre-hospitalier-en-colombie-offre-un-soutien-spirituel-et-emotionnel-aux-patients\/#primaryimage"},"thumbnailUrl":"https:\/\/interamerica.org\/wp-content\/uploads\/2025\/01\/letras-de-vida-nocu-1.jpg","datePublished":"2025-01-10T01:42:09+00:00","dateModified":"2025-01-13T13:30:39+00:00","author":{"@id":"https:\/\/interamerica.org\/fr\/#\/schema\/person\/29998f2bc2d8bd0d38662909289b54f1"},"breadcrumb":{"@id":"https:\/\/interamerica.org\/fr\/2025\/01\/un-nouveau-centre-hospitalier-en-colombie-offre-un-soutien-spirituel-et-emotionnel-aux-patients\/#breadcrumb"},"inLanguage":"fr-FR","potentialAction":[{"@type":"ReadAction","target":["https:\/\/interamerica.org\/fr\/2025\/01\/un-nouveau-centre-hospitalier-en-colombie-offre-un-soutien-spirituel-et-emotionnel-aux-patients\/"]}]},{"@type":"ImageObject","inLanguage":"fr-FR","@id":"https:\/\/interamerica.org\/fr\/2025\/01\/un-nouveau-centre-hospitalier-en-colombie-offre-un-soutien-spirituel-et-emotionnel-aux-patients\/#primaryimage","url":"https:\/\/interamerica.org\/wp-content\/uploads\/2025\/01\/letras-de-vida-nocu-1.jpg","contentUrl":"https:\/\/interamerica.org\/wp-content\/uploads\/2025\/01\/letras-de-vida-nocu-1.jpg","width":897,"height":672,"caption":"[Photo: East Colombian Conference]"},{"@type":"BreadcrumbList","@id":"https:\/\/interamerica.org\/fr\/2025\/01\/un-nouveau-centre-hospitalier-en-colombie-offre-un-soutien-spirituel-et-emotionnel-aux-patients\/#breadcrumb","itemListElement":[{"@type":"ListItem","position":1,"name":"Home","item":"https:\/\/interamerica.org\/fr\/"},{"@type":"ListItem","position":2,"name":"Un nouveau centre hospitalier en Colombie offre un soutien spirituel et \u00e9motionnel aux patients"}]},{"@type":"WebSite","@id":"https:\/\/interamerica.org\/fr\/#website","url":"https:\/\/interamerica.org\/fr\/","name":"\u00c9glise Adventiste Du Septieme Jour - Inter Am\u00e9rique Division","description":"","potentialAction":[{"@type":"SearchAction","target":{"@type":"EntryPoint","urlTemplate":"https:\/\/interamerica.org\/fr\/?s={search_term_string}"},"query-input":{"@type":"PropertyValueSpecification","valueRequired":true,"valueName":"search_term_string"}}],"inLanguage":"fr-FR"},{"@type":"Person","@id":"https:\/\/interamerica.org\/fr\/#\/schema\/person\/29998f2bc2d8bd0d38662909289b54f1","name":"libna","image":{"@type":"ImageObject","inLanguage":"fr-FR","@id":"https:\/\/secure.gravatar.com\/avatar\/7c5bd30ae4b47a9ba3c856590957fd1d96dc588bf3ac05719d247e126840331f?s=96&d=mm&r=g","url":"https:\/\/secure.gravatar.com\/avatar\/7c5bd30ae4b47a9ba3c856590957fd1d96dc588bf3ac05719d247e126840331f?s=96&d=mm&r=g","contentUrl":"https:\/\/secure.gravatar.com\/avatar\/7c5bd30ae4b47a9ba3c856590957fd1d96dc588bf3ac05719d247e126840331f?s=96&d=mm&r=g","caption":"libna"}}]}},"_links":{"self":[{"href":"https:\/\/interamerica.org\/fr\/wp-json\/wp\/v2\/posts\/123722","targetHints":{"allow":["GET"]}}],"collection":[{"href":"https:\/\/interamerica.org\/fr\/wp-json\/wp\/v2\/posts"}],"about":[{"href":"https:\/\/interamerica.org\/fr\/wp-json\/wp\/v2\/types\/post"}],"author":[{"embeddable":true,"href":"https:\/\/interamerica.org\/fr\/wp-json\/wp\/v2\/users\/3"}],"replies":[{"embeddable":true,"href":"https:\/\/interamerica.org\/fr\/wp-json\/wp\/v2\/comments?post=123722"}],"version-history":[{"count":0,"href":"https:\/\/interamerica.org\/fr\/wp-json\/wp\/v2\/posts\/123722\/revisions"}],"wp:featuredmedia":[{"embeddable":true,"href":"https:\/\/interamerica.org\/fr\/wp-json\/wp\/v2\/media\/123706"}],"wp:attachment":[{"href":"https:\/\/interamerica.org\/fr\/wp-json\/wp\/v2\/media?parent=123722"}],"wp:term":[{"taxonomy":"category","embeddable":true,"href":"https:\/\/interamerica.org\/fr\/wp-json\/wp\/v2\/categories?post=123722"},{"taxonomy":"post_tag","embeddable":true,"href":"https:\/\/interamerica.org\/fr\/wp-json\/wp\/v2\/tags?post=123722"}],"curies":[{"name":"wp","href":"https:\/\/api.w.org\/{rel}","templated":true}]}}