{"id":12374,"date":"2005-06-29T00:00:00","date_gmt":"2005-06-29T04:00:00","guid":{"rendered":"http:\/\/192.81.217.108\/interamerica\/2005\/06\/session-mondiale-leglise-adventiste-prie-pour-la-direction-de-dieu\/"},"modified":"2017-06-02T13:19:13","modified_gmt":"2017-06-02T17:19:13","slug":"session-mondiale-leglise-adventiste-prie-pour-la-direction-de-dieu","status":"publish","type":"post","link":"https:\/\/interamerica.org\/fr\/2005\/06\/session-mondiale-leglise-adventiste-prie-pour-la-direction-de-dieu\/","title":{"rendered":"Session Mondiale:\u00a0 L&rsquo;Eglise Adventiste Prie pour la Direction de Dieu"},"content":{"rendered":"<p>29 juin 2005 St. Louis, Missouri, Etats-Unis d&rsquo;Am\u00e9rique&#8230; (Taashi Rowe\/ANN<\/p>\n<p>Ce n&rsquo;est pas surprenant que l&rsquo;Eglise des Adventistes du Septi\u00e8me jour, une organisation Chr\u00e9tienne, consulte l&rsquo;Eternel avant de prendre toute d\u00e9cision. Mais aujourd&rsquo;hui, comme le groupe s&rsquo;est pr\u00e9par\u00e9 \u00e0 passer 10 jours en vue de prendre des d\u00e9cisions allant aux \u00e9lections des officiers de l&rsquo;\u00e9glise \u00e0 la r\u00e9vision des doctrines de l&rsquo;\u00e9glise, 24 heures ont \u00e9t\u00e9 mises de c\u00f4t\u00e9 avant la r\u00e9union d&rsquo;affaires pour vaquer \u00e0 la pri\u00e8re.   <\/p>\n<p>Dans le but de s&rsquo;assurer que c&rsquo;est Dieu qui en effet dirige l&rsquo;\u00e9glise, la p\u00e9riode consacr\u00e9e \u00e0 la pri\u00e8re, \u00ab\u00a0Entendre l&rsquo;appel de Dieu\u00a0\u00bb invitera \u00e0 la pri\u00e8re, l&rsquo;adoration, la fraternit\u00e9 et le t\u00e9moignage.  L&rsquo;orateur qui d\u00e9bute cette session de pri\u00e8re, Dwight Nelson, a dit que plus que toute autre chose au monde, la pr\u00e9sence de Dieu est \u00ab\u00a0la chose\u00a0\u00bb pour laquelle l&rsquo;\u00e9glise devrait prier.  Il a ajout\u00e9 que dans ce monde en pleine crise, laisser Dieu diriger est crucial.<\/p>\n<p>La pri\u00e8re est la seule fa\u00e7on \u00ab\u00a0d&rsquo;\u00eatre assur\u00e9 de la direction de Dieu,\u00a0\u00bb a dit Nelson.  Ceci peut para\u00eetre \u00e9vident, mais Nelson, pasteur en chef de l&rsquo;\u00e9glise du Campus Pioneer Memorial d&rsquo;Andrews University, a encourag\u00e9 les fr\u00e8res croyants d&rsquo;avoir toujours en vue la volont\u00e9 de Dieu. <\/p>\n<p>\u00ab\u00a0C&rsquo;\u00e9tait le sujet le plus important qu&rsquo;il aurait put pr\u00e9senter, a fait remarquer le Pasteur Bjorn Otteson, pr\u00e9sident de l&rsquo;Eglise Adventiste de la Su\u00e8de, apr\u00e8s la r\u00e9union.  \u00ab\u00a0Je crois que nous devons nous agenouiller et prier et prier pour le Saint Esprit&#8230; sp\u00e9cialement au sein d&rsquo;une \u00e9glise  si stagnante \u00e0 plusieurs \u00e9gards.\u00a0\u00bb <\/p>\n<p>Diriger est difficile, a avou\u00e9 Nelson au groupe de dirigeants de l&rsquo;\u00e9glise venant de partout dans le monde.  Il a continu\u00e9 en soulignant comment l&rsquo;\u00e9glise Chr\u00e9tienne des premiers jours avait cr\u00fb apr\u00e8s qu&rsquo;elle ait demand\u00e9 et re\u00e7u l&rsquo;esprit de Dieu, qui a guid\u00e9 les membres.<\/p>\n<p>\u00ab\u00a0Nous devrions suivre les traces de la premi\u00e8re \u00e9glise alors que nous plaidons ensemble pour la pluie du ciel,\u00a0\u00bb a-t-il dit.  \u00ab\u00a0Nous devons prier et prier pour cette seule chose.\u00a0\u00bb<\/p>\n<p>\u00ab\u00a0La mission et la vision de l&rsquo;\u00e9glise d\u00e9passe toute vision humaine,\u00a0\u00bb a avanc\u00e9 Geoffrey Mbwana, pr\u00e9sident de la r\u00e9gion Est de l&rsquo;Afrique Centrale de l&rsquo;\u00e9glise.  \u00ab\u00a0Nous avons besoin de Dieu pour r\u00e9aliser tous nos objectifs.  Il est \u00e9vident que sans Dieu nous ne pouvons le faire.\u00a0\u00bb <\/p>\n<p>Le groupe a pris l&rsquo;habitude de mettre \u00e0 part le jour pr\u00e9c\u00e9dant les r\u00e9unions d&rsquo;affaires pour demander \u00e0 Dieu sa direction pour les d\u00e9cisions qui affecteront l&rsquo;\u00e9glise au cours des ann\u00e9es \u00e0 venir.<\/p>\n<p>\u00ab\u00a0Il y a une volont\u00e9 de renouveau, mais nous n&rsquo;y sommes pas encore arriv\u00e9s, a dit Otteson.  \u00ab\u00a0Nous n&rsquo;irons nulle part avec les plans que nous projetons sans la direction de Dieu.\u00a0\u00bb  <\/p><\/p>\n","protected":false},"excerpt":{"rendered":"<p>Ce n&rsquo;est pas surprenant que l&rsquo;Eglise des Adventistes du Septi\u00e8me jour, une organisation Chr\u00e9tienne, consulte l&rsquo;Eternel avant de prendre toute d\u00e9cision.<\/p>\n","protected":false},"author":1,"featured_media":0,"comment_status":"closed","ping_status":"closed","sticky":false,"template":"","format":"standard","meta":{"_acf_changed":false,"footnotes":""},"categories":[9],"tags":[],"class_list":["post-12374","post","type-post","status-publish","format-standard","hentry","category-archive-fr"],"acf":[],"yoast_head":"<!-- This site is optimized with the Yoast SEO plugin v27.3 - https:\/\/yoast.com\/product\/yoast-seo-wordpress\/ -->\n<title>Session Mondiale:\u00a0 L&#039;Eglise Adventiste Prie pour la Direction de Dieu - \u00c9glise Adventiste Du Septieme Jour - Inter Am\u00e9rique Division<\/title>\n<meta name=\"robots\" content=\"index, follow, max-snippet:-1, max-image-preview:large, max-video-preview:-1\" \/>\n<link rel=\"canonical\" href=\"https:\/\/interamerica.org\/fr\/2005\/06\/session-mondiale-leglise-adventiste-prie-pour-la-direction-de-dieu\/\" \/>\n<meta property=\"og:locale\" content=\"fr_FR\" \/>\n<meta property=\"og:type\" content=\"article\" \/>\n<meta property=\"og:title\" content=\"Session Mondiale:\u00a0 L&#039;Eglise Adventiste Prie pour la Direction de Dieu - \u00c9glise Adventiste Du Septieme Jour - Inter Am\u00e9rique Division\" \/>\n<meta property=\"og:description\" content=\"Ce n&#039;est pas surprenant que l&#039;Eglise des Adventistes du Septi\u00e8me jour, une organisation Chr\u00e9tienne, consulte l&#039;Eternel avant de prendre toute d\u00e9cision.\" \/>\n<meta property=\"og:url\" content=\"https:\/\/interamerica.org\/fr\/2005\/06\/session-mondiale-leglise-adventiste-prie-pour-la-direction-de-dieu\/\" \/>\n<meta property=\"og:site_name\" content=\"\u00c9glise Adventiste Du Septieme Jour - Inter Am\u00e9rique Division\" \/>\n<meta property=\"article:published_time\" content=\"2005-06-29T04:00:00+00:00\" \/>\n<meta property=\"article:modified_time\" content=\"2017-06-02T17:19:13+00:00\" \/>\n<meta name=\"author\" content=\"Lorenzo Verduzco\" \/>\n<meta name=\"twitter:card\" content=\"summary_large_image\" \/>\n<meta name=\"twitter:label1\" content=\"\u00c9crit par\" \/>\n\t<meta name=\"twitter:data1\" content=\"Lorenzo Verduzco\" \/>\n\t<meta name=\"twitter:label2\" content=\"Dur\u00e9e de lecture estim\u00e9e\" \/>\n\t<meta name=\"twitter:data2\" content=\"2 minutes\" \/>\n<script type=\"application\/ld+json\" class=\"yoast-schema-graph\">{\"@context\":\"https:\\\/\\\/schema.org\",\"@graph\":[{\"@type\":\"Article\",\"@id\":\"https:\\\/\\\/interamerica.org\\\/fr\\\/2005\\\/06\\\/session-mondiale-leglise-adventiste-prie-pour-la-direction-de-dieu\\\/#article\",\"isPartOf\":{\"@id\":\"https:\\\/\\\/interamerica.org\\\/fr\\\/2005\\\/06\\\/session-mondiale-leglise-adventiste-prie-pour-la-direction-de-dieu\\\/\"},\"author\":{\"name\":\"Lorenzo Verduzco\",\"@id\":\"https:\\\/\\\/interamerica.org\\\/fr\\\/#\\\/schema\\\/person\\\/68ede8bdc292885bb76c1e3810e73c39\"},\"headline\":\"Session Mondiale:\u00a0 L&rsquo;Eglise Adventiste Prie pour la Direction de Dieu\",\"datePublished\":\"2005-06-29T04:00:00+00:00\",\"dateModified\":\"2017-06-02T17:19:13+00:00\",\"mainEntityOfPage\":{\"@id\":\"https:\\\/\\\/interamerica.org\\\/fr\\\/2005\\\/06\\\/session-mondiale-leglise-adventiste-prie-pour-la-direction-de-dieu\\\/\"},\"wordCount\":518,\"articleSection\":[\"Archive\"],\"inLanguage\":\"fr-FR\"},{\"@type\":\"WebPage\",\"@id\":\"https:\\\/\\\/interamerica.org\\\/fr\\\/2005\\\/06\\\/session-mondiale-leglise-adventiste-prie-pour-la-direction-de-dieu\\\/\",\"url\":\"https:\\\/\\\/interamerica.org\\\/fr\\\/2005\\\/06\\\/session-mondiale-leglise-adventiste-prie-pour-la-direction-de-dieu\\\/\",\"name\":\"Session Mondiale:\u00a0 L'Eglise Adventiste Prie pour la Direction de Dieu - \u00c9glise Adventiste Du Septieme Jour - Inter Am\u00e9rique Division\",\"isPartOf\":{\"@id\":\"https:\\\/\\\/interamerica.org\\\/fr\\\/#website\"},\"datePublished\":\"2005-06-29T04:00:00+00:00\",\"dateModified\":\"2017-06-02T17:19:13+00:00\",\"author\":{\"@id\":\"https:\\\/\\\/interamerica.org\\\/fr\\\/#\\\/schema\\\/person\\\/68ede8bdc292885bb76c1e3810e73c39\"},\"breadcrumb\":{\"@id\":\"https:\\\/\\\/interamerica.org\\\/fr\\\/2005\\\/06\\\/session-mondiale-leglise-adventiste-prie-pour-la-direction-de-dieu\\\/#breadcrumb\"},\"inLanguage\":\"fr-FR\",\"potentialAction\":[{\"@type\":\"ReadAction\",\"target\":[\"https:\\\/\\\/interamerica.org\\\/fr\\\/2005\\\/06\\\/session-mondiale-leglise-adventiste-prie-pour-la-direction-de-dieu\\\/\"]}]},{\"@type\":\"BreadcrumbList\",\"@id\":\"https:\\\/\\\/interamerica.org\\\/fr\\\/2005\\\/06\\\/session-mondiale-leglise-adventiste-prie-pour-la-direction-de-dieu\\\/#breadcrumb\",\"itemListElement\":[{\"@type\":\"ListItem\",\"position\":1,\"name\":\"Home\",\"item\":\"https:\\\/\\\/interamerica.org\\\/fr\\\/\"},{\"@type\":\"ListItem\",\"position\":2,\"name\":\"Session Mondiale:\u00a0 L&rsquo;Eglise Adventiste Prie pour la Direction de Dieu\"}]},{\"@type\":\"WebSite\",\"@id\":\"https:\\\/\\\/interamerica.org\\\/fr\\\/#website\",\"url\":\"https:\\\/\\\/interamerica.org\\\/fr\\\/\",\"name\":\"\u00c9glise Adventiste Du Septieme Jour - Inter Am\u00e9rique Division\",\"description\":\"\",\"potentialAction\":[{\"@type\":\"SearchAction\",\"target\":{\"@type\":\"EntryPoint\",\"urlTemplate\":\"https:\\\/\\\/interamerica.org\\\/fr\\\/?s={search_term_string}\"},\"query-input\":{\"@type\":\"PropertyValueSpecification\",\"valueRequired\":true,\"valueName\":\"search_term_string\"}}],\"inLanguage\":\"fr-FR\"},{\"@type\":\"Person\",\"@id\":\"https:\\\/\\\/interamerica.org\\\/fr\\\/#\\\/schema\\\/person\\\/68ede8bdc292885bb76c1e3810e73c39\",\"name\":\"Lorenzo Verduzco\",\"image\":{\"@type\":\"ImageObject\",\"inLanguage\":\"fr-FR\",\"@id\":\"https:\\\/\\\/secure.gravatar.com\\\/avatar\\\/fb81a55b6218459490a9c1dc841a34909185b81904c5337b4b27f7a6fd60c49e?s=96&d=mm&r=g\",\"url\":\"https:\\\/\\\/secure.gravatar.com\\\/avatar\\\/fb81a55b6218459490a9c1dc841a34909185b81904c5337b4b27f7a6fd60c49e?s=96&d=mm&r=g\",\"contentUrl\":\"https:\\\/\\\/secure.gravatar.com\\\/avatar\\\/fb81a55b6218459490a9c1dc841a34909185b81904c5337b4b27f7a6fd60c49e?s=96&d=mm&r=g\",\"caption\":\"Lorenzo Verduzco\"}}]}<\/script>\n<!-- \/ Yoast SEO plugin. -->","yoast_head_json":{"title":"Session Mondiale:\u00a0 L'Eglise Adventiste Prie pour la Direction de Dieu - \u00c9glise Adventiste Du Septieme Jour - Inter Am\u00e9rique Division","robots":{"index":"index","follow":"follow","max-snippet":"max-snippet:-1","max-image-preview":"max-image-preview:large","max-video-preview":"max-video-preview:-1"},"canonical":"https:\/\/interamerica.org\/fr\/2005\/06\/session-mondiale-leglise-adventiste-prie-pour-la-direction-de-dieu\/","og_locale":"fr_FR","og_type":"article","og_title":"Session Mondiale:\u00a0 L'Eglise Adventiste Prie pour la Direction de Dieu - \u00c9glise Adventiste Du Septieme Jour - Inter Am\u00e9rique Division","og_description":"Ce n'est pas surprenant que l'Eglise des Adventistes du Septi\u00e8me jour, une organisation Chr\u00e9tienne, consulte l'Eternel avant de prendre toute d\u00e9cision.","og_url":"https:\/\/interamerica.org\/fr\/2005\/06\/session-mondiale-leglise-adventiste-prie-pour-la-direction-de-dieu\/","og_site_name":"\u00c9glise Adventiste Du Septieme Jour - Inter Am\u00e9rique Division","article_published_time":"2005-06-29T04:00:00+00:00","article_modified_time":"2017-06-02T17:19:13+00:00","author":"Lorenzo Verduzco","twitter_card":"summary_large_image","twitter_misc":{"\u00c9crit par":"Lorenzo Verduzco","Dur\u00e9e de lecture estim\u00e9e":"2 minutes"},"schema":{"@context":"https:\/\/schema.org","@graph":[{"@type":"Article","@id":"https:\/\/interamerica.org\/fr\/2005\/06\/session-mondiale-leglise-adventiste-prie-pour-la-direction-de-dieu\/#article","isPartOf":{"@id":"https:\/\/interamerica.org\/fr\/2005\/06\/session-mondiale-leglise-adventiste-prie-pour-la-direction-de-dieu\/"},"author":{"name":"Lorenzo Verduzco","@id":"https:\/\/interamerica.org\/fr\/#\/schema\/person\/68ede8bdc292885bb76c1e3810e73c39"},"headline":"Session Mondiale:\u00a0 L&rsquo;Eglise Adventiste Prie pour la Direction de Dieu","datePublished":"2005-06-29T04:00:00+00:00","dateModified":"2017-06-02T17:19:13+00:00","mainEntityOfPage":{"@id":"https:\/\/interamerica.org\/fr\/2005\/06\/session-mondiale-leglise-adventiste-prie-pour-la-direction-de-dieu\/"},"wordCount":518,"articleSection":["Archive"],"inLanguage":"fr-FR"},{"@type":"WebPage","@id":"https:\/\/interamerica.org\/fr\/2005\/06\/session-mondiale-leglise-adventiste-prie-pour-la-direction-de-dieu\/","url":"https:\/\/interamerica.org\/fr\/2005\/06\/session-mondiale-leglise-adventiste-prie-pour-la-direction-de-dieu\/","name":"Session Mondiale:\u00a0 L'Eglise Adventiste Prie pour la Direction de Dieu - \u00c9glise Adventiste Du Septieme Jour - Inter Am\u00e9rique Division","isPartOf":{"@id":"https:\/\/interamerica.org\/fr\/#website"},"datePublished":"2005-06-29T04:00:00+00:00","dateModified":"2017-06-02T17:19:13+00:00","author":{"@id":"https:\/\/interamerica.org\/fr\/#\/schema\/person\/68ede8bdc292885bb76c1e3810e73c39"},"breadcrumb":{"@id":"https:\/\/interamerica.org\/fr\/2005\/06\/session-mondiale-leglise-adventiste-prie-pour-la-direction-de-dieu\/#breadcrumb"},"inLanguage":"fr-FR","potentialAction":[{"@type":"ReadAction","target":["https:\/\/interamerica.org\/fr\/2005\/06\/session-mondiale-leglise-adventiste-prie-pour-la-direction-de-dieu\/"]}]},{"@type":"BreadcrumbList","@id":"https:\/\/interamerica.org\/fr\/2005\/06\/session-mondiale-leglise-adventiste-prie-pour-la-direction-de-dieu\/#breadcrumb","itemListElement":[{"@type":"ListItem","position":1,"name":"Home","item":"https:\/\/interamerica.org\/fr\/"},{"@type":"ListItem","position":2,"name":"Session Mondiale:\u00a0 L&rsquo;Eglise Adventiste Prie pour la Direction de Dieu"}]},{"@type":"WebSite","@id":"https:\/\/interamerica.org\/fr\/#website","url":"https:\/\/interamerica.org\/fr\/","name":"\u00c9glise Adventiste Du Septieme Jour - Inter Am\u00e9rique Division","description":"","potentialAction":[{"@type":"SearchAction","target":{"@type":"EntryPoint","urlTemplate":"https:\/\/interamerica.org\/fr\/?s={search_term_string}"},"query-input":{"@type":"PropertyValueSpecification","valueRequired":true,"valueName":"search_term_string"}}],"inLanguage":"fr-FR"},{"@type":"Person","@id":"https:\/\/interamerica.org\/fr\/#\/schema\/person\/68ede8bdc292885bb76c1e3810e73c39","name":"Lorenzo Verduzco","image":{"@type":"ImageObject","inLanguage":"fr-FR","@id":"https:\/\/secure.gravatar.com\/avatar\/fb81a55b6218459490a9c1dc841a34909185b81904c5337b4b27f7a6fd60c49e?s=96&d=mm&r=g","url":"https:\/\/secure.gravatar.com\/avatar\/fb81a55b6218459490a9c1dc841a34909185b81904c5337b4b27f7a6fd60c49e?s=96&d=mm&r=g","contentUrl":"https:\/\/secure.gravatar.com\/avatar\/fb81a55b6218459490a9c1dc841a34909185b81904c5337b4b27f7a6fd60c49e?s=96&d=mm&r=g","caption":"Lorenzo Verduzco"}}]}},"_links":{"self":[{"href":"https:\/\/interamerica.org\/fr\/wp-json\/wp\/v2\/posts\/12374","targetHints":{"allow":["GET"]}}],"collection":[{"href":"https:\/\/interamerica.org\/fr\/wp-json\/wp\/v2\/posts"}],"about":[{"href":"https:\/\/interamerica.org\/fr\/wp-json\/wp\/v2\/types\/post"}],"author":[{"embeddable":true,"href":"https:\/\/interamerica.org\/fr\/wp-json\/wp\/v2\/users\/1"}],"replies":[{"embeddable":true,"href":"https:\/\/interamerica.org\/fr\/wp-json\/wp\/v2\/comments?post=12374"}],"version-history":[{"count":0,"href":"https:\/\/interamerica.org\/fr\/wp-json\/wp\/v2\/posts\/12374\/revisions"}],"wp:attachment":[{"href":"https:\/\/interamerica.org\/fr\/wp-json\/wp\/v2\/media?parent=12374"}],"wp:term":[{"taxonomy":"category","embeddable":true,"href":"https:\/\/interamerica.org\/fr\/wp-json\/wp\/v2\/categories?post=12374"},{"taxonomy":"post_tag","embeddable":true,"href":"https:\/\/interamerica.org\/fr\/wp-json\/wp\/v2\/tags?post=12374"}],"curies":[{"name":"wp","href":"https:\/\/api.w.org\/{rel}","templated":true}]}}