{"id":12375,"date":"2005-06-29T00:00:00","date_gmt":"2005-06-29T04:00:00","guid":{"rendered":"http:\/\/192.81.217.108\/interamerica\/2005\/06\/eglise-mondiale-la-session-une-celebration-de-foi-de-diversite-avance-paulsen\/"},"modified":"2017-06-02T13:19:14","modified_gmt":"2017-06-02T17:19:14","slug":"eglise-mondiale-la-session-une-celebration-de-foi-de-diversite-avance-paulsen","status":"publish","type":"post","link":"https:\/\/interamerica.org\/fr\/2005\/06\/eglise-mondiale-la-session-une-celebration-de-foi-de-diversite-avance-paulsen\/","title":{"rendered":"Eglise Mondiale:\u00a0\u00a0La Session une C\u00e9l\u00e9bration de Foi, de Diversit\u00e9, Avance Paulsen\u00a0"},"content":{"rendered":"<p>29 juin 2005 St. Louis Missouri, Etats-Unis d&rsquo;Am\u00e9rique&#8230; (Mark A. Kellner\/ANN)<\/p>\n<p>\u00ab\u00a0Il est tr\u00e8s important que nous ayons le temps pour adorer ensemble et c\u00e9l\u00e9brer l&rsquo;incroyable diversit\u00e9 de l&rsquo;\u00e9glise,\u00a0\u00bb\u00a0a avanc\u00e9 \u00e0 la presse\u00a0locale le Pasteur Jan Paulsen, pr\u00e9sident de l&rsquo;Eglise mondiale des Adventistes du Septi\u00e8me jour, au cours d&rsquo;une conf\u00e9rence de presse le 29 juin au d\u00e9but de la 58\u00e8me Session de la Conf\u00e9rence G\u00e9n\u00e9rale.<\/p>\n<p>Avec l&rsquo;arriv\u00e9e des d\u00e9l\u00e9gu\u00e9s et des visiteurs de plus de 200 pays, il a ajout\u00e9 \u00ab\u00a0vous avez cet amalgame\u00a0\u00bb de personnes, repr\u00e9sentant une famille mondiale d&rsquo;environ 22 \u00e0 25 millions de personnes, dont 93 pour cent vivent en dehors de l&rsquo;Am\u00e9rique du Nord.\u00a0\u00bb\u00a0 Paulsen a ensuite expliqu\u00e9\u00a0que puisque l&rsquo;\u00e9glise ne baptise que les adolescents et les adultes, le chiffre officiel 14.3 millions de membres d&rsquo;\u00e9glise est augment\u00e9 \u00ab\u00a0d&rsquo;environ une moiti\u00e9\u00a0\u00bb quand on y ajoute les enfants et les adorateurs hebdomadaires.<\/p>\n<p>Le pr\u00e9sident de l&rsquo;oeuvre mondiale \u00e9tait accompagn\u00e9 du pr\u00e9sident de l&rsquo;\u00e9glise de la r\u00e9gion Nord Am\u00e9ricaine, le Pasteur Don Schneider, et de la Responsable de la Session Linda de Leon,\u00a0en s&rsquo;adressant aux repr\u00e9sentants des divers m\u00e9dia locaux, y compris la radio et la t\u00e9l\u00e9vision.\u00a0 L&rsquo;\u00e9v\u00e8nement avait \u00e9t\u00e9 planifi\u00e9 pour introduire la r\u00e9union quinquennale d&rsquo;affaires de l&rsquo;Eglise Adventiste&#8211; qui conduira plus de 70.000 personnes \u00e0 St. Louis au cours des deux Sabbats ou culte d&rsquo;adoration du Samedi de la session.<\/p>\n<p>\u00ab\u00a0Cet \u00e9v\u00e8nement est une combinaison d&rsquo;amiti\u00e9, d&rsquo;information et d&rsquo;adoration,\u00a0\u00bb a avanc\u00e9 Paulsen bien qu&rsquo;il ait soulign\u00e9 que le but principal de l&rsquo;\u00e9v\u00e8nement a rapport aux affaires.\u00a0 La Session est destin\u00e9e, dit-il, \u00e0 r\u00e9soudre les affaires de l&rsquo;\u00e9glise y compris les\u00a0\u00e9lections d&rsquo;un \u00ab\u00a0grand nombre\u00a0\u00bb de dirigeants de l&rsquo;\u00e9glise et les trois premiers officiers de chacune des 13 r\u00e9gions de l&rsquo;\u00e9glise Adventiste du monde entier.<\/p>\n<p>En r\u00e9ponse \u00e0 la question pourquoi le choix de St. Louis pour l&rsquo;\u00e9v\u00e8nement, de Leon a dit que la ville \u00ab\u00a0a beaucoup \u00e0 offrir\u00a0\u00bb \u00e0 une convention telle celle-ci; Paulsen a ajout\u00e9 qu&rsquo;il \u00e9tait avantageux d&rsquo;avoir l&rsquo;assembl\u00e9e sous un m\u00eame to\u00eet.\u00a0 America&rsquo;s Center et Edward Jones Dome sont recouverts, ce sont des locaux au centre de la ville qui\u00a0peuvent contenir cette grande foule de personnes attendues pour ces 10 jours de r\u00e9unions.<\/p>\n<p>\u00ab\u00a0En nous trouvant dans la ville et\u00a0en partageant, j&rsquo;esp\u00e8re\u00a0que nous laisserons un puissant t\u00e9moignage religieux,\u00a0\u00bb\u00a0 a dit Paulsen, ajoutant d&rsquo;une fa\u00e7on enjou\u00e9e, \u00ab\u00a0j&rsquo;esp\u00e8re que nous y laisserons aussi de l&rsquo;argent,\u00a0\u00bb alors que les visiteurs Adventistes occuperont\u00a0des milliers de chambres d&rsquo;hotel et op\u00e8reront d&rsquo;autres d\u00e9penses ici.<\/p>\n<p>En m\u00eame temps, Paulsen a dit que la pr\u00e9sence des Adventistes qui ne boivent pas d&rsquo;alcool signifie que\u00a0\u00ab\u00a0l&rsquo;industrie des liqueurs ne fera pas bonne affaire au cours de ces jours o\u00f9 nous serons ici.\u00a0\u00bb En accord avec un principe de sant\u00e9, les Adventistes s&rsquo;abstiennent de l&rsquo;alcool, alors que St. Louis poss\u00e8de l&rsquo;une des plus grandes distilleries de l&rsquo;Am\u00e9rique.<\/p>\n<p>Mais la participation des Adventistes \u00e0 St. Louis sera plus que temporaire.\u00a0 L&rsquo;Agence de D\u00e9veloppement et de Secours des Adventistes, ADRA, offrira toutes les recettes de la vente de ses produits pour soulager la pauvret\u00e9 dans la ville.<\/p>\n<p>L&rsquo;\u00e9glise patronne aussi plusieurs activit\u00e9s culturelles, y compris un festival du film, et un projet d&rsquo;\u00e9criture de la Bible, o\u00f9 les gens du public seront invit\u00e9s \u00e0 \u00e9crire leur version d&rsquo;un\u00a0seul verset de la\u00a0Bible sur un rouleau, qui sera pr\u00e9sent\u00e9 en cadeau \u00e0 la ville.<\/p>\n<p>Quand on lui a demand\u00e9 de comparer le processus des \u00e9lections des Adventistes avec celui des \u00e9lections Papales qui ont eu lieu \u00e0 Rome en avril, Paulsen a dit qu&rsquo;il n&rsquo;\u00e9tait pas au courant\u00a0\u00bb des proc\u00e9dures internes de l&rsquo;Eglise Catholique Romaine, les Adventistes comptent sur le travail des 200 membres du comit\u00e9 de nomination.<\/p>\n<p>\u00ab\u00a0Dans notre \u00e9glise la s\u00e9lection est\u00a0plus vari\u00e9e,\u00a0\u00bb\u00a0a dit Paulsen.\u00a0 \u00ab\u00a0Nous utilisons un comit\u00e9 de nomination compos\u00e9 de d\u00e9l\u00e9gu\u00e9s de par le monde; ils consulteront\u00a0une liste de candidats (potentiels) pour chaque poste.\u00a0\u00bb<\/p>\n<p>Il a ajout\u00e9 que beaucoup de consid\u00e9rations sont envisag\u00e9es pour s&rsquo;assurer que la direction de l&rsquo;\u00e9glise \u00ab\u00a0refl\u00e8te la diversit\u00e9 de l&rsquo;\u00e9glise mondiale.<\/p>\n<p>Paulsen et Schneider ont aussi expliqu\u00e9 que l&rsquo;\u00e9glise s&rsquo;engagera dans l&rsquo;\u00e9vang\u00e9lisation, mais davantage par le biais des m\u00e9dia et d&rsquo;une fa\u00e7on individuelle, contrairement\u00a0aux grandes r\u00e9unions publiques.\u00a0<\/p>\n<p>\u00a0\u00a0\u00a0\u00a0\u00a0\u00a0\u00a0\u00a0\u00a0\u00a0\u00a0\u00a0<\/p>\n<p>\u00a0\u00a0<\/p>\n<p>\u00a0\u00a0\u00a0<\/p>\n<p>\u00a0 <\/p>\n<p>\u00a0\u00a0\u00a0\u00a0\u00a0<\/p>\n<p>\u00a0\u00a0\u00a0\u00a0<\/p>\n<p>\u00a0\u00a0\u00a0<\/p>\n","protected":false},"excerpt":{"rendered":"<p>\u00ab\u00a0Il est tr\u00e8s important que nous ayons le temps pour adorer ensemble et c\u00e9l\u00e9brer l&rsquo;incroyable diversit\u00e9 de l&rsquo;\u00e9glise,&#8230;<\/p>\n","protected":false},"author":1,"featured_media":0,"comment_status":"closed","ping_status":"closed","sticky":false,"template":"","format":"standard","meta":{"_acf_changed":false,"footnotes":""},"categories":[9],"tags":[],"class_list":["post-12375","post","type-post","status-publish","format-standard","hentry","category-archive-fr"],"acf":[],"yoast_head":"<!-- This site is optimized with the Yoast SEO plugin v27.3 - https:\/\/yoast.com\/product\/yoast-seo-wordpress\/ -->\n<title>Eglise Mondiale:\u00a0\u00a0La Session une C\u00e9l\u00e9bration de Foi, de Diversit\u00e9, Avance Paulsen\u00a0 - \u00c9glise Adventiste Du Septieme Jour - Inter Am\u00e9rique Division<\/title>\n<meta name=\"robots\" content=\"index, follow, max-snippet:-1, max-image-preview:large, max-video-preview:-1\" \/>\n<link rel=\"canonical\" href=\"https:\/\/interamerica.org\/fr\/2005\/06\/eglise-mondiale-la-session-une-celebration-de-foi-de-diversite-avance-paulsen\/\" \/>\n<meta property=\"og:locale\" content=\"fr_FR\" \/>\n<meta property=\"og:type\" content=\"article\" \/>\n<meta property=\"og:title\" content=\"Eglise Mondiale:\u00a0\u00a0La Session une C\u00e9l\u00e9bration de Foi, de Diversit\u00e9, Avance Paulsen\u00a0 - \u00c9glise Adventiste Du Septieme Jour - Inter Am\u00e9rique Division\" \/>\n<meta property=\"og:description\" content=\"&quot;Il est tr\u00e8s important que nous ayons le temps pour adorer ensemble et c\u00e9l\u00e9brer l&#039;incroyable diversit\u00e9 de l&#039;\u00e9glise,...\" \/>\n<meta property=\"og:url\" content=\"https:\/\/interamerica.org\/fr\/2005\/06\/eglise-mondiale-la-session-une-celebration-de-foi-de-diversite-avance-paulsen\/\" \/>\n<meta property=\"og:site_name\" content=\"\u00c9glise Adventiste Du Septieme Jour - Inter Am\u00e9rique Division\" \/>\n<meta property=\"article:published_time\" content=\"2005-06-29T04:00:00+00:00\" \/>\n<meta property=\"article:modified_time\" content=\"2017-06-02T17:19:14+00:00\" \/>\n<meta name=\"author\" content=\"Lorenzo Verduzco\" \/>\n<meta name=\"twitter:card\" content=\"summary_large_image\" \/>\n<meta name=\"twitter:label1\" content=\"\u00c9crit par\" \/>\n\t<meta name=\"twitter:data1\" content=\"Lorenzo Verduzco\" \/>\n\t<meta name=\"twitter:label2\" content=\"Dur\u00e9e de lecture estim\u00e9e\" \/>\n\t<meta name=\"twitter:data2\" content=\"4 minutes\" \/>\n<script type=\"application\/ld+json\" class=\"yoast-schema-graph\">{\"@context\":\"https:\\\/\\\/schema.org\",\"@graph\":[{\"@type\":\"Article\",\"@id\":\"https:\\\/\\\/interamerica.org\\\/fr\\\/2005\\\/06\\\/eglise-mondiale-la-session-une-celebration-de-foi-de-diversite-avance-paulsen\\\/#article\",\"isPartOf\":{\"@id\":\"https:\\\/\\\/interamerica.org\\\/fr\\\/2005\\\/06\\\/eglise-mondiale-la-session-une-celebration-de-foi-de-diversite-avance-paulsen\\\/\"},\"author\":{\"name\":\"Lorenzo Verduzco\",\"@id\":\"https:\\\/\\\/interamerica.org\\\/fr\\\/#\\\/schema\\\/person\\\/68ede8bdc292885bb76c1e3810e73c39\"},\"headline\":\"Eglise Mondiale:\u00a0\u00a0La Session une C\u00e9l\u00e9bration de Foi, de Diversit\u00e9, Avance Paulsen\u00a0\",\"datePublished\":\"2005-06-29T04:00:00+00:00\",\"dateModified\":\"2017-06-02T17:19:14+00:00\",\"mainEntityOfPage\":{\"@id\":\"https:\\\/\\\/interamerica.org\\\/fr\\\/2005\\\/06\\\/eglise-mondiale-la-session-une-celebration-de-foi-de-diversite-avance-paulsen\\\/\"},\"wordCount\":810,\"articleSection\":[\"Archive\"],\"inLanguage\":\"fr-FR\"},{\"@type\":\"WebPage\",\"@id\":\"https:\\\/\\\/interamerica.org\\\/fr\\\/2005\\\/06\\\/eglise-mondiale-la-session-une-celebration-de-foi-de-diversite-avance-paulsen\\\/\",\"url\":\"https:\\\/\\\/interamerica.org\\\/fr\\\/2005\\\/06\\\/eglise-mondiale-la-session-une-celebration-de-foi-de-diversite-avance-paulsen\\\/\",\"name\":\"Eglise Mondiale:\u00a0\u00a0La Session une C\u00e9l\u00e9bration de Foi, de Diversit\u00e9, Avance Paulsen\u00a0 - \u00c9glise Adventiste Du Septieme Jour - Inter Am\u00e9rique Division\",\"isPartOf\":{\"@id\":\"https:\\\/\\\/interamerica.org\\\/fr\\\/#website\"},\"datePublished\":\"2005-06-29T04:00:00+00:00\",\"dateModified\":\"2017-06-02T17:19:14+00:00\",\"author\":{\"@id\":\"https:\\\/\\\/interamerica.org\\\/fr\\\/#\\\/schema\\\/person\\\/68ede8bdc292885bb76c1e3810e73c39\"},\"breadcrumb\":{\"@id\":\"https:\\\/\\\/interamerica.org\\\/fr\\\/2005\\\/06\\\/eglise-mondiale-la-session-une-celebration-de-foi-de-diversite-avance-paulsen\\\/#breadcrumb\"},\"inLanguage\":\"fr-FR\",\"potentialAction\":[{\"@type\":\"ReadAction\",\"target\":[\"https:\\\/\\\/interamerica.org\\\/fr\\\/2005\\\/06\\\/eglise-mondiale-la-session-une-celebration-de-foi-de-diversite-avance-paulsen\\\/\"]}]},{\"@type\":\"BreadcrumbList\",\"@id\":\"https:\\\/\\\/interamerica.org\\\/fr\\\/2005\\\/06\\\/eglise-mondiale-la-session-une-celebration-de-foi-de-diversite-avance-paulsen\\\/#breadcrumb\",\"itemListElement\":[{\"@type\":\"ListItem\",\"position\":1,\"name\":\"Home\",\"item\":\"https:\\\/\\\/interamerica.org\\\/fr\\\/\"},{\"@type\":\"ListItem\",\"position\":2,\"name\":\"Eglise Mondiale:\u00a0\u00a0La Session une C\u00e9l\u00e9bration de Foi, de Diversit\u00e9, Avance Paulsen\u00a0\"}]},{\"@type\":\"WebSite\",\"@id\":\"https:\\\/\\\/interamerica.org\\\/fr\\\/#website\",\"url\":\"https:\\\/\\\/interamerica.org\\\/fr\\\/\",\"name\":\"\u00c9glise Adventiste Du Septieme Jour - Inter Am\u00e9rique Division\",\"description\":\"\",\"potentialAction\":[{\"@type\":\"SearchAction\",\"target\":{\"@type\":\"EntryPoint\",\"urlTemplate\":\"https:\\\/\\\/interamerica.org\\\/fr\\\/?s={search_term_string}\"},\"query-input\":{\"@type\":\"PropertyValueSpecification\",\"valueRequired\":true,\"valueName\":\"search_term_string\"}}],\"inLanguage\":\"fr-FR\"},{\"@type\":\"Person\",\"@id\":\"https:\\\/\\\/interamerica.org\\\/fr\\\/#\\\/schema\\\/person\\\/68ede8bdc292885bb76c1e3810e73c39\",\"name\":\"Lorenzo Verduzco\",\"image\":{\"@type\":\"ImageObject\",\"inLanguage\":\"fr-FR\",\"@id\":\"https:\\\/\\\/secure.gravatar.com\\\/avatar\\\/fb81a55b6218459490a9c1dc841a34909185b81904c5337b4b27f7a6fd60c49e?s=96&d=mm&r=g\",\"url\":\"https:\\\/\\\/secure.gravatar.com\\\/avatar\\\/fb81a55b6218459490a9c1dc841a34909185b81904c5337b4b27f7a6fd60c49e?s=96&d=mm&r=g\",\"contentUrl\":\"https:\\\/\\\/secure.gravatar.com\\\/avatar\\\/fb81a55b6218459490a9c1dc841a34909185b81904c5337b4b27f7a6fd60c49e?s=96&d=mm&r=g\",\"caption\":\"Lorenzo Verduzco\"}}]}<\/script>\n<!-- \/ Yoast SEO plugin. -->","yoast_head_json":{"title":"Eglise Mondiale:\u00a0\u00a0La Session une C\u00e9l\u00e9bration de Foi, de Diversit\u00e9, Avance Paulsen\u00a0 - \u00c9glise Adventiste Du Septieme Jour - Inter Am\u00e9rique Division","robots":{"index":"index","follow":"follow","max-snippet":"max-snippet:-1","max-image-preview":"max-image-preview:large","max-video-preview":"max-video-preview:-1"},"canonical":"https:\/\/interamerica.org\/fr\/2005\/06\/eglise-mondiale-la-session-une-celebration-de-foi-de-diversite-avance-paulsen\/","og_locale":"fr_FR","og_type":"article","og_title":"Eglise Mondiale:\u00a0\u00a0La Session une C\u00e9l\u00e9bration de Foi, de Diversit\u00e9, Avance Paulsen\u00a0 - \u00c9glise Adventiste Du Septieme Jour - Inter Am\u00e9rique Division","og_description":"\"Il est tr\u00e8s important que nous ayons le temps pour adorer ensemble et c\u00e9l\u00e9brer l'incroyable diversit\u00e9 de l'\u00e9glise,...","og_url":"https:\/\/interamerica.org\/fr\/2005\/06\/eglise-mondiale-la-session-une-celebration-de-foi-de-diversite-avance-paulsen\/","og_site_name":"\u00c9glise Adventiste Du Septieme Jour - Inter Am\u00e9rique Division","article_published_time":"2005-06-29T04:00:00+00:00","article_modified_time":"2017-06-02T17:19:14+00:00","author":"Lorenzo Verduzco","twitter_card":"summary_large_image","twitter_misc":{"\u00c9crit par":"Lorenzo Verduzco","Dur\u00e9e de lecture estim\u00e9e":"4 minutes"},"schema":{"@context":"https:\/\/schema.org","@graph":[{"@type":"Article","@id":"https:\/\/interamerica.org\/fr\/2005\/06\/eglise-mondiale-la-session-une-celebration-de-foi-de-diversite-avance-paulsen\/#article","isPartOf":{"@id":"https:\/\/interamerica.org\/fr\/2005\/06\/eglise-mondiale-la-session-une-celebration-de-foi-de-diversite-avance-paulsen\/"},"author":{"name":"Lorenzo Verduzco","@id":"https:\/\/interamerica.org\/fr\/#\/schema\/person\/68ede8bdc292885bb76c1e3810e73c39"},"headline":"Eglise Mondiale:\u00a0\u00a0La Session une C\u00e9l\u00e9bration de Foi, de Diversit\u00e9, Avance Paulsen\u00a0","datePublished":"2005-06-29T04:00:00+00:00","dateModified":"2017-06-02T17:19:14+00:00","mainEntityOfPage":{"@id":"https:\/\/interamerica.org\/fr\/2005\/06\/eglise-mondiale-la-session-une-celebration-de-foi-de-diversite-avance-paulsen\/"},"wordCount":810,"articleSection":["Archive"],"inLanguage":"fr-FR"},{"@type":"WebPage","@id":"https:\/\/interamerica.org\/fr\/2005\/06\/eglise-mondiale-la-session-une-celebration-de-foi-de-diversite-avance-paulsen\/","url":"https:\/\/interamerica.org\/fr\/2005\/06\/eglise-mondiale-la-session-une-celebration-de-foi-de-diversite-avance-paulsen\/","name":"Eglise Mondiale:\u00a0\u00a0La Session une C\u00e9l\u00e9bration de Foi, de Diversit\u00e9, Avance Paulsen\u00a0 - \u00c9glise Adventiste Du Septieme Jour - Inter Am\u00e9rique Division","isPartOf":{"@id":"https:\/\/interamerica.org\/fr\/#website"},"datePublished":"2005-06-29T04:00:00+00:00","dateModified":"2017-06-02T17:19:14+00:00","author":{"@id":"https:\/\/interamerica.org\/fr\/#\/schema\/person\/68ede8bdc292885bb76c1e3810e73c39"},"breadcrumb":{"@id":"https:\/\/interamerica.org\/fr\/2005\/06\/eglise-mondiale-la-session-une-celebration-de-foi-de-diversite-avance-paulsen\/#breadcrumb"},"inLanguage":"fr-FR","potentialAction":[{"@type":"ReadAction","target":["https:\/\/interamerica.org\/fr\/2005\/06\/eglise-mondiale-la-session-une-celebration-de-foi-de-diversite-avance-paulsen\/"]}]},{"@type":"BreadcrumbList","@id":"https:\/\/interamerica.org\/fr\/2005\/06\/eglise-mondiale-la-session-une-celebration-de-foi-de-diversite-avance-paulsen\/#breadcrumb","itemListElement":[{"@type":"ListItem","position":1,"name":"Home","item":"https:\/\/interamerica.org\/fr\/"},{"@type":"ListItem","position":2,"name":"Eglise Mondiale:\u00a0\u00a0La Session une C\u00e9l\u00e9bration de Foi, de Diversit\u00e9, Avance Paulsen\u00a0"}]},{"@type":"WebSite","@id":"https:\/\/interamerica.org\/fr\/#website","url":"https:\/\/interamerica.org\/fr\/","name":"\u00c9glise Adventiste Du Septieme Jour - Inter Am\u00e9rique Division","description":"","potentialAction":[{"@type":"SearchAction","target":{"@type":"EntryPoint","urlTemplate":"https:\/\/interamerica.org\/fr\/?s={search_term_string}"},"query-input":{"@type":"PropertyValueSpecification","valueRequired":true,"valueName":"search_term_string"}}],"inLanguage":"fr-FR"},{"@type":"Person","@id":"https:\/\/interamerica.org\/fr\/#\/schema\/person\/68ede8bdc292885bb76c1e3810e73c39","name":"Lorenzo Verduzco","image":{"@type":"ImageObject","inLanguage":"fr-FR","@id":"https:\/\/secure.gravatar.com\/avatar\/fb81a55b6218459490a9c1dc841a34909185b81904c5337b4b27f7a6fd60c49e?s=96&d=mm&r=g","url":"https:\/\/secure.gravatar.com\/avatar\/fb81a55b6218459490a9c1dc841a34909185b81904c5337b4b27f7a6fd60c49e?s=96&d=mm&r=g","contentUrl":"https:\/\/secure.gravatar.com\/avatar\/fb81a55b6218459490a9c1dc841a34909185b81904c5337b4b27f7a6fd60c49e?s=96&d=mm&r=g","caption":"Lorenzo Verduzco"}}]}},"_links":{"self":[{"href":"https:\/\/interamerica.org\/fr\/wp-json\/wp\/v2\/posts\/12375","targetHints":{"allow":["GET"]}}],"collection":[{"href":"https:\/\/interamerica.org\/fr\/wp-json\/wp\/v2\/posts"}],"about":[{"href":"https:\/\/interamerica.org\/fr\/wp-json\/wp\/v2\/types\/post"}],"author":[{"embeddable":true,"href":"https:\/\/interamerica.org\/fr\/wp-json\/wp\/v2\/users\/1"}],"replies":[{"embeddable":true,"href":"https:\/\/interamerica.org\/fr\/wp-json\/wp\/v2\/comments?post=12375"}],"version-history":[{"count":0,"href":"https:\/\/interamerica.org\/fr\/wp-json\/wp\/v2\/posts\/12375\/revisions"}],"wp:attachment":[{"href":"https:\/\/interamerica.org\/fr\/wp-json\/wp\/v2\/media?parent=12375"}],"wp:term":[{"taxonomy":"category","embeddable":true,"href":"https:\/\/interamerica.org\/fr\/wp-json\/wp\/v2\/categories?post=12375"},{"taxonomy":"post_tag","embeddable":true,"href":"https:\/\/interamerica.org\/fr\/wp-json\/wp\/v2\/tags?post=12375"}],"curies":[{"name":"wp","href":"https:\/\/api.w.org\/{rel}","templated":true}]}}