{"id":12378,"date":"2005-06-30T00:00:00","date_gmt":"2005-06-30T04:00:00","guid":{"rendered":"http:\/\/192.81.217.108\/interamerica\/2005\/06\/les-delegues-de-linter-amerique-se-reunissent-pour-elire-les-membres-du-comite-de-nomination\/"},"modified":"2017-06-02T13:19:12","modified_gmt":"2017-06-02T17:19:12","slug":"les-delegues-de-linter-amerique-se-reunissent-pour-elire-les-membres-du-comite-de-nomination","status":"publish","type":"post","link":"https:\/\/interamerica.org\/fr\/2005\/06\/les-delegues-de-linter-amerique-se-reunissent-pour-elire-les-membres-du-comite-de-nomination\/","title":{"rendered":"Les D\u00e9l\u00e9gu\u00e9s de l&rsquo;Inter-Am\u00e9rique Se r\u00e9unissent Pour \u00c9lire les Membres du Comit\u00e9 de Nomination"},"content":{"rendered":"<p>St. Louis, Missouri, Etats-Unis<\/p>\n<p>L&rsquo;un des travaux importants \u00e0 r\u00e9aliser durant les r\u00e9unions administratives de la 58\u00e8me Session de Conf\u00e9rence G\u00e9n\u00e9rale des \u00c9glises Adventistes du Septi\u00e8me Jour est l&rsquo;\u00e9lection des dirigeants de l&rsquo;\u00e9glise mondiale pour les cinq ann\u00e9es \u00e0 venir. Aujourd&rsquo;hui les 13 divisions r\u00e9gionales de l&rsquo;\u00e9glise mondiale se r\u00e9unissent en comit\u00e9s \u00e9lectoraux respectifs pour nommer leurs d\u00e9l\u00e9gu\u00e9s au comit\u00e9 de nomination. L&rsquo;Inter-Am\u00e9rique, avec ses 250 d\u00e9l\u00e9gu\u00e9s sur les 2,000 participant \u00e0 la session, a fait ce chois le 30 juin 2005.<\/p>\n<p>Pasteur Isra\u00ebl Le\u00efto, pr\u00e9sident de l&rsquo;\u00e9glise en Inter-Am\u00e9rique, a eu une r\u00e9union avec la d\u00e9l\u00e9gation de la IAD pour expliquer et discuter des proc\u00e9dures pr\u00e9c\u00e9demment vot\u00e9es pour nommer les 25 d\u00e9l\u00e9gu\u00e9s qui repr\u00e9senteront les 2.5 millions de membres dans le comit\u00e9 de nomination.<\/p>\n<p>\u00ab\u00a0Pour que toutes les unions soient repr\u00e9sent\u00e9es, vu que le nombre de membres de nos unions varie entre 273,506 et 23,000 et voulant que toutes s&rsquo;expriment, tous les pr\u00e9sidents d&rsquo;union feront partie du comit\u00e9 de nomination,\u00a0\u00bb a dit Pasteur Le\u00efto.<\/p>\n<p>Les 25 d\u00e9l\u00e9gu\u00e9s sont compos\u00e9s de 15 pr\u00e9sidents d&rsquo;union, d&rsquo;un d&rsquo;une institution et de 9 d\u00e9l\u00e9gu\u00e9s suppl\u00e9mentaires.<\/p>\n<p>Le pasteur Le\u00efto a continu\u00e9 disant que toutes les unions ayant le plus grand nombre de membres pourront avoir un d\u00e9l\u00e9gu\u00e9 suppl\u00e9mentaire, qui sera choisi parmi les la\u00efcs, les femmes, les pasteurs et les administrateurs de f\u00e9d\u00e9rations, comme pr\u00e9c\u00e9demment vot\u00e9 par la Comit\u00e9 ex\u00e9cutif de la Division.<\/p>\n<p>Les unions ayant droit \u00e0 un d\u00e9l\u00e9gu\u00e9 suppl\u00e9mentaire sont : Cara\u00efbe, Colombienne, Dominicaine, Ha\u00eftienne, Mi Am\u00e9rique Centrale, Nord Am\u00e9rique central, Sud Am\u00e9rique Centrale, Mexicaine du Sud et Indes Occidentales.<\/p>\n<p>Une fois que chaque union aura d\u00e9termin\u00e9 son d\u00e9l\u00e9gu\u00e9 suppl\u00e9mentaire, tous les 25 noms seront soumis au Secr\u00e9taire de la Conf\u00e9rence G\u00e9n\u00e9rale avant la fin de la journ\u00e9e pour que le processus d&rsquo;\u00e9lection des dirigeants de l&rsquo;\u00e9glise mondiale continue.<\/p>\n<p>Le pasteur Le\u00efto a mis fin \u00e0 la r\u00e9union, en expliquant que mercredi prochain, 6 juillet, le comit\u00e9 de nomination de la IAD sera nomm\u00e9e en vue d&rsquo;\u00e9lire le reste du personnel de la Division, une fois que les administrateurs de la IAD auront \u00e9t\u00e9 \u00e9lus. Apr\u00e8s que les noms auront \u00e9t\u00e9 soumis par le comit\u00e9 de nomination de l&rsquo;IAD, les d\u00e9l\u00e9gu\u00e9s de la Division \u00e9lieront les directeurs de d\u00e9partements.<\/p>\n","protected":false},"excerpt":{"rendered":"<p>L&rsquo;un des travaux importants \u00e0 r\u00e9aliser durant les r\u00e9unions administratives de la 58\u00e8me Session de Conf\u00e9rence G\u00e9n\u00e9rale des \u00c9glises Adventistes du Septi\u00e8me Jour est l&rsquo;\u00e9lection des dirigeants de l&rsquo;\u00e9glise mondiale pour les cinq ann\u00e9es &#038;<\/p>\n","protected":false},"author":1,"featured_media":0,"comment_status":"closed","ping_status":"closed","sticky":false,"template":"","format":"standard","meta":{"_acf_changed":false,"footnotes":""},"categories":[9],"tags":[],"class_list":["post-12378","post","type-post","status-publish","format-standard","hentry","category-archive-fr"],"acf":[],"yoast_head":"<!-- This site is optimized with the Yoast SEO plugin v27.3 - https:\/\/yoast.com\/product\/yoast-seo-wordpress\/ -->\n<title>Les D\u00e9l\u00e9gu\u00e9s de l&#039;Inter-Am\u00e9rique Se r\u00e9unissent Pour \u00c9lire les Membres du Comit\u00e9 de Nomination - \u00c9glise Adventiste Du Septieme Jour - Inter Am\u00e9rique Division<\/title>\n<meta name=\"robots\" content=\"index, follow, max-snippet:-1, max-image-preview:large, max-video-preview:-1\" \/>\n<link rel=\"canonical\" href=\"https:\/\/interamerica.org\/fr\/2005\/06\/les-delegues-de-linter-amerique-se-reunissent-pour-elire-les-membres-du-comite-de-nomination\/\" \/>\n<meta property=\"og:locale\" content=\"fr_FR\" \/>\n<meta property=\"og:type\" content=\"article\" \/>\n<meta property=\"og:title\" content=\"Les D\u00e9l\u00e9gu\u00e9s de l&#039;Inter-Am\u00e9rique Se r\u00e9unissent Pour \u00c9lire les Membres du Comit\u00e9 de Nomination - \u00c9glise Adventiste Du Septieme Jour - Inter Am\u00e9rique Division\" \/>\n<meta property=\"og:description\" content=\"L&#039;un des travaux importants \u00e0 r\u00e9aliser durant les r\u00e9unions administratives de la 58\u00e8me Session de Conf\u00e9rence G\u00e9n\u00e9rale des \u00c9glises Adventistes du Septi\u00e8me Jour est l&#039;\u00e9lection des dirigeants de l&#039;\u00e9glise mondiale pour les cinq ann\u00e9es &amp;\" \/>\n<meta property=\"og:url\" content=\"https:\/\/interamerica.org\/fr\/2005\/06\/les-delegues-de-linter-amerique-se-reunissent-pour-elire-les-membres-du-comite-de-nomination\/\" \/>\n<meta property=\"og:site_name\" content=\"\u00c9glise Adventiste Du Septieme Jour - Inter Am\u00e9rique Division\" \/>\n<meta property=\"article:published_time\" content=\"2005-06-30T04:00:00+00:00\" \/>\n<meta property=\"article:modified_time\" content=\"2017-06-02T17:19:12+00:00\" \/>\n<meta name=\"author\" content=\"Lorenzo Verduzco\" \/>\n<meta name=\"twitter:card\" content=\"summary_large_image\" \/>\n<meta name=\"twitter:label1\" content=\"\u00c9crit par\" \/>\n\t<meta name=\"twitter:data1\" content=\"Lorenzo Verduzco\" \/>\n\t<meta name=\"twitter:label2\" content=\"Dur\u00e9e de lecture estim\u00e9e\" \/>\n\t<meta name=\"twitter:data2\" content=\"2 minutes\" \/>\n<script type=\"application\/ld+json\" class=\"yoast-schema-graph\">{\"@context\":\"https:\\\/\\\/schema.org\",\"@graph\":[{\"@type\":\"Article\",\"@id\":\"https:\\\/\\\/interamerica.org\\\/fr\\\/2005\\\/06\\\/les-delegues-de-linter-amerique-se-reunissent-pour-elire-les-membres-du-comite-de-nomination\\\/#article\",\"isPartOf\":{\"@id\":\"https:\\\/\\\/interamerica.org\\\/fr\\\/2005\\\/06\\\/les-delegues-de-linter-amerique-se-reunissent-pour-elire-les-membres-du-comite-de-nomination\\\/\"},\"author\":{\"name\":\"Lorenzo Verduzco\",\"@id\":\"https:\\\/\\\/interamerica.org\\\/fr\\\/#\\\/schema\\\/person\\\/68ede8bdc292885bb76c1e3810e73c39\"},\"headline\":\"Les D\u00e9l\u00e9gu\u00e9s de l&rsquo;Inter-Am\u00e9rique Se r\u00e9unissent Pour \u00c9lire les Membres du Comit\u00e9 de Nomination\",\"datePublished\":\"2005-06-30T04:00:00+00:00\",\"dateModified\":\"2017-06-02T17:19:12+00:00\",\"mainEntityOfPage\":{\"@id\":\"https:\\\/\\\/interamerica.org\\\/fr\\\/2005\\\/06\\\/les-delegues-de-linter-amerique-se-reunissent-pour-elire-les-membres-du-comite-de-nomination\\\/\"},\"wordCount\":463,\"articleSection\":[\"Archive\"],\"inLanguage\":\"fr-FR\"},{\"@type\":\"WebPage\",\"@id\":\"https:\\\/\\\/interamerica.org\\\/fr\\\/2005\\\/06\\\/les-delegues-de-linter-amerique-se-reunissent-pour-elire-les-membres-du-comite-de-nomination\\\/\",\"url\":\"https:\\\/\\\/interamerica.org\\\/fr\\\/2005\\\/06\\\/les-delegues-de-linter-amerique-se-reunissent-pour-elire-les-membres-du-comite-de-nomination\\\/\",\"name\":\"Les D\u00e9l\u00e9gu\u00e9s de l'Inter-Am\u00e9rique Se r\u00e9unissent Pour \u00c9lire les Membres du Comit\u00e9 de Nomination - \u00c9glise Adventiste Du Septieme Jour - Inter Am\u00e9rique Division\",\"isPartOf\":{\"@id\":\"https:\\\/\\\/interamerica.org\\\/fr\\\/#website\"},\"datePublished\":\"2005-06-30T04:00:00+00:00\",\"dateModified\":\"2017-06-02T17:19:12+00:00\",\"author\":{\"@id\":\"https:\\\/\\\/interamerica.org\\\/fr\\\/#\\\/schema\\\/person\\\/68ede8bdc292885bb76c1e3810e73c39\"},\"breadcrumb\":{\"@id\":\"https:\\\/\\\/interamerica.org\\\/fr\\\/2005\\\/06\\\/les-delegues-de-linter-amerique-se-reunissent-pour-elire-les-membres-du-comite-de-nomination\\\/#breadcrumb\"},\"inLanguage\":\"fr-FR\",\"potentialAction\":[{\"@type\":\"ReadAction\",\"target\":[\"https:\\\/\\\/interamerica.org\\\/fr\\\/2005\\\/06\\\/les-delegues-de-linter-amerique-se-reunissent-pour-elire-les-membres-du-comite-de-nomination\\\/\"]}]},{\"@type\":\"BreadcrumbList\",\"@id\":\"https:\\\/\\\/interamerica.org\\\/fr\\\/2005\\\/06\\\/les-delegues-de-linter-amerique-se-reunissent-pour-elire-les-membres-du-comite-de-nomination\\\/#breadcrumb\",\"itemListElement\":[{\"@type\":\"ListItem\",\"position\":1,\"name\":\"Home\",\"item\":\"https:\\\/\\\/interamerica.org\\\/fr\\\/\"},{\"@type\":\"ListItem\",\"position\":2,\"name\":\"Les D\u00e9l\u00e9gu\u00e9s de l&rsquo;Inter-Am\u00e9rique Se r\u00e9unissent Pour \u00c9lire les Membres du Comit\u00e9 de Nomination\"}]},{\"@type\":\"WebSite\",\"@id\":\"https:\\\/\\\/interamerica.org\\\/fr\\\/#website\",\"url\":\"https:\\\/\\\/interamerica.org\\\/fr\\\/\",\"name\":\"\u00c9glise Adventiste Du Septieme Jour - Inter Am\u00e9rique Division\",\"description\":\"\",\"potentialAction\":[{\"@type\":\"SearchAction\",\"target\":{\"@type\":\"EntryPoint\",\"urlTemplate\":\"https:\\\/\\\/interamerica.org\\\/fr\\\/?s={search_term_string}\"},\"query-input\":{\"@type\":\"PropertyValueSpecification\",\"valueRequired\":true,\"valueName\":\"search_term_string\"}}],\"inLanguage\":\"fr-FR\"},{\"@type\":\"Person\",\"@id\":\"https:\\\/\\\/interamerica.org\\\/fr\\\/#\\\/schema\\\/person\\\/68ede8bdc292885bb76c1e3810e73c39\",\"name\":\"Lorenzo Verduzco\",\"image\":{\"@type\":\"ImageObject\",\"inLanguage\":\"fr-FR\",\"@id\":\"https:\\\/\\\/secure.gravatar.com\\\/avatar\\\/fb81a55b6218459490a9c1dc841a34909185b81904c5337b4b27f7a6fd60c49e?s=96&d=mm&r=g\",\"url\":\"https:\\\/\\\/secure.gravatar.com\\\/avatar\\\/fb81a55b6218459490a9c1dc841a34909185b81904c5337b4b27f7a6fd60c49e?s=96&d=mm&r=g\",\"contentUrl\":\"https:\\\/\\\/secure.gravatar.com\\\/avatar\\\/fb81a55b6218459490a9c1dc841a34909185b81904c5337b4b27f7a6fd60c49e?s=96&d=mm&r=g\",\"caption\":\"Lorenzo Verduzco\"}}]}<\/script>\n<!-- \/ Yoast SEO plugin. -->","yoast_head_json":{"title":"Les D\u00e9l\u00e9gu\u00e9s de l'Inter-Am\u00e9rique Se r\u00e9unissent Pour \u00c9lire les Membres du Comit\u00e9 de Nomination - \u00c9glise Adventiste Du Septieme Jour - Inter Am\u00e9rique Division","robots":{"index":"index","follow":"follow","max-snippet":"max-snippet:-1","max-image-preview":"max-image-preview:large","max-video-preview":"max-video-preview:-1"},"canonical":"https:\/\/interamerica.org\/fr\/2005\/06\/les-delegues-de-linter-amerique-se-reunissent-pour-elire-les-membres-du-comite-de-nomination\/","og_locale":"fr_FR","og_type":"article","og_title":"Les D\u00e9l\u00e9gu\u00e9s de l'Inter-Am\u00e9rique Se r\u00e9unissent Pour \u00c9lire les Membres du Comit\u00e9 de Nomination - \u00c9glise Adventiste Du Septieme Jour - Inter Am\u00e9rique Division","og_description":"L'un des travaux importants \u00e0 r\u00e9aliser durant les r\u00e9unions administratives de la 58\u00e8me Session de Conf\u00e9rence G\u00e9n\u00e9rale des \u00c9glises Adventistes du Septi\u00e8me Jour est l'\u00e9lection des dirigeants de l'\u00e9glise mondiale pour les cinq ann\u00e9es &","og_url":"https:\/\/interamerica.org\/fr\/2005\/06\/les-delegues-de-linter-amerique-se-reunissent-pour-elire-les-membres-du-comite-de-nomination\/","og_site_name":"\u00c9glise Adventiste Du Septieme Jour - Inter Am\u00e9rique Division","article_published_time":"2005-06-30T04:00:00+00:00","article_modified_time":"2017-06-02T17:19:12+00:00","author":"Lorenzo Verduzco","twitter_card":"summary_large_image","twitter_misc":{"\u00c9crit par":"Lorenzo Verduzco","Dur\u00e9e de lecture estim\u00e9e":"2 minutes"},"schema":{"@context":"https:\/\/schema.org","@graph":[{"@type":"Article","@id":"https:\/\/interamerica.org\/fr\/2005\/06\/les-delegues-de-linter-amerique-se-reunissent-pour-elire-les-membres-du-comite-de-nomination\/#article","isPartOf":{"@id":"https:\/\/interamerica.org\/fr\/2005\/06\/les-delegues-de-linter-amerique-se-reunissent-pour-elire-les-membres-du-comite-de-nomination\/"},"author":{"name":"Lorenzo Verduzco","@id":"https:\/\/interamerica.org\/fr\/#\/schema\/person\/68ede8bdc292885bb76c1e3810e73c39"},"headline":"Les D\u00e9l\u00e9gu\u00e9s de l&rsquo;Inter-Am\u00e9rique Se r\u00e9unissent Pour \u00c9lire les Membres du Comit\u00e9 de Nomination","datePublished":"2005-06-30T04:00:00+00:00","dateModified":"2017-06-02T17:19:12+00:00","mainEntityOfPage":{"@id":"https:\/\/interamerica.org\/fr\/2005\/06\/les-delegues-de-linter-amerique-se-reunissent-pour-elire-les-membres-du-comite-de-nomination\/"},"wordCount":463,"articleSection":["Archive"],"inLanguage":"fr-FR"},{"@type":"WebPage","@id":"https:\/\/interamerica.org\/fr\/2005\/06\/les-delegues-de-linter-amerique-se-reunissent-pour-elire-les-membres-du-comite-de-nomination\/","url":"https:\/\/interamerica.org\/fr\/2005\/06\/les-delegues-de-linter-amerique-se-reunissent-pour-elire-les-membres-du-comite-de-nomination\/","name":"Les D\u00e9l\u00e9gu\u00e9s de l'Inter-Am\u00e9rique Se r\u00e9unissent Pour \u00c9lire les Membres du Comit\u00e9 de Nomination - \u00c9glise Adventiste Du Septieme Jour - Inter Am\u00e9rique Division","isPartOf":{"@id":"https:\/\/interamerica.org\/fr\/#website"},"datePublished":"2005-06-30T04:00:00+00:00","dateModified":"2017-06-02T17:19:12+00:00","author":{"@id":"https:\/\/interamerica.org\/fr\/#\/schema\/person\/68ede8bdc292885bb76c1e3810e73c39"},"breadcrumb":{"@id":"https:\/\/interamerica.org\/fr\/2005\/06\/les-delegues-de-linter-amerique-se-reunissent-pour-elire-les-membres-du-comite-de-nomination\/#breadcrumb"},"inLanguage":"fr-FR","potentialAction":[{"@type":"ReadAction","target":["https:\/\/interamerica.org\/fr\/2005\/06\/les-delegues-de-linter-amerique-se-reunissent-pour-elire-les-membres-du-comite-de-nomination\/"]}]},{"@type":"BreadcrumbList","@id":"https:\/\/interamerica.org\/fr\/2005\/06\/les-delegues-de-linter-amerique-se-reunissent-pour-elire-les-membres-du-comite-de-nomination\/#breadcrumb","itemListElement":[{"@type":"ListItem","position":1,"name":"Home","item":"https:\/\/interamerica.org\/fr\/"},{"@type":"ListItem","position":2,"name":"Les D\u00e9l\u00e9gu\u00e9s de l&rsquo;Inter-Am\u00e9rique Se r\u00e9unissent Pour \u00c9lire les Membres du Comit\u00e9 de Nomination"}]},{"@type":"WebSite","@id":"https:\/\/interamerica.org\/fr\/#website","url":"https:\/\/interamerica.org\/fr\/","name":"\u00c9glise Adventiste Du Septieme Jour - Inter Am\u00e9rique Division","description":"","potentialAction":[{"@type":"SearchAction","target":{"@type":"EntryPoint","urlTemplate":"https:\/\/interamerica.org\/fr\/?s={search_term_string}"},"query-input":{"@type":"PropertyValueSpecification","valueRequired":true,"valueName":"search_term_string"}}],"inLanguage":"fr-FR"},{"@type":"Person","@id":"https:\/\/interamerica.org\/fr\/#\/schema\/person\/68ede8bdc292885bb76c1e3810e73c39","name":"Lorenzo Verduzco","image":{"@type":"ImageObject","inLanguage":"fr-FR","@id":"https:\/\/secure.gravatar.com\/avatar\/fb81a55b6218459490a9c1dc841a34909185b81904c5337b4b27f7a6fd60c49e?s=96&d=mm&r=g","url":"https:\/\/secure.gravatar.com\/avatar\/fb81a55b6218459490a9c1dc841a34909185b81904c5337b4b27f7a6fd60c49e?s=96&d=mm&r=g","contentUrl":"https:\/\/secure.gravatar.com\/avatar\/fb81a55b6218459490a9c1dc841a34909185b81904c5337b4b27f7a6fd60c49e?s=96&d=mm&r=g","caption":"Lorenzo Verduzco"}}]}},"_links":{"self":[{"href":"https:\/\/interamerica.org\/fr\/wp-json\/wp\/v2\/posts\/12378","targetHints":{"allow":["GET"]}}],"collection":[{"href":"https:\/\/interamerica.org\/fr\/wp-json\/wp\/v2\/posts"}],"about":[{"href":"https:\/\/interamerica.org\/fr\/wp-json\/wp\/v2\/types\/post"}],"author":[{"embeddable":true,"href":"https:\/\/interamerica.org\/fr\/wp-json\/wp\/v2\/users\/1"}],"replies":[{"embeddable":true,"href":"https:\/\/interamerica.org\/fr\/wp-json\/wp\/v2\/comments?post=12378"}],"version-history":[{"count":0,"href":"https:\/\/interamerica.org\/fr\/wp-json\/wp\/v2\/posts\/12378\/revisions"}],"wp:attachment":[{"href":"https:\/\/interamerica.org\/fr\/wp-json\/wp\/v2\/media?parent=12378"}],"wp:term":[{"taxonomy":"category","embeddable":true,"href":"https:\/\/interamerica.org\/fr\/wp-json\/wp\/v2\/categories?post=12378"},{"taxonomy":"post_tag","embeddable":true,"href":"https:\/\/interamerica.org\/fr\/wp-json\/wp\/v2\/tags?post=12378"}],"curies":[{"name":"wp","href":"https:\/\/api.w.org\/{rel}","templated":true}]}}