{"id":123797,"date":"2025-01-14T10:15:50","date_gmt":"2025-01-14T15:15:50","guid":{"rendered":"https:\/\/interamerica.org\/?p=123797"},"modified":"2025-01-15T13:38:35","modified_gmt":"2025-01-15T18:38:35","slug":"adra-et-les-sca-unissent-leurs-forces-pour-offrir-du-secours-en-californie","status":"publish","type":"post","link":"https:\/\/interamerica.org\/fr\/2025\/01\/adra-et-les-sca-unissent-leurs-forces-pour-offrir-du-secours-en-californie\/","title":{"rendered":"ADRA et les SCA unissent leurs forces pour offrir du secours en Californie"},"content":{"rendered":"<p><i><span style=\"font-weight: 400;\">Un partenariat avec les Services communautaires adventistes profitent aux communaut\u00e9s de la Californie.<\/span><\/i><\/p>\n<p><span style=\"font-weight: 400;\">Le 14 janvier 2025 | Silver Spring, Maryland, \u00c9tats-Unis | ADRA International<\/span><\/p>\n<p><span style=\"font-weight: 400;\">L\u2019Agence de d\u00e9veloppement et de secours adventiste (ADRA) collabore avec les Services communautaires adventistes (SCA) pour soutenir les communaut\u00e9s californiennes gravement affect\u00e9es par les incendies actuellement en cours dans le comt\u00e9 de Los Angeles, aux \u00c9tats-Unis.<\/span><\/p>\n<p><span style=\"font-weight: 400;\">L\u2019incendie de Pacific Palisades, s\u2019est d\u00e9clar\u00e9 le mardi 7 janvier dernier, s\u2019est rapidement propag\u00e9, allumant de multiples brasiers dans diverses communaut\u00e9s de la grande r\u00e9gion de Los Angeles, y compris Eaton, la zone de Sunset\/Runyon Canyon de Hollywood Hills et la zone de Kenneth de Woodland Hills. Ces incendies sont devenus les feux les plus destructeurs de l\u2019histoire de Los Angeles.<\/span><\/p>\n<p><div id=\"attachment_123756\" style=\"width: 778px\" class=\"wp-caption aligncenter\"><img fetchpriority=\"high\" decoding=\"async\" aria-describedby=\"caption-attachment-123756\" class=\"size-full wp-image-123755\" src=\"https:\/\/interamerica.org\/wp-content\/uploads\/2025\/01\/adra-cali-1.jpg\" alt=\"\" width=\"768\" height=\"579\" srcset=\"https:\/\/interamerica.org\/wp-content\/uploads\/2025\/01\/adra-cali-1.jpg 768w, https:\/\/interamerica.org\/wp-content\/uploads\/2025\/01\/adra-cali-1-300x226.jpg 300w\" sizes=\"(max-width: 768px) 100vw, 768px\" \/><p id=\"caption-attachment-123756\" class=\"wp-caption-text\"><span style=\"font-weight: 400;\">L\u2019Agence de secours et de d\u00e9veloppement adventiste (ADRA) collabore avec les Services communautaires adventistes (SCA) pour venir en aide aux communaut\u00e9s de la Californie qui sont gravement affect\u00e9es par les r\u00e9cents incendies dans le comt\u00e9 de Los Angeles, aux \u00c9tats-Unis. [Une photo de Pedro Orta]<\/span><\/p><\/div><span style=\"font-weight: 400;\">D\u2019apr\u00e8s les plus r\u00e9cents rapports, les feux demeurent non ma\u00eetris\u00e9s, ayant br\u00fbl\u00e9 plus de 39\u00a0000 acres (15 800 hectares) dans les diff\u00e9rentes zones incendi\u00e9es. Plus de 12\u00a0000 structures ont \u00e9t\u00e9 d\u00e9truites, y compris des maisons et des entreprises, et au moins 25 personnes ont tragiquement p\u00e9ri. Plus de 180\u00a0000 r\u00e9sidents ont \u00e9t\u00e9 forc\u00e9s d\u2019\u00e9vacuer leur foyer et de nombreuses personnes manquent \u00e0 l\u2019appel. Avec les ordres d\u2019\u00e9vacuation suppl\u00e9mentaire attendus, le bilan pourrait continuer de s\u2019alourdir au fur et \u00e0 mesure des \u00e9valuations des dommages. (*Les chiffres sont quotidiennement sujets au changement.)\u00a0<\/span><\/p>\n<p><span style=\"font-weight: 400;\">Les feux, aliment\u00e9s par les vents f\u00e9roces qui ont d\u00e9pass\u00e9 les 113 kilom\u00e8tres \u00e0 l\u2019heure, menacent d\u2019autres maisons, entreprises et communaut\u00e9s. Selon les chefs des services d\u2019incendie, les vents ont contribu\u00e9 \u00e0 la destruction rapide et tr\u00e8s \u00e9tendue, transformant des zones g\u00e9n\u00e9ralement \u00e9pargn\u00e9es par les feux de for\u00eat en sc\u00e8nes de d\u00e9vastation et causant des pannes d\u2019\u00e9lectricit\u00e9 g\u00e9n\u00e9ralis\u00e9es, affectant pr\u00e8s d\u2019un demi-million de r\u00e9sidents. <\/span><\/p>\n<p><div id=\"attachment_123750\" style=\"width: 510px\" class=\"wp-caption aligncenter\"><img decoding=\"async\" aria-describedby=\"caption-attachment-123750\" class=\"size-full wp-image-123749\" src=\"https:\/\/interamerica.org\/wp-content\/uploads\/2025\/01\/adra-cali-2.jpg\" alt=\"\" width=\"500\" height=\"667\" srcset=\"https:\/\/interamerica.org\/wp-content\/uploads\/2025\/01\/adra-cali-2.jpg 500w, https:\/\/interamerica.org\/wp-content\/uploads\/2025\/01\/adra-cali-2-225x300.jpg 225w\" sizes=\"(max-width: 500px) 100vw, 500px\" \/><p id=\"caption-attachment-123750\" class=\"wp-caption-text\"><span style=\"font-weight: 400;\">\u00ab\u00a0Nous prions pour les r\u00e9sidents de la Californie alors qu\u2019ils s\u2019efforcent de demeurer en s\u00e9curit\u00e9 et de reconstruire leur vie apr\u00e8s cette catastrophe d\u00e9vastatrice\u00a0\u00bb, a dit l\u2019un des dirigeants d\u2019ADRA. [Une photo de Pedro Orta]<\/span><\/p><\/div><span style=\"font-weight: 400;\">\u00ab\u00a0Nous prions pour les r\u00e9sidents de la Californie alors qu\u2019ils s\u2019efforcent de demeurer en s\u00e9curit\u00e9 et de reconstruire leur vie apr\u00e8s cette catastrophe d\u00e9vastatrice, a dit Imad Madanat, vice-pr\u00e9sident d\u2019ADRA International pour les affaires humanitaires. En pr\u00e9sence d\u2019une telle trag\u00e9die, il est essentiel pour nous d\u2019unir nos forces en tant que communaut\u00e9 chr\u00e9tienne mondiale. ADRA s\u2019engage \u00e0 travailler de pair avec les Services communautaires adventistes, et nous sommes reconnaissants pour l\u2019occasion d\u2019offrir de l\u2019aide imm\u00e9diate, de l\u2019espoir et du secours \u00e0 ceux qui ont subi d\u2019\u00e9normes pertes. Notre objectif principal consiste \u00e0 assurer aux familles et aux personnes affect\u00e9es un acc\u00e8s aux ressources essentielles dont elles ont besoin pour entamer leur parcours vers la reconstruction.\u00a0\u00bb<\/span><\/p>\n<p><span style=\"font-weight: 400;\">Dans un \u00e9nonc\u00e9 adress\u00e9 \u00e0 la Division nord-am\u00e9ricaine (DNA) de l\u2019\u00c9glise adventiste du septi\u00e8me jour, W. Derrick Lea, directeur des Services communautaires adventistes de la DNA, soulignait les efforts de collaboration en cours pour offrir un soutien essentiel aux populations affect\u00e9es par la crise.<\/span><\/p>\n<p><span style=\"font-weight: 400;\">\u00ab\u00a0Nous travaillons avec Leon Brown, directeur des SCA de l\u2019Union du Pacifique, pour soutenir les efforts d\u2019h\u00e9bergement. De plus\u2026 nos amis chez ADRA International travailleront avec les SCA de la DNA sur le plan financier pour soutenir cette \u0153uvre n\u00e9cessaire. Les besoins sont grands et n\u2019ont pas fini de cro\u00eetre.\u00a0\u00bb<\/span><\/p>\n<div id=\"attachment_123747\" style=\"width: 836px\" class=\"wp-caption aligncenter\"><img decoding=\"async\" aria-describedby=\"caption-attachment-123747\" class=\" wp-image-123746\" src=\"https:\/\/interamerica.org\/wp-content\/uploads\/2025\/01\/adra-cali-water.jpg\" alt=\"\" width=\"826\" height=\"658\" srcset=\"https:\/\/interamerica.org\/wp-content\/uploads\/2025\/01\/adra-cali-water.jpg 900w, https:\/\/interamerica.org\/wp-content\/uploads\/2025\/01\/adra-cali-water-300x239.jpg 300w, https:\/\/interamerica.org\/wp-content\/uploads\/2025\/01\/adra-cali-water-768x612.jpg 768w\" sizes=\"(max-width: 826px) 100vw, 826px\" \/><p id=\"caption-attachment-123747\" class=\"wp-caption-text\"><span style=\"font-weight: 400;\">L\u2019\u00c9glise adventiste du septi\u00e8me jour White Memorial, \u00e0 Los Angeles, se pr\u00e9pare \u00e0 offrir de l\u2019h\u00e9bergement et du soutien aux familles dans le besoin. [Une photo d\u2019\u00c1ngel Pereira]<\/span><\/p><\/div>\n<h3><b>Aide imm\u00e9diate et efforts de secours<\/b><\/h3>\n<p><span style=\"font-weight: 400;\">ADRA fournit actuellement une subvention d\u2019urgence aux SCA de l\u2019Union des f\u00e9d\u00e9rations du Pacifique pour soutenir les efforts de secours imm\u00e9diats et de reconstruction \u00e0 long terme. Les fonds serviront \u00e0 financer\u00a0:<\/span><\/p>\n<ul>\n<li style=\"font-weight: 400;\" aria-level=\"1\"><b>L\u2019h\u00e9bergement\u00a0:<\/b><span style=\"font-weight: 400;\"> Des \u00e9glises adventistes dans les r\u00e9gions affect\u00e9es sont converties en refuges d\u2019urgence pour les familles d\u00e9plac\u00e9es par les incendies. Ces \u00e9glises serviront de lieu s\u00fbr pour ceux qui ont perdu leur r\u00e9sidence et qui ne peuvent y retourner \u00e0 cause des feux qui font toujours rage.<\/span><\/li>\n<li style=\"font-weight: 400;\" aria-level=\"1\"><b>Des fournitures de secours\u00a0:<\/b><span style=\"font-weight: 400;\"> Des articles essentiels, comme de l\u2019eau, des couvertures, des lits de camp et des aliments pr\u00e9emball\u00e9s, seront distribu\u00e9s dans ces refuges pour donner aux familles un acc\u00e8s aux n\u00e9cessit\u00e9s de base en ces temps de crise.<\/span><\/li>\n<li style=\"font-weight: 400;\" aria-level=\"1\"><b>Des cartes cadeaux\u00a0:<\/b><span style=\"font-weight: 400;\"> Les SCA offriront des cartes cadeaux pour aider les personnes affect\u00e9es \u00e0 acheter d\u2019autres articles essentiels, leur offrant ainsi la flexibilit\u00e9 dont ils ont besoin pour surmonter les difficult\u00e9s de cette catastrophe.<\/span><\/li>\n<\/ul>\n<p><span style=\"font-weight: 400;\">Plusieurs \u00e9glises adventistes du septi\u00e8me jour ont ouvert leurs portes pour offrir h\u00e9bergement et \u00e9lectricit\u00e9 aux personnes affect\u00e9es par les incendies. Angel Pereira, pasteur adjoint de l\u2019\u00e9glise adventiste du septi\u00e8me jour White Memorial, a signal\u00e9 le fait que son \u00e9glise est pr\u00eate \u00e0 aider les familles d\u00e9plac\u00e9es. L\u2019\u00e9glise a ouvert ses portes au public afin de servir de refuge pour la communaut\u00e9 et a des lits disponibles.\u00a0<\/span><\/p>\n<p><span style=\"font-weight: 400;\">Selon le pasteur\u00a0Pereira, \u00ab\u00a0Nous sortons dans les rues, visitons d\u2019autres lieux d\u2019h\u00e9bergement et continuons de partager ce que nous avons re\u00e7u. C\u2019est pour cela que nous sommes l\u00e0\u00a0\u2014 pour un temps comme celui-ci.\u00a0\u00bb<\/span><\/p>\n<p><i><span style=\"font-weight: 400;\">La <\/span><\/i><a href=\"https:\/\/adra.org\/adra-joins-forces-with-adventist-community-services-acs-to-deliver-urgent-relief-to-california-communities-devastated-by-wildfires\"><i><span style=\"font-weight: 400;\">version originale<\/span><\/i><\/a><i><span style=\"font-weight: 400;\"> de cet article a \u00e9t\u00e9 publi\u00e9e par <\/span><\/i><a href=\"https:\/\/adra.org\/\"><i><span style=\"font-weight: 400;\">ADRA International<\/span><\/i><\/a><i><span style=\"font-weight: 400;\">.<\/span><\/i><\/p>\n<p><span style=\"font-weight: 400;\">Traduction\u00a0: Marie-Mich\u00e8le Robitaille<\/span><\/p>\n","protected":false},"excerpt":{"rendered":"<p>Un partenariat avec les Services communautaires adventistes profitent aux communaut\u00e9s de la Californie. Le 14 janvier 2025 | Silver Spring, Maryland, \u00c9tats-Unis | ADRA International L\u2019Agence de d\u00e9veloppement et de&#8230;<\/p>\n","protected":false},"author":3,"featured_media":123756,"comment_status":"closed","ping_status":"closed","sticky":false,"template":"","format":"standard","meta":{"_acf_changed":false,"footnotes":""},"categories":[18,19],"tags":[],"class_list":["post-123797","post","type-post","status-publish","format-standard","has-post-thumbnail","hentry","category-nouvelles-de-leglise-mondiale","category-rss-francais"],"acf":[],"yoast_head":"<!-- This site is optimized with the Yoast SEO plugin v27.3 - https:\/\/yoast.com\/product\/yoast-seo-wordpress\/ -->\n<title>ADRA et les SCA unissent leurs forces pour offrir du secours en Californie - \u00c9glise Adventiste Du Septieme Jour - Inter Am\u00e9rique Division<\/title>\n<meta name=\"robots\" content=\"index, follow, max-snippet:-1, max-image-preview:large, max-video-preview:-1\" \/>\n<link rel=\"canonical\" href=\"https:\/\/interamerica.org\/fr\/2025\/01\/adra-et-les-sca-unissent-leurs-forces-pour-offrir-du-secours-en-californie\/\" \/>\n<meta property=\"og:locale\" content=\"fr_FR\" \/>\n<meta property=\"og:type\" content=\"article\" \/>\n<meta property=\"og:title\" content=\"ADRA et les SCA unissent leurs forces pour offrir du secours en Californie - \u00c9glise Adventiste Du Septieme Jour - Inter Am\u00e9rique Division\" \/>\n<meta property=\"og:description\" content=\"Un partenariat avec les Services communautaires adventistes profitent aux communaut\u00e9s de la Californie. Le 14 janvier 2025 | Silver Spring, Maryland, \u00c9tats-Unis | ADRA International L\u2019Agence de d\u00e9veloppement et de...\" \/>\n<meta property=\"og:url\" content=\"https:\/\/interamerica.org\/fr\/2025\/01\/adra-et-les-sca-unissent-leurs-forces-pour-offrir-du-secours-en-californie\/\" \/>\n<meta property=\"og:site_name\" content=\"\u00c9glise Adventiste Du Septieme Jour - Inter Am\u00e9rique Division\" \/>\n<meta property=\"article:published_time\" content=\"2025-01-14T15:15:50+00:00\" \/>\n<meta property=\"article:modified_time\" content=\"2025-01-15T18:38:35+00:00\" \/>\n<meta property=\"og:image\" content=\"https:\/\/interamerica.org\/wp-content\/uploads\/2025\/01\/adra-cali-1.jpg\" \/>\n\t<meta property=\"og:image:width\" content=\"768\" \/>\n\t<meta property=\"og:image:height\" content=\"579\" \/>\n\t<meta property=\"og:image:type\" content=\"image\/jpeg\" \/>\n<meta name=\"author\" content=\"libna\" \/>\n<meta name=\"twitter:card\" content=\"summary_large_image\" \/>\n<meta name=\"twitter:label1\" content=\"\u00c9crit par\" \/>\n\t<meta name=\"twitter:data1\" content=\"libna\" \/>\n\t<meta name=\"twitter:label2\" content=\"Dur\u00e9e de lecture estim\u00e9e\" \/>\n\t<meta name=\"twitter:data2\" content=\"5 minutes\" \/>\n<script type=\"application\/ld+json\" class=\"yoast-schema-graph\">{\"@context\":\"https:\\\/\\\/schema.org\",\"@graph\":[{\"@type\":\"Article\",\"@id\":\"https:\\\/\\\/interamerica.org\\\/fr\\\/2025\\\/01\\\/adra-et-les-sca-unissent-leurs-forces-pour-offrir-du-secours-en-californie\\\/#article\",\"isPartOf\":{\"@id\":\"https:\\\/\\\/interamerica.org\\\/fr\\\/2025\\\/01\\\/adra-et-les-sca-unissent-leurs-forces-pour-offrir-du-secours-en-californie\\\/\"},\"author\":{\"name\":\"libna\",\"@id\":\"https:\\\/\\\/interamerica.org\\\/fr\\\/#\\\/schema\\\/person\\\/29998f2bc2d8bd0d38662909289b54f1\"},\"headline\":\"ADRA et les SCA unissent leurs forces pour offrir du secours en Californie\",\"datePublished\":\"2025-01-14T15:15:50+00:00\",\"dateModified\":\"2025-01-15T18:38:35+00:00\",\"mainEntityOfPage\":{\"@id\":\"https:\\\/\\\/interamerica.org\\\/fr\\\/2025\\\/01\\\/adra-et-les-sca-unissent-leurs-forces-pour-offrir-du-secours-en-californie\\\/\"},\"wordCount\":1021,\"image\":{\"@id\":\"https:\\\/\\\/interamerica.org\\\/fr\\\/2025\\\/01\\\/adra-et-les-sca-unissent-leurs-forces-pour-offrir-du-secours-en-californie\\\/#primaryimage\"},\"thumbnailUrl\":\"https:\\\/\\\/interamerica.org\\\/wp-content\\\/uploads\\\/2025\\\/01\\\/adra-cali-1.jpg\",\"articleSection\":[\"Nouvelles de l'\u00c9glise mondiale\",\"RSS Fran\u00e7ais\"],\"inLanguage\":\"fr-FR\"},{\"@type\":\"WebPage\",\"@id\":\"https:\\\/\\\/interamerica.org\\\/fr\\\/2025\\\/01\\\/adra-et-les-sca-unissent-leurs-forces-pour-offrir-du-secours-en-californie\\\/\",\"url\":\"https:\\\/\\\/interamerica.org\\\/fr\\\/2025\\\/01\\\/adra-et-les-sca-unissent-leurs-forces-pour-offrir-du-secours-en-californie\\\/\",\"name\":\"ADRA et les SCA unissent leurs forces pour offrir du secours en Californie - \u00c9glise Adventiste Du Septieme Jour - Inter Am\u00e9rique Division\",\"isPartOf\":{\"@id\":\"https:\\\/\\\/interamerica.org\\\/fr\\\/#website\"},\"primaryImageOfPage\":{\"@id\":\"https:\\\/\\\/interamerica.org\\\/fr\\\/2025\\\/01\\\/adra-et-les-sca-unissent-leurs-forces-pour-offrir-du-secours-en-californie\\\/#primaryimage\"},\"image\":{\"@id\":\"https:\\\/\\\/interamerica.org\\\/fr\\\/2025\\\/01\\\/adra-et-les-sca-unissent-leurs-forces-pour-offrir-du-secours-en-californie\\\/#primaryimage\"},\"thumbnailUrl\":\"https:\\\/\\\/interamerica.org\\\/wp-content\\\/uploads\\\/2025\\\/01\\\/adra-cali-1.jpg\",\"datePublished\":\"2025-01-14T15:15:50+00:00\",\"dateModified\":\"2025-01-15T18:38:35+00:00\",\"author\":{\"@id\":\"https:\\\/\\\/interamerica.org\\\/fr\\\/#\\\/schema\\\/person\\\/29998f2bc2d8bd0d38662909289b54f1\"},\"breadcrumb\":{\"@id\":\"https:\\\/\\\/interamerica.org\\\/fr\\\/2025\\\/01\\\/adra-et-les-sca-unissent-leurs-forces-pour-offrir-du-secours-en-californie\\\/#breadcrumb\"},\"inLanguage\":\"fr-FR\",\"potentialAction\":[{\"@type\":\"ReadAction\",\"target\":[\"https:\\\/\\\/interamerica.org\\\/fr\\\/2025\\\/01\\\/adra-et-les-sca-unissent-leurs-forces-pour-offrir-du-secours-en-californie\\\/\"]}]},{\"@type\":\"ImageObject\",\"inLanguage\":\"fr-FR\",\"@id\":\"https:\\\/\\\/interamerica.org\\\/fr\\\/2025\\\/01\\\/adra-et-les-sca-unissent-leurs-forces-pour-offrir-du-secours-en-californie\\\/#primaryimage\",\"url\":\"https:\\\/\\\/interamerica.org\\\/wp-content\\\/uploads\\\/2025\\\/01\\\/adra-cali-1.jpg\",\"contentUrl\":\"https:\\\/\\\/interamerica.org\\\/wp-content\\\/uploads\\\/2025\\\/01\\\/adra-cali-1.jpg\",\"width\":768,\"height\":579,\"caption\":\"The Adventist Development and Relief Agency (ADRA) is partnering with Adventist Community Services (ACS) to support California communities severely impacted by the recent wildfires in Los Angeles County in the U.S. [Photo: Pedro Orta]\"},{\"@type\":\"BreadcrumbList\",\"@id\":\"https:\\\/\\\/interamerica.org\\\/fr\\\/2025\\\/01\\\/adra-et-les-sca-unissent-leurs-forces-pour-offrir-du-secours-en-californie\\\/#breadcrumb\",\"itemListElement\":[{\"@type\":\"ListItem\",\"position\":1,\"name\":\"Home\",\"item\":\"https:\\\/\\\/interamerica.org\\\/fr\\\/\"},{\"@type\":\"ListItem\",\"position\":2,\"name\":\"ADRA et les SCA unissent leurs forces pour offrir du secours en Californie\"}]},{\"@type\":\"WebSite\",\"@id\":\"https:\\\/\\\/interamerica.org\\\/fr\\\/#website\",\"url\":\"https:\\\/\\\/interamerica.org\\\/fr\\\/\",\"name\":\"\u00c9glise Adventiste Du Septieme Jour - Inter Am\u00e9rique Division\",\"description\":\"\",\"potentialAction\":[{\"@type\":\"SearchAction\",\"target\":{\"@type\":\"EntryPoint\",\"urlTemplate\":\"https:\\\/\\\/interamerica.org\\\/fr\\\/?s={search_term_string}\"},\"query-input\":{\"@type\":\"PropertyValueSpecification\",\"valueRequired\":true,\"valueName\":\"search_term_string\"}}],\"inLanguage\":\"fr-FR\"},{\"@type\":\"Person\",\"@id\":\"https:\\\/\\\/interamerica.org\\\/fr\\\/#\\\/schema\\\/person\\\/29998f2bc2d8bd0d38662909289b54f1\",\"name\":\"libna\",\"image\":{\"@type\":\"ImageObject\",\"inLanguage\":\"fr-FR\",\"@id\":\"https:\\\/\\\/secure.gravatar.com\\\/avatar\\\/7c5bd30ae4b47a9ba3c856590957fd1d96dc588bf3ac05719d247e126840331f?s=96&d=mm&r=g\",\"url\":\"https:\\\/\\\/secure.gravatar.com\\\/avatar\\\/7c5bd30ae4b47a9ba3c856590957fd1d96dc588bf3ac05719d247e126840331f?s=96&d=mm&r=g\",\"contentUrl\":\"https:\\\/\\\/secure.gravatar.com\\\/avatar\\\/7c5bd30ae4b47a9ba3c856590957fd1d96dc588bf3ac05719d247e126840331f?s=96&d=mm&r=g\",\"caption\":\"libna\"}}]}<\/script>\n<!-- \/ Yoast SEO plugin. -->","yoast_head_json":{"title":"ADRA et les SCA unissent leurs forces pour offrir du secours en Californie - \u00c9glise Adventiste Du Septieme Jour - Inter Am\u00e9rique Division","robots":{"index":"index","follow":"follow","max-snippet":"max-snippet:-1","max-image-preview":"max-image-preview:large","max-video-preview":"max-video-preview:-1"},"canonical":"https:\/\/interamerica.org\/fr\/2025\/01\/adra-et-les-sca-unissent-leurs-forces-pour-offrir-du-secours-en-californie\/","og_locale":"fr_FR","og_type":"article","og_title":"ADRA et les SCA unissent leurs forces pour offrir du secours en Californie - \u00c9glise Adventiste Du Septieme Jour - Inter Am\u00e9rique Division","og_description":"Un partenariat avec les Services communautaires adventistes profitent aux communaut\u00e9s de la Californie. Le 14 janvier 2025 | Silver Spring, Maryland, \u00c9tats-Unis | ADRA International L\u2019Agence de d\u00e9veloppement et de...","og_url":"https:\/\/interamerica.org\/fr\/2025\/01\/adra-et-les-sca-unissent-leurs-forces-pour-offrir-du-secours-en-californie\/","og_site_name":"\u00c9glise Adventiste Du Septieme Jour - Inter Am\u00e9rique Division","article_published_time":"2025-01-14T15:15:50+00:00","article_modified_time":"2025-01-15T18:38:35+00:00","og_image":[{"width":768,"height":579,"url":"https:\/\/interamerica.org\/wp-content\/uploads\/2025\/01\/adra-cali-1.jpg","type":"image\/jpeg"}],"author":"libna","twitter_card":"summary_large_image","twitter_misc":{"\u00c9crit par":"libna","Dur\u00e9e de lecture estim\u00e9e":"5 minutes"},"schema":{"@context":"https:\/\/schema.org","@graph":[{"@type":"Article","@id":"https:\/\/interamerica.org\/fr\/2025\/01\/adra-et-les-sca-unissent-leurs-forces-pour-offrir-du-secours-en-californie\/#article","isPartOf":{"@id":"https:\/\/interamerica.org\/fr\/2025\/01\/adra-et-les-sca-unissent-leurs-forces-pour-offrir-du-secours-en-californie\/"},"author":{"name":"libna","@id":"https:\/\/interamerica.org\/fr\/#\/schema\/person\/29998f2bc2d8bd0d38662909289b54f1"},"headline":"ADRA et les SCA unissent leurs forces pour offrir du secours en Californie","datePublished":"2025-01-14T15:15:50+00:00","dateModified":"2025-01-15T18:38:35+00:00","mainEntityOfPage":{"@id":"https:\/\/interamerica.org\/fr\/2025\/01\/adra-et-les-sca-unissent-leurs-forces-pour-offrir-du-secours-en-californie\/"},"wordCount":1021,"image":{"@id":"https:\/\/interamerica.org\/fr\/2025\/01\/adra-et-les-sca-unissent-leurs-forces-pour-offrir-du-secours-en-californie\/#primaryimage"},"thumbnailUrl":"https:\/\/interamerica.org\/wp-content\/uploads\/2025\/01\/adra-cali-1.jpg","articleSection":["Nouvelles de l'\u00c9glise mondiale","RSS Fran\u00e7ais"],"inLanguage":"fr-FR"},{"@type":"WebPage","@id":"https:\/\/interamerica.org\/fr\/2025\/01\/adra-et-les-sca-unissent-leurs-forces-pour-offrir-du-secours-en-californie\/","url":"https:\/\/interamerica.org\/fr\/2025\/01\/adra-et-les-sca-unissent-leurs-forces-pour-offrir-du-secours-en-californie\/","name":"ADRA et les SCA unissent leurs forces pour offrir du secours en Californie - \u00c9glise Adventiste Du Septieme Jour - Inter Am\u00e9rique Division","isPartOf":{"@id":"https:\/\/interamerica.org\/fr\/#website"},"primaryImageOfPage":{"@id":"https:\/\/interamerica.org\/fr\/2025\/01\/adra-et-les-sca-unissent-leurs-forces-pour-offrir-du-secours-en-californie\/#primaryimage"},"image":{"@id":"https:\/\/interamerica.org\/fr\/2025\/01\/adra-et-les-sca-unissent-leurs-forces-pour-offrir-du-secours-en-californie\/#primaryimage"},"thumbnailUrl":"https:\/\/interamerica.org\/wp-content\/uploads\/2025\/01\/adra-cali-1.jpg","datePublished":"2025-01-14T15:15:50+00:00","dateModified":"2025-01-15T18:38:35+00:00","author":{"@id":"https:\/\/interamerica.org\/fr\/#\/schema\/person\/29998f2bc2d8bd0d38662909289b54f1"},"breadcrumb":{"@id":"https:\/\/interamerica.org\/fr\/2025\/01\/adra-et-les-sca-unissent-leurs-forces-pour-offrir-du-secours-en-californie\/#breadcrumb"},"inLanguage":"fr-FR","potentialAction":[{"@type":"ReadAction","target":["https:\/\/interamerica.org\/fr\/2025\/01\/adra-et-les-sca-unissent-leurs-forces-pour-offrir-du-secours-en-californie\/"]}]},{"@type":"ImageObject","inLanguage":"fr-FR","@id":"https:\/\/interamerica.org\/fr\/2025\/01\/adra-et-les-sca-unissent-leurs-forces-pour-offrir-du-secours-en-californie\/#primaryimage","url":"https:\/\/interamerica.org\/wp-content\/uploads\/2025\/01\/adra-cali-1.jpg","contentUrl":"https:\/\/interamerica.org\/wp-content\/uploads\/2025\/01\/adra-cali-1.jpg","width":768,"height":579,"caption":"The Adventist Development and Relief Agency (ADRA) is partnering with Adventist Community Services (ACS) to support California communities severely impacted by the recent wildfires in Los Angeles County in the U.S. [Photo: Pedro Orta]"},{"@type":"BreadcrumbList","@id":"https:\/\/interamerica.org\/fr\/2025\/01\/adra-et-les-sca-unissent-leurs-forces-pour-offrir-du-secours-en-californie\/#breadcrumb","itemListElement":[{"@type":"ListItem","position":1,"name":"Home","item":"https:\/\/interamerica.org\/fr\/"},{"@type":"ListItem","position":2,"name":"ADRA et les SCA unissent leurs forces pour offrir du secours en Californie"}]},{"@type":"WebSite","@id":"https:\/\/interamerica.org\/fr\/#website","url":"https:\/\/interamerica.org\/fr\/","name":"\u00c9glise Adventiste Du Septieme Jour - Inter Am\u00e9rique Division","description":"","potentialAction":[{"@type":"SearchAction","target":{"@type":"EntryPoint","urlTemplate":"https:\/\/interamerica.org\/fr\/?s={search_term_string}"},"query-input":{"@type":"PropertyValueSpecification","valueRequired":true,"valueName":"search_term_string"}}],"inLanguage":"fr-FR"},{"@type":"Person","@id":"https:\/\/interamerica.org\/fr\/#\/schema\/person\/29998f2bc2d8bd0d38662909289b54f1","name":"libna","image":{"@type":"ImageObject","inLanguage":"fr-FR","@id":"https:\/\/secure.gravatar.com\/avatar\/7c5bd30ae4b47a9ba3c856590957fd1d96dc588bf3ac05719d247e126840331f?s=96&d=mm&r=g","url":"https:\/\/secure.gravatar.com\/avatar\/7c5bd30ae4b47a9ba3c856590957fd1d96dc588bf3ac05719d247e126840331f?s=96&d=mm&r=g","contentUrl":"https:\/\/secure.gravatar.com\/avatar\/7c5bd30ae4b47a9ba3c856590957fd1d96dc588bf3ac05719d247e126840331f?s=96&d=mm&r=g","caption":"libna"}}]}},"_links":{"self":[{"href":"https:\/\/interamerica.org\/fr\/wp-json\/wp\/v2\/posts\/123797","targetHints":{"allow":["GET"]}}],"collection":[{"href":"https:\/\/interamerica.org\/fr\/wp-json\/wp\/v2\/posts"}],"about":[{"href":"https:\/\/interamerica.org\/fr\/wp-json\/wp\/v2\/types\/post"}],"author":[{"embeddable":true,"href":"https:\/\/interamerica.org\/fr\/wp-json\/wp\/v2\/users\/3"}],"replies":[{"embeddable":true,"href":"https:\/\/interamerica.org\/fr\/wp-json\/wp\/v2\/comments?post=123797"}],"version-history":[{"count":0,"href":"https:\/\/interamerica.org\/fr\/wp-json\/wp\/v2\/posts\/123797\/revisions"}],"wp:featuredmedia":[{"embeddable":true,"href":"https:\/\/interamerica.org\/fr\/wp-json\/wp\/v2\/media\/123756"}],"wp:attachment":[{"href":"https:\/\/interamerica.org\/fr\/wp-json\/wp\/v2\/media?parent=123797"}],"wp:term":[{"taxonomy":"category","embeddable":true,"href":"https:\/\/interamerica.org\/fr\/wp-json\/wp\/v2\/categories?post=123797"},{"taxonomy":"post_tag","embeddable":true,"href":"https:\/\/interamerica.org\/fr\/wp-json\/wp\/v2\/tags?post=123797"}],"curies":[{"name":"wp","href":"https:\/\/api.w.org\/{rel}","templated":true}]}}