{"id":123840,"date":"2025-01-14T14:31:59","date_gmt":"2025-01-14T19:31:59","guid":{"rendered":"https:\/\/interamerica.org\/?p=123840"},"modified":"2025-01-16T19:42:26","modified_gmt":"2025-01-17T00:42:26","slug":"les-eglises-adventistes-de-los-angeles-sunissent-pour-apporter-un-soutien-aux-victimes-des-incendies-de-palisade","status":"publish","type":"post","link":"https:\/\/interamerica.org\/fr\/2025\/01\/les-eglises-adventistes-de-los-angeles-sunissent-pour-apporter-un-soutien-aux-victimes-des-incendies-de-palisade\/","title":{"rendered":"Les \u00e9glises adventistes de Los Angeles s\u2019unissent pour apporter un soutien aux victimes des incendies de Palisade"},"content":{"rendered":"<p class=\"mt-2 font-serif text-theme-900 dark:text-white\/75\"><em>Nous sommes au c\u0153ur de la bataille, d\u00e9clare un pasteur du centre-ville de Los Angeles, alors que les \u00e9glises se mobilisent pour apporter de l\u2019aide.<\/em><\/p>\n<div class=\"flex flex-wrap items-center font-sans md:flex-nowrap gap-2 text-xs md:gap-4 md:text-sm dark:text-theme-100 text-theme-500 mt-8\">\n<div class=\"font-medium\"><time class=\"flex items-center gap-2\" datetime=\"2025-01-13T16:04:00.000Z\">13 Janvier 2025 | Columbia, Maryland, \u00c9tats-Unis | <\/time>Lauren Davis et Angelica Sanchez, ANN<\/div>\n<div>\n<p class=\"text-start text-sm lg:text-base font-normal\">Suite aux incendies d\u00e9vastateurs de Palisade, les \u00e9glises adventistes du septi\u00e8me jour de Los Angeles, en Californie, s\u2019unissent pour apporter de l\u2019aide et du soutien aux personnes d\u00e9plac\u00e9es et touch\u00e9es.<\/p>\n<p class=\"text-start text-sm lg:text-base font-normal\">\u00ab Je vois cette ville se rassembler d\u2019une belle mani\u00e8re, \u00bb a d\u00e9clar\u00e9 Manuel Arteaga, pasteur principal de l\u2019\u00e9glise adventiste du septi\u00e8me jour de White Memorial.<\/p>\n<p class=\"text-start text-sm lg:text-base font-normal\">Situ\u00e9e dans le centre-ville de Los Angeles, la proximit\u00e9 de l\u2019\u00e9glise White Memorial avec les incendies a incit\u00e9 les \u00e9glises des zones suburbaines \u00e0 faire transiter leurs ressources par cette communaut\u00e9.<\/p>\n<div id=\"attachment_123761\" style=\"width: 842px\" class=\"wp-caption aligncenter\"><img fetchpriority=\"high\" decoding=\"async\" aria-describedby=\"caption-attachment-123761\" class=\" wp-image-123760\" src=\"https:\/\/interamerica.org\/wp-content\/uploads\/2025\/01\/nad-cali-fires-1pre1736782403354-1024x1024.webp\" alt=\"\" width=\"832\" height=\"832\" srcset=\"https:\/\/interamerica.org\/wp-content\/uploads\/2025\/01\/nad-cali-fires-1pre1736782403354-1024x1024.webp 1024w, https:\/\/interamerica.org\/wp-content\/uploads\/2025\/01\/nad-cali-fires-1pre1736782403354-300x300.webp 300w, https:\/\/interamerica.org\/wp-content\/uploads\/2025\/01\/nad-cali-fires-1pre1736782403354-150x150.webp 150w, https:\/\/interamerica.org\/wp-content\/uploads\/2025\/01\/nad-cali-fires-1pre1736782403354-768x768.webp 768w, https:\/\/interamerica.org\/wp-content\/uploads\/2025\/01\/nad-cali-fires-1pre1736782403354-1536x1536.webp 1536w, https:\/\/interamerica.org\/wp-content\/uploads\/2025\/01\/nad-cali-fires-1pre1736782403354.webp 1920w\" sizes=\"(max-width: 832px) 100vw, 832px\" \/><p id=\"caption-attachment-123761\" class=\"wp-caption-text\">L\u2019\u00e9glise adventiste du septi\u00e8me jour de Valley Crossroad distribue des repas aux personnes d\u00e9plac\u00e9es le 11 janvier 2025. <br \/>[Photo:Roscoe Shields\/ \u00c9glise adventiste du septi\u00e8me jour de Valley Crossroad]<\/p><\/div>\n<p class=\"text-start text-sm lg:text-base font-normal\">\u00ab Nous voyons des membres et des \u00e9glises des banlieues nous apporter des ressources, ici dans l\u2019\u00e9glise du centre-ville, \u00bb a dit pasteur Arteaga.<\/p>\n<p class=\"text-start text-sm lg:text-base font-normal\">L\u2019une de ces \u00e9glises est l\u2019\u00e9glise adventiste du septi\u00e8me jour Adonai, qui se trouve \u00e0 Norwalk, une ville du comt\u00e9 de Los Angeles. Le 11 janvier 2025, l\u2019\u00e9glise a annul\u00e9 son service de culte du soir pour apporter des dons collect\u00e9s aux b\u00e9n\u00e9voles et aux victimes des incendies.<\/p>\n<p class=\"text-start text-sm lg:text-base font-normal\">\u00ab Nous avons eu une grande participation de b\u00e9n\u00e9voles et une abondance d\u2019articles donn\u00e9s pour \u00eatre distribu\u00e9s, notamment des couvertures et des m\u00e9dicaments, \u00bb a dit Daniel Castanaza, pasteur de l\u2019\u00e9glise adventiste du septi\u00e8me jour Adonai. \u00ab Nous avons pu laisser quelques b\u00e9n\u00e9voles \u00e0 l\u2019hippodrome de Santa Anita, tandis qu\u2019un autre groupe de b\u00e9n\u00e9voles est all\u00e9 d\u00e9poser le reste des articles \u00e0 l\u2019\u00e9glise de White Memorial. \u00bb<\/p>\n<p class=\"text-start text-sm lg:text-base font-normal\">L\u2019incendie de Palisades, consid\u00e9r\u00e9 comme le plus meurtrier de l\u2019histoire de Los Angeles, s\u2019est d\u00e9clar\u00e9 le 7 janvier en milieu de matin\u00e9e, selon le Service d\u2019Incendie de Los Angeles.<\/p>\n<p class=\"text-start text-sm lg:text-base font-normal\">Selon les derniers rapports, les incendies ne sont toujours pas ma\u00eetris\u00e9s, ayant fait partir en fum\u00e9e plus de 158782 hectares dans plusieurs zones d\u2019incendie. Plus de 12000 structures ont \u00e9t\u00e9 d\u00e9truites, y compris des maisons et des entreprises, et au moins 13 personnes ont tragiquement perdu la vie. Plus de 180000 r\u00e9sidents ont \u00e9t\u00e9 contraints d\u2019\u00e9vacuer et de nombreuses personnes sont port\u00e9es disparues. Avec des avis d\u2019\u00e9vacuation suppl\u00e9mentaires attendus, le nombre de morts pourrait continuer \u00e0 augmenter \u00e0 mesure que les \u00e9valuations des d\u00e9g\u00e2ts se poursuivent.<\/p>\n<div id=\"attachment_123767\" style=\"width: 851px\" class=\"wp-caption aligncenter\"><img decoding=\"async\" aria-describedby=\"caption-attachment-123767\" class=\" wp-image-123766\" src=\"https:\/\/interamerica.org\/wp-content\/uploads\/2025\/01\/nad-califiresar81736783619199.avif\" alt=\"\" width=\"841\" height=\"631\" srcset=\"https:\/\/interamerica.org\/wp-content\/uploads\/2025\/01\/nad-califiresar81736783619199.avif 585w, https:\/\/interamerica.org\/wp-content\/uploads\/2025\/01\/nad-califiresar81736783619199-300x225.avif 300w\" sizes=\"(max-width: 841px) 100vw, 841px\" \/><p id=\"caption-attachment-123767\" class=\"wp-caption-text\">Un b\u00e9n\u00e9vole de l\u2019\u00e9glise adventiste du septi\u00e8me jour de White Memorial arrange des v\u00eatements qui ont \u00e9t\u00e9 donn\u00e9s. [Photo : \u00c9glise adventiste du septi\u00e8me jour de White Memorial]<\/p><\/div>\n<p class=\"text-start text-sm lg:text-base font-normal\">Une autre \u00e9glise, l\u2019\u00e9glise adventiste du septi\u00e8me jour de Valley Crossroads, offre de l\u2019aide et un abri.<\/p>\n<p class=\"text-start text-sm lg:text-base font-normal\">\u00ab Nous passons de la simple exp\u00e9rience d\u2019adoration qui consiste \u00e0 avoir l\u2019assembl\u00e9e assise \u00e0 l\u2019\u00e9glise \u00e0 l\u2019aide pratique apport\u00e9e aux gens de notre communaut\u00e9, \u00bb a d\u00e9clar\u00e9 Roscoe Shields, pasteur de l\u2019\u00e9glise adventiste du septi\u00e8me jour de Valley Crossroads.<\/p>\n<p class=\"text-start text-sm lg:text-base font-normal\">Au lieu d\u2019organiser un service de culte du sabbat, l\u2019\u00e9glise de Valley Crossroads a distribu\u00e9 des d\u00e9pliants invitant les membres de l\u2019\u00e9glise et de la communaut\u00e9 \u00e0 se mobiliser ensemble.<\/p>\n<p class=\"text-start text-sm lg:text-base font-normal\">Alors que des centaines de membres d\u2019\u00e9glise se sont mobilis\u00e9s pour soutenir ceux qui sont dans le besoin, les adventistes ne sont pas les seuls \u00e0 avoir r\u00e9pondu \u00e0 l\u2019appel de l\u2019\u00e9glise de Valley Crossroads.<\/p>\n<p class=\"text-start text-sm lg:text-base font-normal\">\u00ab Nous avons des gens qui ne sont m\u00eame pas associ\u00e9s \u00e0 l\u2019\u00e9glise adventiste qui se joignent \u00e0 nous en raison de leur d\u00e9sir d\u2019aider les autres, \u00bb a dit pasteur Shields.<\/p>\n<div id=\"attachment_123771\" style=\"width: 858px\" class=\"wp-caption aligncenter\"><img decoding=\"async\" aria-describedby=\"caption-attachment-123771\" class=\" wp-image-123770\" src=\"https:\/\/interamerica.org\/wp-content\/uploads\/2025\/01\/nad-califires-3-1024x1024.webp\" alt=\"\" width=\"848\" height=\"848\" srcset=\"https:\/\/interamerica.org\/wp-content\/uploads\/2025\/01\/nad-califires-3-1024x1024.webp 1024w, https:\/\/interamerica.org\/wp-content\/uploads\/2025\/01\/nad-califires-3-300x300.webp 300w, https:\/\/interamerica.org\/wp-content\/uploads\/2025\/01\/nad-califires-3-150x150.webp 150w, https:\/\/interamerica.org\/wp-content\/uploads\/2025\/01\/nad-califires-3-768x768.webp 768w, https:\/\/interamerica.org\/wp-content\/uploads\/2025\/01\/nad-califires-3-1536x1536.webp 1536w, https:\/\/interamerica.org\/wp-content\/uploads\/2025\/01\/nad-califires-3.webp 1920w\" sizes=\"(max-width: 848px) 100vw, 848px\" \/><p id=\"caption-attachment-123771\" class=\"wp-caption-text\">L\u2019\u00e9glise adventiste du septi\u00e8me jour de Valley Crossroads rassemble des provisions et mobilise des membres pour apporter de l\u2019aide aux familles d\u00e9plac\u00e9es dans la r\u00e9gion du sud de la Californie. [Photo : \u00c9glise adventiste du septi\u00e8me jour de Valley Crossroads]<\/p><\/div>\n<p class=\"text-start text-sm lg:text-base font-normal\">Toutes ces \u00e9glises distribuent des articles de premi\u00e8re n\u00e9cessit\u00e9, notamment des couches, des m\u00e9dicaments, des bouteilles d\u2019eau, des couvertures, des aliments non p\u00e9rissables et des articles de toilette. \u00bb Le 11 janvier, l\u2019\u00e9glise de Valley Crossroads a \u00e9galement servi plus de 500 repas \u00e0 des personnes dans le besoin.<\/p>\n<p class=\"text-start text-sm lg:text-base font-normal\">Pasteur Arteaga et pasteur Shields ont tous deux parl\u00e9 de l\u2019impact des incendies sur la communaut\u00e9 adventiste, soulignant l\u2019unit\u00e9 qu\u2019ils ont favoris\u00e9e tout en reconnaissant qu\u2019eux aussi sont victimes de la catastrophe.<\/p>\n<p class=\"text-start text-sm lg:text-base font-normal\">\u00ab Nous savions que nous aurions des membres d\u2019\u00e9glise qui seraient probablement d\u00e9plac\u00e9s, \u00bb a dit pasteur Shields.<\/p>\n<p class=\"text-start text-sm lg:text-base font-normal\">\u00ab Nous avons des pasteurs et des enseignants qui ont perdu leurs maisons et leurs biens, \u00bb a d\u00e9clar\u00e9 pasteur Arteaga.<\/p>\n<p class=\"text-start text-sm lg:text-base font-normal\">John Cress, pr\u00e9sident de la F\u00e9d\u00e9ration du Sud de la Californie, est l\u2019un des \u00e9vacu\u00e9s faisant partie de la population adventiste.<\/p>\n<p class=\"text-start text-sm lg:text-base font-normal\">\u00ab Ce sont des temps difficiles pour nous tous dans le Sud de la Californie, \u00bb a d\u00e9clar\u00e9 John Cress dans une\u00a0<a class=\"break-words text-theme-500 hover:text-theme-700 dark:text-theme-100 dark:hover:text-theme-300 hover:underline inline-flex items-center gap-[0.25em] text-theme-500 underline dark:text-theme-300\" href=\"https:\/\/www.instagram.com\/p\/DEoPae3v2fb\/\" target=\"_blank\" rel=\"noopener\">vid\u00e9o Instagram<\/a>\u00a0publi\u00e9e le jeudi 9 janvier 2025. \u00ab Moi aussi, j\u2019ai d\u00fb \u00e9vacuer ma maison, donc je comprends profond\u00e9ment l\u2019incertitude \u00e0 laquelle beaucoup d\u2019entre vous sont confront\u00e9s. Mes pens\u00e9es vont \u00e0 ceux qui ont perdu leur maison. Je sais que c\u2019est extr\u00eamement difficile pour nous tous en ce moment. Sachez que vous \u00eates dans mes pri\u00e8res. \u00bb<\/p>\n<div id=\"attachment_123774\" style=\"width: 837px\" class=\"wp-caption aligncenter\"><img loading=\"lazy\" decoding=\"async\" aria-describedby=\"caption-attachment-123774\" class=\" wp-image-123773\" src=\"https:\/\/interamerica.org\/wp-content\/uploads\/2025\/01\/nad-califires-4-1024x1024.webp\" alt=\"\" width=\"827\" height=\"827\" srcset=\"https:\/\/interamerica.org\/wp-content\/uploads\/2025\/01\/nad-califires-4-1024x1024.webp 1024w, https:\/\/interamerica.org\/wp-content\/uploads\/2025\/01\/nad-califires-4-300x300.webp 300w, https:\/\/interamerica.org\/wp-content\/uploads\/2025\/01\/nad-califires-4-150x150.webp 150w, https:\/\/interamerica.org\/wp-content\/uploads\/2025\/01\/nad-califires-4-768x768.webp 768w, https:\/\/interamerica.org\/wp-content\/uploads\/2025\/01\/nad-califires-4-1536x1536.webp 1536w, https:\/\/interamerica.org\/wp-content\/uploads\/2025\/01\/nad-califires-4.webp 1920w\" sizes=\"(max-width: 827px) 100vw, 827px\" \/><p id=\"caption-attachment-123774\" class=\"wp-caption-text\">Le 11 janvier 2025, l\u2019\u00e9glise adventiste du septi\u00e8me jour de Valley Crossroads a distribu\u00e9 des repas aux personnes dans le besoin.<\/p><\/div>\n<p class=\"text-start text-sm lg:text-base font-normal\">L\u2019\u00e9glise adventiste du septi\u00e8me jour de Normandie Avenue, une autre \u00e9glise offrant un abri et qui accepte les dons, conna\u00eet un fort \u00e9lan de soutien communautaire.<\/p>\n<p class=\"text-start text-sm lg:text-base font-normal\">\u00ab Nous avons re\u00e7u un grand nombre de r\u00e9actions ! \u00bb a d\u00e9clar\u00e9 Deon Chatman, pasteur de l\u2019\u00e9glise adventiste du septi\u00e8me jour de Normandie Avenue. \u00ab Le t\u00e9l\u00e9phone n\u2019arr\u00eate pas de sonner avec des appels de personnes de la communaut\u00e9 pr\u00eates \u00e0 aider. \u00bb<\/p>\n<p>Ted Wilson, pr\u00e9sident de la Conf\u00e9rence G\u00e9n\u00e9rale des Adventistes du septi\u00e8me jour \u00e0 parler des incendies dans un r\u00e9cent\u00a0<a class=\"break-words text-theme-500 hover:text-theme-700 dark:text-theme-100 dark:hover:text-theme-300 hover:underline inline-flex items-center gap-[0.25em] text-theme-500 underline dark:text-theme-300\" href=\"https:\/\/www.facebook.com\/photo\/?fbid=1134213878164144&amp;set=pb.100047266264610.-2207520000\" target=\"_blank\" rel=\"noopener\">message Facebook<\/a><\/p>\n<p class=\"text-start text-sm lg:text-base font-normal\">\u00ab Nous sommes aussi choqu\u00e9s que tout le monde par la d\u00e9vastation presque surr\u00e9aliste qui a eu lieu dans la r\u00e9gion de Los Angeles et du Sud de la Californie a \u00e9crit Ted Wilson \u00ab Nous sommes de tout c\u0153ur avec ceux qui ont perdu des membres de leur famille et des biens dans ces terribles incendies. Nous sommes reconnaissants du soutien et de l\u2019attention accord\u00e9s par les \u00e9glises de la F\u00e9d\u00e9ration du Sud de la Californie les Services Communautaires Adventistes.<\/p>\n<p class=\"text-start text-sm lg:text-base font-normal\">Ted Wilson a poursuivi en lan\u00e7ant un appel \u00e0 l\u2019action parmi les membres adventistes du septi\u00e8me jour.<\/p>\n<div id=\"attachment_123780\" style=\"width: 651px\" class=\"wp-caption aligncenter\"><img loading=\"lazy\" decoding=\"async\" aria-describedby=\"caption-attachment-123780\" class=\" wp-image-123779\" src=\"https:\/\/interamerica.org\/wp-content\/uploads\/2025\/01\/nad-cali-fires-7-4xr1736783898084-1024x1024.jpeg\" alt=\"\" width=\"641\" height=\"641\" srcset=\"https:\/\/interamerica.org\/wp-content\/uploads\/2025\/01\/nad-cali-fires-7-4xr1736783898084-1024x1024.jpeg 1024w, https:\/\/interamerica.org\/wp-content\/uploads\/2025\/01\/nad-cali-fires-7-4xr1736783898084-300x300.jpeg 300w, https:\/\/interamerica.org\/wp-content\/uploads\/2025\/01\/nad-cali-fires-7-4xr1736783898084-150x150.jpeg 150w, https:\/\/interamerica.org\/wp-content\/uploads\/2025\/01\/nad-cali-fires-7-4xr1736783898084-768x768.jpeg 768w, https:\/\/interamerica.org\/wp-content\/uploads\/2025\/01\/nad-cali-fires-7-4xr1736783898084.jpeg 1496w\" sizes=\"(max-width: 641px) 100vw, 641px\" \/><p id=\"caption-attachment-123780\" class=\"wp-caption-text\">[Photo: \u00c9glise adventiste du septi\u00e8me jour de Valley Crossroads]<\/p><\/div>\n<p class=\"text-start text-sm lg:text-base font-normal\">\u00ab Cet \u00e9v\u00e8nement et d\u2019autres survenus r\u00e9cemment sont des signes de l\u2019urgence que nous devons tous ressentir lorsque nous voyons ces choses autour de nous, comme pr\u00e9dit par la Bible et l\u2019Esprit de proph\u00e9tie, qui se produiront avant la seconde venue du Christ, lorsque le Seigneur mettra un terme aux cons\u00e9quences du p\u00e9ch\u00e9 et \u00e0 ses forces destructrices. Je vous invite \u00e0 vous joindre \u00e0 notre famille eccl\u00e9siale mondiale pour prier pour ceux qui vivent cette terrible trag\u00e9die, \u00bb a \u00e9crit Ted Wilson.<\/p>\n<p class=\"text-start text-sm lg:text-base font-normal\">Pasteur Arteaga reste positif, malgr\u00e9 la douleur que provoque cette situation.<\/p>\n<p class=\"text-start text-sm lg:text-base font-normal\">\u00ab La souffrance unit les gens, \u00bb a d\u00e9clar\u00e9 pasteur Arteaga. \u00ab Nous assistons \u00e0 une belle manifestation de leadership et je crois que c\u2019est un tournant pour notre congr\u00e9gation, en particulier parce que nous sommes unis dans notre objectif et notre mission. \u00bb<\/p>\n<p class=\"text-start text-sm lg:text-base font-normal\">En r\u00e9ponse aux incendies, la F\u00e9d\u00e9ration du Sud de la Californie a cr\u00e9\u00e9 le Fonds pour les Incendies de Californie sur le site <a class=\"break-words text-theme-500 hover:text-theme-700 dark:text-theme-100 dark:hover:text-theme-300 hover:underline inline-flex items-center gap-[0.25em] text-theme-500 underline dark:text-theme-300\" href=\"https:\/\/adventistgiving.org\/\" target=\"_blank\" rel=\"noopener\">AdventistGiving<\/a>\u00a0pour permettre aux adventistes de faire des dons financiers afin de soutenir la cause. Les fonds seront utilis\u00e9s pour les abris, les fournitures d\u2019urgence et les bon d\u2019achat.<\/p>\n<p class=\"text-start text-sm lg:text-base font-normal\"><a href=\"https:\/\/www.communityservices.org\/\">Les Services Communautaires Adventistes (ACS)<\/a>, le minist\u00e8re officiel d\u2019action missionnaire dans la communautaire de l\u2019\u00c9glise adventiste du septi\u00e8me jour dans la Division Nord-Am\u00e9ricaine (NAD), continuent de suivre la situation tout en faisant en sorte d\u2019apporter un soutien en partenariat avec la NAD.ADRA, l\u2019Agence Adventiste de D\u00e9veloppement et de Secours, accorde \u00e9galement une subvention d\u2019urgence \u00e0 ACS dans l\u2019Union de F\u00e9d\u00e9rations du Pacifique afin de soutenir les interventions imm\u00e9diates de secours et la reconstruction \u00e0 long terme.<\/p>\n<\/div>\n<\/div>\n<p>Traduction: Patrick Luciathe<\/p>\n","protected":false},"excerpt":{"rendered":"<p>Nous sommes au c\u0153ur de la bataille, d\u00e9clare un pasteur du centre-ville de Los Angeles, alors que les \u00e9glises se mobilisent pour apporter de l\u2019aide. 13 Janvier 2025 | Columbia,&#8230;<\/p>\n","protected":false},"author":3,"featured_media":123761,"comment_status":"closed","ping_status":"closed","sticky":false,"template":"","format":"standard","meta":{"_acf_changed":false,"footnotes":""},"categories":[18,19],"tags":[],"class_list":["post-123840","post","type-post","status-publish","format-standard","has-post-thumbnail","hentry","category-nouvelles-de-leglise-mondiale","category-rss-francais"],"acf":[],"yoast_head":"<!-- This site is optimized with the Yoast SEO plugin v27.3 - https:\/\/yoast.com\/product\/yoast-seo-wordpress\/ -->\n<title>Les \u00e9glises adventistes de Los Angeles s\u2019unissent pour apporter un soutien aux victimes des incendies de Palisade - \u00c9glise Adventiste Du Septieme Jour - Inter Am\u00e9rique Division<\/title>\n<meta name=\"robots\" content=\"index, follow, max-snippet:-1, max-image-preview:large, max-video-preview:-1\" \/>\n<link rel=\"canonical\" href=\"https:\/\/interamerica.org\/fr\/2025\/01\/les-eglises-adventistes-de-los-angeles-sunissent-pour-apporter-un-soutien-aux-victimes-des-incendies-de-palisade\/\" \/>\n<meta property=\"og:locale\" content=\"fr_FR\" \/>\n<meta property=\"og:type\" content=\"article\" \/>\n<meta property=\"og:title\" content=\"Les \u00e9glises adventistes de Los Angeles s\u2019unissent pour apporter un soutien aux victimes des incendies de Palisade - \u00c9glise Adventiste Du Septieme Jour - Inter Am\u00e9rique Division\" \/>\n<meta property=\"og:description\" content=\"Nous sommes au c\u0153ur de la bataille, d\u00e9clare un pasteur du centre-ville de Los Angeles, alors que les \u00e9glises se mobilisent pour apporter de l\u2019aide. 13 Janvier 2025 | Columbia,...\" \/>\n<meta property=\"og:url\" content=\"https:\/\/interamerica.org\/fr\/2025\/01\/les-eglises-adventistes-de-los-angeles-sunissent-pour-apporter-un-soutien-aux-victimes-des-incendies-de-palisade\/\" \/>\n<meta property=\"og:site_name\" content=\"\u00c9glise Adventiste Du Septieme Jour - Inter Am\u00e9rique Division\" \/>\n<meta property=\"article:published_time\" content=\"2025-01-14T19:31:59+00:00\" \/>\n<meta property=\"article:modified_time\" content=\"2025-01-17T00:42:26+00:00\" \/>\n<meta property=\"og:image\" content=\"https:\/\/interamerica.org\/wp-content\/uploads\/2025\/01\/nad-cali-fires-1pre1736782403354.webp\" \/>\n\t<meta property=\"og:image:width\" content=\"1920\" \/>\n\t<meta property=\"og:image:height\" content=\"1920\" \/>\n\t<meta property=\"og:image:type\" content=\"image\/webp\" \/>\n<meta name=\"author\" content=\"libna\" \/>\n<meta name=\"twitter:card\" content=\"summary_large_image\" \/>\n<meta name=\"twitter:label1\" content=\"\u00c9crit par\" \/>\n\t<meta name=\"twitter:data1\" content=\"libna\" \/>\n\t<meta name=\"twitter:label2\" content=\"Dur\u00e9e de lecture estim\u00e9e\" \/>\n\t<meta name=\"twitter:data2\" content=\"8 minutes\" \/>\n<script type=\"application\/ld+json\" class=\"yoast-schema-graph\">{\"@context\":\"https:\\\/\\\/schema.org\",\"@graph\":[{\"@type\":\"Article\",\"@id\":\"https:\\\/\\\/interamerica.org\\\/fr\\\/2025\\\/01\\\/les-eglises-adventistes-de-los-angeles-sunissent-pour-apporter-un-soutien-aux-victimes-des-incendies-de-palisade\\\/#article\",\"isPartOf\":{\"@id\":\"https:\\\/\\\/interamerica.org\\\/fr\\\/2025\\\/01\\\/les-eglises-adventistes-de-los-angeles-sunissent-pour-apporter-un-soutien-aux-victimes-des-incendies-de-palisade\\\/\"},\"author\":{\"name\":\"libna\",\"@id\":\"https:\\\/\\\/interamerica.org\\\/fr\\\/#\\\/schema\\\/person\\\/29998f2bc2d8bd0d38662909289b54f1\"},\"headline\":\"Les \u00e9glises adventistes de Los Angeles s\u2019unissent pour apporter un soutien aux victimes des incendies de Palisade\",\"datePublished\":\"2025-01-14T19:31:59+00:00\",\"dateModified\":\"2025-01-17T00:42:26+00:00\",\"mainEntityOfPage\":{\"@id\":\"https:\\\/\\\/interamerica.org\\\/fr\\\/2025\\\/01\\\/les-eglises-adventistes-de-los-angeles-sunissent-pour-apporter-un-soutien-aux-victimes-des-incendies-de-palisade\\\/\"},\"wordCount\":1518,\"image\":{\"@id\":\"https:\\\/\\\/interamerica.org\\\/fr\\\/2025\\\/01\\\/les-eglises-adventistes-de-los-angeles-sunissent-pour-apporter-un-soutien-aux-victimes-des-incendies-de-palisade\\\/#primaryimage\"},\"thumbnailUrl\":\"https:\\\/\\\/interamerica.org\\\/wp-content\\\/uploads\\\/2025\\\/01\\\/nad-cali-fires-1pre1736782403354.webp\",\"articleSection\":[\"Nouvelles de l'\u00c9glise mondiale\",\"RSS Fran\u00e7ais\"],\"inLanguage\":\"fr-FR\"},{\"@type\":\"WebPage\",\"@id\":\"https:\\\/\\\/interamerica.org\\\/fr\\\/2025\\\/01\\\/les-eglises-adventistes-de-los-angeles-sunissent-pour-apporter-un-soutien-aux-victimes-des-incendies-de-palisade\\\/\",\"url\":\"https:\\\/\\\/interamerica.org\\\/fr\\\/2025\\\/01\\\/les-eglises-adventistes-de-los-angeles-sunissent-pour-apporter-un-soutien-aux-victimes-des-incendies-de-palisade\\\/\",\"name\":\"Les \u00e9glises adventistes de Los Angeles s\u2019unissent pour apporter un soutien aux victimes des incendies de Palisade - \u00c9glise Adventiste Du Septieme Jour - Inter Am\u00e9rique Division\",\"isPartOf\":{\"@id\":\"https:\\\/\\\/interamerica.org\\\/fr\\\/#website\"},\"primaryImageOfPage\":{\"@id\":\"https:\\\/\\\/interamerica.org\\\/fr\\\/2025\\\/01\\\/les-eglises-adventistes-de-los-angeles-sunissent-pour-apporter-un-soutien-aux-victimes-des-incendies-de-palisade\\\/#primaryimage\"},\"image\":{\"@id\":\"https:\\\/\\\/interamerica.org\\\/fr\\\/2025\\\/01\\\/les-eglises-adventistes-de-los-angeles-sunissent-pour-apporter-un-soutien-aux-victimes-des-incendies-de-palisade\\\/#primaryimage\"},\"thumbnailUrl\":\"https:\\\/\\\/interamerica.org\\\/wp-content\\\/uploads\\\/2025\\\/01\\\/nad-cali-fires-1pre1736782403354.webp\",\"datePublished\":\"2025-01-14T19:31:59+00:00\",\"dateModified\":\"2025-01-17T00:42:26+00:00\",\"author\":{\"@id\":\"https:\\\/\\\/interamerica.org\\\/fr\\\/#\\\/schema\\\/person\\\/29998f2bc2d8bd0d38662909289b54f1\"},\"breadcrumb\":{\"@id\":\"https:\\\/\\\/interamerica.org\\\/fr\\\/2025\\\/01\\\/les-eglises-adventistes-de-los-angeles-sunissent-pour-apporter-un-soutien-aux-victimes-des-incendies-de-palisade\\\/#breadcrumb\"},\"inLanguage\":\"fr-FR\",\"potentialAction\":[{\"@type\":\"ReadAction\",\"target\":[\"https:\\\/\\\/interamerica.org\\\/fr\\\/2025\\\/01\\\/les-eglises-adventistes-de-los-angeles-sunissent-pour-apporter-un-soutien-aux-victimes-des-incendies-de-palisade\\\/\"]}]},{\"@type\":\"ImageObject\",\"inLanguage\":\"fr-FR\",\"@id\":\"https:\\\/\\\/interamerica.org\\\/fr\\\/2025\\\/01\\\/les-eglises-adventistes-de-los-angeles-sunissent-pour-apporter-un-soutien-aux-victimes-des-incendies-de-palisade\\\/#primaryimage\",\"url\":\"https:\\\/\\\/interamerica.org\\\/wp-content\\\/uploads\\\/2025\\\/01\\\/nad-cali-fires-1pre1736782403354.webp\",\"contentUrl\":\"https:\\\/\\\/interamerica.org\\\/wp-content\\\/uploads\\\/2025\\\/01\\\/nad-cali-fires-1pre1736782403354.webp\",\"width\":1920,\"height\":1920,\"caption\":\"Valley Crossroad Seventh-day Adventist Church provides meals to displaced individuals on January 11, 2025. [Photo: Roscoe Shields\\\/Valley Crossroads Seventh-day Adventist Church]\"},{\"@type\":\"BreadcrumbList\",\"@id\":\"https:\\\/\\\/interamerica.org\\\/fr\\\/2025\\\/01\\\/les-eglises-adventistes-de-los-angeles-sunissent-pour-apporter-un-soutien-aux-victimes-des-incendies-de-palisade\\\/#breadcrumb\",\"itemListElement\":[{\"@type\":\"ListItem\",\"position\":1,\"name\":\"Home\",\"item\":\"https:\\\/\\\/interamerica.org\\\/fr\\\/\"},{\"@type\":\"ListItem\",\"position\":2,\"name\":\"Les \u00e9glises adventistes de Los Angeles s\u2019unissent pour apporter un soutien aux victimes des incendies de Palisade\"}]},{\"@type\":\"WebSite\",\"@id\":\"https:\\\/\\\/interamerica.org\\\/fr\\\/#website\",\"url\":\"https:\\\/\\\/interamerica.org\\\/fr\\\/\",\"name\":\"\u00c9glise Adventiste Du Septieme Jour - Inter Am\u00e9rique Division\",\"description\":\"\",\"potentialAction\":[{\"@type\":\"SearchAction\",\"target\":{\"@type\":\"EntryPoint\",\"urlTemplate\":\"https:\\\/\\\/interamerica.org\\\/fr\\\/?s={search_term_string}\"},\"query-input\":{\"@type\":\"PropertyValueSpecification\",\"valueRequired\":true,\"valueName\":\"search_term_string\"}}],\"inLanguage\":\"fr-FR\"},{\"@type\":\"Person\",\"@id\":\"https:\\\/\\\/interamerica.org\\\/fr\\\/#\\\/schema\\\/person\\\/29998f2bc2d8bd0d38662909289b54f1\",\"name\":\"libna\",\"image\":{\"@type\":\"ImageObject\",\"inLanguage\":\"fr-FR\",\"@id\":\"https:\\\/\\\/secure.gravatar.com\\\/avatar\\\/7c5bd30ae4b47a9ba3c856590957fd1d96dc588bf3ac05719d247e126840331f?s=96&d=mm&r=g\",\"url\":\"https:\\\/\\\/secure.gravatar.com\\\/avatar\\\/7c5bd30ae4b47a9ba3c856590957fd1d96dc588bf3ac05719d247e126840331f?s=96&d=mm&r=g\",\"contentUrl\":\"https:\\\/\\\/secure.gravatar.com\\\/avatar\\\/7c5bd30ae4b47a9ba3c856590957fd1d96dc588bf3ac05719d247e126840331f?s=96&d=mm&r=g\",\"caption\":\"libna\"}}]}<\/script>\n<!-- \/ Yoast SEO plugin. -->","yoast_head_json":{"title":"Les \u00e9glises adventistes de Los Angeles s\u2019unissent pour apporter un soutien aux victimes des incendies de Palisade - \u00c9glise Adventiste Du Septieme Jour - Inter Am\u00e9rique Division","robots":{"index":"index","follow":"follow","max-snippet":"max-snippet:-1","max-image-preview":"max-image-preview:large","max-video-preview":"max-video-preview:-1"},"canonical":"https:\/\/interamerica.org\/fr\/2025\/01\/les-eglises-adventistes-de-los-angeles-sunissent-pour-apporter-un-soutien-aux-victimes-des-incendies-de-palisade\/","og_locale":"fr_FR","og_type":"article","og_title":"Les \u00e9glises adventistes de Los Angeles s\u2019unissent pour apporter un soutien aux victimes des incendies de Palisade - \u00c9glise Adventiste Du Septieme Jour - Inter Am\u00e9rique Division","og_description":"Nous sommes au c\u0153ur de la bataille, d\u00e9clare un pasteur du centre-ville de Los Angeles, alors que les \u00e9glises se mobilisent pour apporter de l\u2019aide. 13 Janvier 2025 | Columbia,...","og_url":"https:\/\/interamerica.org\/fr\/2025\/01\/les-eglises-adventistes-de-los-angeles-sunissent-pour-apporter-un-soutien-aux-victimes-des-incendies-de-palisade\/","og_site_name":"\u00c9glise Adventiste Du Septieme Jour - Inter Am\u00e9rique Division","article_published_time":"2025-01-14T19:31:59+00:00","article_modified_time":"2025-01-17T00:42:26+00:00","og_image":[{"width":1920,"height":1920,"url":"https:\/\/interamerica.org\/wp-content\/uploads\/2025\/01\/nad-cali-fires-1pre1736782403354.webp","type":"image\/webp"}],"author":"libna","twitter_card":"summary_large_image","twitter_misc":{"\u00c9crit par":"libna","Dur\u00e9e de lecture estim\u00e9e":"8 minutes"},"schema":{"@context":"https:\/\/schema.org","@graph":[{"@type":"Article","@id":"https:\/\/interamerica.org\/fr\/2025\/01\/les-eglises-adventistes-de-los-angeles-sunissent-pour-apporter-un-soutien-aux-victimes-des-incendies-de-palisade\/#article","isPartOf":{"@id":"https:\/\/interamerica.org\/fr\/2025\/01\/les-eglises-adventistes-de-los-angeles-sunissent-pour-apporter-un-soutien-aux-victimes-des-incendies-de-palisade\/"},"author":{"name":"libna","@id":"https:\/\/interamerica.org\/fr\/#\/schema\/person\/29998f2bc2d8bd0d38662909289b54f1"},"headline":"Les \u00e9glises adventistes de Los Angeles s\u2019unissent pour apporter un soutien aux victimes des incendies de Palisade","datePublished":"2025-01-14T19:31:59+00:00","dateModified":"2025-01-17T00:42:26+00:00","mainEntityOfPage":{"@id":"https:\/\/interamerica.org\/fr\/2025\/01\/les-eglises-adventistes-de-los-angeles-sunissent-pour-apporter-un-soutien-aux-victimes-des-incendies-de-palisade\/"},"wordCount":1518,"image":{"@id":"https:\/\/interamerica.org\/fr\/2025\/01\/les-eglises-adventistes-de-los-angeles-sunissent-pour-apporter-un-soutien-aux-victimes-des-incendies-de-palisade\/#primaryimage"},"thumbnailUrl":"https:\/\/interamerica.org\/wp-content\/uploads\/2025\/01\/nad-cali-fires-1pre1736782403354.webp","articleSection":["Nouvelles de l'\u00c9glise mondiale","RSS Fran\u00e7ais"],"inLanguage":"fr-FR"},{"@type":"WebPage","@id":"https:\/\/interamerica.org\/fr\/2025\/01\/les-eglises-adventistes-de-los-angeles-sunissent-pour-apporter-un-soutien-aux-victimes-des-incendies-de-palisade\/","url":"https:\/\/interamerica.org\/fr\/2025\/01\/les-eglises-adventistes-de-los-angeles-sunissent-pour-apporter-un-soutien-aux-victimes-des-incendies-de-palisade\/","name":"Les \u00e9glises adventistes de Los Angeles s\u2019unissent pour apporter un soutien aux victimes des incendies de Palisade - \u00c9glise Adventiste Du Septieme Jour - Inter Am\u00e9rique Division","isPartOf":{"@id":"https:\/\/interamerica.org\/fr\/#website"},"primaryImageOfPage":{"@id":"https:\/\/interamerica.org\/fr\/2025\/01\/les-eglises-adventistes-de-los-angeles-sunissent-pour-apporter-un-soutien-aux-victimes-des-incendies-de-palisade\/#primaryimage"},"image":{"@id":"https:\/\/interamerica.org\/fr\/2025\/01\/les-eglises-adventistes-de-los-angeles-sunissent-pour-apporter-un-soutien-aux-victimes-des-incendies-de-palisade\/#primaryimage"},"thumbnailUrl":"https:\/\/interamerica.org\/wp-content\/uploads\/2025\/01\/nad-cali-fires-1pre1736782403354.webp","datePublished":"2025-01-14T19:31:59+00:00","dateModified":"2025-01-17T00:42:26+00:00","author":{"@id":"https:\/\/interamerica.org\/fr\/#\/schema\/person\/29998f2bc2d8bd0d38662909289b54f1"},"breadcrumb":{"@id":"https:\/\/interamerica.org\/fr\/2025\/01\/les-eglises-adventistes-de-los-angeles-sunissent-pour-apporter-un-soutien-aux-victimes-des-incendies-de-palisade\/#breadcrumb"},"inLanguage":"fr-FR","potentialAction":[{"@type":"ReadAction","target":["https:\/\/interamerica.org\/fr\/2025\/01\/les-eglises-adventistes-de-los-angeles-sunissent-pour-apporter-un-soutien-aux-victimes-des-incendies-de-palisade\/"]}]},{"@type":"ImageObject","inLanguage":"fr-FR","@id":"https:\/\/interamerica.org\/fr\/2025\/01\/les-eglises-adventistes-de-los-angeles-sunissent-pour-apporter-un-soutien-aux-victimes-des-incendies-de-palisade\/#primaryimage","url":"https:\/\/interamerica.org\/wp-content\/uploads\/2025\/01\/nad-cali-fires-1pre1736782403354.webp","contentUrl":"https:\/\/interamerica.org\/wp-content\/uploads\/2025\/01\/nad-cali-fires-1pre1736782403354.webp","width":1920,"height":1920,"caption":"Valley Crossroad Seventh-day Adventist Church provides meals to displaced individuals on January 11, 2025. [Photo: Roscoe Shields\/Valley Crossroads Seventh-day Adventist Church]"},{"@type":"BreadcrumbList","@id":"https:\/\/interamerica.org\/fr\/2025\/01\/les-eglises-adventistes-de-los-angeles-sunissent-pour-apporter-un-soutien-aux-victimes-des-incendies-de-palisade\/#breadcrumb","itemListElement":[{"@type":"ListItem","position":1,"name":"Home","item":"https:\/\/interamerica.org\/fr\/"},{"@type":"ListItem","position":2,"name":"Les \u00e9glises adventistes de Los Angeles s\u2019unissent pour apporter un soutien aux victimes des incendies de Palisade"}]},{"@type":"WebSite","@id":"https:\/\/interamerica.org\/fr\/#website","url":"https:\/\/interamerica.org\/fr\/","name":"\u00c9glise Adventiste Du Septieme Jour - Inter Am\u00e9rique Division","description":"","potentialAction":[{"@type":"SearchAction","target":{"@type":"EntryPoint","urlTemplate":"https:\/\/interamerica.org\/fr\/?s={search_term_string}"},"query-input":{"@type":"PropertyValueSpecification","valueRequired":true,"valueName":"search_term_string"}}],"inLanguage":"fr-FR"},{"@type":"Person","@id":"https:\/\/interamerica.org\/fr\/#\/schema\/person\/29998f2bc2d8bd0d38662909289b54f1","name":"libna","image":{"@type":"ImageObject","inLanguage":"fr-FR","@id":"https:\/\/secure.gravatar.com\/avatar\/7c5bd30ae4b47a9ba3c856590957fd1d96dc588bf3ac05719d247e126840331f?s=96&d=mm&r=g","url":"https:\/\/secure.gravatar.com\/avatar\/7c5bd30ae4b47a9ba3c856590957fd1d96dc588bf3ac05719d247e126840331f?s=96&d=mm&r=g","contentUrl":"https:\/\/secure.gravatar.com\/avatar\/7c5bd30ae4b47a9ba3c856590957fd1d96dc588bf3ac05719d247e126840331f?s=96&d=mm&r=g","caption":"libna"}}]}},"_links":{"self":[{"href":"https:\/\/interamerica.org\/fr\/wp-json\/wp\/v2\/posts\/123840","targetHints":{"allow":["GET"]}}],"collection":[{"href":"https:\/\/interamerica.org\/fr\/wp-json\/wp\/v2\/posts"}],"about":[{"href":"https:\/\/interamerica.org\/fr\/wp-json\/wp\/v2\/types\/post"}],"author":[{"embeddable":true,"href":"https:\/\/interamerica.org\/fr\/wp-json\/wp\/v2\/users\/3"}],"replies":[{"embeddable":true,"href":"https:\/\/interamerica.org\/fr\/wp-json\/wp\/v2\/comments?post=123840"}],"version-history":[{"count":0,"href":"https:\/\/interamerica.org\/fr\/wp-json\/wp\/v2\/posts\/123840\/revisions"}],"wp:featuredmedia":[{"embeddable":true,"href":"https:\/\/interamerica.org\/fr\/wp-json\/wp\/v2\/media\/123761"}],"wp:attachment":[{"href":"https:\/\/interamerica.org\/fr\/wp-json\/wp\/v2\/media?parent=123840"}],"wp:term":[{"taxonomy":"category","embeddable":true,"href":"https:\/\/interamerica.org\/fr\/wp-json\/wp\/v2\/categories?post=123840"},{"taxonomy":"post_tag","embeddable":true,"href":"https:\/\/interamerica.org\/fr\/wp-json\/wp\/v2\/tags?post=123840"}],"curies":[{"name":"wp","href":"https:\/\/api.w.org\/{rel}","templated":true}]}}