{"id":123949,"date":"2025-01-16T12:40:12","date_gmt":"2025-01-16T17:40:12","guid":{"rendered":"https:\/\/interamerica.org\/?p=123949"},"modified":"2025-01-17T10:01:23","modified_gmt":"2025-01-17T15:01:23","slug":"lhopital-andrews-memorial-renforce-les-soins-de-sante-en-jamaique-avec-le-lancement-de-nouveaux-services","status":"publish","type":"post","link":"https:\/\/interamerica.org\/fr\/2025\/01\/lhopital-andrews-memorial-renforce-les-soins-de-sante-en-jamaique-avec-le-lancement-de-nouveaux-services\/","title":{"rendered":"L\u2019H\u00f4pital Andrews Memorial renforce les soins de sant\u00e9 en Jama\u00efque avec le lancement de nouveaux services"},"content":{"rendered":"<p><div id=\"attachment_123874\" style=\"width: 857px\" class=\"wp-caption aligncenter\"><img fetchpriority=\"high\" decoding=\"async\" aria-describedby=\"caption-attachment-123874\" class=\" wp-image-123873\" src=\"https:\/\/interamerica.org\/wp-content\/uploads\/2025\/01\/amh-cathlab-ribbon-cutting.jpg\" alt=\"\" width=\"847\" height=\"565\" srcset=\"https:\/\/interamerica.org\/wp-content\/uploads\/2025\/01\/amh-cathlab-ribbon-cutting.jpg 1000w, https:\/\/interamerica.org\/wp-content\/uploads\/2025\/01\/amh-cathlab-ribbon-cutting-300x200.jpg 300w, https:\/\/interamerica.org\/wp-content\/uploads\/2025\/01\/amh-cathlab-ribbon-cutting-768x512.jpg 768w\" sizes=\"(max-width: 847px) 100vw, 847px\" \/><p id=\"caption-attachment-123874\" class=\"wp-caption-text\">De gauche \u00e0 droite : N. Nick Perry, ambassadeur des \u00c9tats-Unis en Jama\u00efque, Donmayne Gyles, pr\u00e9sident de l\u2019H\u00f4pital Andrews Memorial, Dr Audrey Gregory, pr\u00e9sidente de la division d\u2019AdventHealth dans l\u2019Est de la Floride, et pasteur Everett Brown, pr\u00e9sident de l\u2019Union de la Jama\u00efque, se pr\u00e9parent \u00e0 couper le ruban inaugural pour marquer le lancement des nouveaux services d\u2019IRM et de cath\u00e9t\u00e9risme cardiaque de l\u2019h\u00f4pital, le 8 janvier 2025. Dr Patric Rutherford (\u00e0 gauche), ancien pr\u00e9sident de l\u2019AMH, M. Gopal Kumar Bhagat, deuxi\u00e8me secr\u00e9taire de la Haute Commission Indienne en Jama\u00efque, Dr Racquel Gordon-Adlam, cardiologue interventionnelle (au centre \u00e0 l\u2019arri\u00e8re) et Dr Adlai Blythe (\u00e0 l\u2019extr\u00eame droite), tr\u00e9sorier de l\u2019Union de la Jama\u00efque, assistent \u00e0 la c\u00e9r\u00e9monie. [Photo : Phillip Castell].<\/p><\/div><em>L\u2019institution adventiste franchit une \u00e9tape importante en lan\u00e7ant les services d\u2019IRM et de cath\u00e9t\u00e9risme cardiaque.<\/em><\/p>\n<p>16 Janvier 2025 | Kingston, Jama\u00efque | Dyhann Buddoo-Fletcher, Kingston, Jama\u00efque et \u00c9quipe de Presse de la DIA<\/p>\n<p>L\u2019H\u00f4pital Andrews Memorial (AMH), un \u00e9tablissement de sant\u00e9 g\u00e9r\u00e9 par l\u2019\u00c9glise adventiste du septi\u00e8me jour en Jama\u00efque, a r\u00e9cemment lanc\u00e9 ses services d\u2019Imagerie par R\u00e9sonance Magn\u00e9tique (IRM) et de Laboratoire de Cath\u00e9t\u00e9risme Cardiaque. Ces services suppl\u00e9mentaires marquent une \u00e9tape importante dans l\u2019objectif de l\u2019h\u00f4pital de devenir un \u00e9tablissement sanitaire de haute fiabilit\u00e9, une d\u00e9marche visant \u00e0 offrir des soins de qualit\u00e9 qui comblent les lacunes s\u00e9v\u00e8res en mati\u00e8re de diagnostic et de soins cardiaques dans le pays.<\/p>\n<p>Son Excellence N. Nick Perry, ambassadeur des \u00c9tats-Unis en Jama\u00efque, a soulign\u00e9 l\u2019importance de cette r\u00e9alisation lors de la c\u00e9r\u00e9monie inaugurale du 8 janvier 2025. \u00ab L\u2019H\u00f4pital Andrews Memorial renforce l\u2019infrastructure sanitaire en Jama\u00efque, \u00bb a-t-il d\u00e9clar\u00e9. \u00ab L\u2019Ambassade des \u00c9tats-Unis \u00e0 Kingston est fi\u00e8re de c\u00e9l\u00e9brer cette \u00e9tape importante avec notre partenaire de longue date dans les services de sant\u00e9 et d\u2019immigration, d\u00e9montrant ainsi la puissance de la collaboration dans la construction d\u2019une Jama\u00efque en meilleure sant\u00e9. \u00bb<\/p>\n<p><div id=\"attachment_123868\" style=\"width: 838px\" class=\"wp-caption aligncenter\"><img decoding=\"async\" aria-describedby=\"caption-attachment-123868\" class=\" wp-image-123867\" src=\"https:\/\/interamerica.org\/wp-content\/uploads\/2025\/01\/amh-donamyne-gyles-4.jpg\" alt=\"\" width=\"828\" height=\"552\" srcset=\"https:\/\/interamerica.org\/wp-content\/uploads\/2025\/01\/amh-donamyne-gyles-4.jpg 1000w, https:\/\/interamerica.org\/wp-content\/uploads\/2025\/01\/amh-donamyne-gyles-4-300x200.jpg 300w, https:\/\/interamerica.org\/wp-content\/uploads\/2025\/01\/amh-donamyne-gyles-4-768x512.jpg 768w\" sizes=\"(max-width: 828px) 100vw, 828px\" \/><p id=\"caption-attachment-123868\" class=\"wp-caption-text\">Donmayne Gyles, pr\u00e9sident de l\u2019H\u00f4pital Andrews Memorial, souligne l\u2019importance des nouveaux services disponibles dans l\u2019\u00e9tablissement de sant\u00e9 g\u00e9r\u00e9 par les adventistes. [Photo Phillip Castell]<\/p><\/div>Actuellement, l\u2019AMH est le seul \u00e9tablissement en Jama\u00efque autoris\u00e9 \u00e0 effectuer des examens m\u00e9dicaux pour les visas d\u2019immigrants. Dans le cadre du processus de demande, tous les demandeurs de visa d\u2019immigrant doivent subir un examen m\u00e9dical, ce qui fait de l\u2019h\u00f4pital un acteur essentiel des services de sant\u00e9 et d\u2019immigration.<\/p>\n<p><strong>Un pas en avant pour les soins de sant\u00e9 communautaires <\/strong><\/p>\n<p>\u00ab Le lancement de l\u2019IRM et du laboratoire de cath\u00e9t\u00e9risme cardiaque \u00e0 l\u2019H\u00f4pital Andrews Memorial repr\u00e9sente une avanc\u00e9e vitale dans les soins de sant\u00e9 communautaires, ce qui am\u00e9liore l\u2019acc\u00e8s aux diagnostics et aux traitements vitaux pour la population de la Jama\u00efque, \u00bb a d\u00e9clar\u00e9 l\u2019ambassadeur Nick Perry.<\/p>\n<p>Donmayne Gyles, pr\u00e9sident de l\u2019H\u00f4pital Andrews Memorial (AMH), a soulign\u00e9 l\u2019impact transformateur de ces nouveaux services. \u00ab En comblant les lacunes en mati\u00e8re d\u2019imagerie diagnostique et de soins cardiaques, nous contribuons au renforcement global du syst\u00e8me de sant\u00e9 jama\u00efcain, \u00bb a-t-il d\u00e9clar\u00e9.<\/p>\n<p><div id=\"attachment_123865\" style=\"width: 847px\" class=\"wp-caption aligncenter\"><img decoding=\"async\" aria-describedby=\"caption-attachment-123865\" class=\" wp-image-123864\" src=\"https:\/\/interamerica.org\/wp-content\/uploads\/2025\/01\/ahm-cathlab.jpg\" alt=\"\" width=\"837\" height=\"558\" srcset=\"https:\/\/interamerica.org\/wp-content\/uploads\/2025\/01\/ahm-cathlab.jpg 1000w, https:\/\/interamerica.org\/wp-content\/uploads\/2025\/01\/ahm-cathlab-300x200.jpg 300w, https:\/\/interamerica.org\/wp-content\/uploads\/2025\/01\/ahm-cathlab-768x512.jpg 768w\" sizes=\"(max-width: 837px) 100vw, 837px\" \/><p id=\"caption-attachment-123865\" class=\"wp-caption-text\">Le nouveau Laboratoire de Cath\u00e9t\u00e9risme Cardiaque \u00e0 l\u2019H\u00f4pital Andrews Memorial. [Photo : Phillip Castell]<\/p><\/div>Avec l\u2019ajout de services d\u2019IRM et de cath\u00e9t\u00e9risme cardiaque, l\u2019H\u00f4pital Andrews Memorial rejoint d\u00e9sormais un groupe restreint d\u2019environ 10 \u00e9tablissements de sant\u00e9 en Jama\u00efque qui proposent des services d\u2019IRM et de cinq \u00e9tablissements \u00e0 Kingston qui proposent des services de laboratoire de cath\u00e9t\u00e9risme cardiaque.<\/p>\n<p>Proposant actuellement des scanners, des radiographies et des \u00e9chographies dans son service de radiologie, l\u2019h\u00f4pital s\u2019est maintenant agrandi. Selon Donmayne Gyles, cette \u00e9tape refl\u00e8te l\u2019engagement de l\u2019h\u00f4pital \u00e0 accro\u00eetre l\u2019acc\u00e8s \u00e0 des services m\u00e9dicaux de haute qualit\u00e9 et \u00e0 int\u00e9grer une technologie de pointe pour am\u00e9liorer les r\u00e9sultats pour les patients.<\/p>\n<p>\u00ab Le service d\u2019IRM am\u00e9liorera consid\u00e9rablement notre capacit\u00e9 de diagnostic, permettant un diagnostic plus pr\u00e9coce et plus pr\u00e9cis. Cela am\u00e9liorera les r\u00e9sultats pour les patients et r\u00e9duira le besoin de r\u00e9f\u00e9rences externes, garantissant une exp\u00e9rience de soins plus fluide \u00e0 l\u2019AMH, \u00bb a ajout\u00e9 Donmayne Gyles.<\/p>\n<p><div id=\"attachment_123862\" style=\"width: 840px\" class=\"wp-caption aligncenter\"><img loading=\"lazy\" decoding=\"async\" aria-describedby=\"caption-attachment-123862\" class=\" wp-image-123861\" src=\"https:\/\/interamerica.org\/wp-content\/uploads\/2025\/01\/ahm-mri.jpg\" alt=\"\" width=\"830\" height=\"623\" srcset=\"https:\/\/interamerica.org\/wp-content\/uploads\/2025\/01\/ahm-mri.jpg 950w, https:\/\/interamerica.org\/wp-content\/uploads\/2025\/01\/ahm-mri-300x225.jpg 300w, https:\/\/interamerica.org\/wp-content\/uploads\/2025\/01\/ahm-mri-768x576.jpg 768w\" sizes=\"(max-width: 830px) 100vw, 830px\" \/><p id=\"caption-attachment-123862\" class=\"wp-caption-text\">Le nouveau service d\u2019Imagerie par R\u00e9sonance Magn\u00e9tique (IRM) disponible \u00e0 l\u2019H\u00f4pital Andrews Memorial. [Photo : Phillip Castell]<\/p><\/div>Le laboratoire de cath\u00e9t\u00e9risme cardiaque changera vraiment la donne en proposant des proc\u00e9dures de diagnostic et d\u2019intervention sur place, a dit Donmayne Gyles. \u00ab Nous serons mieux \u00e9quip\u00e9s pour r\u00e9pondre aux urgences et proposer des traitements vitaux sans d\u00e9lai. \u00bb<\/p>\n<p><strong>Principaux contributeurs et partenaires de l\u2019expansion<\/strong><\/p>\n<p>Donmayne Gyles a remerci\u00e9 la cardiologue interventionnelle Dr Raquel Gordon-Adlam : \u00ab Elle est notre chef de service de cardiologie au sein de notre comit\u00e9 ex\u00e9cutif m\u00e9dical et a jou\u00e9 un r\u00f4le d\u00e9terminant dans le d\u00e9ploiement de notre programme cardiaque ici \u00e0 Andrews. \u00bb Il a \u00e9galement rendu hommage aux anciens pr\u00e9sidents Dr Patric Rutherford et Dr Marvin Rohoutas pour leur vision lorsqu\u2019ils ont lanc\u00e9 le service d\u2019IRM et ont initi\u00e9 la conversation sur les projets de laboratoire de cath\u00e9t\u00e9risme cardiaque, respectivement.<\/p>\n<p>AdventHealth, une organisation de soins de sant\u00e9 adventiste du septi\u00e8me jour, est partenaire de l\u2019AMH depuis 30 ans. Au cours de ce partenariat, ils ont fait don de divers \u00e9quipements, notamment un scanner IRM GE Signa 1,5T et une machine de cath\u00e9t\u00e9risme cardiaque GE Innova 2100.<\/p>\n<p><div id=\"attachment_123859\" style=\"width: 847px\" class=\"wp-caption aligncenter\"><img loading=\"lazy\" decoding=\"async\" aria-describedby=\"caption-attachment-123859\" class=\" wp-image-123858\" src=\"https:\/\/interamerica.org\/wp-content\/uploads\/2025\/01\/amh-catlabroom.jpg\" alt=\"\" width=\"837\" height=\"558\" srcset=\"https:\/\/interamerica.org\/wp-content\/uploads\/2025\/01\/amh-catlabroom.jpg 1000w, https:\/\/interamerica.org\/wp-content\/uploads\/2025\/01\/amh-catlabroom-300x200.jpg 300w, https:\/\/interamerica.org\/wp-content\/uploads\/2025\/01\/amh-catlabroom-768x512.jpg 768w\" sizes=\"(max-width: 837px) 100vw, 837px\" \/><p id=\"caption-attachment-123859\" class=\"wp-caption-text\">Dr Racquel Gordon-Adlam (\u00e0 gauche), cardiologue interventionnelle et chef du service de cardiologie \u00e0 l\u2019H\u00f4pital Andrews Memorial explique les fonctionnalit\u00e9s du laboratoire de cath\u00e9t\u00e9risme cardiaque \u00e0 N. Nick Perry (\u00e0 gauche), ambassadeur des \u00c9tats-Unis en Jama\u00efque, aux c\u00f4t\u00e9s de Donmayne Gyles (troisi\u00e8me \u00e0 gauche), pr\u00e9sident de l\u2019H\u00f4pital Andrews Memorial, et du Dr Audrey Gregory (\u00e0 droite), pr\u00e9sidente de la division d\u2019AdventHealth dans l\u2019Est de la Floride. [Photo : Phillip Castell]<\/p><\/div>\u00ab Ce don a \u00e9t\u00e9 initi\u00e9 par la pr\u00e9sidente-directrice g\u00e9n\u00e9rale de la division d\u2019AdventHealth dans l\u2019Est de la Floride, Dr Audrey Gregory, et son \u00e9quipe. Merci, Dr Gregory. Merci AdventHealth, \u00bb a ajout\u00e9 Donmayne Gyles.<\/p>\n<p><strong>R\u00e9pondre \u00e0 une crise nationale de la sant\u00e9 <\/strong><\/p>\n<p>Dr Gregory a mis en lumi\u00e8re les statistiques alarmantes sur les maladies cardiovasculaires en Jama\u00efque.<\/p>\n<p>\u00ab En 2024, la Jama\u00efque devrait compter environ 200000 d\u00e9c\u00e8s dus aux maladies cardiovasculaires. Cette collaboration entre AdventHealth et l\u2019H\u00f4pital Andrews Memorial est une r\u00e9ponse \u00e0 ces chiffres stup\u00e9fiants, \u00bb a d\u00e9clar\u00e9 Dr Gregory, qui a salu\u00e9 les nouveaux services comme une \u00e9tape importante pour faire \u00e9voluer les soins de sant\u00e9 en Jama\u00efque et l\u2019AMH vers une organisation de soins de sant\u00e9 \u00e0 haute fiabilit\u00e9.<\/p>\n<p><div id=\"attachment_123856\" style=\"width: 845px\" class=\"wp-caption aligncenter\"><img loading=\"lazy\" decoding=\"async\" aria-describedby=\"caption-attachment-123856\" class=\" wp-image-123855\" src=\"https:\/\/interamerica.org\/wp-content\/uploads\/2025\/01\/amh-audrey-gregory-adventhealth.jpg\" alt=\"\" width=\"835\" height=\"586\" srcset=\"https:\/\/interamerica.org\/wp-content\/uploads\/2025\/01\/amh-audrey-gregory-adventhealth.jpg 950w, https:\/\/interamerica.org\/wp-content\/uploads\/2025\/01\/amh-audrey-gregory-adventhealth-300x211.jpg 300w, https:\/\/interamerica.org\/wp-content\/uploads\/2025\/01\/amh-audrey-gregory-adventhealth-768x539.jpg 768w\" sizes=\"(max-width: 835px) 100vw, 835px\" \/><p id=\"caption-attachment-123856\" class=\"wp-caption-text\">Dr Audrey Gregory, pr\u00e9sidente d\u2019AdventHealth dans la division de l\u2019Est de la Floride, s\u2019exprime lors du r\u00e9cent lancement \u00e0 l\u2019H\u00f4pital Andrews Memorial. [Photo Phillip Castell]<\/p><\/div>Dr Geoffrey Liburd, neurochirurgien et chef du service de neurochirurgie au sein du comit\u00e9 ex\u00e9cutif m\u00e9dical de l\u2019AMH, a exprim\u00e9 des sentiments similaires, soulignant le r\u00f4le essentiel de l\u2019IRM dans la neurochirurgie moderne. \u00ab Les capacit\u00e9s d\u00e9taill\u00e9es de l\u2019IRM servent au mieux l\u2019imagerie du cerveau et de la colonne vert\u00e9brale. Cet ajout souligne l\u2019engagement de l\u2019AMH \u00e0 r\u00e9pondre aux besoins de sant\u00e9 de la population, avec une pr\u00e9valence \u00e9lev\u00e9e de maladies non transmissibles, \u00bb a-t-il d\u00e9clar\u00e9.<\/p>\n<p><strong>Une direction et un personnel d\u00e9vou\u00e9s<\/strong><\/p>\n<p>Pasteur Everett Brown, pr\u00e9sident du conseil d\u2019administration de l\u2019AMH et pr\u00e9sident de l\u2019Union de F\u00e9d\u00e9rations de la Jama\u00efque, a salu\u00e9 le d\u00e9vouement des dirigeants et du personnel de l\u2019h\u00f4pital, qui compte plus de 400 personnes, et a li\u00e9 le lancement aux c\u00e9l\u00e9brations du 80\u00e8me anniversaire de l\u2019institution.<\/p>\n<p>\u00ab Cela t\u00e9moigne de l\u2019engagement de l\u2019AMH \u00e0 offrir les meilleurs soins de sant\u00e9 possibles. \u00ab Nous esp\u00e9rons continuer \u00e0 b\u00e9n\u00e9ficier d\u2019un soutien \u00e0 mesure que l\u2019h\u00f4pital renforce sa capacit\u00e9 \u00e0 \u00eatre le meilleur de sa cat\u00e9gorie, \u00bb a fait remarquer pasteur Brown.<\/p>\n<p><div id=\"attachment_123881\" style=\"width: 839px\" class=\"wp-caption aligncenter\"><img loading=\"lazy\" decoding=\"async\" aria-describedby=\"caption-attachment-123881\" class=\" wp-image-123880\" src=\"https:\/\/interamerica.org\/wp-content\/uploads\/2025\/01\/everett-brown-jamu.jpg\" alt=\"\" width=\"829\" height=\"553\" srcset=\"https:\/\/interamerica.org\/wp-content\/uploads\/2025\/01\/everett-brown-jamu.jpg 1000w, https:\/\/interamerica.org\/wp-content\/uploads\/2025\/01\/everett-brown-jamu-300x200.jpg 300w, https:\/\/interamerica.org\/wp-content\/uploads\/2025\/01\/everett-brown-jamu-768x512.jpg 768w\" sizes=\"(max-width: 829px) 100vw, 829px\" \/><p id=\"caption-attachment-123881\" class=\"wp-caption-text\">Pasteur Everett Brown, pr\u00e9sident du conseil d\u2019administration de l\u2019AMH et pr\u00e9sident de l\u2019Union de la Jama\u00efque [Photo : Phillip Castell]<\/p><\/div>Le sentiment d\u2019optimisme s\u2019est \u00e9tendu aux participants, notamment au Dr Talianne Titus, obst\u00e9tricienne et gyn\u00e9cologue consultante, qui a salu\u00e9 l\u2019approche avant-gardiste de l\u2019h\u00f4pital. \u00ab C\u2019est fantastique. La disponibilit\u00e9 de ces services profitera \u00e0 d\u2019innombrables patients. L\u2019H\u00f4pital Andrews Memorial est un leader dans le domaine des soins de sant\u00e9, \u00bb a-t-elle d\u00e9clar\u00e9.<\/p>\n<p>Enoch Penney-Laryea, conseiller sur la s\u00e9curit\u00e9 r\u00e9gionale pour les Nations Unies, a soulign\u00e9 les implications plus larges du lancement pour la r\u00e9putation mondiale de la Jama\u00efque. \u00ab Des installations de pointe comme celles-ci renforcent notre confiance dans la classification de la Jama\u00efque comme un lieu d\u2019affectation viable pour les professionnels internationaux. C\u2019est une victoire pour le pays et son infrastructure de soins de sant\u00e9. \u00bb<\/p>\n<p>Traduction: Patrick Luciathe<\/p>\n","protected":false},"excerpt":{"rendered":"<p>L\u2019institution adventiste franchit une \u00e9tape importante en lan\u00e7ant les services d\u2019IRM et de cath\u00e9t\u00e9risme cardiaque. 16 Janvier 2025 | Kingston, Jama\u00efque | Dyhann Buddoo-Fletcher, Kingston, Jama\u00efque et \u00c9quipe de Presse&#8230;<\/p>\n","protected":false},"author":3,"featured_media":123874,"comment_status":"closed","ping_status":"closed","sticky":false,"template":"","format":"standard","meta":{"_acf_changed":false,"footnotes":""},"categories":[21,19],"tags":[],"class_list":["post-123949","post","type-post","status-publish","format-standard","has-post-thumbnail","hentry","category-nouvelles-du-territoire","category-rss-francais"],"acf":[],"yoast_head":"<!-- This site is optimized with the Yoast SEO plugin v27.3 - https:\/\/yoast.com\/product\/yoast-seo-wordpress\/ -->\n<title>L\u2019H\u00f4pital Andrews Memorial renforce les soins de sant\u00e9 en Jama\u00efque avec le lancement de nouveaux services - \u00c9glise Adventiste Du Septieme Jour - Inter Am\u00e9rique Division<\/title>\n<meta name=\"robots\" content=\"index, follow, max-snippet:-1, max-image-preview:large, max-video-preview:-1\" \/>\n<link rel=\"canonical\" href=\"https:\/\/interamerica.org\/fr\/2025\/01\/lhopital-andrews-memorial-renforce-les-soins-de-sante-en-jamaique-avec-le-lancement-de-nouveaux-services\/\" \/>\n<meta property=\"og:locale\" content=\"fr_FR\" \/>\n<meta property=\"og:type\" content=\"article\" \/>\n<meta property=\"og:title\" content=\"L\u2019H\u00f4pital Andrews Memorial renforce les soins de sant\u00e9 en Jama\u00efque avec le lancement de nouveaux services - \u00c9glise Adventiste Du Septieme Jour - Inter Am\u00e9rique Division\" \/>\n<meta property=\"og:description\" content=\"L\u2019institution adventiste franchit une \u00e9tape importante en lan\u00e7ant les services d\u2019IRM et de cath\u00e9t\u00e9risme cardiaque. 16 Janvier 2025 | Kingston, Jama\u00efque | Dyhann Buddoo-Fletcher, Kingston, Jama\u00efque et \u00c9quipe de Presse...\" \/>\n<meta property=\"og:url\" content=\"https:\/\/interamerica.org\/fr\/2025\/01\/lhopital-andrews-memorial-renforce-les-soins-de-sante-en-jamaique-avec-le-lancement-de-nouveaux-services\/\" \/>\n<meta property=\"og:site_name\" content=\"\u00c9glise Adventiste Du Septieme Jour - Inter Am\u00e9rique Division\" \/>\n<meta property=\"article:published_time\" content=\"2025-01-16T17:40:12+00:00\" \/>\n<meta property=\"article:modified_time\" content=\"2025-01-17T15:01:23+00:00\" \/>\n<meta property=\"og:image\" content=\"https:\/\/interamerica.org\/wp-content\/uploads\/2025\/01\/amh-cathlab-ribbon-cutting.jpg\" \/>\n\t<meta property=\"og:image:width\" content=\"1000\" \/>\n\t<meta property=\"og:image:height\" content=\"667\" \/>\n\t<meta property=\"og:image:type\" content=\"image\/jpeg\" \/>\n<meta name=\"author\" content=\"libna\" \/>\n<meta name=\"twitter:card\" content=\"summary_large_image\" \/>\n<meta name=\"twitter:label1\" content=\"\u00c9crit par\" \/>\n\t<meta name=\"twitter:data1\" content=\"libna\" \/>\n\t<meta name=\"twitter:label2\" content=\"Dur\u00e9e de lecture estim\u00e9e\" \/>\n\t<meta name=\"twitter:data2\" content=\"8 minutes\" \/>\n<script type=\"application\/ld+json\" class=\"yoast-schema-graph\">{\"@context\":\"https:\\\/\\\/schema.org\",\"@graph\":[{\"@type\":\"Article\",\"@id\":\"https:\\\/\\\/interamerica.org\\\/fr\\\/2025\\\/01\\\/lhopital-andrews-memorial-renforce-les-soins-de-sante-en-jamaique-avec-le-lancement-de-nouveaux-services\\\/#article\",\"isPartOf\":{\"@id\":\"https:\\\/\\\/interamerica.org\\\/fr\\\/2025\\\/01\\\/lhopital-andrews-memorial-renforce-les-soins-de-sante-en-jamaique-avec-le-lancement-de-nouveaux-services\\\/\"},\"author\":{\"name\":\"libna\",\"@id\":\"https:\\\/\\\/interamerica.org\\\/fr\\\/#\\\/schema\\\/person\\\/29998f2bc2d8bd0d38662909289b54f1\"},\"headline\":\"L\u2019H\u00f4pital Andrews Memorial renforce les soins de sant\u00e9 en Jama\u00efque avec le lancement de nouveaux services\",\"datePublished\":\"2025-01-16T17:40:12+00:00\",\"dateModified\":\"2025-01-17T15:01:23+00:00\",\"mainEntityOfPage\":{\"@id\":\"https:\\\/\\\/interamerica.org\\\/fr\\\/2025\\\/01\\\/lhopital-andrews-memorial-renforce-les-soins-de-sante-en-jamaique-avec-le-lancement-de-nouveaux-services\\\/\"},\"wordCount\":1632,\"image\":{\"@id\":\"https:\\\/\\\/interamerica.org\\\/fr\\\/2025\\\/01\\\/lhopital-andrews-memorial-renforce-les-soins-de-sante-en-jamaique-avec-le-lancement-de-nouveaux-services\\\/#primaryimage\"},\"thumbnailUrl\":\"https:\\\/\\\/interamerica.org\\\/wp-content\\\/uploads\\\/2025\\\/01\\\/amh-cathlab-ribbon-cutting.jpg\",\"articleSection\":[\"Nouvelles du territoire\",\"RSS Fran\u00e7ais\"],\"inLanguage\":\"fr-FR\"},{\"@type\":\"WebPage\",\"@id\":\"https:\\\/\\\/interamerica.org\\\/fr\\\/2025\\\/01\\\/lhopital-andrews-memorial-renforce-les-soins-de-sante-en-jamaique-avec-le-lancement-de-nouveaux-services\\\/\",\"url\":\"https:\\\/\\\/interamerica.org\\\/fr\\\/2025\\\/01\\\/lhopital-andrews-memorial-renforce-les-soins-de-sante-en-jamaique-avec-le-lancement-de-nouveaux-services\\\/\",\"name\":\"L\u2019H\u00f4pital Andrews Memorial renforce les soins de sant\u00e9 en Jama\u00efque avec le lancement de nouveaux services - \u00c9glise Adventiste Du Septieme Jour - Inter Am\u00e9rique Division\",\"isPartOf\":{\"@id\":\"https:\\\/\\\/interamerica.org\\\/fr\\\/#website\"},\"primaryImageOfPage\":{\"@id\":\"https:\\\/\\\/interamerica.org\\\/fr\\\/2025\\\/01\\\/lhopital-andrews-memorial-renforce-les-soins-de-sante-en-jamaique-avec-le-lancement-de-nouveaux-services\\\/#primaryimage\"},\"image\":{\"@id\":\"https:\\\/\\\/interamerica.org\\\/fr\\\/2025\\\/01\\\/lhopital-andrews-memorial-renforce-les-soins-de-sante-en-jamaique-avec-le-lancement-de-nouveaux-services\\\/#primaryimage\"},\"thumbnailUrl\":\"https:\\\/\\\/interamerica.org\\\/wp-content\\\/uploads\\\/2025\\\/01\\\/amh-cathlab-ribbon-cutting.jpg\",\"datePublished\":\"2025-01-16T17:40:12+00:00\",\"dateModified\":\"2025-01-17T15:01:23+00:00\",\"author\":{\"@id\":\"https:\\\/\\\/interamerica.org\\\/fr\\\/#\\\/schema\\\/person\\\/29998f2bc2d8bd0d38662909289b54f1\"},\"breadcrumb\":{\"@id\":\"https:\\\/\\\/interamerica.org\\\/fr\\\/2025\\\/01\\\/lhopital-andrews-memorial-renforce-les-soins-de-sante-en-jamaique-avec-le-lancement-de-nouveaux-services\\\/#breadcrumb\"},\"inLanguage\":\"fr-FR\",\"potentialAction\":[{\"@type\":\"ReadAction\",\"target\":[\"https:\\\/\\\/interamerica.org\\\/fr\\\/2025\\\/01\\\/lhopital-andrews-memorial-renforce-les-soins-de-sante-en-jamaique-avec-le-lancement-de-nouveaux-services\\\/\"]}]},{\"@type\":\"ImageObject\",\"inLanguage\":\"fr-FR\",\"@id\":\"https:\\\/\\\/interamerica.org\\\/fr\\\/2025\\\/01\\\/lhopital-andrews-memorial-renforce-les-soins-de-sante-en-jamaique-avec-le-lancement-de-nouveaux-services\\\/#primaryimage\",\"url\":\"https:\\\/\\\/interamerica.org\\\/wp-content\\\/uploads\\\/2025\\\/01\\\/amh-cathlab-ribbon-cutting.jpg\",\"contentUrl\":\"https:\\\/\\\/interamerica.org\\\/wp-content\\\/uploads\\\/2025\\\/01\\\/amh-cathlab-ribbon-cutting.jpg\",\"width\":1000,\"height\":667,\"caption\":\"His Excellency N. Nick Perry, the United States Ambassador to Jamaica, is standing left of Mr. Donmayne Gyles, President\\\/CEO of AMH (center) who is cutting the ribbon alongside Dr. Audrey Gregory, CEO\\\/President of the East Florida Division of AdventHealth and Pastor Everett Brown, AMH Board Chair to mark the launch of the AMH MRI and Cardiac Cath Lab Services, on Wednesday, January 8, 2025. Looking on from left: Dr. Patric Rutherford, former AMH President; Mr. Gopal Kumar Bhagat, Second Secretary at the Indian High Commission to Jamaica; Dr. Racquel Gordon-Adlam, Interventional Cardiologist, (center back) and Dr. Adlai Blythe, Treasurer, JAMU (far right). (Photo: Phillip Castell).\"},{\"@type\":\"BreadcrumbList\",\"@id\":\"https:\\\/\\\/interamerica.org\\\/fr\\\/2025\\\/01\\\/lhopital-andrews-memorial-renforce-les-soins-de-sante-en-jamaique-avec-le-lancement-de-nouveaux-services\\\/#breadcrumb\",\"itemListElement\":[{\"@type\":\"ListItem\",\"position\":1,\"name\":\"Home\",\"item\":\"https:\\\/\\\/interamerica.org\\\/fr\\\/\"},{\"@type\":\"ListItem\",\"position\":2,\"name\":\"L\u2019H\u00f4pital Andrews Memorial renforce les soins de sant\u00e9 en Jama\u00efque avec le lancement de nouveaux services\"}]},{\"@type\":\"WebSite\",\"@id\":\"https:\\\/\\\/interamerica.org\\\/fr\\\/#website\",\"url\":\"https:\\\/\\\/interamerica.org\\\/fr\\\/\",\"name\":\"\u00c9glise Adventiste Du Septieme Jour - Inter Am\u00e9rique Division\",\"description\":\"\",\"potentialAction\":[{\"@type\":\"SearchAction\",\"target\":{\"@type\":\"EntryPoint\",\"urlTemplate\":\"https:\\\/\\\/interamerica.org\\\/fr\\\/?s={search_term_string}\"},\"query-input\":{\"@type\":\"PropertyValueSpecification\",\"valueRequired\":true,\"valueName\":\"search_term_string\"}}],\"inLanguage\":\"fr-FR\"},{\"@type\":\"Person\",\"@id\":\"https:\\\/\\\/interamerica.org\\\/fr\\\/#\\\/schema\\\/person\\\/29998f2bc2d8bd0d38662909289b54f1\",\"name\":\"libna\",\"image\":{\"@type\":\"ImageObject\",\"inLanguage\":\"fr-FR\",\"@id\":\"https:\\\/\\\/secure.gravatar.com\\\/avatar\\\/7c5bd30ae4b47a9ba3c856590957fd1d96dc588bf3ac05719d247e126840331f?s=96&d=mm&r=g\",\"url\":\"https:\\\/\\\/secure.gravatar.com\\\/avatar\\\/7c5bd30ae4b47a9ba3c856590957fd1d96dc588bf3ac05719d247e126840331f?s=96&d=mm&r=g\",\"contentUrl\":\"https:\\\/\\\/secure.gravatar.com\\\/avatar\\\/7c5bd30ae4b47a9ba3c856590957fd1d96dc588bf3ac05719d247e126840331f?s=96&d=mm&r=g\",\"caption\":\"libna\"}}]}<\/script>\n<!-- \/ Yoast SEO plugin. -->","yoast_head_json":{"title":"L\u2019H\u00f4pital Andrews Memorial renforce les soins de sant\u00e9 en Jama\u00efque avec le lancement de nouveaux services - \u00c9glise Adventiste Du Septieme Jour - Inter Am\u00e9rique Division","robots":{"index":"index","follow":"follow","max-snippet":"max-snippet:-1","max-image-preview":"max-image-preview:large","max-video-preview":"max-video-preview:-1"},"canonical":"https:\/\/interamerica.org\/fr\/2025\/01\/lhopital-andrews-memorial-renforce-les-soins-de-sante-en-jamaique-avec-le-lancement-de-nouveaux-services\/","og_locale":"fr_FR","og_type":"article","og_title":"L\u2019H\u00f4pital Andrews Memorial renforce les soins de sant\u00e9 en Jama\u00efque avec le lancement de nouveaux services - \u00c9glise Adventiste Du Septieme Jour - Inter Am\u00e9rique Division","og_description":"L\u2019institution adventiste franchit une \u00e9tape importante en lan\u00e7ant les services d\u2019IRM et de cath\u00e9t\u00e9risme cardiaque. 16 Janvier 2025 | Kingston, Jama\u00efque | Dyhann Buddoo-Fletcher, Kingston, Jama\u00efque et \u00c9quipe de Presse...","og_url":"https:\/\/interamerica.org\/fr\/2025\/01\/lhopital-andrews-memorial-renforce-les-soins-de-sante-en-jamaique-avec-le-lancement-de-nouveaux-services\/","og_site_name":"\u00c9glise Adventiste Du Septieme Jour - Inter Am\u00e9rique Division","article_published_time":"2025-01-16T17:40:12+00:00","article_modified_time":"2025-01-17T15:01:23+00:00","og_image":[{"width":1000,"height":667,"url":"https:\/\/interamerica.org\/wp-content\/uploads\/2025\/01\/amh-cathlab-ribbon-cutting.jpg","type":"image\/jpeg"}],"author":"libna","twitter_card":"summary_large_image","twitter_misc":{"\u00c9crit par":"libna","Dur\u00e9e de lecture estim\u00e9e":"8 minutes"},"schema":{"@context":"https:\/\/schema.org","@graph":[{"@type":"Article","@id":"https:\/\/interamerica.org\/fr\/2025\/01\/lhopital-andrews-memorial-renforce-les-soins-de-sante-en-jamaique-avec-le-lancement-de-nouveaux-services\/#article","isPartOf":{"@id":"https:\/\/interamerica.org\/fr\/2025\/01\/lhopital-andrews-memorial-renforce-les-soins-de-sante-en-jamaique-avec-le-lancement-de-nouveaux-services\/"},"author":{"name":"libna","@id":"https:\/\/interamerica.org\/fr\/#\/schema\/person\/29998f2bc2d8bd0d38662909289b54f1"},"headline":"L\u2019H\u00f4pital Andrews Memorial renforce les soins de sant\u00e9 en Jama\u00efque avec le lancement de nouveaux services","datePublished":"2025-01-16T17:40:12+00:00","dateModified":"2025-01-17T15:01:23+00:00","mainEntityOfPage":{"@id":"https:\/\/interamerica.org\/fr\/2025\/01\/lhopital-andrews-memorial-renforce-les-soins-de-sante-en-jamaique-avec-le-lancement-de-nouveaux-services\/"},"wordCount":1632,"image":{"@id":"https:\/\/interamerica.org\/fr\/2025\/01\/lhopital-andrews-memorial-renforce-les-soins-de-sante-en-jamaique-avec-le-lancement-de-nouveaux-services\/#primaryimage"},"thumbnailUrl":"https:\/\/interamerica.org\/wp-content\/uploads\/2025\/01\/amh-cathlab-ribbon-cutting.jpg","articleSection":["Nouvelles du territoire","RSS Fran\u00e7ais"],"inLanguage":"fr-FR"},{"@type":"WebPage","@id":"https:\/\/interamerica.org\/fr\/2025\/01\/lhopital-andrews-memorial-renforce-les-soins-de-sante-en-jamaique-avec-le-lancement-de-nouveaux-services\/","url":"https:\/\/interamerica.org\/fr\/2025\/01\/lhopital-andrews-memorial-renforce-les-soins-de-sante-en-jamaique-avec-le-lancement-de-nouveaux-services\/","name":"L\u2019H\u00f4pital Andrews Memorial renforce les soins de sant\u00e9 en Jama\u00efque avec le lancement de nouveaux services - \u00c9glise Adventiste Du Septieme Jour - Inter Am\u00e9rique Division","isPartOf":{"@id":"https:\/\/interamerica.org\/fr\/#website"},"primaryImageOfPage":{"@id":"https:\/\/interamerica.org\/fr\/2025\/01\/lhopital-andrews-memorial-renforce-les-soins-de-sante-en-jamaique-avec-le-lancement-de-nouveaux-services\/#primaryimage"},"image":{"@id":"https:\/\/interamerica.org\/fr\/2025\/01\/lhopital-andrews-memorial-renforce-les-soins-de-sante-en-jamaique-avec-le-lancement-de-nouveaux-services\/#primaryimage"},"thumbnailUrl":"https:\/\/interamerica.org\/wp-content\/uploads\/2025\/01\/amh-cathlab-ribbon-cutting.jpg","datePublished":"2025-01-16T17:40:12+00:00","dateModified":"2025-01-17T15:01:23+00:00","author":{"@id":"https:\/\/interamerica.org\/fr\/#\/schema\/person\/29998f2bc2d8bd0d38662909289b54f1"},"breadcrumb":{"@id":"https:\/\/interamerica.org\/fr\/2025\/01\/lhopital-andrews-memorial-renforce-les-soins-de-sante-en-jamaique-avec-le-lancement-de-nouveaux-services\/#breadcrumb"},"inLanguage":"fr-FR","potentialAction":[{"@type":"ReadAction","target":["https:\/\/interamerica.org\/fr\/2025\/01\/lhopital-andrews-memorial-renforce-les-soins-de-sante-en-jamaique-avec-le-lancement-de-nouveaux-services\/"]}]},{"@type":"ImageObject","inLanguage":"fr-FR","@id":"https:\/\/interamerica.org\/fr\/2025\/01\/lhopital-andrews-memorial-renforce-les-soins-de-sante-en-jamaique-avec-le-lancement-de-nouveaux-services\/#primaryimage","url":"https:\/\/interamerica.org\/wp-content\/uploads\/2025\/01\/amh-cathlab-ribbon-cutting.jpg","contentUrl":"https:\/\/interamerica.org\/wp-content\/uploads\/2025\/01\/amh-cathlab-ribbon-cutting.jpg","width":1000,"height":667,"caption":"His Excellency N. Nick Perry, the United States Ambassador to Jamaica, is standing left of Mr. Donmayne Gyles, President\/CEO of AMH (center) who is cutting the ribbon alongside Dr. Audrey Gregory, CEO\/President of the East Florida Division of AdventHealth and Pastor Everett Brown, AMH Board Chair to mark the launch of the AMH MRI and Cardiac Cath Lab Services, on Wednesday, January 8, 2025. Looking on from left: Dr. Patric Rutherford, former AMH President; Mr. Gopal Kumar Bhagat, Second Secretary at the Indian High Commission to Jamaica; Dr. Racquel Gordon-Adlam, Interventional Cardiologist, (center back) and Dr. Adlai Blythe, Treasurer, JAMU (far right). (Photo: Phillip Castell)."},{"@type":"BreadcrumbList","@id":"https:\/\/interamerica.org\/fr\/2025\/01\/lhopital-andrews-memorial-renforce-les-soins-de-sante-en-jamaique-avec-le-lancement-de-nouveaux-services\/#breadcrumb","itemListElement":[{"@type":"ListItem","position":1,"name":"Home","item":"https:\/\/interamerica.org\/fr\/"},{"@type":"ListItem","position":2,"name":"L\u2019H\u00f4pital Andrews Memorial renforce les soins de sant\u00e9 en Jama\u00efque avec le lancement de nouveaux services"}]},{"@type":"WebSite","@id":"https:\/\/interamerica.org\/fr\/#website","url":"https:\/\/interamerica.org\/fr\/","name":"\u00c9glise Adventiste Du Septieme Jour - Inter Am\u00e9rique Division","description":"","potentialAction":[{"@type":"SearchAction","target":{"@type":"EntryPoint","urlTemplate":"https:\/\/interamerica.org\/fr\/?s={search_term_string}"},"query-input":{"@type":"PropertyValueSpecification","valueRequired":true,"valueName":"search_term_string"}}],"inLanguage":"fr-FR"},{"@type":"Person","@id":"https:\/\/interamerica.org\/fr\/#\/schema\/person\/29998f2bc2d8bd0d38662909289b54f1","name":"libna","image":{"@type":"ImageObject","inLanguage":"fr-FR","@id":"https:\/\/secure.gravatar.com\/avatar\/7c5bd30ae4b47a9ba3c856590957fd1d96dc588bf3ac05719d247e126840331f?s=96&d=mm&r=g","url":"https:\/\/secure.gravatar.com\/avatar\/7c5bd30ae4b47a9ba3c856590957fd1d96dc588bf3ac05719d247e126840331f?s=96&d=mm&r=g","contentUrl":"https:\/\/secure.gravatar.com\/avatar\/7c5bd30ae4b47a9ba3c856590957fd1d96dc588bf3ac05719d247e126840331f?s=96&d=mm&r=g","caption":"libna"}}]}},"_links":{"self":[{"href":"https:\/\/interamerica.org\/fr\/wp-json\/wp\/v2\/posts\/123949","targetHints":{"allow":["GET"]}}],"collection":[{"href":"https:\/\/interamerica.org\/fr\/wp-json\/wp\/v2\/posts"}],"about":[{"href":"https:\/\/interamerica.org\/fr\/wp-json\/wp\/v2\/types\/post"}],"author":[{"embeddable":true,"href":"https:\/\/interamerica.org\/fr\/wp-json\/wp\/v2\/users\/3"}],"replies":[{"embeddable":true,"href":"https:\/\/interamerica.org\/fr\/wp-json\/wp\/v2\/comments?post=123949"}],"version-history":[{"count":0,"href":"https:\/\/interamerica.org\/fr\/wp-json\/wp\/v2\/posts\/123949\/revisions"}],"wp:featuredmedia":[{"embeddable":true,"href":"https:\/\/interamerica.org\/fr\/wp-json\/wp\/v2\/media\/123874"}],"wp:attachment":[{"href":"https:\/\/interamerica.org\/fr\/wp-json\/wp\/v2\/media?parent=123949"}],"wp:term":[{"taxonomy":"category","embeddable":true,"href":"https:\/\/interamerica.org\/fr\/wp-json\/wp\/v2\/categories?post=123949"},{"taxonomy":"post_tag","embeddable":true,"href":"https:\/\/interamerica.org\/fr\/wp-json\/wp\/v2\/tags?post=123949"}],"curies":[{"name":"wp","href":"https:\/\/api.w.org\/{rel}","templated":true}]}}