{"id":123951,"date":"2025-01-16T18:45:50","date_gmt":"2025-01-16T23:45:50","guid":{"rendered":"https:\/\/interamerica.org\/?p=123951"},"modified":"2025-01-17T10:03:47","modified_gmt":"2025-01-17T15:03:47","slug":"les-familles-pastorales-de-la-dia-suniront-bientot-pour-la-semaine-annuelle-de-priere","status":"publish","type":"post","link":"https:\/\/interamerica.org\/fr\/2025\/01\/les-familles-pastorales-de-la-dia-suniront-bientot-pour-la-semaine-annuelle-de-priere\/","title":{"rendered":"Les familles pastorales de la DIA s\u2019uniront bient\u00f4t pour la semaine annuelle de pri\u00e8re"},"content":{"rendered":"<p><em>Le programme diffus\u00e9 en ligne encourage la croissance spirituelle, la pri\u00e8re et l\u2019unit\u00e9 alors que les pasteurs et les familles se pr\u00e9parent \u00e0 une ann\u00e9e d\u2019intenses actions d\u2019\u00e9vang\u00e9lisation.<\/em><\/p>\n<p>16 Janvier 2025 | Miami, Floride, \u00c9tats-Unis | Libna Stevens, Actualit\u00e9s de la Division Inter-Am\u00e9ricaine<\/p>\n<p>Les pasteurs adventistes du septi\u00e8me jour et leurs familles sur tout le territoire de la Division Inter Am\u00e9ricaine (DIA) auront l\u2019opportunit\u00e9 d\u2019adorer et de prier ensemble pendant la semaine de pri\u00e8re de cette ann\u00e9e qui aura lieu du 27 au 31 janvier 2025.<\/p>\n<p>Le programme retransmis en ligne a pour objectif d\u2019inspirer les pasteurs, leurs conjoints et leurs enfants \u00e0 \u00e9tudier la Parole de Dieu, \u00e0 prier ensemble et \u00e0 acqu\u00e9rir la force spirituelle n\u00e9cessaire pour continuer \u00e0 servir l\u2019\u00c9glise et d\u2019impliquer les dirigeants et les membres dans la proclamation de l\u2019\u00e9vangile au sein de leurs communaut\u00e9s.<\/p>\n<p>\u00ab Nous sommes ravis de souligner l\u2019importance de rassurer nos familles pastorales sur la direction et la force que nous donne Dieu alors qu\u2019elles continuent de motiver et d\u2019impliquer leurs congr\u00e9gations dans le travail missionnaire qui nous est confi\u00e9 \u00e0 nous ses enfants, \u00bb a d\u00e9clar\u00e9 pasteur Josney Rodr\u00edguez, secr\u00e9taire de l\u2019Association Pastorale de la DIA.<\/p>\n<p><div id=\"attachment_123935\" style=\"width: 795px\" class=\"wp-caption aligncenter\"><img fetchpriority=\"high\" decoding=\"async\" aria-describedby=\"caption-attachment-123935\" class=\" wp-image-123934\" src=\"https:\/\/interamerica.org\/wp-content\/uploads\/2025\/01\/anointed-copy-2.jpg\" alt=\"\" width=\"785\" height=\"442\" srcset=\"https:\/\/interamerica.org\/wp-content\/uploads\/2025\/01\/anointed-copy-2.jpg 1000w, https:\/\/interamerica.org\/wp-content\/uploads\/2025\/01\/anointed-copy-2-300x169.jpg 300w, https:\/\/interamerica.org\/wp-content\/uploads\/2025\/01\/anointed-copy-2-768x432.jpg 768w\" sizes=\"(max-width: 785px) 100vw, 785px\" \/><p id=\"caption-attachment-123935\" class=\"wp-caption-text\">[Image: Association Pastorale de la DIA]<\/p><\/div>La semaine a pour th\u00e8me \u00ab Oints Jusqu\u2019\u00e0 la Fin, \u00bb, une occasion de rappeler aux familles pastorales leur r\u00f4le de serviteurs de Dieu, oints par le Saint-Esprit, alors qu\u2019ils exercent leur minist\u00e8re de berger dans leurs congr\u00e9gations. Le th\u00e8me les rassure \u00e9galement sur le fait que Dieu est avec eux \u00e0 chaque \u00e9tape de leur minist\u00e8re, a d\u00e9clar\u00e9 pasteur Rodr\u00edguez.<\/p>\n<p>L\u2019emphase sp\u00e9ciale de cette ann\u00e9e sera l\u2019occasion pour des conf\u00e9renciers invit\u00e9s de tout le territoire de la DIA d\u2019aborder des sujets tels que connaitre la pr\u00e9sence rassurante de Dieu, faire face aux d\u00e9fis de la vie, servir avec fid\u00e9lit\u00e9, r\u00eaver et avoir confiance dans les promesses de Dieu, et avoir l\u2019assurance d\u2019\u00eatre soutenus par la gr\u00e2ce et la faveur divines.<\/p>\n<p>La semaine de pri\u00e8re co\u00efncide avec une ann\u00e9e enti\u00e8re au cours de laquelle l\u2019accent est mis sur le fait de redoubler d\u2019effort dans l\u2019\u00e9vang\u00e9lisation et de pr\u00e9parer les familles \u00e0 continuer d\u2019avancer dans la mission dans le cadre de l\u2019initiative <em>Toute la Famille en Mission<\/em> mise en place dans l\u2019Inter-Am\u00e9rique, une campagne sur l\u2019ensemble du territoire cette ann\u00e9e.<\/p>\n<p>Pour voir la semaine de pri\u00e8re pastorale qui d\u00e9butera le 27 janvier 2025 \u00e0 20h30 (heure de Miami), rendez-vous sur le site <a href=\"https:\/\/www.youtube.com\/InterAmericanDivision\">webcast.interamerica.org<\/a>. Pour des ressources suppl\u00e9mentaires, cliquez<a href=\"https:\/\/interamerica.org\/event\/semana-de-oracion-del-familia-ministerial-creciendo-en-la-fe\/\">ICI<\/a><\/p>\n<p>&nbsp;<\/p>\n<p>&nbsp;<\/p>\n<p>Traduction: Patrick Luciathe<\/p>\n","protected":false},"excerpt":{"rendered":"<p>Le programme diffus\u00e9 en ligne encourage la croissance spirituelle, la pri\u00e8re et l\u2019unit\u00e9 alors que les pasteurs et les familles se pr\u00e9parent \u00e0 une ann\u00e9e d\u2019intenses actions d\u2019\u00e9vang\u00e9lisation. 16 Janvier&#8230;<\/p>\n","protected":false},"author":3,"featured_media":123032,"comment_status":"closed","ping_status":"closed","sticky":false,"template":"","format":"standard","meta":{"_acf_changed":false,"footnotes":""},"categories":[20,19],"tags":[],"class_list":["post-123951","post","type-post","status-publish","format-standard","has-post-thumbnail","hentry","category-nouvelles-du-siege-de-la-division","category-rss-francais"],"acf":[],"yoast_head":"<!-- This site is optimized with the Yoast SEO plugin v27.3 - https:\/\/yoast.com\/product\/yoast-seo-wordpress\/ -->\n<title>Les familles pastorales de la DIA s\u2019uniront bient\u00f4t pour la semaine annuelle de pri\u00e8re - \u00c9glise Adventiste Du Septieme Jour - Inter Am\u00e9rique Division<\/title>\n<meta name=\"robots\" content=\"index, follow, max-snippet:-1, max-image-preview:large, max-video-preview:-1\" \/>\n<link rel=\"canonical\" href=\"https:\/\/interamerica.org\/fr\/2025\/01\/les-familles-pastorales-de-la-dia-suniront-bientot-pour-la-semaine-annuelle-de-priere\/\" \/>\n<meta property=\"og:locale\" content=\"fr_FR\" \/>\n<meta property=\"og:type\" content=\"article\" \/>\n<meta property=\"og:title\" content=\"Les familles pastorales de la DIA s\u2019uniront bient\u00f4t pour la semaine annuelle de pri\u00e8re - \u00c9glise Adventiste Du Septieme Jour - Inter Am\u00e9rique Division\" \/>\n<meta property=\"og:description\" content=\"Le programme diffus\u00e9 en ligne encourage la croissance spirituelle, la pri\u00e8re et l\u2019unit\u00e9 alors que les pasteurs et les familles se pr\u00e9parent \u00e0 une ann\u00e9e d\u2019intenses actions d\u2019\u00e9vang\u00e9lisation. 16 Janvier...\" \/>\n<meta property=\"og:url\" content=\"https:\/\/interamerica.org\/fr\/2025\/01\/les-familles-pastorales-de-la-dia-suniront-bientot-pour-la-semaine-annuelle-de-priere\/\" \/>\n<meta property=\"og:site_name\" content=\"\u00c9glise Adventiste Du Septieme Jour - Inter Am\u00e9rique Division\" \/>\n<meta property=\"article:published_time\" content=\"2025-01-16T23:45:50+00:00\" \/>\n<meta property=\"article:modified_time\" content=\"2025-01-17T15:03:47+00:00\" \/>\n<meta property=\"og:image\" content=\"https:\/\/interamerica.org\/wp-content\/uploads\/2024\/12\/familia-ministerial.jpg\" \/>\n\t<meta property=\"og:image:width\" content=\"1280\" \/>\n\t<meta property=\"og:image:height\" content=\"800\" \/>\n\t<meta property=\"og:image:type\" content=\"image\/jpeg\" \/>\n<meta name=\"author\" content=\"libna\" \/>\n<meta name=\"twitter:card\" content=\"summary_large_image\" \/>\n<meta name=\"twitter:label1\" content=\"\u00c9crit par\" \/>\n\t<meta name=\"twitter:data1\" content=\"libna\" \/>\n\t<meta name=\"twitter:label2\" content=\"Dur\u00e9e de lecture estim\u00e9e\" \/>\n\t<meta name=\"twitter:data2\" content=\"3 minutes\" \/>\n<script type=\"application\/ld+json\" class=\"yoast-schema-graph\">{\"@context\":\"https:\\\/\\\/schema.org\",\"@graph\":[{\"@type\":\"Article\",\"@id\":\"https:\\\/\\\/interamerica.org\\\/fr\\\/2025\\\/01\\\/les-familles-pastorales-de-la-dia-suniront-bientot-pour-la-semaine-annuelle-de-priere\\\/#article\",\"isPartOf\":{\"@id\":\"https:\\\/\\\/interamerica.org\\\/fr\\\/2025\\\/01\\\/les-familles-pastorales-de-la-dia-suniront-bientot-pour-la-semaine-annuelle-de-priere\\\/\"},\"author\":{\"name\":\"libna\",\"@id\":\"https:\\\/\\\/interamerica.org\\\/fr\\\/#\\\/schema\\\/person\\\/29998f2bc2d8bd0d38662909289b54f1\"},\"headline\":\"Les familles pastorales de la DIA s\u2019uniront bient\u00f4t pour la semaine annuelle de pri\u00e8re\",\"datePublished\":\"2025-01-16T23:45:50+00:00\",\"dateModified\":\"2025-01-17T15:03:47+00:00\",\"mainEntityOfPage\":{\"@id\":\"https:\\\/\\\/interamerica.org\\\/fr\\\/2025\\\/01\\\/les-familles-pastorales-de-la-dia-suniront-bientot-pour-la-semaine-annuelle-de-priere\\\/\"},\"wordCount\":489,\"image\":{\"@id\":\"https:\\\/\\\/interamerica.org\\\/fr\\\/2025\\\/01\\\/les-familles-pastorales-de-la-dia-suniront-bientot-pour-la-semaine-annuelle-de-priere\\\/#primaryimage\"},\"thumbnailUrl\":\"https:\\\/\\\/interamerica.org\\\/wp-content\\\/uploads\\\/2024\\\/12\\\/familia-ministerial.jpg\",\"articleSection\":[\"Nouvelles du si\u00e8ge de la division\",\"RSS Fran\u00e7ais\"],\"inLanguage\":\"fr-FR\"},{\"@type\":\"WebPage\",\"@id\":\"https:\\\/\\\/interamerica.org\\\/fr\\\/2025\\\/01\\\/les-familles-pastorales-de-la-dia-suniront-bientot-pour-la-semaine-annuelle-de-priere\\\/\",\"url\":\"https:\\\/\\\/interamerica.org\\\/fr\\\/2025\\\/01\\\/les-familles-pastorales-de-la-dia-suniront-bientot-pour-la-semaine-annuelle-de-priere\\\/\",\"name\":\"Les familles pastorales de la DIA s\u2019uniront bient\u00f4t pour la semaine annuelle de pri\u00e8re - \u00c9glise Adventiste Du Septieme Jour - Inter Am\u00e9rique Division\",\"isPartOf\":{\"@id\":\"https:\\\/\\\/interamerica.org\\\/fr\\\/#website\"},\"primaryImageOfPage\":{\"@id\":\"https:\\\/\\\/interamerica.org\\\/fr\\\/2025\\\/01\\\/les-familles-pastorales-de-la-dia-suniront-bientot-pour-la-semaine-annuelle-de-priere\\\/#primaryimage\"},\"image\":{\"@id\":\"https:\\\/\\\/interamerica.org\\\/fr\\\/2025\\\/01\\\/les-familles-pastorales-de-la-dia-suniront-bientot-pour-la-semaine-annuelle-de-priere\\\/#primaryimage\"},\"thumbnailUrl\":\"https:\\\/\\\/interamerica.org\\\/wp-content\\\/uploads\\\/2024\\\/12\\\/familia-ministerial.jpg\",\"datePublished\":\"2025-01-16T23:45:50+00:00\",\"dateModified\":\"2025-01-17T15:03:47+00:00\",\"author\":{\"@id\":\"https:\\\/\\\/interamerica.org\\\/fr\\\/#\\\/schema\\\/person\\\/29998f2bc2d8bd0d38662909289b54f1\"},\"breadcrumb\":{\"@id\":\"https:\\\/\\\/interamerica.org\\\/fr\\\/2025\\\/01\\\/les-familles-pastorales-de-la-dia-suniront-bientot-pour-la-semaine-annuelle-de-priere\\\/#breadcrumb\"},\"inLanguage\":\"fr-FR\",\"potentialAction\":[{\"@type\":\"ReadAction\",\"target\":[\"https:\\\/\\\/interamerica.org\\\/fr\\\/2025\\\/01\\\/les-familles-pastorales-de-la-dia-suniront-bientot-pour-la-semaine-annuelle-de-priere\\\/\"]}]},{\"@type\":\"ImageObject\",\"inLanguage\":\"fr-FR\",\"@id\":\"https:\\\/\\\/interamerica.org\\\/fr\\\/2025\\\/01\\\/les-familles-pastorales-de-la-dia-suniront-bientot-pour-la-semaine-annuelle-de-priere\\\/#primaryimage\",\"url\":\"https:\\\/\\\/interamerica.org\\\/wp-content\\\/uploads\\\/2024\\\/12\\\/familia-ministerial.jpg\",\"contentUrl\":\"https:\\\/\\\/interamerica.org\\\/wp-content\\\/uploads\\\/2024\\\/12\\\/familia-ministerial.jpg\",\"width\":1280,\"height\":800},{\"@type\":\"BreadcrumbList\",\"@id\":\"https:\\\/\\\/interamerica.org\\\/fr\\\/2025\\\/01\\\/les-familles-pastorales-de-la-dia-suniront-bientot-pour-la-semaine-annuelle-de-priere\\\/#breadcrumb\",\"itemListElement\":[{\"@type\":\"ListItem\",\"position\":1,\"name\":\"Home\",\"item\":\"https:\\\/\\\/interamerica.org\\\/fr\\\/\"},{\"@type\":\"ListItem\",\"position\":2,\"name\":\"Les familles pastorales de la DIA s\u2019uniront bient\u00f4t pour la semaine annuelle de pri\u00e8re\"}]},{\"@type\":\"WebSite\",\"@id\":\"https:\\\/\\\/interamerica.org\\\/fr\\\/#website\",\"url\":\"https:\\\/\\\/interamerica.org\\\/fr\\\/\",\"name\":\"\u00c9glise Adventiste Du Septieme Jour - Inter Am\u00e9rique Division\",\"description\":\"\",\"potentialAction\":[{\"@type\":\"SearchAction\",\"target\":{\"@type\":\"EntryPoint\",\"urlTemplate\":\"https:\\\/\\\/interamerica.org\\\/fr\\\/?s={search_term_string}\"},\"query-input\":{\"@type\":\"PropertyValueSpecification\",\"valueRequired\":true,\"valueName\":\"search_term_string\"}}],\"inLanguage\":\"fr-FR\"},{\"@type\":\"Person\",\"@id\":\"https:\\\/\\\/interamerica.org\\\/fr\\\/#\\\/schema\\\/person\\\/29998f2bc2d8bd0d38662909289b54f1\",\"name\":\"libna\",\"image\":{\"@type\":\"ImageObject\",\"inLanguage\":\"fr-FR\",\"@id\":\"https:\\\/\\\/secure.gravatar.com\\\/avatar\\\/7c5bd30ae4b47a9ba3c856590957fd1d96dc588bf3ac05719d247e126840331f?s=96&d=mm&r=g\",\"url\":\"https:\\\/\\\/secure.gravatar.com\\\/avatar\\\/7c5bd30ae4b47a9ba3c856590957fd1d96dc588bf3ac05719d247e126840331f?s=96&d=mm&r=g\",\"contentUrl\":\"https:\\\/\\\/secure.gravatar.com\\\/avatar\\\/7c5bd30ae4b47a9ba3c856590957fd1d96dc588bf3ac05719d247e126840331f?s=96&d=mm&r=g\",\"caption\":\"libna\"}}]}<\/script>\n<!-- \/ Yoast SEO plugin. -->","yoast_head_json":{"title":"Les familles pastorales de la DIA s\u2019uniront bient\u00f4t pour la semaine annuelle de pri\u00e8re - \u00c9glise Adventiste Du Septieme Jour - Inter Am\u00e9rique Division","robots":{"index":"index","follow":"follow","max-snippet":"max-snippet:-1","max-image-preview":"max-image-preview:large","max-video-preview":"max-video-preview:-1"},"canonical":"https:\/\/interamerica.org\/fr\/2025\/01\/les-familles-pastorales-de-la-dia-suniront-bientot-pour-la-semaine-annuelle-de-priere\/","og_locale":"fr_FR","og_type":"article","og_title":"Les familles pastorales de la DIA s\u2019uniront bient\u00f4t pour la semaine annuelle de pri\u00e8re - \u00c9glise Adventiste Du Septieme Jour - Inter Am\u00e9rique Division","og_description":"Le programme diffus\u00e9 en ligne encourage la croissance spirituelle, la pri\u00e8re et l\u2019unit\u00e9 alors que les pasteurs et les familles se pr\u00e9parent \u00e0 une ann\u00e9e d\u2019intenses actions d\u2019\u00e9vang\u00e9lisation. 16 Janvier...","og_url":"https:\/\/interamerica.org\/fr\/2025\/01\/les-familles-pastorales-de-la-dia-suniront-bientot-pour-la-semaine-annuelle-de-priere\/","og_site_name":"\u00c9glise Adventiste Du Septieme Jour - Inter Am\u00e9rique Division","article_published_time":"2025-01-16T23:45:50+00:00","article_modified_time":"2025-01-17T15:03:47+00:00","og_image":[{"width":1280,"height":800,"url":"https:\/\/interamerica.org\/wp-content\/uploads\/2024\/12\/familia-ministerial.jpg","type":"image\/jpeg"}],"author":"libna","twitter_card":"summary_large_image","twitter_misc":{"\u00c9crit par":"libna","Dur\u00e9e de lecture estim\u00e9e":"3 minutes"},"schema":{"@context":"https:\/\/schema.org","@graph":[{"@type":"Article","@id":"https:\/\/interamerica.org\/fr\/2025\/01\/les-familles-pastorales-de-la-dia-suniront-bientot-pour-la-semaine-annuelle-de-priere\/#article","isPartOf":{"@id":"https:\/\/interamerica.org\/fr\/2025\/01\/les-familles-pastorales-de-la-dia-suniront-bientot-pour-la-semaine-annuelle-de-priere\/"},"author":{"name":"libna","@id":"https:\/\/interamerica.org\/fr\/#\/schema\/person\/29998f2bc2d8bd0d38662909289b54f1"},"headline":"Les familles pastorales de la DIA s\u2019uniront bient\u00f4t pour la semaine annuelle de pri\u00e8re","datePublished":"2025-01-16T23:45:50+00:00","dateModified":"2025-01-17T15:03:47+00:00","mainEntityOfPage":{"@id":"https:\/\/interamerica.org\/fr\/2025\/01\/les-familles-pastorales-de-la-dia-suniront-bientot-pour-la-semaine-annuelle-de-priere\/"},"wordCount":489,"image":{"@id":"https:\/\/interamerica.org\/fr\/2025\/01\/les-familles-pastorales-de-la-dia-suniront-bientot-pour-la-semaine-annuelle-de-priere\/#primaryimage"},"thumbnailUrl":"https:\/\/interamerica.org\/wp-content\/uploads\/2024\/12\/familia-ministerial.jpg","articleSection":["Nouvelles du si\u00e8ge de la division","RSS Fran\u00e7ais"],"inLanguage":"fr-FR"},{"@type":"WebPage","@id":"https:\/\/interamerica.org\/fr\/2025\/01\/les-familles-pastorales-de-la-dia-suniront-bientot-pour-la-semaine-annuelle-de-priere\/","url":"https:\/\/interamerica.org\/fr\/2025\/01\/les-familles-pastorales-de-la-dia-suniront-bientot-pour-la-semaine-annuelle-de-priere\/","name":"Les familles pastorales de la DIA s\u2019uniront bient\u00f4t pour la semaine annuelle de pri\u00e8re - \u00c9glise Adventiste Du Septieme Jour - Inter Am\u00e9rique Division","isPartOf":{"@id":"https:\/\/interamerica.org\/fr\/#website"},"primaryImageOfPage":{"@id":"https:\/\/interamerica.org\/fr\/2025\/01\/les-familles-pastorales-de-la-dia-suniront-bientot-pour-la-semaine-annuelle-de-priere\/#primaryimage"},"image":{"@id":"https:\/\/interamerica.org\/fr\/2025\/01\/les-familles-pastorales-de-la-dia-suniront-bientot-pour-la-semaine-annuelle-de-priere\/#primaryimage"},"thumbnailUrl":"https:\/\/interamerica.org\/wp-content\/uploads\/2024\/12\/familia-ministerial.jpg","datePublished":"2025-01-16T23:45:50+00:00","dateModified":"2025-01-17T15:03:47+00:00","author":{"@id":"https:\/\/interamerica.org\/fr\/#\/schema\/person\/29998f2bc2d8bd0d38662909289b54f1"},"breadcrumb":{"@id":"https:\/\/interamerica.org\/fr\/2025\/01\/les-familles-pastorales-de-la-dia-suniront-bientot-pour-la-semaine-annuelle-de-priere\/#breadcrumb"},"inLanguage":"fr-FR","potentialAction":[{"@type":"ReadAction","target":["https:\/\/interamerica.org\/fr\/2025\/01\/les-familles-pastorales-de-la-dia-suniront-bientot-pour-la-semaine-annuelle-de-priere\/"]}]},{"@type":"ImageObject","inLanguage":"fr-FR","@id":"https:\/\/interamerica.org\/fr\/2025\/01\/les-familles-pastorales-de-la-dia-suniront-bientot-pour-la-semaine-annuelle-de-priere\/#primaryimage","url":"https:\/\/interamerica.org\/wp-content\/uploads\/2024\/12\/familia-ministerial.jpg","contentUrl":"https:\/\/interamerica.org\/wp-content\/uploads\/2024\/12\/familia-ministerial.jpg","width":1280,"height":800},{"@type":"BreadcrumbList","@id":"https:\/\/interamerica.org\/fr\/2025\/01\/les-familles-pastorales-de-la-dia-suniront-bientot-pour-la-semaine-annuelle-de-priere\/#breadcrumb","itemListElement":[{"@type":"ListItem","position":1,"name":"Home","item":"https:\/\/interamerica.org\/fr\/"},{"@type":"ListItem","position":2,"name":"Les familles pastorales de la DIA s\u2019uniront bient\u00f4t pour la semaine annuelle de pri\u00e8re"}]},{"@type":"WebSite","@id":"https:\/\/interamerica.org\/fr\/#website","url":"https:\/\/interamerica.org\/fr\/","name":"\u00c9glise Adventiste Du Septieme Jour - Inter Am\u00e9rique Division","description":"","potentialAction":[{"@type":"SearchAction","target":{"@type":"EntryPoint","urlTemplate":"https:\/\/interamerica.org\/fr\/?s={search_term_string}"},"query-input":{"@type":"PropertyValueSpecification","valueRequired":true,"valueName":"search_term_string"}}],"inLanguage":"fr-FR"},{"@type":"Person","@id":"https:\/\/interamerica.org\/fr\/#\/schema\/person\/29998f2bc2d8bd0d38662909289b54f1","name":"libna","image":{"@type":"ImageObject","inLanguage":"fr-FR","@id":"https:\/\/secure.gravatar.com\/avatar\/7c5bd30ae4b47a9ba3c856590957fd1d96dc588bf3ac05719d247e126840331f?s=96&d=mm&r=g","url":"https:\/\/secure.gravatar.com\/avatar\/7c5bd30ae4b47a9ba3c856590957fd1d96dc588bf3ac05719d247e126840331f?s=96&d=mm&r=g","contentUrl":"https:\/\/secure.gravatar.com\/avatar\/7c5bd30ae4b47a9ba3c856590957fd1d96dc588bf3ac05719d247e126840331f?s=96&d=mm&r=g","caption":"libna"}}]}},"_links":{"self":[{"href":"https:\/\/interamerica.org\/fr\/wp-json\/wp\/v2\/posts\/123951","targetHints":{"allow":["GET"]}}],"collection":[{"href":"https:\/\/interamerica.org\/fr\/wp-json\/wp\/v2\/posts"}],"about":[{"href":"https:\/\/interamerica.org\/fr\/wp-json\/wp\/v2\/types\/post"}],"author":[{"embeddable":true,"href":"https:\/\/interamerica.org\/fr\/wp-json\/wp\/v2\/users\/3"}],"replies":[{"embeddable":true,"href":"https:\/\/interamerica.org\/fr\/wp-json\/wp\/v2\/comments?post=123951"}],"version-history":[{"count":0,"href":"https:\/\/interamerica.org\/fr\/wp-json\/wp\/v2\/posts\/123951\/revisions"}],"wp:featuredmedia":[{"embeddable":true,"href":"https:\/\/interamerica.org\/fr\/wp-json\/wp\/v2\/media\/123032"}],"wp:attachment":[{"href":"https:\/\/interamerica.org\/fr\/wp-json\/wp\/v2\/media?parent=123951"}],"wp:term":[{"taxonomy":"category","embeddable":true,"href":"https:\/\/interamerica.org\/fr\/wp-json\/wp\/v2\/categories?post=123951"},{"taxonomy":"post_tag","embeddable":true,"href":"https:\/\/interamerica.org\/fr\/wp-json\/wp\/v2\/tags?post=123951"}],"curies":[{"name":"wp","href":"https:\/\/api.w.org\/{rel}","templated":true}]}}