{"id":124034,"date":"2025-01-21T16:30:53","date_gmt":"2025-01-21T21:30:53","guid":{"rendered":"https:\/\/interamerica.org\/?p=124034"},"modified":"2025-01-22T10:29:37","modified_gmt":"2025-01-22T15:29:37","slug":"une-ile-de-papouasie-nouvelle-guinee-celebre-les-100-ans-de-larrivee-du-message-adventiste","status":"publish","type":"post","link":"https:\/\/interamerica.org\/fr\/2025\/01\/une-ile-de-papouasie-nouvelle-guinee-celebre-les-100-ans-de-larrivee-du-message-adventiste\/","title":{"rendered":"Une \u00eele de Papouasie-Nouvelle-Guin\u00e9e c\u00e9l\u00e8bre les 100 ans de l\u2019arriv\u00e9e du message adventiste"},"content":{"rendered":"<div id=\"attachment_124011\" style=\"width: 938px\" class=\"wp-caption aligncenter\"><img fetchpriority=\"high\" decoding=\"async\" aria-describedby=\"caption-attachment-124011\" class=\" wp-image-124010\" src=\"https:\/\/interamerica.org\/wp-content\/uploads\/2025\/01\/png1-1-1024x576.jpeg\" alt=\"\" width=\"928\" height=\"522\" srcset=\"https:\/\/interamerica.org\/wp-content\/uploads\/2025\/01\/png1-1-1024x576.jpeg 1024w, https:\/\/interamerica.org\/wp-content\/uploads\/2025\/01\/png1-1-300x169.jpeg 300w, https:\/\/interamerica.org\/wp-content\/uploads\/2025\/01\/png1-1-768x432.jpeg 768w, https:\/\/interamerica.org\/wp-content\/uploads\/2025\/01\/png1-1.jpeg 1200w\" sizes=\"(max-width: 928px) 100vw, 928px\" \/><p id=\"caption-attachment-124011\" class=\"wp-caption-text\">Le flambeau de l\u2019\u00e9vangile arrive \u00e0 Inivus, dans le district d\u2019Inus, en provenance de Sirovai, dans le district de Buin, \u00e0 Bougainville, en Papouasie-Nouvelle-Guin\u00e9e. [Photo : Adventist Record]<\/p><\/div>\n<p class=\"c-post-header__subtitle\"><em>Les premiers missionnaires dans le pays sont arriv\u00e9s \u00e0 Bougainville en 1924.<\/em><\/p>\n<p>21 Janvier 2025 | Papouasie-Nouvelle-Guin\u00e9e | Reeves Papaol, <em>Adventist Record<\/em>, et\u00a0<em>Adventist Review<\/em><\/p>\n<p>Du 18 au 31 d\u00e9cembre 2024, plus de 4000 participants, dont des dirigeants d\u2019\u00e9glise, des repr\u00e9sentants du gouvernement et des membres d\u2019\u00e9glise venus de toute la Papouasie-Nouvelle-Guin\u00e9e et des \u00eeles Salomon, se sont r\u00e9unis pour comm\u00e9morer les c\u00e9l\u00e9brations du centenaire de la Mission Adventiste du septi\u00e8me jour de Bougainville. L\u2019\u00e9glise r\u00e9gionale a c\u00e9l\u00e9br\u00e9 100 ans de foi, de service et d\u2019impact communautaire. Bougainville appartient \u00e0 la Papouasie-Nouvelle-Guin\u00e9e (PNG), mais sa masse terrestre fait partie de l\u2019archipel des \u00eeles Salomon.<\/p>\n<p>La c\u00e9l\u00e9bration a r\u00e9uni des participants allant d\u2019un b\u00e9b\u00e9 de 4 mois \u00e0 une arri\u00e8re-arri\u00e8re-grand-m\u00e8re de 94 ans, autour du th\u00e8me \u00ab C\u00e9l\u00e9brer les 100 Ans de l\u2019Histoire de Dieu \u00e0 Bougainville. \u00bb<\/p>\n<img decoding=\"async\" class=\"aligncenter wp-image-124013\" src=\"https:\/\/interamerica.org\/wp-content\/uploads\/2025\/01\/png-2-4.jpg\" alt=\"\" width=\"901\" height=\"507\" srcset=\"https:\/\/interamerica.org\/wp-content\/uploads\/2025\/01\/png-2-4.jpg 1024w, https:\/\/interamerica.org\/wp-content\/uploads\/2025\/01\/png-2-4-300x169.jpg 300w, https:\/\/interamerica.org\/wp-content\/uploads\/2025\/01\/png-2-4-768x432.jpg 768w\" sizes=\"(max-width: 901px) 100vw, 901px\" \/>\n<p>Les c\u00e9l\u00e9brations du centenaire se sont d\u00e9roul\u00e9es sur trois sites historiques, dont Lavelai, o\u00f9 les premiers missionnaires sont arriv\u00e9s en 1924. Il y a eu \u00e9galement Kastorita, o\u00f9 les missionnaires se sont rendus en bateau et \u00e0 pied en 1927, et Rumba, \u00e0 Arawa, o\u00f9 le bureau de la mission a \u00e9t\u00e9 \u00e9tabli en 1929. Chaque site a accueilli des inaugurations, le d\u00e9voilement de monuments, trois jours de r\u00e9veil, des r\u00e9cits historiques de repr\u00e9sentants de familles pionni\u00e8res et des spectacles culturels, notamment des reconstitutions de l\u2019arriv\u00e9e des missionnaires. Sur les diff\u00e9rents sites, plus de 200 personnes ont \u00e9t\u00e9 baptis\u00e9es.<\/p>\n<h3 class=\"wp-block-heading\"><strong>Leadership et Vision<\/strong><\/h3>\n<p>Les dirigeants du gouvernement et de l\u2019\u00c9glise ont assist\u00e9 aux c\u00e9l\u00e9brations et ont pr\u00e9sent\u00e9 des messages d\u2019inspiration et de vision pour l\u2019avenir. Parmi eux se trouvait le premier ministre de la Papouasie-Nouvelle-Guin\u00e9e, James Marape. Il a parl\u00e9 de son lien personnel avec l\u2019h\u00e9ritage de la Mission Adventiste.<\/p>\n<p><div id=\"attachment_124017\" style=\"width: 926px\" class=\"wp-caption aligncenter\"><img decoding=\"async\" aria-describedby=\"caption-attachment-124017\" class=\" wp-image-124016\" src=\"https:\/\/interamerica.org\/wp-content\/uploads\/2025\/01\/png-4-3.jpg\" alt=\"\" width=\"916\" height=\"515\" srcset=\"https:\/\/interamerica.org\/wp-content\/uploads\/2025\/01\/png-4-3.jpg 1024w, https:\/\/interamerica.org\/wp-content\/uploads\/2025\/01\/png-4-3-300x169.jpg 300w, https:\/\/interamerica.org\/wp-content\/uploads\/2025\/01\/png-4-3-768x432.jpg 768w\" sizes=\"(max-width: 916px) 100vw, 916px\" \/><p id=\"caption-attachment-124017\" class=\"wp-caption-text\">Monument comm\u00e9morant les d\u00e9buts de la mission en 1924 \u00e0 Lavelai.[Photo: Adventist Record]<\/p><\/div>Il a d\u00e9clar\u00e9 : \u00ab Sans les missionnaires pionniers de Bougainville qui ont amen\u00e9 la mission \u00e0 Tari en 1955, je ne serais pas qui je suis ni o\u00f9 je suis aujourd\u2019hui. \u00bb Consid\u00e9rant l\u2019impact de la mission sur sa vie, il a expliqu\u00e9 que son p\u00e8re pasteur, John Marape, avait b\u00e9n\u00e9fici\u00e9 directement de l\u2019action de la Mission Adventiste.<\/p>\n<p>Le premier ministre a soulign\u00e9 : \u00ab Toutes les \u00e9glises principales de PNG devraient continuer \u00e0 faire des incursions dans les communaut\u00e9s, les villages et les soci\u00e9t\u00e9s pour promouvoir la paix, l\u2019\u00e9ducation, la sant\u00e9 et une vie holistique. C\u2019est le v\u00e9ritable travail missionnaire des \u00e9glises. \u00bb<\/p>\n<p><div id=\"attachment_124020\" style=\"width: 881px\" class=\"wp-caption aligncenter\"><img loading=\"lazy\" decoding=\"async\" aria-describedby=\"caption-attachment-124020\" class=\" wp-image-124019\" src=\"https:\/\/interamerica.org\/wp-content\/uploads\/2025\/01\/png-6-1.jpg\" alt=\"\" width=\"871\" height=\"490\" srcset=\"https:\/\/interamerica.org\/wp-content\/uploads\/2025\/01\/png-6-1.jpg 1024w, https:\/\/interamerica.org\/wp-content\/uploads\/2025\/01\/png-6-1-300x169.jpg 300w, https:\/\/interamerica.org\/wp-content\/uploads\/2025\/01\/png-6-1-768x432.jpg 768w\" sizes=\"(max-width: 871px) 100vw, 871px\" \/><p id=\"caption-attachment-124020\" class=\"wp-caption-text\">C\u00e9r\u00e9monie de bapt\u00eame de la mission de Rumba \u00e0 Awara. [Photo: Adventist Record]<\/p><\/div>Peter Tsiamalili, Jr., ministre de la police et membre r\u00e9gional de Bougainville, a soulign\u00e9 l\u2019unit\u00e9 et la croissance spirituelle encourag\u00e9es par l\u2019\u00c9glise adventiste du septi\u00e8me jour, reconnaissant sa contribution significative \u00e0 la communaut\u00e9.<\/p>\n<div class=\"wp-block-jetpack-slideshow aligncenter\" data-effect=\"slide\" data-jetpack-block-initialized=\"true\">\n<div class=\"wp-block-jetpack-slideshow_container swiper-container swiper-container-initialized swiper-container-horizontal swiper-container-pointer-events wp-swiper-initialized\">\n<p>Francesca Semoso, membre du parlement de Papouasie-Nouvelle-Guin\u00e9e pour le Nord de Bougainville, a soulign\u00e9 le r\u00f4le crucial des femmes et des enfants dans le travail missionnaire, d\u00e9clarant : \u00ab La discipline commence \u00e0 la maison, et nos enfants deviennent la soci\u00e9t\u00e9 que nous voulons qu\u2019elle devienne. \u00bb<\/p>\n<p><div id=\"attachment_124023\" style=\"width: 892px\" class=\"wp-caption aligncenter\"><img loading=\"lazy\" decoding=\"async\" aria-describedby=\"caption-attachment-124023\" class=\" wp-image-124022\" src=\"https:\/\/interamerica.org\/wp-content\/uploads\/2025\/01\/png-5-2.jpg\" alt=\"\" width=\"882\" height=\"496\" srcset=\"https:\/\/interamerica.org\/wp-content\/uploads\/2025\/01\/png-5-2.jpg 1024w, https:\/\/interamerica.org\/wp-content\/uploads\/2025\/01\/png-5-2-300x169.jpg 300w, https:\/\/interamerica.org\/wp-content\/uploads\/2025\/01\/png-5-2-768x432.jpg 768w\" sizes=\"(max-width: 882px) 100vw, 882px\" \/><p id=\"caption-attachment-124023\" class=\"wp-caption-text\">Pri\u00e8re de cons\u00e9cration de Malachi Yani lors de l\u2019inauguration du monument \u00e0 la mission de Rumba \u00e0 Awara. [Photo : Adventist Record]<\/p><\/div>Timothy Masiu, ministre de la communication et membre dans le Sud de Bougainville, a appel\u00e9 \u00e0 la responsabilit\u00e9 dans la direction de l\u2019\u00c9glise, exhortant les pasteurs \u00e0 prendre l\u2019initiative de promouvoir la paix et la bonne volont\u00e9 au niveau communautaire.<\/p>\n<p>Malachi Yani, pr\u00e9sident de l\u2019Union Mission de Papouasie-Nouvelle-Guin\u00e9e, a encourag\u00e9 les habitants de Bougainville \u00e0 amplifier leur voix et \u00e0 prendre en main leur cheminement spirituel. De m\u00eame, Danny Philip, directeur de la strat\u00e9gie de formation des disciples de la Division du Pacifique Sud, a invit\u00e9 l\u2019\u00c9glise adventiste dans la r\u00e9gion du Pacifique \u00e0 prendre les choses en mains pour amener un changement transformateur partout o\u00f9 elle sert, en particulier \u00e0 Bougainville.<\/p>\n<p><div id=\"attachment_124026\" style=\"width: 910px\" class=\"wp-caption aligncenter\"><img loading=\"lazy\" decoding=\"async\" aria-describedby=\"caption-attachment-124026\" class=\" wp-image-124025\" src=\"https:\/\/interamerica.org\/wp-content\/uploads\/2025\/01\/png-10.jpg\" alt=\"\" width=\"900\" height=\"506\" srcset=\"https:\/\/interamerica.org\/wp-content\/uploads\/2025\/01\/png-10.jpg 1024w, https:\/\/interamerica.org\/wp-content\/uploads\/2025\/01\/png-10-300x169.jpg 300w, https:\/\/interamerica.org\/wp-content\/uploads\/2025\/01\/png-10-768x432.jpg 768w\" sizes=\"(max-width: 900px) 100vw, 900px\" \/><p id=\"caption-attachment-124026\" class=\"wp-caption-text\">La chorale du district de Buin lors de la c\u00e9r\u00e9monie d\u2019ouverture \u00e0 Lavelai. [Photo : Adventist Record]<\/p><\/div>Le programme a \u00e9galement \u00e9t\u00e9 l\u2019occasion de d\u00e9voiler des objectifs ambitieux, notamment la construction de l\u2019\u00c9cole Secondaire Adventiste des Pionniers de Green Valley \u00e0 Buin pour les classes de la 5\u00e8me \u00e0 la 2nde et la r\u00e9novation et le transfert de propri\u00e9t\u00e9 des centres de sant\u00e9 \u00e0 Kastorita, Wisai et Darupute, entre autres.<\/p>\n<h3 class=\"wp-block-heading\"><strong>Impact spirituel et communautaire<\/strong><\/h3>\n<p>Le centenaire a c\u00e9l\u00e9br\u00e9 l\u2019importance spirituelle de l\u2019\u00c9glise et son impact durable sur la communaut\u00e9, ont expliqu\u00e9 les dirigeants de l\u2019\u00c9glise r\u00e9gionale. \u00ab L\u2019\u00c9glise a r\u00e9affirm\u00e9 son engagement \u00e0 servir Bougainville et au-del\u00e0, en veillant \u00e0 ce que l\u2019h\u00e9ritage de foi et de service se perp\u00e9tue pendant des g\u00e9n\u00e9rations, \u00bb ont-ils d\u00e9clar\u00e9.<\/p>\n<p>La <a href=\"https:\/\/record.adventistchurch.com\/2025\/01\/10\/celebrating-100-years-of-adventism-on-bougainville-1924-2024\/\" target=\"_blank\" rel=\"noopener\">version originale<\/a>\u00a0de cet article a \u00e9t\u00e9 publi\u00e9e sur\u00a0<a href=\"https:\/\/record.adventistchurch.com\/\" target=\"_blank\" rel=\"noopener\"><em>Adventist Record<\/em><\/a>.<\/p>\n<\/div>\n<\/div>\n<p>Traduction: Patrick Luciathe<\/p>\n","protected":false},"excerpt":{"rendered":"<p>Les premiers missionnaires dans le pays sont arriv\u00e9s \u00e0 Bougainville en 1924. 21 Janvier 2025 | Papouasie-Nouvelle-Guin\u00e9e | Reeves Papaol, Adventist Record, et\u00a0Adventist Review Du 18 au 31 d\u00e9cembre 2024,&#8230;<\/p>\n","protected":false},"author":3,"featured_media":124011,"comment_status":"closed","ping_status":"closed","sticky":false,"template":"","format":"standard","meta":{"_acf_changed":false,"footnotes":""},"categories":[18,19],"tags":[],"class_list":["post-124034","post","type-post","status-publish","format-standard","has-post-thumbnail","hentry","category-nouvelles-de-leglise-mondiale","category-rss-francais"],"acf":[],"yoast_head":"<!-- This site is optimized with the Yoast SEO plugin v27.3 - https:\/\/yoast.com\/product\/yoast-seo-wordpress\/ -->\n<title>Une \u00eele de Papouasie-Nouvelle-Guin\u00e9e c\u00e9l\u00e8bre les 100 ans de l\u2019arriv\u00e9e du message adventiste - \u00c9glise Adventiste Du Septieme Jour - Inter Am\u00e9rique Division<\/title>\n<meta name=\"robots\" content=\"index, follow, max-snippet:-1, max-image-preview:large, max-video-preview:-1\" \/>\n<link rel=\"canonical\" href=\"https:\/\/interamerica.org\/fr\/2025\/01\/une-ile-de-papouasie-nouvelle-guinee-celebre-les-100-ans-de-larrivee-du-message-adventiste\/\" \/>\n<meta property=\"og:locale\" content=\"fr_FR\" \/>\n<meta property=\"og:type\" content=\"article\" \/>\n<meta property=\"og:title\" content=\"Une \u00eele de Papouasie-Nouvelle-Guin\u00e9e c\u00e9l\u00e8bre les 100 ans de l\u2019arriv\u00e9e du message adventiste - \u00c9glise Adventiste Du Septieme Jour - Inter Am\u00e9rique Division\" \/>\n<meta property=\"og:description\" content=\"Les premiers missionnaires dans le pays sont arriv\u00e9s \u00e0 Bougainville en 1924. 21 Janvier 2025 | Papouasie-Nouvelle-Guin\u00e9e | Reeves Papaol, Adventist Record, et\u00a0Adventist Review Du 18 au 31 d\u00e9cembre 2024,...\" \/>\n<meta property=\"og:url\" content=\"https:\/\/interamerica.org\/fr\/2025\/01\/une-ile-de-papouasie-nouvelle-guinee-celebre-les-100-ans-de-larrivee-du-message-adventiste\/\" \/>\n<meta property=\"og:site_name\" content=\"\u00c9glise Adventiste Du Septieme Jour - Inter Am\u00e9rique Division\" \/>\n<meta property=\"article:published_time\" content=\"2025-01-21T21:30:53+00:00\" \/>\n<meta property=\"article:modified_time\" content=\"2025-01-22T15:29:37+00:00\" \/>\n<meta property=\"og:image\" content=\"https:\/\/interamerica.org\/wp-content\/uploads\/2025\/01\/png1-1.jpeg\" \/>\n\t<meta property=\"og:image:width\" content=\"1200\" \/>\n\t<meta property=\"og:image:height\" content=\"675\" \/>\n\t<meta property=\"og:image:type\" content=\"image\/jpeg\" \/>\n<meta name=\"author\" content=\"libna\" \/>\n<meta name=\"twitter:card\" content=\"summary_large_image\" \/>\n<meta name=\"twitter:label1\" content=\"\u00c9crit par\" \/>\n\t<meta name=\"twitter:data1\" content=\"libna\" \/>\n\t<meta name=\"twitter:label2\" content=\"Dur\u00e9e de lecture estim\u00e9e\" \/>\n\t<meta name=\"twitter:data2\" content=\"5 minutes\" \/>\n<script type=\"application\/ld+json\" class=\"yoast-schema-graph\">{\"@context\":\"https:\\\/\\\/schema.org\",\"@graph\":[{\"@type\":\"Article\",\"@id\":\"https:\\\/\\\/interamerica.org\\\/fr\\\/2025\\\/01\\\/une-ile-de-papouasie-nouvelle-guinee-celebre-les-100-ans-de-larrivee-du-message-adventiste\\\/#article\",\"isPartOf\":{\"@id\":\"https:\\\/\\\/interamerica.org\\\/fr\\\/2025\\\/01\\\/une-ile-de-papouasie-nouvelle-guinee-celebre-les-100-ans-de-larrivee-du-message-adventiste\\\/\"},\"author\":{\"name\":\"libna\",\"@id\":\"https:\\\/\\\/interamerica.org\\\/fr\\\/#\\\/schema\\\/person\\\/29998f2bc2d8bd0d38662909289b54f1\"},\"headline\":\"Une \u00eele de Papouasie-Nouvelle-Guin\u00e9e c\u00e9l\u00e8bre les 100 ans de l\u2019arriv\u00e9e du message adventiste\",\"datePublished\":\"2025-01-21T21:30:53+00:00\",\"dateModified\":\"2025-01-22T15:29:37+00:00\",\"mainEntityOfPage\":{\"@id\":\"https:\\\/\\\/interamerica.org\\\/fr\\\/2025\\\/01\\\/une-ile-de-papouasie-nouvelle-guinee-celebre-les-100-ans-de-larrivee-du-message-adventiste\\\/\"},\"wordCount\":911,\"image\":{\"@id\":\"https:\\\/\\\/interamerica.org\\\/fr\\\/2025\\\/01\\\/une-ile-de-papouasie-nouvelle-guinee-celebre-les-100-ans-de-larrivee-du-message-adventiste\\\/#primaryimage\"},\"thumbnailUrl\":\"https:\\\/\\\/interamerica.org\\\/wp-content\\\/uploads\\\/2025\\\/01\\\/png1-1.jpeg\",\"articleSection\":[\"Nouvelles de l'\u00c9glise mondiale\",\"RSS Fran\u00e7ais\"],\"inLanguage\":\"fr-FR\"},{\"@type\":\"WebPage\",\"@id\":\"https:\\\/\\\/interamerica.org\\\/fr\\\/2025\\\/01\\\/une-ile-de-papouasie-nouvelle-guinee-celebre-les-100-ans-de-larrivee-du-message-adventiste\\\/\",\"url\":\"https:\\\/\\\/interamerica.org\\\/fr\\\/2025\\\/01\\\/une-ile-de-papouasie-nouvelle-guinee-celebre-les-100-ans-de-larrivee-du-message-adventiste\\\/\",\"name\":\"Une \u00eele de Papouasie-Nouvelle-Guin\u00e9e c\u00e9l\u00e8bre les 100 ans de l\u2019arriv\u00e9e du message adventiste - \u00c9glise Adventiste Du Septieme Jour - Inter Am\u00e9rique Division\",\"isPartOf\":{\"@id\":\"https:\\\/\\\/interamerica.org\\\/fr\\\/#website\"},\"primaryImageOfPage\":{\"@id\":\"https:\\\/\\\/interamerica.org\\\/fr\\\/2025\\\/01\\\/une-ile-de-papouasie-nouvelle-guinee-celebre-les-100-ans-de-larrivee-du-message-adventiste\\\/#primaryimage\"},\"image\":{\"@id\":\"https:\\\/\\\/interamerica.org\\\/fr\\\/2025\\\/01\\\/une-ile-de-papouasie-nouvelle-guinee-celebre-les-100-ans-de-larrivee-du-message-adventiste\\\/#primaryimage\"},\"thumbnailUrl\":\"https:\\\/\\\/interamerica.org\\\/wp-content\\\/uploads\\\/2025\\\/01\\\/png1-1.jpeg\",\"datePublished\":\"2025-01-21T21:30:53+00:00\",\"dateModified\":\"2025-01-22T15:29:37+00:00\",\"author\":{\"@id\":\"https:\\\/\\\/interamerica.org\\\/fr\\\/#\\\/schema\\\/person\\\/29998f2bc2d8bd0d38662909289b54f1\"},\"breadcrumb\":{\"@id\":\"https:\\\/\\\/interamerica.org\\\/fr\\\/2025\\\/01\\\/une-ile-de-papouasie-nouvelle-guinee-celebre-les-100-ans-de-larrivee-du-message-adventiste\\\/#breadcrumb\"},\"inLanguage\":\"fr-FR\",\"potentialAction\":[{\"@type\":\"ReadAction\",\"target\":[\"https:\\\/\\\/interamerica.org\\\/fr\\\/2025\\\/01\\\/une-ile-de-papouasie-nouvelle-guinee-celebre-les-100-ans-de-larrivee-du-message-adventiste\\\/\"]}]},{\"@type\":\"ImageObject\",\"inLanguage\":\"fr-FR\",\"@id\":\"https:\\\/\\\/interamerica.org\\\/fr\\\/2025\\\/01\\\/une-ile-de-papouasie-nouvelle-guinee-celebre-les-100-ans-de-larrivee-du-message-adventiste\\\/#primaryimage\",\"url\":\"https:\\\/\\\/interamerica.org\\\/wp-content\\\/uploads\\\/2025\\\/01\\\/png1-1.jpeg\",\"contentUrl\":\"https:\\\/\\\/interamerica.org\\\/wp-content\\\/uploads\\\/2025\\\/01\\\/png1-1.jpeg\",\"width\":1200,\"height\":675,\"caption\":\"The gospel torch arrives at Inivus, Inus District, from Sirovai, Buin District, in Bougainville, Papua New Guinea. [Photo: Adventist Record]\"},{\"@type\":\"BreadcrumbList\",\"@id\":\"https:\\\/\\\/interamerica.org\\\/fr\\\/2025\\\/01\\\/une-ile-de-papouasie-nouvelle-guinee-celebre-les-100-ans-de-larrivee-du-message-adventiste\\\/#breadcrumb\",\"itemListElement\":[{\"@type\":\"ListItem\",\"position\":1,\"name\":\"Home\",\"item\":\"https:\\\/\\\/interamerica.org\\\/fr\\\/\"},{\"@type\":\"ListItem\",\"position\":2,\"name\":\"Une \u00eele de Papouasie-Nouvelle-Guin\u00e9e c\u00e9l\u00e8bre les 100 ans de l\u2019arriv\u00e9e du message adventiste\"}]},{\"@type\":\"WebSite\",\"@id\":\"https:\\\/\\\/interamerica.org\\\/fr\\\/#website\",\"url\":\"https:\\\/\\\/interamerica.org\\\/fr\\\/\",\"name\":\"\u00c9glise Adventiste Du Septieme Jour - Inter Am\u00e9rique Division\",\"description\":\"\",\"potentialAction\":[{\"@type\":\"SearchAction\",\"target\":{\"@type\":\"EntryPoint\",\"urlTemplate\":\"https:\\\/\\\/interamerica.org\\\/fr\\\/?s={search_term_string}\"},\"query-input\":{\"@type\":\"PropertyValueSpecification\",\"valueRequired\":true,\"valueName\":\"search_term_string\"}}],\"inLanguage\":\"fr-FR\"},{\"@type\":\"Person\",\"@id\":\"https:\\\/\\\/interamerica.org\\\/fr\\\/#\\\/schema\\\/person\\\/29998f2bc2d8bd0d38662909289b54f1\",\"name\":\"libna\",\"image\":{\"@type\":\"ImageObject\",\"inLanguage\":\"fr-FR\",\"@id\":\"https:\\\/\\\/secure.gravatar.com\\\/avatar\\\/7c5bd30ae4b47a9ba3c856590957fd1d96dc588bf3ac05719d247e126840331f?s=96&d=mm&r=g\",\"url\":\"https:\\\/\\\/secure.gravatar.com\\\/avatar\\\/7c5bd30ae4b47a9ba3c856590957fd1d96dc588bf3ac05719d247e126840331f?s=96&d=mm&r=g\",\"contentUrl\":\"https:\\\/\\\/secure.gravatar.com\\\/avatar\\\/7c5bd30ae4b47a9ba3c856590957fd1d96dc588bf3ac05719d247e126840331f?s=96&d=mm&r=g\",\"caption\":\"libna\"}}]}<\/script>\n<!-- \/ Yoast SEO plugin. -->","yoast_head_json":{"title":"Une \u00eele de Papouasie-Nouvelle-Guin\u00e9e c\u00e9l\u00e8bre les 100 ans de l\u2019arriv\u00e9e du message adventiste - \u00c9glise Adventiste Du Septieme Jour - Inter Am\u00e9rique Division","robots":{"index":"index","follow":"follow","max-snippet":"max-snippet:-1","max-image-preview":"max-image-preview:large","max-video-preview":"max-video-preview:-1"},"canonical":"https:\/\/interamerica.org\/fr\/2025\/01\/une-ile-de-papouasie-nouvelle-guinee-celebre-les-100-ans-de-larrivee-du-message-adventiste\/","og_locale":"fr_FR","og_type":"article","og_title":"Une \u00eele de Papouasie-Nouvelle-Guin\u00e9e c\u00e9l\u00e8bre les 100 ans de l\u2019arriv\u00e9e du message adventiste - \u00c9glise Adventiste Du Septieme Jour - Inter Am\u00e9rique Division","og_description":"Les premiers missionnaires dans le pays sont arriv\u00e9s \u00e0 Bougainville en 1924. 21 Janvier 2025 | Papouasie-Nouvelle-Guin\u00e9e | Reeves Papaol, Adventist Record, et\u00a0Adventist Review Du 18 au 31 d\u00e9cembre 2024,...","og_url":"https:\/\/interamerica.org\/fr\/2025\/01\/une-ile-de-papouasie-nouvelle-guinee-celebre-les-100-ans-de-larrivee-du-message-adventiste\/","og_site_name":"\u00c9glise Adventiste Du Septieme Jour - Inter Am\u00e9rique Division","article_published_time":"2025-01-21T21:30:53+00:00","article_modified_time":"2025-01-22T15:29:37+00:00","og_image":[{"width":1200,"height":675,"url":"https:\/\/interamerica.org\/wp-content\/uploads\/2025\/01\/png1-1.jpeg","type":"image\/jpeg"}],"author":"libna","twitter_card":"summary_large_image","twitter_misc":{"\u00c9crit par":"libna","Dur\u00e9e de lecture estim\u00e9e":"5 minutes"},"schema":{"@context":"https:\/\/schema.org","@graph":[{"@type":"Article","@id":"https:\/\/interamerica.org\/fr\/2025\/01\/une-ile-de-papouasie-nouvelle-guinee-celebre-les-100-ans-de-larrivee-du-message-adventiste\/#article","isPartOf":{"@id":"https:\/\/interamerica.org\/fr\/2025\/01\/une-ile-de-papouasie-nouvelle-guinee-celebre-les-100-ans-de-larrivee-du-message-adventiste\/"},"author":{"name":"libna","@id":"https:\/\/interamerica.org\/fr\/#\/schema\/person\/29998f2bc2d8bd0d38662909289b54f1"},"headline":"Une \u00eele de Papouasie-Nouvelle-Guin\u00e9e c\u00e9l\u00e8bre les 100 ans de l\u2019arriv\u00e9e du message adventiste","datePublished":"2025-01-21T21:30:53+00:00","dateModified":"2025-01-22T15:29:37+00:00","mainEntityOfPage":{"@id":"https:\/\/interamerica.org\/fr\/2025\/01\/une-ile-de-papouasie-nouvelle-guinee-celebre-les-100-ans-de-larrivee-du-message-adventiste\/"},"wordCount":911,"image":{"@id":"https:\/\/interamerica.org\/fr\/2025\/01\/une-ile-de-papouasie-nouvelle-guinee-celebre-les-100-ans-de-larrivee-du-message-adventiste\/#primaryimage"},"thumbnailUrl":"https:\/\/interamerica.org\/wp-content\/uploads\/2025\/01\/png1-1.jpeg","articleSection":["Nouvelles de l'\u00c9glise mondiale","RSS Fran\u00e7ais"],"inLanguage":"fr-FR"},{"@type":"WebPage","@id":"https:\/\/interamerica.org\/fr\/2025\/01\/une-ile-de-papouasie-nouvelle-guinee-celebre-les-100-ans-de-larrivee-du-message-adventiste\/","url":"https:\/\/interamerica.org\/fr\/2025\/01\/une-ile-de-papouasie-nouvelle-guinee-celebre-les-100-ans-de-larrivee-du-message-adventiste\/","name":"Une \u00eele de Papouasie-Nouvelle-Guin\u00e9e c\u00e9l\u00e8bre les 100 ans de l\u2019arriv\u00e9e du message adventiste - \u00c9glise Adventiste Du Septieme Jour - Inter Am\u00e9rique Division","isPartOf":{"@id":"https:\/\/interamerica.org\/fr\/#website"},"primaryImageOfPage":{"@id":"https:\/\/interamerica.org\/fr\/2025\/01\/une-ile-de-papouasie-nouvelle-guinee-celebre-les-100-ans-de-larrivee-du-message-adventiste\/#primaryimage"},"image":{"@id":"https:\/\/interamerica.org\/fr\/2025\/01\/une-ile-de-papouasie-nouvelle-guinee-celebre-les-100-ans-de-larrivee-du-message-adventiste\/#primaryimage"},"thumbnailUrl":"https:\/\/interamerica.org\/wp-content\/uploads\/2025\/01\/png1-1.jpeg","datePublished":"2025-01-21T21:30:53+00:00","dateModified":"2025-01-22T15:29:37+00:00","author":{"@id":"https:\/\/interamerica.org\/fr\/#\/schema\/person\/29998f2bc2d8bd0d38662909289b54f1"},"breadcrumb":{"@id":"https:\/\/interamerica.org\/fr\/2025\/01\/une-ile-de-papouasie-nouvelle-guinee-celebre-les-100-ans-de-larrivee-du-message-adventiste\/#breadcrumb"},"inLanguage":"fr-FR","potentialAction":[{"@type":"ReadAction","target":["https:\/\/interamerica.org\/fr\/2025\/01\/une-ile-de-papouasie-nouvelle-guinee-celebre-les-100-ans-de-larrivee-du-message-adventiste\/"]}]},{"@type":"ImageObject","inLanguage":"fr-FR","@id":"https:\/\/interamerica.org\/fr\/2025\/01\/une-ile-de-papouasie-nouvelle-guinee-celebre-les-100-ans-de-larrivee-du-message-adventiste\/#primaryimage","url":"https:\/\/interamerica.org\/wp-content\/uploads\/2025\/01\/png1-1.jpeg","contentUrl":"https:\/\/interamerica.org\/wp-content\/uploads\/2025\/01\/png1-1.jpeg","width":1200,"height":675,"caption":"The gospel torch arrives at Inivus, Inus District, from Sirovai, Buin District, in Bougainville, Papua New Guinea. [Photo: Adventist Record]"},{"@type":"BreadcrumbList","@id":"https:\/\/interamerica.org\/fr\/2025\/01\/une-ile-de-papouasie-nouvelle-guinee-celebre-les-100-ans-de-larrivee-du-message-adventiste\/#breadcrumb","itemListElement":[{"@type":"ListItem","position":1,"name":"Home","item":"https:\/\/interamerica.org\/fr\/"},{"@type":"ListItem","position":2,"name":"Une \u00eele de Papouasie-Nouvelle-Guin\u00e9e c\u00e9l\u00e8bre les 100 ans de l\u2019arriv\u00e9e du message adventiste"}]},{"@type":"WebSite","@id":"https:\/\/interamerica.org\/fr\/#website","url":"https:\/\/interamerica.org\/fr\/","name":"\u00c9glise Adventiste Du Septieme Jour - Inter Am\u00e9rique Division","description":"","potentialAction":[{"@type":"SearchAction","target":{"@type":"EntryPoint","urlTemplate":"https:\/\/interamerica.org\/fr\/?s={search_term_string}"},"query-input":{"@type":"PropertyValueSpecification","valueRequired":true,"valueName":"search_term_string"}}],"inLanguage":"fr-FR"},{"@type":"Person","@id":"https:\/\/interamerica.org\/fr\/#\/schema\/person\/29998f2bc2d8bd0d38662909289b54f1","name":"libna","image":{"@type":"ImageObject","inLanguage":"fr-FR","@id":"https:\/\/secure.gravatar.com\/avatar\/7c5bd30ae4b47a9ba3c856590957fd1d96dc588bf3ac05719d247e126840331f?s=96&d=mm&r=g","url":"https:\/\/secure.gravatar.com\/avatar\/7c5bd30ae4b47a9ba3c856590957fd1d96dc588bf3ac05719d247e126840331f?s=96&d=mm&r=g","contentUrl":"https:\/\/secure.gravatar.com\/avatar\/7c5bd30ae4b47a9ba3c856590957fd1d96dc588bf3ac05719d247e126840331f?s=96&d=mm&r=g","caption":"libna"}}]}},"_links":{"self":[{"href":"https:\/\/interamerica.org\/fr\/wp-json\/wp\/v2\/posts\/124034","targetHints":{"allow":["GET"]}}],"collection":[{"href":"https:\/\/interamerica.org\/fr\/wp-json\/wp\/v2\/posts"}],"about":[{"href":"https:\/\/interamerica.org\/fr\/wp-json\/wp\/v2\/types\/post"}],"author":[{"embeddable":true,"href":"https:\/\/interamerica.org\/fr\/wp-json\/wp\/v2\/users\/3"}],"replies":[{"embeddable":true,"href":"https:\/\/interamerica.org\/fr\/wp-json\/wp\/v2\/comments?post=124034"}],"version-history":[{"count":0,"href":"https:\/\/interamerica.org\/fr\/wp-json\/wp\/v2\/posts\/124034\/revisions"}],"wp:featuredmedia":[{"embeddable":true,"href":"https:\/\/interamerica.org\/fr\/wp-json\/wp\/v2\/media\/124011"}],"wp:attachment":[{"href":"https:\/\/interamerica.org\/fr\/wp-json\/wp\/v2\/media?parent=124034"}],"wp:term":[{"taxonomy":"category","embeddable":true,"href":"https:\/\/interamerica.org\/fr\/wp-json\/wp\/v2\/categories?post=124034"},{"taxonomy":"post_tag","embeddable":true,"href":"https:\/\/interamerica.org\/fr\/wp-json\/wp\/v2\/tags?post=124034"}],"curies":[{"name":"wp","href":"https:\/\/api.w.org\/{rel}","templated":true}]}}