{"id":124107,"date":"2025-01-23T10:49:03","date_gmt":"2025-01-23T15:49:03","guid":{"rendered":"https:\/\/interamerica.org\/?p=124107"},"modified":"2025-01-29T14:07:29","modified_gmt":"2025-01-29T19:07:29","slug":"des-partenariats-adventistes-accordent-la-priorite-aux-residents-du-sud-de-la-californie","status":"publish","type":"post","link":"https:\/\/interamerica.org\/fr\/2025\/01\/des-partenariats-adventistes-accordent-la-priorite-aux-residents-du-sud-de-la-californie\/","title":{"rendered":"Des partenariats adventistes accordent la priorit\u00e9 aux r\u00e9sidents du sud de la Californie"},"content":{"rendered":"<p><i><span style=\"font-weight: 400;\">Des discussions sont en cours au sujet du soutien \u00e0 long terme pour aider les r\u00e9sidents et leur offrir de la nourriture, de l\u2019eau et des m\u00e9dicaments.<\/span><\/i><\/p>\n<p><span style=\"font-weight: 400;\">Le 23 janvier 2025 | Roseville, Californie, \u00c9tats-Unis | Adventist Health<\/span><\/p>\n<div>\n<p><span style=\"font-weight: 400;\">Adventist Health Glendale et Adventist Health Global Mission collaborent avec la F\u00e9d\u00e9ration du sud de la Californie et l\u2019\u00e9glise adventiste du septi\u00e8me jour de Pasadena pour commencer \u00e0 offrir de l\u2019aide (et de l\u2019espoir) aux r\u00e9sidents d\u2019Altadena et de Pasadena qui sont affect\u00e9s par les feux en cours. Les phases initiales d\u2019intervention ont commenc\u00e9 le 10 janvier 2025 et se poursuivront durant les mois \u00e0 venir.<\/span><\/p>\n<p><span style=\"font-weight: 400;\">Cinq chargements de camion d\u2019articles donn\u00e9s ont \u00e9t\u00e9 transport\u00e9s de Sacramento \u00e0 Glendale par HSD Trucking Inc. de Yuba City. Ces livraisons ont \u00e9t\u00e9 organis\u00e9es par Kilwinder Lally, gestionnaire d\u2019image pour Adventist Health Rideout. Les fournitures, incluant des purificateurs d\u2019air, de l\u2019eau vitamin\u00e9e (Vitamin Water), des masques N95 et des fruits frais, ont \u00e9t\u00e9 distribu\u00e9es avec d\u2019autres articles donn\u00e9s par la f\u00e9d\u00e9ration, comme des aliments, de l\u2019eau, des couches et des trousses d\u2019hygi\u00e8ne, lors d\u2019un \u00e9v\u00e9nement dans la zone de stationnement de la f\u00e9d\u00e9ration le 12 janvier. <\/span><\/p>\n<p><div id=\"attachment_124053\" style=\"width: 861px\" class=\"wp-caption aligncenter\"><img fetchpriority=\"high\" decoding=\"async\" aria-describedby=\"caption-attachment-124053\" class=\" wp-image-124052\" src=\"https:\/\/interamerica.org\/wp-content\/uploads\/2025\/01\/1-conference-distribution-area-1024x768.jpeg\" alt=\"\" width=\"851\" height=\"638\" srcset=\"https:\/\/interamerica.org\/wp-content\/uploads\/2025\/01\/1-conference-distribution-area-1024x768.jpeg 1024w, https:\/\/interamerica.org\/wp-content\/uploads\/2025\/01\/1-conference-distribution-area-300x225.jpeg 300w, https:\/\/interamerica.org\/wp-content\/uploads\/2025\/01\/1-conference-distribution-area-768x576.jpeg 768w, https:\/\/interamerica.org\/wp-content\/uploads\/2025\/01\/1-conference-distribution-area-1536x1152.jpeg 1536w, https:\/\/interamerica.org\/wp-content\/uploads\/2025\/01\/1-conference-distribution-area.jpeg 2048w\" sizes=\"(max-width: 851px) 100vw, 851px\" \/><p id=\"caption-attachment-124053\" class=\"wp-caption-text\"><span style=\"font-weight: 400;\">La F\u00e9d\u00e9ration du sud de la Californie a rassembl\u00e9 des fournitures et invit\u00e9 des b\u00e9n\u00e9voles de ses \u00e9glises \u00e0 distribuer des articles lors d\u2019un \u00e9v\u00e9nement du dimanche 12 janvier dernier. [Une photo fournie par Adventist Health]<\/span><\/p><\/div><span style=\"font-weight: 400;\">Le travail de distribution des fournitures a \u00e9t\u00e9 dirig\u00e9 par Royal Harrison, vice-pr\u00e9sident administratif et directeur des Services communautaires adventistes de la f\u00e9d\u00e9ration. \u00ab\u00a0Ce fut incroyable de voir notre communaut\u00e9 se rallier pour r\u00e9agir en temps de crise, a dit M. Harrison. Nous sommes infiniment reconnaissants pour le soutien qui nous a \u00e9t\u00e9 offert, et nous nous sommes engag\u00e9s \u00e0 remettre les ressources en notre possession aux communaut\u00e9s affect\u00e9es.\u00a0\u00bb\u00a0<\/span><span style=\"font-weight: 400;\">Mark Witas, directeur de la mission et des soins spirituels chez Adventist Health Glendale, a incit\u00e9 les aum\u00f4niers hospitaliers \u00e0 offrir des soins \u00e9motionnels et spirituels aux personnes affect\u00e9es par les feux. Selon lui, \u00ab\u00a0Chez Adventist Health Glendale, nous sommes tellement reconnaissants de pouvoir \u00eatre l\u00e0 pour soutenir notre communaut\u00e9. Quand nous avons l\u2019occasion d\u2019\u00eatre ainsi pr\u00e9sents et d\u2019aider les gens dans le besoin, il est difficile de dire qui est le plus b\u00e9ni. Notre organisation fait partie de la communaut\u00e9 de Glendale depuis tr\u00e8s longtemps, et nous sommes honor\u00e9s de montrer aux gens dans le besoin que nous sommes l\u00e0 lorsqu\u2019ils ont besoin de nous.\u00a0\u00bb<\/span><\/p>\n<p><div id=\"attachment_124056\" style=\"width: 843px\" class=\"wp-caption aligncenter\"><img decoding=\"async\" aria-describedby=\"caption-attachment-124056\" class=\" wp-image-124055\" src=\"https:\/\/interamerica.org\/wp-content\/uploads\/2025\/01\/tempimagem6a1kp-1024x768.jpg\" alt=\"\" width=\"833\" height=\"625\" srcset=\"https:\/\/interamerica.org\/wp-content\/uploads\/2025\/01\/tempimagem6a1kp-1024x768.jpg 1024w, https:\/\/interamerica.org\/wp-content\/uploads\/2025\/01\/tempimagem6a1kp-300x225.jpg 300w, https:\/\/interamerica.org\/wp-content\/uploads\/2025\/01\/tempimagem6a1kp-768x576.jpg 768w, https:\/\/interamerica.org\/wp-content\/uploads\/2025\/01\/tempimagem6a1kp-1536x1152.jpg 1536w, https:\/\/interamerica.org\/wp-content\/uploads\/2025\/01\/tempimagem6a1kp-2048x1536.jpg 2048w\" sizes=\"(max-width: 833px) 100vw, 833px\" \/><p id=\"caption-attachment-124056\" class=\"wp-caption-text\"><span style=\"font-weight: 400;\">Parmi les b\u00e9n\u00e9voles de la f\u00e9d\u00e9ration, il y avait (\u00e0 partir de la gauche) Alex Latin, adjoint administratif de la mission et des soins spirituels chez Adventist Health White Memorial; Surisaday Almodovar-Belen, r\u00e9sidente aum\u00f4ni\u00e8re chez Adventist Health Glendale; Jahdiel Matos, aum\u00f4nier pour le personnel chez Adventist Health Glendale; Mark Witas, directeur de la mission et des soins spirituels chez Adventist Health Glendale; Royal Harrison, vice-pr\u00e9sident administratif et directeur des Services communautaires adventistes de la F\u00e9d\u00e9ration du sud de la Californie; Danny Chan, secr\u00e9taire administratif de la F\u00e9d\u00e9ration du sud de la Californie; et John Schroer, chef du syst\u00e8me de mission mondiale (Global Mission) d\u2019Adventist Health. [Une photo fournie par Adventist Health]<\/span><\/p><\/div><span style=\"font-weight: 400;\">Des discussions sont en cours au sujet du soutien \u00e0 long terme et des plans sont en d\u00e9veloppement pour que les b\u00e9n\u00e9voles locaux aillent \u00e0 pied voir les r\u00e9sidents priv\u00e9s de services et de fournitures pour les aider au besoin en leur procurant de la nourriture, de l\u2019eau et des m\u00e9dicaments. Une exp\u00e9dition de nouveaux v\u00eatements, y compris des chaussettes et des sweats \u00e0 capuche, devrait arriver plus tard cette semaine et sera distribu\u00e9e par l\u2019\u00e9glise adventiste de Pasadena, \u00e9tant donn\u00e9 sa proximit\u00e9 avec certaines familles affect\u00e9es. En partenariat avec l\u2019\u00e9glise, Adventist Health soutient un village m\u00e9dical qui offrira des soins au cours des neuf \u00e0 douze prochains mois.<\/span><span style=\"font-weight: 400;\">En plus de cela, Adventist Health Glendale a offert \u00e0 des gens qui ont \u00e9t\u00e9 \u00e9vacu\u00e9s de leur r\u00e9sidence l\u2019utilisation de dix appartements non meubl\u00e9s, que Vision mondiale a offert de meubler. Les familles commenceront \u00e0 y emm\u00e9nager durant la semaine qui vient.<\/span><\/p>\n<p><div id=\"attachment_124059\" style=\"width: 840px\" class=\"wp-caption aligncenter\"><img decoding=\"async\" aria-describedby=\"caption-attachment-124059\" class=\" wp-image-124058\" src=\"https:\/\/interamerica.org\/wp-content\/uploads\/2025\/01\/tempimagep1d9fu-1024x768.jpg\" alt=\"\" width=\"830\" height=\"623\" srcset=\"https:\/\/interamerica.org\/wp-content\/uploads\/2025\/01\/tempimagep1d9fu-1024x768.jpg 1024w, https:\/\/interamerica.org\/wp-content\/uploads\/2025\/01\/tempimagep1d9fu-300x225.jpg 300w, https:\/\/interamerica.org\/wp-content\/uploads\/2025\/01\/tempimagep1d9fu-768x576.jpg 768w, https:\/\/interamerica.org\/wp-content\/uploads\/2025\/01\/tempimagep1d9fu-1536x1152.jpg 1536w, https:\/\/interamerica.org\/wp-content\/uploads\/2025\/01\/tempimagep1d9fu-2048x1536.jpg 2048w\" sizes=\"(max-width: 830px) 100vw, 830px\" \/><p id=\"caption-attachment-124059\" class=\"wp-caption-text\">John Schroer organizes donated supplies in the distribution area. [Photo provided by Adventist Health]<\/p><\/div><span style=\"font-weight: 400;\">\u00ab\u00a0Il est encourageant de pouvoir faire quelque chose pour aider nos voisins et, ainsi, solidifier nos partenariats avec notre belle communaut\u00e9 de Glendale, a dit Elizabeth LaBorde, pr\u00e9sidente de la fondation d\u2019Adventist Health Glendale. De grandes choses sont en train de se produire dans notre communaut\u00e9, m\u00eame en pr\u00e9sence de toute cette souffrance.\u00a0\u00bb<\/span><span style=\"font-weight: 400;\">\u00ab\u00a0Beaucoup d\u2019espoir et de gu\u00e9rison seront n\u00e9cessaires dans le sud de la Californie au cours des mois \u00e0 venir, a dit John Schroer, chef du syst\u00e8me de mission mondiale (Global Mission) d\u2019Adventist Health. Mais en temps de catastrophe et de d\u00e9sespoir, les \u00eatres humains sont l\u00e0 pour s\u2019entraider. C\u2019est ce que nous faisons. Cette catastrophe est une occasion pour nous de tisser des liens au niveau humain et de donner \u00e0 Dieu la gloire d\u2019avoir mis en nous ce d\u00e9sir inn\u00e9 de nous aider les uns les autres. Dans de tels moments, lorsque nous tendons la main afin de redonner, nous voyons que nous avons besoin d\u2019\u00eatre remplis et de remplir ceux qui souffrent.\u00a0\u00bb<\/span><\/p>\n<p><i><span style=\"font-weight: 400;\">La <\/span><\/i><a href=\"https:\/\/www.nadadventist.org\/news\/adventist-partnerships-prioritize-relief-southern-california-residents\"><i><span style=\"font-weight: 400;\">version originale<\/span><\/i><\/a><i><span style=\"font-weight: 400;\"> de cet article a \u00e9t\u00e9 publi\u00e9e sur le <\/span><\/i><a href=\"https:\/\/www.nadadventist.org\/\"><i><span style=\"font-weight: 400;\">site<\/span><\/i><\/a><i><span style=\"font-weight: 400;\"> de la Division nord-am\u00e9ricaine.<\/span><\/i><\/p>\n<p>Traduction : Marie-Mich\u00e8le Robitaille<\/p>\n<\/div>\n","protected":false},"excerpt":{"rendered":"<p>Des discussions sont en cours au sujet du soutien \u00e0 long terme pour aider les r\u00e9sidents et leur offrir de la nourriture, de l\u2019eau et des m\u00e9dicaments. Le 23 janvier&#8230;<\/p>\n","protected":false},"author":3,"featured_media":124053,"comment_status":"closed","ping_status":"closed","sticky":false,"template":"","format":"standard","meta":{"_acf_changed":false,"footnotes":""},"categories":[18,19],"tags":[],"class_list":["post-124107","post","type-post","status-publish","format-standard","has-post-thumbnail","hentry","category-nouvelles-de-leglise-mondiale","category-rss-francais"],"acf":[],"yoast_head":"<!-- This site is optimized with the Yoast SEO plugin v27.3 - https:\/\/yoast.com\/product\/yoast-seo-wordpress\/ -->\n<title>Des partenariats adventistes accordent la priorit\u00e9 aux r\u00e9sidents du sud de la Californie - \u00c9glise Adventiste Du Septieme Jour - Inter Am\u00e9rique Division<\/title>\n<meta name=\"robots\" content=\"index, follow, max-snippet:-1, max-image-preview:large, max-video-preview:-1\" \/>\n<link rel=\"canonical\" href=\"https:\/\/interamerica.org\/fr\/2025\/01\/des-partenariats-adventistes-accordent-la-priorite-aux-residents-du-sud-de-la-californie\/\" \/>\n<meta property=\"og:locale\" content=\"fr_FR\" \/>\n<meta property=\"og:type\" content=\"article\" \/>\n<meta property=\"og:title\" content=\"Des partenariats adventistes accordent la priorit\u00e9 aux r\u00e9sidents du sud de la Californie - \u00c9glise Adventiste Du Septieme Jour - Inter Am\u00e9rique Division\" \/>\n<meta property=\"og:description\" content=\"Des discussions sont en cours au sujet du soutien \u00e0 long terme pour aider les r\u00e9sidents et leur offrir de la nourriture, de l\u2019eau et des m\u00e9dicaments. Le 23 janvier...\" \/>\n<meta property=\"og:url\" content=\"https:\/\/interamerica.org\/fr\/2025\/01\/des-partenariats-adventistes-accordent-la-priorite-aux-residents-du-sud-de-la-californie\/\" \/>\n<meta property=\"og:site_name\" content=\"\u00c9glise Adventiste Du Septieme Jour - Inter Am\u00e9rique Division\" \/>\n<meta property=\"article:published_time\" content=\"2025-01-23T15:49:03+00:00\" \/>\n<meta property=\"article:modified_time\" content=\"2025-01-29T19:07:29+00:00\" \/>\n<meta property=\"og:image\" content=\"https:\/\/interamerica.org\/wp-content\/uploads\/2025\/01\/1-conference-distribution-area.jpeg\" \/>\n\t<meta property=\"og:image:width\" content=\"2048\" \/>\n\t<meta property=\"og:image:height\" content=\"1536\" \/>\n\t<meta property=\"og:image:type\" content=\"image\/jpeg\" \/>\n<meta name=\"author\" content=\"libna\" \/>\n<meta name=\"twitter:card\" content=\"summary_large_image\" \/>\n<meta name=\"twitter:label1\" content=\"\u00c9crit par\" \/>\n\t<meta name=\"twitter:data1\" content=\"libna\" \/>\n\t<meta name=\"twitter:label2\" content=\"Dur\u00e9e de lecture estim\u00e9e\" \/>\n\t<meta name=\"twitter:data2\" content=\"5 minutes\" \/>\n<script type=\"application\/ld+json\" class=\"yoast-schema-graph\">{\"@context\":\"https:\\\/\\\/schema.org\",\"@graph\":[{\"@type\":\"Article\",\"@id\":\"https:\\\/\\\/interamerica.org\\\/fr\\\/2025\\\/01\\\/des-partenariats-adventistes-accordent-la-priorite-aux-residents-du-sud-de-la-californie\\\/#article\",\"isPartOf\":{\"@id\":\"https:\\\/\\\/interamerica.org\\\/fr\\\/2025\\\/01\\\/des-partenariats-adventistes-accordent-la-priorite-aux-residents-du-sud-de-la-californie\\\/\"},\"author\":{\"name\":\"libna\",\"@id\":\"https:\\\/\\\/interamerica.org\\\/fr\\\/#\\\/schema\\\/person\\\/29998f2bc2d8bd0d38662909289b54f1\"},\"headline\":\"Des partenariats adventistes accordent la priorit\u00e9 aux r\u00e9sidents du sud de la Californie\",\"datePublished\":\"2025-01-23T15:49:03+00:00\",\"dateModified\":\"2025-01-29T19:07:29+00:00\",\"mainEntityOfPage\":{\"@id\":\"https:\\\/\\\/interamerica.org\\\/fr\\\/2025\\\/01\\\/des-partenariats-adventistes-accordent-la-priorite-aux-residents-du-sud-de-la-californie\\\/\"},\"wordCount\":985,\"image\":{\"@id\":\"https:\\\/\\\/interamerica.org\\\/fr\\\/2025\\\/01\\\/des-partenariats-adventistes-accordent-la-priorite-aux-residents-du-sud-de-la-californie\\\/#primaryimage\"},\"thumbnailUrl\":\"https:\\\/\\\/interamerica.org\\\/wp-content\\\/uploads\\\/2025\\\/01\\\/1-conference-distribution-area.jpeg\",\"articleSection\":[\"Nouvelles de l'\u00c9glise mondiale\",\"RSS Fran\u00e7ais\"],\"inLanguage\":\"fr-FR\"},{\"@type\":\"WebPage\",\"@id\":\"https:\\\/\\\/interamerica.org\\\/fr\\\/2025\\\/01\\\/des-partenariats-adventistes-accordent-la-priorite-aux-residents-du-sud-de-la-californie\\\/\",\"url\":\"https:\\\/\\\/interamerica.org\\\/fr\\\/2025\\\/01\\\/des-partenariats-adventistes-accordent-la-priorite-aux-residents-du-sud-de-la-californie\\\/\",\"name\":\"Des partenariats adventistes accordent la priorit\u00e9 aux r\u00e9sidents du sud de la Californie - \u00c9glise Adventiste Du Septieme Jour - Inter Am\u00e9rique Division\",\"isPartOf\":{\"@id\":\"https:\\\/\\\/interamerica.org\\\/fr\\\/#website\"},\"primaryImageOfPage\":{\"@id\":\"https:\\\/\\\/interamerica.org\\\/fr\\\/2025\\\/01\\\/des-partenariats-adventistes-accordent-la-priorite-aux-residents-du-sud-de-la-californie\\\/#primaryimage\"},\"image\":{\"@id\":\"https:\\\/\\\/interamerica.org\\\/fr\\\/2025\\\/01\\\/des-partenariats-adventistes-accordent-la-priorite-aux-residents-du-sud-de-la-californie\\\/#primaryimage\"},\"thumbnailUrl\":\"https:\\\/\\\/interamerica.org\\\/wp-content\\\/uploads\\\/2025\\\/01\\\/1-conference-distribution-area.jpeg\",\"datePublished\":\"2025-01-23T15:49:03+00:00\",\"dateModified\":\"2025-01-29T19:07:29+00:00\",\"author\":{\"@id\":\"https:\\\/\\\/interamerica.org\\\/fr\\\/#\\\/schema\\\/person\\\/29998f2bc2d8bd0d38662909289b54f1\"},\"breadcrumb\":{\"@id\":\"https:\\\/\\\/interamerica.org\\\/fr\\\/2025\\\/01\\\/des-partenariats-adventistes-accordent-la-priorite-aux-residents-du-sud-de-la-californie\\\/#breadcrumb\"},\"inLanguage\":\"fr-FR\",\"potentialAction\":[{\"@type\":\"ReadAction\",\"target\":[\"https:\\\/\\\/interamerica.org\\\/fr\\\/2025\\\/01\\\/des-partenariats-adventistes-accordent-la-priorite-aux-residents-du-sud-de-la-californie\\\/\"]}]},{\"@type\":\"ImageObject\",\"inLanguage\":\"fr-FR\",\"@id\":\"https:\\\/\\\/interamerica.org\\\/fr\\\/2025\\\/01\\\/des-partenariats-adventistes-accordent-la-priorite-aux-residents-du-sud-de-la-californie\\\/#primaryimage\",\"url\":\"https:\\\/\\\/interamerica.org\\\/wp-content\\\/uploads\\\/2025\\\/01\\\/1-conference-distribution-area.jpeg\",\"contentUrl\":\"https:\\\/\\\/interamerica.org\\\/wp-content\\\/uploads\\\/2025\\\/01\\\/1-conference-distribution-area.jpeg\",\"width\":2048,\"height\":1536,\"caption\":\"The Southern California Conference gathered supplies and invited volunteers from their churches to distribute items at an event on Sunday, Jan. 12, 2025. [Photo provided by Adventist Health]\"},{\"@type\":\"BreadcrumbList\",\"@id\":\"https:\\\/\\\/interamerica.org\\\/fr\\\/2025\\\/01\\\/des-partenariats-adventistes-accordent-la-priorite-aux-residents-du-sud-de-la-californie\\\/#breadcrumb\",\"itemListElement\":[{\"@type\":\"ListItem\",\"position\":1,\"name\":\"Home\",\"item\":\"https:\\\/\\\/interamerica.org\\\/fr\\\/\"},{\"@type\":\"ListItem\",\"position\":2,\"name\":\"Des partenariats adventistes accordent la priorit\u00e9 aux r\u00e9sidents du sud de la Californie\"}]},{\"@type\":\"WebSite\",\"@id\":\"https:\\\/\\\/interamerica.org\\\/fr\\\/#website\",\"url\":\"https:\\\/\\\/interamerica.org\\\/fr\\\/\",\"name\":\"\u00c9glise Adventiste Du Septieme Jour - Inter Am\u00e9rique Division\",\"description\":\"\",\"potentialAction\":[{\"@type\":\"SearchAction\",\"target\":{\"@type\":\"EntryPoint\",\"urlTemplate\":\"https:\\\/\\\/interamerica.org\\\/fr\\\/?s={search_term_string}\"},\"query-input\":{\"@type\":\"PropertyValueSpecification\",\"valueRequired\":true,\"valueName\":\"search_term_string\"}}],\"inLanguage\":\"fr-FR\"},{\"@type\":\"Person\",\"@id\":\"https:\\\/\\\/interamerica.org\\\/fr\\\/#\\\/schema\\\/person\\\/29998f2bc2d8bd0d38662909289b54f1\",\"name\":\"libna\",\"image\":{\"@type\":\"ImageObject\",\"inLanguage\":\"fr-FR\",\"@id\":\"https:\\\/\\\/secure.gravatar.com\\\/avatar\\\/7c5bd30ae4b47a9ba3c856590957fd1d96dc588bf3ac05719d247e126840331f?s=96&d=mm&r=g\",\"url\":\"https:\\\/\\\/secure.gravatar.com\\\/avatar\\\/7c5bd30ae4b47a9ba3c856590957fd1d96dc588bf3ac05719d247e126840331f?s=96&d=mm&r=g\",\"contentUrl\":\"https:\\\/\\\/secure.gravatar.com\\\/avatar\\\/7c5bd30ae4b47a9ba3c856590957fd1d96dc588bf3ac05719d247e126840331f?s=96&d=mm&r=g\",\"caption\":\"libna\"}}]}<\/script>\n<!-- \/ Yoast SEO plugin. -->","yoast_head_json":{"title":"Des partenariats adventistes accordent la priorit\u00e9 aux r\u00e9sidents du sud de la Californie - \u00c9glise Adventiste Du Septieme Jour - Inter Am\u00e9rique Division","robots":{"index":"index","follow":"follow","max-snippet":"max-snippet:-1","max-image-preview":"max-image-preview:large","max-video-preview":"max-video-preview:-1"},"canonical":"https:\/\/interamerica.org\/fr\/2025\/01\/des-partenariats-adventistes-accordent-la-priorite-aux-residents-du-sud-de-la-californie\/","og_locale":"fr_FR","og_type":"article","og_title":"Des partenariats adventistes accordent la priorit\u00e9 aux r\u00e9sidents du sud de la Californie - \u00c9glise Adventiste Du Septieme Jour - Inter Am\u00e9rique Division","og_description":"Des discussions sont en cours au sujet du soutien \u00e0 long terme pour aider les r\u00e9sidents et leur offrir de la nourriture, de l\u2019eau et des m\u00e9dicaments. Le 23 janvier...","og_url":"https:\/\/interamerica.org\/fr\/2025\/01\/des-partenariats-adventistes-accordent-la-priorite-aux-residents-du-sud-de-la-californie\/","og_site_name":"\u00c9glise Adventiste Du Septieme Jour - Inter Am\u00e9rique Division","article_published_time":"2025-01-23T15:49:03+00:00","article_modified_time":"2025-01-29T19:07:29+00:00","og_image":[{"width":2048,"height":1536,"url":"https:\/\/interamerica.org\/wp-content\/uploads\/2025\/01\/1-conference-distribution-area.jpeg","type":"image\/jpeg"}],"author":"libna","twitter_card":"summary_large_image","twitter_misc":{"\u00c9crit par":"libna","Dur\u00e9e de lecture estim\u00e9e":"5 minutes"},"schema":{"@context":"https:\/\/schema.org","@graph":[{"@type":"Article","@id":"https:\/\/interamerica.org\/fr\/2025\/01\/des-partenariats-adventistes-accordent-la-priorite-aux-residents-du-sud-de-la-californie\/#article","isPartOf":{"@id":"https:\/\/interamerica.org\/fr\/2025\/01\/des-partenariats-adventistes-accordent-la-priorite-aux-residents-du-sud-de-la-californie\/"},"author":{"name":"libna","@id":"https:\/\/interamerica.org\/fr\/#\/schema\/person\/29998f2bc2d8bd0d38662909289b54f1"},"headline":"Des partenariats adventistes accordent la priorit\u00e9 aux r\u00e9sidents du sud de la Californie","datePublished":"2025-01-23T15:49:03+00:00","dateModified":"2025-01-29T19:07:29+00:00","mainEntityOfPage":{"@id":"https:\/\/interamerica.org\/fr\/2025\/01\/des-partenariats-adventistes-accordent-la-priorite-aux-residents-du-sud-de-la-californie\/"},"wordCount":985,"image":{"@id":"https:\/\/interamerica.org\/fr\/2025\/01\/des-partenariats-adventistes-accordent-la-priorite-aux-residents-du-sud-de-la-californie\/#primaryimage"},"thumbnailUrl":"https:\/\/interamerica.org\/wp-content\/uploads\/2025\/01\/1-conference-distribution-area.jpeg","articleSection":["Nouvelles de l'\u00c9glise mondiale","RSS Fran\u00e7ais"],"inLanguage":"fr-FR"},{"@type":"WebPage","@id":"https:\/\/interamerica.org\/fr\/2025\/01\/des-partenariats-adventistes-accordent-la-priorite-aux-residents-du-sud-de-la-californie\/","url":"https:\/\/interamerica.org\/fr\/2025\/01\/des-partenariats-adventistes-accordent-la-priorite-aux-residents-du-sud-de-la-californie\/","name":"Des partenariats adventistes accordent la priorit\u00e9 aux r\u00e9sidents du sud de la Californie - \u00c9glise Adventiste Du Septieme Jour - Inter Am\u00e9rique Division","isPartOf":{"@id":"https:\/\/interamerica.org\/fr\/#website"},"primaryImageOfPage":{"@id":"https:\/\/interamerica.org\/fr\/2025\/01\/des-partenariats-adventistes-accordent-la-priorite-aux-residents-du-sud-de-la-californie\/#primaryimage"},"image":{"@id":"https:\/\/interamerica.org\/fr\/2025\/01\/des-partenariats-adventistes-accordent-la-priorite-aux-residents-du-sud-de-la-californie\/#primaryimage"},"thumbnailUrl":"https:\/\/interamerica.org\/wp-content\/uploads\/2025\/01\/1-conference-distribution-area.jpeg","datePublished":"2025-01-23T15:49:03+00:00","dateModified":"2025-01-29T19:07:29+00:00","author":{"@id":"https:\/\/interamerica.org\/fr\/#\/schema\/person\/29998f2bc2d8bd0d38662909289b54f1"},"breadcrumb":{"@id":"https:\/\/interamerica.org\/fr\/2025\/01\/des-partenariats-adventistes-accordent-la-priorite-aux-residents-du-sud-de-la-californie\/#breadcrumb"},"inLanguage":"fr-FR","potentialAction":[{"@type":"ReadAction","target":["https:\/\/interamerica.org\/fr\/2025\/01\/des-partenariats-adventistes-accordent-la-priorite-aux-residents-du-sud-de-la-californie\/"]}]},{"@type":"ImageObject","inLanguage":"fr-FR","@id":"https:\/\/interamerica.org\/fr\/2025\/01\/des-partenariats-adventistes-accordent-la-priorite-aux-residents-du-sud-de-la-californie\/#primaryimage","url":"https:\/\/interamerica.org\/wp-content\/uploads\/2025\/01\/1-conference-distribution-area.jpeg","contentUrl":"https:\/\/interamerica.org\/wp-content\/uploads\/2025\/01\/1-conference-distribution-area.jpeg","width":2048,"height":1536,"caption":"The Southern California Conference gathered supplies and invited volunteers from their churches to distribute items at an event on Sunday, Jan. 12, 2025. [Photo provided by Adventist Health]"},{"@type":"BreadcrumbList","@id":"https:\/\/interamerica.org\/fr\/2025\/01\/des-partenariats-adventistes-accordent-la-priorite-aux-residents-du-sud-de-la-californie\/#breadcrumb","itemListElement":[{"@type":"ListItem","position":1,"name":"Home","item":"https:\/\/interamerica.org\/fr\/"},{"@type":"ListItem","position":2,"name":"Des partenariats adventistes accordent la priorit\u00e9 aux r\u00e9sidents du sud de la Californie"}]},{"@type":"WebSite","@id":"https:\/\/interamerica.org\/fr\/#website","url":"https:\/\/interamerica.org\/fr\/","name":"\u00c9glise Adventiste Du Septieme Jour - Inter Am\u00e9rique Division","description":"","potentialAction":[{"@type":"SearchAction","target":{"@type":"EntryPoint","urlTemplate":"https:\/\/interamerica.org\/fr\/?s={search_term_string}"},"query-input":{"@type":"PropertyValueSpecification","valueRequired":true,"valueName":"search_term_string"}}],"inLanguage":"fr-FR"},{"@type":"Person","@id":"https:\/\/interamerica.org\/fr\/#\/schema\/person\/29998f2bc2d8bd0d38662909289b54f1","name":"libna","image":{"@type":"ImageObject","inLanguage":"fr-FR","@id":"https:\/\/secure.gravatar.com\/avatar\/7c5bd30ae4b47a9ba3c856590957fd1d96dc588bf3ac05719d247e126840331f?s=96&d=mm&r=g","url":"https:\/\/secure.gravatar.com\/avatar\/7c5bd30ae4b47a9ba3c856590957fd1d96dc588bf3ac05719d247e126840331f?s=96&d=mm&r=g","contentUrl":"https:\/\/secure.gravatar.com\/avatar\/7c5bd30ae4b47a9ba3c856590957fd1d96dc588bf3ac05719d247e126840331f?s=96&d=mm&r=g","caption":"libna"}}]}},"_links":{"self":[{"href":"https:\/\/interamerica.org\/fr\/wp-json\/wp\/v2\/posts\/124107","targetHints":{"allow":["GET"]}}],"collection":[{"href":"https:\/\/interamerica.org\/fr\/wp-json\/wp\/v2\/posts"}],"about":[{"href":"https:\/\/interamerica.org\/fr\/wp-json\/wp\/v2\/types\/post"}],"author":[{"embeddable":true,"href":"https:\/\/interamerica.org\/fr\/wp-json\/wp\/v2\/users\/3"}],"replies":[{"embeddable":true,"href":"https:\/\/interamerica.org\/fr\/wp-json\/wp\/v2\/comments?post=124107"}],"version-history":[{"count":0,"href":"https:\/\/interamerica.org\/fr\/wp-json\/wp\/v2\/posts\/124107\/revisions"}],"wp:featuredmedia":[{"embeddable":true,"href":"https:\/\/interamerica.org\/fr\/wp-json\/wp\/v2\/media\/124053"}],"wp:attachment":[{"href":"https:\/\/interamerica.org\/fr\/wp-json\/wp\/v2\/media?parent=124107"}],"wp:term":[{"taxonomy":"category","embeddable":true,"href":"https:\/\/interamerica.org\/fr\/wp-json\/wp\/v2\/categories?post=124107"},{"taxonomy":"post_tag","embeddable":true,"href":"https:\/\/interamerica.org\/fr\/wp-json\/wp\/v2\/tags?post=124107"}],"curies":[{"name":"wp","href":"https:\/\/api.w.org\/{rel}","templated":true}]}}