{"id":124316,"date":"2025-01-26T19:32:02","date_gmt":"2025-01-27T00:32:02","guid":{"rendered":"https:\/\/interamerica.org\/?p=124316"},"modified":"2025-01-29T14:03:07","modified_gmt":"2025-01-29T19:03:07","slug":"apres-le-cessez-le-feu-adra-accelere-son-intervention-pour-combattre-la-faim-a-gaza","status":"publish","type":"post","link":"https:\/\/interamerica.org\/fr\/2025\/01\/apres-le-cessez-le-feu-adra-accelere-son-intervention-pour-combattre-la-faim-a-gaza\/","title":{"rendered":"Apr\u00e8s le cessez-le-feu, ADRA acc\u00e9l\u00e8re son intervention pour combattre la faim \u00e0 Gaza"},"content":{"rendered":"<p><div id=\"attachment_124128\" style=\"width: 869px\" class=\"wp-caption aligncenter\"><img fetchpriority=\"high\" decoding=\"async\" aria-describedby=\"caption-attachment-124128\" class=\" wp-image-124127\" src=\"https:\/\/interamerica.org\/wp-content\/uploads\/2025\/01\/adra-1-3-1024x596.jpeg\" alt=\"\" width=\"859\" height=\"500\" srcset=\"https:\/\/interamerica.org\/wp-content\/uploads\/2025\/01\/adra-1-3-1024x596.jpeg 1024w, https:\/\/interamerica.org\/wp-content\/uploads\/2025\/01\/adra-1-3-300x175.jpeg 300w, https:\/\/interamerica.org\/wp-content\/uploads\/2025\/01\/adra-1-3-768x447.jpeg 768w, https:\/\/interamerica.org\/wp-content\/uploads\/2025\/01\/adra-1-3-1536x894.jpeg 1536w, https:\/\/interamerica.org\/wp-content\/uploads\/2025\/01\/adra-1-3.jpeg 1560w\" sizes=\"(max-width: 859px) 100vw, 859px\" \/><p id=\"caption-attachment-124128\" class=\"wp-caption-text\"><span style=\"font-weight: 400;\">ADRA lance une campagne de financement et collabore avec des partenaires de confiance pour offrir de l\u2019assistance alimentaire imm\u00e9diate afin d\u2019aider le plus grand nombre possible de familles. [Une photo d\u2019Anera]<\/span><\/p><\/div><i><span style=\"font-weight: 400;\">L\u2019agence humanitaire intensifie son aide aupr\u00e8s des communaut\u00e9s vuln\u00e9rables.<\/span><\/i><\/p>\n<p><span style=\"font-weight: 400;\">Le 26 janvier 2025 | Silver Spring, Maryland, \u00c9tats-Unis | Iris Argueta, Agence de d\u00e9veloppement et de secours adventiste<\/span><\/p>\n<p><span style=\"font-weight: 400;\">L\u2019Agence de d\u00e9veloppement et de secours adventiste (ADRA) est en train de s\u2019organiser pour offrir une aide essentielle et vitale visant \u00e0 soutenir les communaut\u00e9s de Gaza apr\u00e8s le r\u00e9cent accord de cessez-le-feu entre Isra\u00ebl et le Hamas. La r\u00e9gion est ravag\u00e9e par des mois de conflit ayant occasionn\u00e9 la perte de vies, d\u2019innombrables blessures et des millions de personnes d\u00e9plac\u00e9es de leur foyer.<\/span><\/p>\n<p><span style=\"font-weight: 400;\">Bien que le cessez-le-feu ait temporairement ouvert l\u2019acc\u00e8s \u00e0 de l\u2019aide humanitaire \u00e0 Gaza, les ressources essentielles, comme la nourriture, l\u2019eau potable, les articles d\u2019hygi\u00e8ne et l\u2019h\u00e9bergement demeurent en grande p\u00e9nurie. Selon certains rapports de l\u2019ONU, plus de 70 % de la population est en situation de famine et plus de 30\u00a0% des enfants \u00e2g\u00e9s de moins de deux ans souffrent de malnutrition majeure. Par cons\u00e9quent, ADRA est en train de lancer une campagne de financement et de collaborer avec des partenaires de confiance pour offrir de l\u2019aide alimentaire imm\u00e9diate visant \u00e0 livrer des repas quotidiens afin de combattre la crise de la faim qui ne fait que s\u2019intensifier et \u00e0 soutenir autant de familles que possible.<\/span><\/p>\n<p><div id=\"attachment_124131\" style=\"width: 858px\" class=\"wp-caption aligncenter\"><img decoding=\"async\" aria-describedby=\"caption-attachment-124131\" class=\" wp-image-124130\" src=\"https:\/\/interamerica.org\/wp-content\/uploads\/2025\/01\/adra-2-1-1024x592.jpeg\" alt=\"\" width=\"848\" height=\"490\" srcset=\"https:\/\/interamerica.org\/wp-content\/uploads\/2025\/01\/adra-2-1-1024x592.jpeg 1024w, https:\/\/interamerica.org\/wp-content\/uploads\/2025\/01\/adra-2-1-300x173.jpeg 300w, https:\/\/interamerica.org\/wp-content\/uploads\/2025\/01\/adra-2-1-768x444.jpeg 768w, https:\/\/interamerica.org\/wp-content\/uploads\/2025\/01\/adra-2-1.jpeg 1536w\" sizes=\"(max-width: 848px) 100vw, 848px\" \/><p id=\"caption-attachment-124131\" class=\"wp-caption-text\"><span style=\"font-weight: 400;\">D\u2019apr\u00e8s les dirigeants d\u2019ADRA, \u00e0 Gaza, les ressources essentielles, comme la nourriture, l\u2019eau potable, les articles d\u2019hygi\u00e8ne et l\u2019h\u00e9bergement demeurent en grande p\u00e9nurie. [Une photo d\u2019Anera]<\/span><\/p><\/div><span style=\"font-weight: 400;\">\u00ab\u00a0ADRA est profond\u00e9ment d\u00e9vou\u00e9e \u00e0 aider les gens de Gaza qui sont dans un besoin urgent. Avec le cessez-le-feu qui offre une lueur d\u2019espoir, nous demeurons fermes dans notre mission d\u2019offrir de la nourriture d\u2019urgence et du secours aux familles, aux enfants et aux communaut\u00e9s qui luttent pour leur survie. En cette p\u00e9riode incroyablement difficile, ADRA est l\u00e0 pour donner de l\u2019espoir et entamer le processus de reconstruction. Gardons les Gazaouis et la r\u00e9gion de Gaza dans nos c\u0153urs et nos pri\u00e8res, a dit Imad Madanat, vice-pr\u00e9sident des affaires humanitaires chez ADRA International. Ensemble, nous pouvons r\u00e9tablir le confort et la dignit\u00e9 de ceux qui ont tant perdu.\u00a0\u00bb<\/span><\/p>\n<h3><b>L\u2019intervention d\u2019ADRA \u00e0 Gaza en 2024<\/b><\/h3>\n<p><span style=\"font-weight: 400;\">En 2024, ADRA a collabor\u00e9 avec l\u2019organisme \u00e0 but non lucratif Anera pour lancer le projet d\u2019urgence alimentaire Gaza Emergency Food Project, offrant ainsi une aide humanitaire critique \u00e0 pr\u00e8s de 30\u00a0000 personnes dans certaines des r\u00e9gions les plus affect\u00e9es du conflit. Par cet effort, plus de 28\u00a0500 repas chauds ont \u00e9t\u00e9 servis dans des cuisines communautaires au nord de Gaza, des trousses d\u2019hygi\u00e8ne essentielles ont \u00e9t\u00e9 distribu\u00e9es pour pr\u00e9venir les maladies ainsi que plus de 7\u00a0300 bo\u00eetes alimentaires contenant des articles essentiels comme de l\u2019huile de cuisson, des pommes de terre et des \u00e9pices d\u2019assaisonnement locales.<\/span><\/p>\n<p><span style=\"font-weight: 400;\">\u00c0 partir de ce projet r\u00e9ussi, la nouvelle campagne de financement d\u2019ADRA permettra d\u2019augmenter les efforts servant \u00e0 \u00e9largir l\u2019aide humanitaire et \u00e0 soutenir encore plus de familles dans l\u2019urgent besoin.<\/span><\/p>\n<div id=\"attachment_124134\" style=\"width: 864px\" class=\"wp-caption aligncenter\"><img decoding=\"async\" aria-describedby=\"caption-attachment-124134\" class=\" wp-image-124133\" src=\"https:\/\/interamerica.org\/wp-content\/uploads\/2025\/01\/adra-3-2.jpeg\" alt=\"\" width=\"854\" height=\"581\" srcset=\"https:\/\/interamerica.org\/wp-content\/uploads\/2025\/01\/adra-3-2.jpeg 952w, https:\/\/interamerica.org\/wp-content\/uploads\/2025\/01\/adra-3-2-300x204.jpeg 300w, https:\/\/interamerica.org\/wp-content\/uploads\/2025\/01\/adra-3-2-768x523.jpeg 768w\" sizes=\"(max-width: 854px) 100vw, 854px\" \/><p id=\"caption-attachment-124134\" class=\"wp-caption-text\"><span style=\"font-weight: 400;\">En 2024, gr\u00e2ce aux efforts conjoints d\u2019ADRA et d\u2019Anera, des familles et des enfants d\u00e9plac\u00e9s \u00e0 Gaza ont re\u00e7u un repas quotidien, leur fournissant une alimentation essentielle et un certain confort en ces temps de guerre. [Une photo d\u2019Anera]<\/span><\/p><\/div>\n<h3 class=\"wp-block-heading\"><strong>Des fa\u00e7ons d\u2019aider<\/strong><\/h3>\n<p><span style=\"font-weight: 400;\">ADRA tente de recueillir au moins 100\u00a0000 dollars am\u00e9ricains pour offrir de la nourriture aux gens affect\u00e9s par cette catastrophe toujours en cours. Chaque repas repr\u00e9sente une lueur d\u2019espoir pour les familles, les enfants et les personnes qui endurent des difficult\u00e9s inimaginables. D\u2019apr\u00e8s les dirigeants de l\u2019agence, un don de n\u2019importe quel montant peut avoir un impact vital\u00a0: 40\u00a0$ permet de nourrir dix personnes; 100\u00a0$ permet d\u2019en nourrir 25 et 400\u00a0$, 100 personnes.<\/span><\/p>\n<p><span style=\"font-weight: 400;\">ADRA invite les personnes, les communaut\u00e9s, les entreprises et les organisations \u00e0 contribuer \u00e0 cet urgent effort de secours. \u00ab\u00a0Donnez aujourd\u2019hui, a encourag\u00e9 ADRA, et montrez ce \u00e0 quoi ressemble vraiment l\u2019amour en action.\u00a0\u00bb<\/span><\/p>\n<p><i><span style=\"font-weight: 400;\">La <\/span><\/i><a href=\"https:\/\/adra.org\/gaza-ceasefire-adra-ramps-up-aid-to-combat-hunger-and-aid-vulnerable-communities\"><i><span style=\"font-weight: 400;\">version originale<\/span><\/i><\/a><i><span style=\"font-weight: 400;\"> de cet article a \u00e9t\u00e9 publi\u00e9e par <\/span><\/i><a href=\"https:\/\/adra.org\/\"><i><span style=\"font-weight: 400;\">l\u2019Agence de d\u00e9veloppement et de secours adventiste<\/span><\/i><\/a><i><span style=\"font-weight: 400;\">.<\/span><\/i><\/p>\n<p><span style=\"font-weight: 400;\">Traduction\u00a0: Marie-Mich\u00e8le Robitaille<\/span><\/p>\n","protected":false},"excerpt":{"rendered":"<p>L\u2019agence humanitaire intensifie son aide aupr\u00e8s des communaut\u00e9s vuln\u00e9rables. Le 26 janvier 2025 | Silver Spring, Maryland, \u00c9tats-Unis | Iris Argueta, Agence de d\u00e9veloppement et de secours adventiste L\u2019Agence de&#8230;<\/p>\n","protected":false},"author":3,"featured_media":124128,"comment_status":"closed","ping_status":"closed","sticky":false,"template":"","format":"standard","meta":{"_acf_changed":false,"footnotes":""},"categories":[18,19],"tags":[],"class_list":["post-124316","post","type-post","status-publish","format-standard","has-post-thumbnail","hentry","category-nouvelles-de-leglise-mondiale","category-rss-francais"],"acf":[],"yoast_head":"<!-- This site is optimized with the Yoast SEO plugin v27.3 - https:\/\/yoast.com\/product\/yoast-seo-wordpress\/ -->\n<title>Apr\u00e8s le cessez-le-feu, ADRA acc\u00e9l\u00e8re son intervention pour combattre la faim \u00e0 Gaza - \u00c9glise Adventiste Du Septieme Jour - Inter Am\u00e9rique Division<\/title>\n<meta name=\"robots\" content=\"index, follow, max-snippet:-1, max-image-preview:large, max-video-preview:-1\" \/>\n<link rel=\"canonical\" href=\"https:\/\/interamerica.org\/fr\/2025\/01\/apres-le-cessez-le-feu-adra-accelere-son-intervention-pour-combattre-la-faim-a-gaza\/\" \/>\n<meta property=\"og:locale\" content=\"fr_FR\" \/>\n<meta property=\"og:type\" content=\"article\" \/>\n<meta property=\"og:title\" content=\"Apr\u00e8s le cessez-le-feu, ADRA acc\u00e9l\u00e8re son intervention pour combattre la faim \u00e0 Gaza - \u00c9glise Adventiste Du Septieme Jour - Inter Am\u00e9rique Division\" \/>\n<meta property=\"og:description\" content=\"L\u2019agence humanitaire intensifie son aide aupr\u00e8s des communaut\u00e9s vuln\u00e9rables. Le 26 janvier 2025 | Silver Spring, Maryland, \u00c9tats-Unis | Iris Argueta, Agence de d\u00e9veloppement et de secours adventiste L\u2019Agence de...\" \/>\n<meta property=\"og:url\" content=\"https:\/\/interamerica.org\/fr\/2025\/01\/apres-le-cessez-le-feu-adra-accelere-son-intervention-pour-combattre-la-faim-a-gaza\/\" \/>\n<meta property=\"og:site_name\" content=\"\u00c9glise Adventiste Du Septieme Jour - Inter Am\u00e9rique Division\" \/>\n<meta property=\"article:published_time\" content=\"2025-01-27T00:32:02+00:00\" \/>\n<meta property=\"article:modified_time\" content=\"2025-01-29T19:03:07+00:00\" \/>\n<meta property=\"og:image\" content=\"https:\/\/interamerica.org\/wp-content\/uploads\/2025\/01\/adra-1-3.jpeg\" \/>\n\t<meta property=\"og:image:width\" content=\"1560\" \/>\n\t<meta property=\"og:image:height\" content=\"908\" \/>\n\t<meta property=\"og:image:type\" content=\"image\/jpeg\" \/>\n<meta name=\"author\" content=\"libna\" \/>\n<meta name=\"twitter:card\" content=\"summary_large_image\" \/>\n<meta name=\"twitter:label1\" content=\"\u00c9crit par\" \/>\n\t<meta name=\"twitter:data1\" content=\"libna\" \/>\n\t<meta name=\"twitter:label2\" content=\"Dur\u00e9e de lecture estim\u00e9e\" \/>\n\t<meta name=\"twitter:data2\" content=\"4 minutes\" \/>\n<script type=\"application\/ld+json\" class=\"yoast-schema-graph\">{\"@context\":\"https:\\\/\\\/schema.org\",\"@graph\":[{\"@type\":\"Article\",\"@id\":\"https:\\\/\\\/interamerica.org\\\/fr\\\/2025\\\/01\\\/apres-le-cessez-le-feu-adra-accelere-son-intervention-pour-combattre-la-faim-a-gaza\\\/#article\",\"isPartOf\":{\"@id\":\"https:\\\/\\\/interamerica.org\\\/fr\\\/2025\\\/01\\\/apres-le-cessez-le-feu-adra-accelere-son-intervention-pour-combattre-la-faim-a-gaza\\\/\"},\"author\":{\"name\":\"libna\",\"@id\":\"https:\\\/\\\/interamerica.org\\\/fr\\\/#\\\/schema\\\/person\\\/29998f2bc2d8bd0d38662909289b54f1\"},\"headline\":\"Apr\u00e8s le cessez-le-feu, ADRA acc\u00e9l\u00e8re son intervention pour combattre la faim \u00e0 Gaza\",\"datePublished\":\"2025-01-27T00:32:02+00:00\",\"dateModified\":\"2025-01-29T19:03:07+00:00\",\"mainEntityOfPage\":{\"@id\":\"https:\\\/\\\/interamerica.org\\\/fr\\\/2025\\\/01\\\/apres-le-cessez-le-feu-adra-accelere-son-intervention-pour-combattre-la-faim-a-gaza\\\/\"},\"wordCount\":782,\"image\":{\"@id\":\"https:\\\/\\\/interamerica.org\\\/fr\\\/2025\\\/01\\\/apres-le-cessez-le-feu-adra-accelere-son-intervention-pour-combattre-la-faim-a-gaza\\\/#primaryimage\"},\"thumbnailUrl\":\"https:\\\/\\\/interamerica.org\\\/wp-content\\\/uploads\\\/2025\\\/01\\\/adra-1-3.jpeg\",\"articleSection\":[\"Nouvelles de l'\u00c9glise mondiale\",\"RSS Fran\u00e7ais\"],\"inLanguage\":\"fr-FR\"},{\"@type\":\"WebPage\",\"@id\":\"https:\\\/\\\/interamerica.org\\\/fr\\\/2025\\\/01\\\/apres-le-cessez-le-feu-adra-accelere-son-intervention-pour-combattre-la-faim-a-gaza\\\/\",\"url\":\"https:\\\/\\\/interamerica.org\\\/fr\\\/2025\\\/01\\\/apres-le-cessez-le-feu-adra-accelere-son-intervention-pour-combattre-la-faim-a-gaza\\\/\",\"name\":\"Apr\u00e8s le cessez-le-feu, ADRA acc\u00e9l\u00e8re son intervention pour combattre la faim \u00e0 Gaza - \u00c9glise Adventiste Du Septieme Jour - Inter Am\u00e9rique Division\",\"isPartOf\":{\"@id\":\"https:\\\/\\\/interamerica.org\\\/fr\\\/#website\"},\"primaryImageOfPage\":{\"@id\":\"https:\\\/\\\/interamerica.org\\\/fr\\\/2025\\\/01\\\/apres-le-cessez-le-feu-adra-accelere-son-intervention-pour-combattre-la-faim-a-gaza\\\/#primaryimage\"},\"image\":{\"@id\":\"https:\\\/\\\/interamerica.org\\\/fr\\\/2025\\\/01\\\/apres-le-cessez-le-feu-adra-accelere-son-intervention-pour-combattre-la-faim-a-gaza\\\/#primaryimage\"},\"thumbnailUrl\":\"https:\\\/\\\/interamerica.org\\\/wp-content\\\/uploads\\\/2025\\\/01\\\/adra-1-3.jpeg\",\"datePublished\":\"2025-01-27T00:32:02+00:00\",\"dateModified\":\"2025-01-29T19:03:07+00:00\",\"author\":{\"@id\":\"https:\\\/\\\/interamerica.org\\\/fr\\\/#\\\/schema\\\/person\\\/29998f2bc2d8bd0d38662909289b54f1\"},\"breadcrumb\":{\"@id\":\"https:\\\/\\\/interamerica.org\\\/fr\\\/2025\\\/01\\\/apres-le-cessez-le-feu-adra-accelere-son-intervention-pour-combattre-la-faim-a-gaza\\\/#breadcrumb\"},\"inLanguage\":\"fr-FR\",\"potentialAction\":[{\"@type\":\"ReadAction\",\"target\":[\"https:\\\/\\\/interamerica.org\\\/fr\\\/2025\\\/01\\\/apres-le-cessez-le-feu-adra-accelere-son-intervention-pour-combattre-la-faim-a-gaza\\\/\"]}]},{\"@type\":\"ImageObject\",\"inLanguage\":\"fr-FR\",\"@id\":\"https:\\\/\\\/interamerica.org\\\/fr\\\/2025\\\/01\\\/apres-le-cessez-le-feu-adra-accelere-son-intervention-pour-combattre-la-faim-a-gaza\\\/#primaryimage\",\"url\":\"https:\\\/\\\/interamerica.org\\\/wp-content\\\/uploads\\\/2025\\\/01\\\/adra-1-3.jpeg\",\"contentUrl\":\"https:\\\/\\\/interamerica.org\\\/wp-content\\\/uploads\\\/2025\\\/01\\\/adra-1-3.jpeg\",\"width\":1560,\"height\":908,\"caption\":\"ADRA is launching a fundraising campaign and collaborating with trusted partners to provide immediate food assistance to support as many families as possible. [Photo: Anera]\"},{\"@type\":\"BreadcrumbList\",\"@id\":\"https:\\\/\\\/interamerica.org\\\/fr\\\/2025\\\/01\\\/apres-le-cessez-le-feu-adra-accelere-son-intervention-pour-combattre-la-faim-a-gaza\\\/#breadcrumb\",\"itemListElement\":[{\"@type\":\"ListItem\",\"position\":1,\"name\":\"Home\",\"item\":\"https:\\\/\\\/interamerica.org\\\/fr\\\/\"},{\"@type\":\"ListItem\",\"position\":2,\"name\":\"Apr\u00e8s le cessez-le-feu, ADRA acc\u00e9l\u00e8re son intervention pour combattre la faim \u00e0 Gaza\"}]},{\"@type\":\"WebSite\",\"@id\":\"https:\\\/\\\/interamerica.org\\\/fr\\\/#website\",\"url\":\"https:\\\/\\\/interamerica.org\\\/fr\\\/\",\"name\":\"\u00c9glise Adventiste Du Septieme Jour - Inter Am\u00e9rique Division\",\"description\":\"\",\"potentialAction\":[{\"@type\":\"SearchAction\",\"target\":{\"@type\":\"EntryPoint\",\"urlTemplate\":\"https:\\\/\\\/interamerica.org\\\/fr\\\/?s={search_term_string}\"},\"query-input\":{\"@type\":\"PropertyValueSpecification\",\"valueRequired\":true,\"valueName\":\"search_term_string\"}}],\"inLanguage\":\"fr-FR\"},{\"@type\":\"Person\",\"@id\":\"https:\\\/\\\/interamerica.org\\\/fr\\\/#\\\/schema\\\/person\\\/29998f2bc2d8bd0d38662909289b54f1\",\"name\":\"libna\",\"image\":{\"@type\":\"ImageObject\",\"inLanguage\":\"fr-FR\",\"@id\":\"https:\\\/\\\/secure.gravatar.com\\\/avatar\\\/7c5bd30ae4b47a9ba3c856590957fd1d96dc588bf3ac05719d247e126840331f?s=96&d=mm&r=g\",\"url\":\"https:\\\/\\\/secure.gravatar.com\\\/avatar\\\/7c5bd30ae4b47a9ba3c856590957fd1d96dc588bf3ac05719d247e126840331f?s=96&d=mm&r=g\",\"contentUrl\":\"https:\\\/\\\/secure.gravatar.com\\\/avatar\\\/7c5bd30ae4b47a9ba3c856590957fd1d96dc588bf3ac05719d247e126840331f?s=96&d=mm&r=g\",\"caption\":\"libna\"}}]}<\/script>\n<!-- \/ Yoast SEO plugin. -->","yoast_head_json":{"title":"Apr\u00e8s le cessez-le-feu, ADRA acc\u00e9l\u00e8re son intervention pour combattre la faim \u00e0 Gaza - \u00c9glise Adventiste Du Septieme Jour - Inter Am\u00e9rique Division","robots":{"index":"index","follow":"follow","max-snippet":"max-snippet:-1","max-image-preview":"max-image-preview:large","max-video-preview":"max-video-preview:-1"},"canonical":"https:\/\/interamerica.org\/fr\/2025\/01\/apres-le-cessez-le-feu-adra-accelere-son-intervention-pour-combattre-la-faim-a-gaza\/","og_locale":"fr_FR","og_type":"article","og_title":"Apr\u00e8s le cessez-le-feu, ADRA acc\u00e9l\u00e8re son intervention pour combattre la faim \u00e0 Gaza - \u00c9glise Adventiste Du Septieme Jour - Inter Am\u00e9rique Division","og_description":"L\u2019agence humanitaire intensifie son aide aupr\u00e8s des communaut\u00e9s vuln\u00e9rables. Le 26 janvier 2025 | Silver Spring, Maryland, \u00c9tats-Unis | Iris Argueta, Agence de d\u00e9veloppement et de secours adventiste L\u2019Agence de...","og_url":"https:\/\/interamerica.org\/fr\/2025\/01\/apres-le-cessez-le-feu-adra-accelere-son-intervention-pour-combattre-la-faim-a-gaza\/","og_site_name":"\u00c9glise Adventiste Du Septieme Jour - Inter Am\u00e9rique Division","article_published_time":"2025-01-27T00:32:02+00:00","article_modified_time":"2025-01-29T19:03:07+00:00","og_image":[{"width":1560,"height":908,"url":"https:\/\/interamerica.org\/wp-content\/uploads\/2025\/01\/adra-1-3.jpeg","type":"image\/jpeg"}],"author":"libna","twitter_card":"summary_large_image","twitter_misc":{"\u00c9crit par":"libna","Dur\u00e9e de lecture estim\u00e9e":"4 minutes"},"schema":{"@context":"https:\/\/schema.org","@graph":[{"@type":"Article","@id":"https:\/\/interamerica.org\/fr\/2025\/01\/apres-le-cessez-le-feu-adra-accelere-son-intervention-pour-combattre-la-faim-a-gaza\/#article","isPartOf":{"@id":"https:\/\/interamerica.org\/fr\/2025\/01\/apres-le-cessez-le-feu-adra-accelere-son-intervention-pour-combattre-la-faim-a-gaza\/"},"author":{"name":"libna","@id":"https:\/\/interamerica.org\/fr\/#\/schema\/person\/29998f2bc2d8bd0d38662909289b54f1"},"headline":"Apr\u00e8s le cessez-le-feu, ADRA acc\u00e9l\u00e8re son intervention pour combattre la faim \u00e0 Gaza","datePublished":"2025-01-27T00:32:02+00:00","dateModified":"2025-01-29T19:03:07+00:00","mainEntityOfPage":{"@id":"https:\/\/interamerica.org\/fr\/2025\/01\/apres-le-cessez-le-feu-adra-accelere-son-intervention-pour-combattre-la-faim-a-gaza\/"},"wordCount":782,"image":{"@id":"https:\/\/interamerica.org\/fr\/2025\/01\/apres-le-cessez-le-feu-adra-accelere-son-intervention-pour-combattre-la-faim-a-gaza\/#primaryimage"},"thumbnailUrl":"https:\/\/interamerica.org\/wp-content\/uploads\/2025\/01\/adra-1-3.jpeg","articleSection":["Nouvelles de l'\u00c9glise mondiale","RSS Fran\u00e7ais"],"inLanguage":"fr-FR"},{"@type":"WebPage","@id":"https:\/\/interamerica.org\/fr\/2025\/01\/apres-le-cessez-le-feu-adra-accelere-son-intervention-pour-combattre-la-faim-a-gaza\/","url":"https:\/\/interamerica.org\/fr\/2025\/01\/apres-le-cessez-le-feu-adra-accelere-son-intervention-pour-combattre-la-faim-a-gaza\/","name":"Apr\u00e8s le cessez-le-feu, ADRA acc\u00e9l\u00e8re son intervention pour combattre la faim \u00e0 Gaza - \u00c9glise Adventiste Du Septieme Jour - Inter Am\u00e9rique Division","isPartOf":{"@id":"https:\/\/interamerica.org\/fr\/#website"},"primaryImageOfPage":{"@id":"https:\/\/interamerica.org\/fr\/2025\/01\/apres-le-cessez-le-feu-adra-accelere-son-intervention-pour-combattre-la-faim-a-gaza\/#primaryimage"},"image":{"@id":"https:\/\/interamerica.org\/fr\/2025\/01\/apres-le-cessez-le-feu-adra-accelere-son-intervention-pour-combattre-la-faim-a-gaza\/#primaryimage"},"thumbnailUrl":"https:\/\/interamerica.org\/wp-content\/uploads\/2025\/01\/adra-1-3.jpeg","datePublished":"2025-01-27T00:32:02+00:00","dateModified":"2025-01-29T19:03:07+00:00","author":{"@id":"https:\/\/interamerica.org\/fr\/#\/schema\/person\/29998f2bc2d8bd0d38662909289b54f1"},"breadcrumb":{"@id":"https:\/\/interamerica.org\/fr\/2025\/01\/apres-le-cessez-le-feu-adra-accelere-son-intervention-pour-combattre-la-faim-a-gaza\/#breadcrumb"},"inLanguage":"fr-FR","potentialAction":[{"@type":"ReadAction","target":["https:\/\/interamerica.org\/fr\/2025\/01\/apres-le-cessez-le-feu-adra-accelere-son-intervention-pour-combattre-la-faim-a-gaza\/"]}]},{"@type":"ImageObject","inLanguage":"fr-FR","@id":"https:\/\/interamerica.org\/fr\/2025\/01\/apres-le-cessez-le-feu-adra-accelere-son-intervention-pour-combattre-la-faim-a-gaza\/#primaryimage","url":"https:\/\/interamerica.org\/wp-content\/uploads\/2025\/01\/adra-1-3.jpeg","contentUrl":"https:\/\/interamerica.org\/wp-content\/uploads\/2025\/01\/adra-1-3.jpeg","width":1560,"height":908,"caption":"ADRA is launching a fundraising campaign and collaborating with trusted partners to provide immediate food assistance to support as many families as possible. [Photo: Anera]"},{"@type":"BreadcrumbList","@id":"https:\/\/interamerica.org\/fr\/2025\/01\/apres-le-cessez-le-feu-adra-accelere-son-intervention-pour-combattre-la-faim-a-gaza\/#breadcrumb","itemListElement":[{"@type":"ListItem","position":1,"name":"Home","item":"https:\/\/interamerica.org\/fr\/"},{"@type":"ListItem","position":2,"name":"Apr\u00e8s le cessez-le-feu, ADRA acc\u00e9l\u00e8re son intervention pour combattre la faim \u00e0 Gaza"}]},{"@type":"WebSite","@id":"https:\/\/interamerica.org\/fr\/#website","url":"https:\/\/interamerica.org\/fr\/","name":"\u00c9glise Adventiste Du Septieme Jour - Inter Am\u00e9rique Division","description":"","potentialAction":[{"@type":"SearchAction","target":{"@type":"EntryPoint","urlTemplate":"https:\/\/interamerica.org\/fr\/?s={search_term_string}"},"query-input":{"@type":"PropertyValueSpecification","valueRequired":true,"valueName":"search_term_string"}}],"inLanguage":"fr-FR"},{"@type":"Person","@id":"https:\/\/interamerica.org\/fr\/#\/schema\/person\/29998f2bc2d8bd0d38662909289b54f1","name":"libna","image":{"@type":"ImageObject","inLanguage":"fr-FR","@id":"https:\/\/secure.gravatar.com\/avatar\/7c5bd30ae4b47a9ba3c856590957fd1d96dc588bf3ac05719d247e126840331f?s=96&d=mm&r=g","url":"https:\/\/secure.gravatar.com\/avatar\/7c5bd30ae4b47a9ba3c856590957fd1d96dc588bf3ac05719d247e126840331f?s=96&d=mm&r=g","contentUrl":"https:\/\/secure.gravatar.com\/avatar\/7c5bd30ae4b47a9ba3c856590957fd1d96dc588bf3ac05719d247e126840331f?s=96&d=mm&r=g","caption":"libna"}}]}},"_links":{"self":[{"href":"https:\/\/interamerica.org\/fr\/wp-json\/wp\/v2\/posts\/124316","targetHints":{"allow":["GET"]}}],"collection":[{"href":"https:\/\/interamerica.org\/fr\/wp-json\/wp\/v2\/posts"}],"about":[{"href":"https:\/\/interamerica.org\/fr\/wp-json\/wp\/v2\/types\/post"}],"author":[{"embeddable":true,"href":"https:\/\/interamerica.org\/fr\/wp-json\/wp\/v2\/users\/3"}],"replies":[{"embeddable":true,"href":"https:\/\/interamerica.org\/fr\/wp-json\/wp\/v2\/comments?post=124316"}],"version-history":[{"count":0,"href":"https:\/\/interamerica.org\/fr\/wp-json\/wp\/v2\/posts\/124316\/revisions"}],"wp:featuredmedia":[{"embeddable":true,"href":"https:\/\/interamerica.org\/fr\/wp-json\/wp\/v2\/media\/124128"}],"wp:attachment":[{"href":"https:\/\/interamerica.org\/fr\/wp-json\/wp\/v2\/media?parent=124316"}],"wp:term":[{"taxonomy":"category","embeddable":true,"href":"https:\/\/interamerica.org\/fr\/wp-json\/wp\/v2\/categories?post=124316"},{"taxonomy":"post_tag","embeddable":true,"href":"https:\/\/interamerica.org\/fr\/wp-json\/wp\/v2\/tags?post=124316"}],"curies":[{"name":"wp","href":"https:\/\/api.w.org\/{rel}","templated":true}]}}