{"id":124480,"date":"2025-01-28T20:06:57","date_gmt":"2025-01-29T01:06:57","guid":{"rendered":"https:\/\/interamerica.org\/?p=124480"},"modified":"2025-01-29T14:06:35","modified_gmt":"2025-01-29T19:06:35","slug":"le-plus-recent-livre-de-john-peckham-sur-la-liste-des-prix-litteraires-de-christianity-today-de-2024","status":"publish","type":"post","link":"https:\/\/interamerica.org\/fr\/2025\/01\/le-plus-recent-livre-de-john-peckham-sur-la-liste-des-prix-litteraires-de-christianity-today-de-2024\/","title":{"rendered":"Le plus r\u00e9cent livre de John Peckham sur la liste des prix litt\u00e9raires de Christianity Today de 2024"},"content":{"rendered":"<p><span style=\"font-weight: 400;\">Why We Pray<\/span><i><span style=\"font-weight: 400;\">, un livre du r\u00e9dacteur adjoint de l\u2019<\/span><\/i><span style=\"font-weight: 400;\">Adventist Review<\/span><i><span style=\"font-weight: 400;\"> et professeur, lie la pri\u00e8re au conflit cosmique.<\/span><\/i><\/p>\n<p class=\"c-post-header__subtitle\"><span style=\"font-weight: 400;\">Le 28 janvier 2025 | Silver Spring, Maryland, \u00c9tats-Unis | Andrew Francis, actualit\u00e9s de l\u2019Universit\u00e9 Andrews et <\/span><i><span style=\"font-weight: 400;\">Adventist Review<\/span><\/i><\/p>\n<p><span style=\"font-weight: 400;\">Le livre <\/span><i><span style=\"font-weight: 400;\">Why We Pray: Understanding Prayer in the Context of Cosmic Conflict <\/span><\/i><span style=\"font-weight: 400;\">(\u00ab\u00a0Pourquoi prions-nous? Comprendre la pri\u00e8re dans le contexte du conflit cosmique\u00a0\u00bb), \u00e9crit par John Peckham, r\u00e9dacteur en chef adjoint de l\u2019<\/span><i><span style=\"font-weight: 400;\">Adventist Review<\/span><\/i><span style=\"font-weight: 400;\"> et professeur de recherche en th\u00e9ologie et en philosophie chr\u00e9tienne \u00e0 l\u2019Universit\u00e9 Andrews, a r\u00e9cemment \u00e9t\u00e9 reconnu comme l\u2019un des meilleurs ouvrages en th\u00e9ologie universitaire de 2024, figurant sur la liste des prix litt\u00e9raires de <\/span><i><span style=\"font-weight: 400;\">Christianity Today<\/span><\/i><span style=\"font-weight: 400;\">. Dans son livre, le professeur Peckham aborde de nombreuses questions complexes et compliqu\u00e9es entourant la pri\u00e8re et la communication avec Dieu. Bien qu\u2019il l\u2019ait con\u00e7u pour le milieu universitaire, <\/span><i><span style=\"font-weight: 400;\">Why We Pray<\/span><\/i><span style=\"font-weight: 400;\"> est volontairement \u00e9crit de mani\u00e8re \u00e0 \u00eatre accessible \u00e0 tous ceux qui s\u2019int\u00e9ressent \u00e0 la th\u00e9ologie.<\/span><\/p>\n<p><i><span style=\"font-weight: 400;\">Why We Pray<\/span><\/i><span style=\"font-weight: 400;\"> aborde diverses questions li\u00e9es \u00e0 la pri\u00e8re d\u2019un point de vue biblique en incluant des id\u00e9es provenant de l\u2019un des livres pr\u00e9c\u00e9dents de M. Peckham, <\/span><i><span style=\"font-weight: 400;\">Theodicy of Love: Cosmic Conflict and the Problem of Evil<\/span><\/i><span style=\"font-weight: 400;\">\u00a0(\u00ab\u00a0Th\u00e9odic\u00e9e de l\u2019amour\u00a0: le conflit cosmique et le probl\u00e8me du mal\u00a0\u00bb). <\/span><i><span style=\"font-weight: 400;\">Why We Pray <\/span><\/i><span style=\"font-weight: 400;\">est divis\u00e9 en six sections qui analysent divers aspects de la pri\u00e8re. Il parle de la n\u00e9cessit\u00e9 de la pri\u00e8re de requ\u00eates \u00e0 Dieu, de la compr\u00e9hension du Dieu auquel nous prions, du Notre P\u00e8re, des r\u00e8gles et des probl\u00e8mes potentiels qui peuvent survenir avec la pri\u00e8re de requ\u00eates, des pri\u00e8res qui semblent demeurer sans r\u00e9ponse et de la pri\u00e8re lorsque Dieu semble cach\u00e9.<\/span><\/p>\n<p><div id=\"attachment_124387\" style=\"width: 863px\" class=\"wp-caption aligncenter\"><img fetchpriority=\"high\" decoding=\"async\" aria-describedby=\"caption-attachment-124387\" class=\" wp-image-124386\" src=\"https:\/\/interamerica.org\/wp-content\/uploads\/2025\/01\/john-peckham.png\" alt=\"\" width=\"853\" height=\"568\" srcset=\"https:\/\/interamerica.org\/wp-content\/uploads\/2025\/01\/john-peckham.png 600w, https:\/\/interamerica.org\/wp-content\/uploads\/2025\/01\/john-peckham-300x200.png 300w\" sizes=\"(max-width: 853px) 100vw, 853px\" \/><p id=\"caption-attachment-124387\" class=\"wp-caption-text\"><span style=\"font-weight: 400;\">John Peckham est un r\u00e9dacteur adjoint d\u2019<\/span><i><span style=\"font-weight: 400;\">Adventist Review <\/span><\/i><span style=\"font-weight: 400;\">et professeur de recherche en th\u00e9ologie et de philosophie chr\u00e9tienne \u00e0 l\u2019Universit\u00e9 Andrews. [Une photo offerte par John Peckham]<\/span><\/p><\/div><span style=\"font-weight: 400;\">Bien qu\u2019il ait abord\u00e9 bri\u00e8vement certains de ces sujets dans son livre pr\u00e9c\u00e9dent, <\/span><i><span style=\"font-weight: 400;\">Divine Attributes: Knowing the Covenantal God of Scriptures <\/span><\/i><span style=\"font-weight: 400;\">(\u00ab\u00a0Caract\u00e9ristiques divines\u00a0: conna\u00eetre le Dieu de l\u2019alliance des \u00c9critures\u00a0\u00bb), M.\u00a0Peckham s\u2019est dit motiv\u00e9 \u00e0 explorer la pri\u00e8re plus en d\u00e9tail par certains de ses \u00e9tudiants. \u00ab\u00a0J\u2019en ai un peu parl\u00e9 en classe et j\u2019avais des id\u00e9es, a-t-il expliqu\u00e9. J\u2019aimerais travailler sur le soi-disant probl\u00e8me de la pri\u00e8re de requ\u00eates \u00e0 Dieu, car beaucoup de gens se posent des questions sur le fonctionnement de la pri\u00e8re.\u00a0\u00bb<\/span><\/p>\n<p><span style=\"font-weight: 400;\">Il a ajout\u00e9 qu\u2019il r\u00e9fl\u00e9chit aux complexit\u00e9s de la pri\u00e8re depuis sa tendre enfance. \u00ab\u00a0J\u2019\u00e9tais fils de pasteur. Je me souviens que des gens priaient Dieu de gu\u00e9rir des personnes malades. \u201cSeigneur, je t\u2019en prie, gu\u00e9ris cette personne si c\u2019est ta volont\u00e9.\u201d Et je me souviens de m\u2019\u00eatre dit, <\/span><i><span style=\"font-weight: 400;\">Eh bien, pourquoi ne serait-ce la volont\u00e9 de Dieu que de gu\u00e9rir son serviteur?<\/span><\/i><span style=\"font-weight: 400;\">\u00a0\u00bb<\/span><\/p>\n<p><span style=\"font-weight: 400;\">Bien que cela ait pris du temps, M. Peckham en est venu \u00e0 mieux comprendre la providence de Dieu et la fa\u00e7on dont il communique avec les gens. Cette compr\u00e9hension l\u2019a motiv\u00e9 \u00e0 partager ses connaissances et ses conseils avec d\u2019autres. \u00ab\u00a0Il est publi\u00e9 [comme un livre scolaire], a-t-il not\u00e9, mais j\u2019ai tent\u00e9 de l\u2019\u00e9crire de mani\u00e8re \u00e0 ce qu\u2019il soit tr\u00e8s accessible afin que n\u2019importe quel \u00e9tudiant et n\u2019importe quelle personne la\u00efque puissent le lire et le comprendre.\u00a0\u00bb<\/span><\/p>\n<p><span style=\"font-weight: 400;\">M. Peckham s\u2019appuie sur une carri\u00e8re en th\u00e9ologie dans le monde universitaire. Il est d\u00e9tenteur d\u2019une ma\u00eetrise en divinit\u00e9 et d\u2019un doctorat en th\u00e9ologie syst\u00e9matique du S\u00e9minaire de th\u00e9ologie adventiste du septi\u00e8me jour de l\u2019Universit\u00e9 Andrews. Il a \u00e9t\u00e9 pasteur au sein de la F\u00e9d\u00e9ration de l\u2019Indiana et a enseign\u00e9 \u00e0 l\u2019Universit\u00e9 adventiste Southwestern avant de se joindre au corps professoral du s\u00e9minaire de l\u2019Universit\u00e9 Andrews en 2013. Depuis, il a re\u00e7u de nombreux prix pour l\u2019excellence de son enseignement et de sa recherche. Il est \u00e9galement le contributeur principal du guide d\u2019\u00e9tude de l\u2019\u00e9cole du sabbat du trimestre actuel de l\u2019\u00c9glise adventiste du septi\u00e8me jour mondiale ainsi qu\u2019un r\u00e9dacteur adjoint de l\u2019<\/span><i><span style=\"font-weight: 400;\">Adventist Review.<\/span><\/i><\/p>\n<p><div id=\"attachment_124390\" style=\"width: 852px\" class=\"wp-caption aligncenter\"><img decoding=\"async\" aria-describedby=\"caption-attachment-124390\" class=\" wp-image-124389\" src=\"https:\/\/interamerica.org\/wp-content\/uploads\/2025\/01\/john-peckham-untitled-2-1-1024x512.png\" alt=\"\" width=\"842\" height=\"421\" srcset=\"https:\/\/interamerica.org\/wp-content\/uploads\/2025\/01\/john-peckham-untitled-2-1-1024x512.png 1024w, https:\/\/interamerica.org\/wp-content\/uploads\/2025\/01\/john-peckham-untitled-2-1-300x150.png 300w, https:\/\/interamerica.org\/wp-content\/uploads\/2025\/01\/john-peckham-untitled-2-1-768x384.png 768w, https:\/\/interamerica.org\/wp-content\/uploads\/2025\/01\/john-peckham-untitled-2-1.png 1500w\" sizes=\"(max-width: 842px) 100vw, 842px\" \/><p id=\"caption-attachment-124390\" class=\"wp-caption-text\"><i><span style=\"font-weight: 400;\">Why We Pray<\/span><\/i><span style=\"font-weight: 400;\"> a \u00e9t\u00e9 reconnu comme l\u2019un des meilleurs ouvrages en th\u00e9ologie universitaire parmi les prix litt\u00e9raires du <\/span><i><span style=\"font-weight: 400;\">Christianity Today <\/span><\/i><span style=\"font-weight: 400;\">de 2024. [Une image de Baker Academic]<\/span><\/p><\/div><span style=\"font-weight: 400;\">Quand les prix litt\u00e9raires de <\/span><i><span style=\"font-weight: 400;\">Christianity Today<\/span><\/i><span style=\"font-weight: 400;\"> ont \u00e9t\u00e9 annonc\u00e9s, M. Peckham \u00e9tait \u00e9tonn\u00e9. \u00ab\u00a0Je l\u2019ai appris le jour m\u00eame o\u00f9 ils ont publi\u00e9 la liste sur leur site internet, a-t-il dit. C\u2019est un grand honneur et un privil\u00e8ge. Les prix litt\u00e9raires de <\/span><i><span style=\"font-weight: 400;\">Christianity Today<\/span><\/i><span style=\"font-weight: 400;\"> sont parmi les prix litt\u00e9raires les plus prestigieux, sinon le prix litt\u00e9raire le plus prestigieux, \u00e0 \u00eatre remis dans le domaine de la th\u00e9ologie. Le fait, donc, que mon livre y soit finaliste dans la cat\u00e9gorie \u201clivre de th\u00e9ologie universitaire de l\u2019ann\u00e9e\u201d constitue une grande exp\u00e9rience d\u2019humilit\u00e9, d\u2019appr\u00e9ciation et d\u2019encouragement. <\/span><\/p>\n<p>M. Peckham a d\u00e9j\u00e0 des id\u00e9es pour son prochain livre avec Baker Academic, lequel para\u00eetra en 2026. \u00ab Il portera sur le minist\u00e8re de J\u00e9sus \u00e0 titre de souverain sacrificateur dans le contexte du conflit cosmique. \u00bb Il compte \u00e9galement plusieurs autres petits projets d\u2019\u00e9criture en plus de ses responsabilit\u00e9s perp\u00e9tuelles en enseignement.<\/p>\n<p><span style=\"font-weight: 400;\">Pour lire un extrait de <\/span><i><span style=\"font-weight: 400;\">Why We Pray<\/span><\/i><span style=\"font-weight: 400;\"> et pour acheter le livre, veuillez visiter le <\/span><a href=\"https:\/\/bakeracademic.com\/p\/Why-We-Pray-John-C-Peckham\/553613\"><span style=\"font-weight: 400;\">site<\/span><\/a><span style=\"font-weight: 400;\"> de Baker Academic. Pour voir la liste des autres finalistes et pour en savoir davantage sur les prix litt\u00e9raires de <\/span><i><span style=\"font-weight: 400;\">Christianity Today<\/span><\/i><span style=\"font-weight: 400;\">, visitez l\u2019<\/span><a href=\"https:\/\/www.christianitytoday.com\/2024\/12\/christianity-today-book-awards-2024\/\"><span style=\"font-weight: 400;\">article du magazine \u00e0 ce sujet<\/span><\/a><span style=\"font-weight: 400;\">.<\/span><\/p>\n<p><span style=\"font-weight: 400;\">Fond\u00e9e en 1874, l\u2019Universit\u00e9 Andrews est un \u00e9tablissement d\u2019\u00e9ducation sup\u00e9rieure de l\u2019\u00c9glise adventiste du septi\u00e8me jour. Son campus principal est situ\u00e9 \u00e0 Berrien Springs, au Michigan.<\/span><\/p>\n<p><i><span style=\"font-weight: 400;\">La <\/span><\/i><a href=\"https:\/\/www.andrews.edu\/agenda\/66864\/\"><i><span style=\"font-weight: 400;\">version originale<\/span><\/i><\/a><i><span style=\"font-weight: 400;\"> de cet article a \u00e9t\u00e9 publi\u00e9e par l\u2019<\/span><\/i><a href=\"https:\/\/www.andrews.edu\/\"><i><span style=\"font-weight: 400;\">Universit\u00e9 Andrews<\/span><\/i><\/a><i><span style=\"font-weight: 400;\">.<\/span><\/i><\/p>\n<p><span style=\"font-weight: 400;\">Traduction\u00a0: Marie-Mich\u00e8le Robitaille<\/span><\/p>\n","protected":false},"excerpt":{"rendered":"<p>Why We Pray, un livre du r\u00e9dacteur adjoint de l\u2019Adventist Review et professeur, lie la pri\u00e8re au conflit cosmique. Le 28 janvier 2025 | Silver Spring, Maryland, \u00c9tats-Unis | Andrew&#8230;<\/p>\n","protected":false},"author":3,"featured_media":124387,"comment_status":"closed","ping_status":"closed","sticky":false,"template":"","format":"standard","meta":{"_acf_changed":false,"footnotes":""},"categories":[18,19],"tags":[],"class_list":["post-124480","post","type-post","status-publish","format-standard","has-post-thumbnail","hentry","category-nouvelles-de-leglise-mondiale","category-rss-francais"],"acf":[],"yoast_head":"<!-- This site is optimized with the Yoast SEO plugin v27.3 - https:\/\/yoast.com\/product\/yoast-seo-wordpress\/ -->\n<title>Le plus r\u00e9cent livre de John Peckham sur la liste des prix litt\u00e9raires de Christianity Today de 2024 - \u00c9glise Adventiste Du Septieme Jour - Inter Am\u00e9rique Division<\/title>\n<meta name=\"robots\" content=\"index, follow, max-snippet:-1, max-image-preview:large, max-video-preview:-1\" \/>\n<link rel=\"canonical\" href=\"https:\/\/interamerica.org\/fr\/2025\/01\/le-plus-recent-livre-de-john-peckham-sur-la-liste-des-prix-litteraires-de-christianity-today-de-2024\/\" \/>\n<meta property=\"og:locale\" content=\"fr_FR\" \/>\n<meta property=\"og:type\" content=\"article\" \/>\n<meta property=\"og:title\" content=\"Le plus r\u00e9cent livre de John Peckham sur la liste des prix litt\u00e9raires de Christianity Today de 2024 - \u00c9glise Adventiste Du Septieme Jour - Inter Am\u00e9rique Division\" \/>\n<meta property=\"og:description\" content=\"Why We Pray, un livre du r\u00e9dacteur adjoint de l\u2019Adventist Review et professeur, lie la pri\u00e8re au conflit cosmique. Le 28 janvier 2025 | Silver Spring, Maryland, \u00c9tats-Unis | Andrew...\" \/>\n<meta property=\"og:url\" content=\"https:\/\/interamerica.org\/fr\/2025\/01\/le-plus-recent-livre-de-john-peckham-sur-la-liste-des-prix-litteraires-de-christianity-today-de-2024\/\" \/>\n<meta property=\"og:site_name\" content=\"\u00c9glise Adventiste Du Septieme Jour - Inter Am\u00e9rique Division\" \/>\n<meta property=\"article:published_time\" content=\"2025-01-29T01:06:57+00:00\" \/>\n<meta property=\"article:modified_time\" content=\"2025-01-29T19:06:35+00:00\" \/>\n<meta property=\"og:image\" content=\"https:\/\/interamerica.org\/wp-content\/uploads\/2025\/01\/john-peckham.png\" \/>\n\t<meta property=\"og:image:width\" content=\"600\" \/>\n\t<meta property=\"og:image:height\" content=\"400\" \/>\n\t<meta property=\"og:image:type\" content=\"image\/png\" \/>\n<meta name=\"author\" content=\"libna\" \/>\n<meta name=\"twitter:card\" content=\"summary_large_image\" \/>\n<meta name=\"twitter:label1\" content=\"\u00c9crit par\" \/>\n\t<meta name=\"twitter:data1\" content=\"libna\" \/>\n\t<meta name=\"twitter:label2\" content=\"Dur\u00e9e de lecture estim\u00e9e\" \/>\n\t<meta name=\"twitter:data2\" content=\"5 minutes\" \/>\n<script type=\"application\/ld+json\" class=\"yoast-schema-graph\">{\"@context\":\"https:\\\/\\\/schema.org\",\"@graph\":[{\"@type\":\"Article\",\"@id\":\"https:\\\/\\\/interamerica.org\\\/fr\\\/2025\\\/01\\\/le-plus-recent-livre-de-john-peckham-sur-la-liste-des-prix-litteraires-de-christianity-today-de-2024\\\/#article\",\"isPartOf\":{\"@id\":\"https:\\\/\\\/interamerica.org\\\/fr\\\/2025\\\/01\\\/le-plus-recent-livre-de-john-peckham-sur-la-liste-des-prix-litteraires-de-christianity-today-de-2024\\\/\"},\"author\":{\"name\":\"libna\",\"@id\":\"https:\\\/\\\/interamerica.org\\\/fr\\\/#\\\/schema\\\/person\\\/29998f2bc2d8bd0d38662909289b54f1\"},\"headline\":\"Le plus r\u00e9cent livre de John Peckham sur la liste des prix litt\u00e9raires de Christianity Today de 2024\",\"datePublished\":\"2025-01-29T01:06:57+00:00\",\"dateModified\":\"2025-01-29T19:06:35+00:00\",\"mainEntityOfPage\":{\"@id\":\"https:\\\/\\\/interamerica.org\\\/fr\\\/2025\\\/01\\\/le-plus-recent-livre-de-john-peckham-sur-la-liste-des-prix-litteraires-de-christianity-today-de-2024\\\/\"},\"wordCount\":1076,\"image\":{\"@id\":\"https:\\\/\\\/interamerica.org\\\/fr\\\/2025\\\/01\\\/le-plus-recent-livre-de-john-peckham-sur-la-liste-des-prix-litteraires-de-christianity-today-de-2024\\\/#primaryimage\"},\"thumbnailUrl\":\"https:\\\/\\\/interamerica.org\\\/wp-content\\\/uploads\\\/2025\\\/01\\\/john-peckham.png\",\"articleSection\":[\"Nouvelles de l'\u00c9glise mondiale\",\"RSS Fran\u00e7ais\"],\"inLanguage\":\"fr-FR\"},{\"@type\":\"WebPage\",\"@id\":\"https:\\\/\\\/interamerica.org\\\/fr\\\/2025\\\/01\\\/le-plus-recent-livre-de-john-peckham-sur-la-liste-des-prix-litteraires-de-christianity-today-de-2024\\\/\",\"url\":\"https:\\\/\\\/interamerica.org\\\/fr\\\/2025\\\/01\\\/le-plus-recent-livre-de-john-peckham-sur-la-liste-des-prix-litteraires-de-christianity-today-de-2024\\\/\",\"name\":\"Le plus r\u00e9cent livre de John Peckham sur la liste des prix litt\u00e9raires de Christianity Today de 2024 - \u00c9glise Adventiste Du Septieme Jour - Inter Am\u00e9rique Division\",\"isPartOf\":{\"@id\":\"https:\\\/\\\/interamerica.org\\\/fr\\\/#website\"},\"primaryImageOfPage\":{\"@id\":\"https:\\\/\\\/interamerica.org\\\/fr\\\/2025\\\/01\\\/le-plus-recent-livre-de-john-peckham-sur-la-liste-des-prix-litteraires-de-christianity-today-de-2024\\\/#primaryimage\"},\"image\":{\"@id\":\"https:\\\/\\\/interamerica.org\\\/fr\\\/2025\\\/01\\\/le-plus-recent-livre-de-john-peckham-sur-la-liste-des-prix-litteraires-de-christianity-today-de-2024\\\/#primaryimage\"},\"thumbnailUrl\":\"https:\\\/\\\/interamerica.org\\\/wp-content\\\/uploads\\\/2025\\\/01\\\/john-peckham.png\",\"datePublished\":\"2025-01-29T01:06:57+00:00\",\"dateModified\":\"2025-01-29T19:06:35+00:00\",\"author\":{\"@id\":\"https:\\\/\\\/interamerica.org\\\/fr\\\/#\\\/schema\\\/person\\\/29998f2bc2d8bd0d38662909289b54f1\"},\"breadcrumb\":{\"@id\":\"https:\\\/\\\/interamerica.org\\\/fr\\\/2025\\\/01\\\/le-plus-recent-livre-de-john-peckham-sur-la-liste-des-prix-litteraires-de-christianity-today-de-2024\\\/#breadcrumb\"},\"inLanguage\":\"fr-FR\",\"potentialAction\":[{\"@type\":\"ReadAction\",\"target\":[\"https:\\\/\\\/interamerica.org\\\/fr\\\/2025\\\/01\\\/le-plus-recent-livre-de-john-peckham-sur-la-liste-des-prix-litteraires-de-christianity-today-de-2024\\\/\"]}]},{\"@type\":\"ImageObject\",\"inLanguage\":\"fr-FR\",\"@id\":\"https:\\\/\\\/interamerica.org\\\/fr\\\/2025\\\/01\\\/le-plus-recent-livre-de-john-peckham-sur-la-liste-des-prix-litteraires-de-christianity-today-de-2024\\\/#primaryimage\",\"url\":\"https:\\\/\\\/interamerica.org\\\/wp-content\\\/uploads\\\/2025\\\/01\\\/john-peckham.png\",\"contentUrl\":\"https:\\\/\\\/interamerica.org\\\/wp-content\\\/uploads\\\/2025\\\/01\\\/john-peckham.png\",\"width\":600,\"height\":400,\"caption\":\"John Peckham is an associate editor at the Adventist Review and research professor of theology and Christian philosophy at Andrews University. [Photo: courtesy of John Peckham]\"},{\"@type\":\"BreadcrumbList\",\"@id\":\"https:\\\/\\\/interamerica.org\\\/fr\\\/2025\\\/01\\\/le-plus-recent-livre-de-john-peckham-sur-la-liste-des-prix-litteraires-de-christianity-today-de-2024\\\/#breadcrumb\",\"itemListElement\":[{\"@type\":\"ListItem\",\"position\":1,\"name\":\"Home\",\"item\":\"https:\\\/\\\/interamerica.org\\\/fr\\\/\"},{\"@type\":\"ListItem\",\"position\":2,\"name\":\"Le plus r\u00e9cent livre de John Peckham sur la liste des prix litt\u00e9raires de Christianity Today de 2024\"}]},{\"@type\":\"WebSite\",\"@id\":\"https:\\\/\\\/interamerica.org\\\/fr\\\/#website\",\"url\":\"https:\\\/\\\/interamerica.org\\\/fr\\\/\",\"name\":\"\u00c9glise Adventiste Du Septieme Jour - Inter Am\u00e9rique Division\",\"description\":\"\",\"potentialAction\":[{\"@type\":\"SearchAction\",\"target\":{\"@type\":\"EntryPoint\",\"urlTemplate\":\"https:\\\/\\\/interamerica.org\\\/fr\\\/?s={search_term_string}\"},\"query-input\":{\"@type\":\"PropertyValueSpecification\",\"valueRequired\":true,\"valueName\":\"search_term_string\"}}],\"inLanguage\":\"fr-FR\"},{\"@type\":\"Person\",\"@id\":\"https:\\\/\\\/interamerica.org\\\/fr\\\/#\\\/schema\\\/person\\\/29998f2bc2d8bd0d38662909289b54f1\",\"name\":\"libna\",\"image\":{\"@type\":\"ImageObject\",\"inLanguage\":\"fr-FR\",\"@id\":\"https:\\\/\\\/secure.gravatar.com\\\/avatar\\\/7c5bd30ae4b47a9ba3c856590957fd1d96dc588bf3ac05719d247e126840331f?s=96&d=mm&r=g\",\"url\":\"https:\\\/\\\/secure.gravatar.com\\\/avatar\\\/7c5bd30ae4b47a9ba3c856590957fd1d96dc588bf3ac05719d247e126840331f?s=96&d=mm&r=g\",\"contentUrl\":\"https:\\\/\\\/secure.gravatar.com\\\/avatar\\\/7c5bd30ae4b47a9ba3c856590957fd1d96dc588bf3ac05719d247e126840331f?s=96&d=mm&r=g\",\"caption\":\"libna\"}}]}<\/script>\n<!-- \/ Yoast SEO plugin. -->","yoast_head_json":{"title":"Le plus r\u00e9cent livre de John Peckham sur la liste des prix litt\u00e9raires de Christianity Today de 2024 - \u00c9glise Adventiste Du Septieme Jour - Inter Am\u00e9rique Division","robots":{"index":"index","follow":"follow","max-snippet":"max-snippet:-1","max-image-preview":"max-image-preview:large","max-video-preview":"max-video-preview:-1"},"canonical":"https:\/\/interamerica.org\/fr\/2025\/01\/le-plus-recent-livre-de-john-peckham-sur-la-liste-des-prix-litteraires-de-christianity-today-de-2024\/","og_locale":"fr_FR","og_type":"article","og_title":"Le plus r\u00e9cent livre de John Peckham sur la liste des prix litt\u00e9raires de Christianity Today de 2024 - \u00c9glise Adventiste Du Septieme Jour - Inter Am\u00e9rique Division","og_description":"Why We Pray, un livre du r\u00e9dacteur adjoint de l\u2019Adventist Review et professeur, lie la pri\u00e8re au conflit cosmique. Le 28 janvier 2025 | Silver Spring, Maryland, \u00c9tats-Unis | Andrew...","og_url":"https:\/\/interamerica.org\/fr\/2025\/01\/le-plus-recent-livre-de-john-peckham-sur-la-liste-des-prix-litteraires-de-christianity-today-de-2024\/","og_site_name":"\u00c9glise Adventiste Du Septieme Jour - Inter Am\u00e9rique Division","article_published_time":"2025-01-29T01:06:57+00:00","article_modified_time":"2025-01-29T19:06:35+00:00","og_image":[{"width":600,"height":400,"url":"https:\/\/interamerica.org\/wp-content\/uploads\/2025\/01\/john-peckham.png","type":"image\/png"}],"author":"libna","twitter_card":"summary_large_image","twitter_misc":{"\u00c9crit par":"libna","Dur\u00e9e de lecture estim\u00e9e":"5 minutes"},"schema":{"@context":"https:\/\/schema.org","@graph":[{"@type":"Article","@id":"https:\/\/interamerica.org\/fr\/2025\/01\/le-plus-recent-livre-de-john-peckham-sur-la-liste-des-prix-litteraires-de-christianity-today-de-2024\/#article","isPartOf":{"@id":"https:\/\/interamerica.org\/fr\/2025\/01\/le-plus-recent-livre-de-john-peckham-sur-la-liste-des-prix-litteraires-de-christianity-today-de-2024\/"},"author":{"name":"libna","@id":"https:\/\/interamerica.org\/fr\/#\/schema\/person\/29998f2bc2d8bd0d38662909289b54f1"},"headline":"Le plus r\u00e9cent livre de John Peckham sur la liste des prix litt\u00e9raires de Christianity Today de 2024","datePublished":"2025-01-29T01:06:57+00:00","dateModified":"2025-01-29T19:06:35+00:00","mainEntityOfPage":{"@id":"https:\/\/interamerica.org\/fr\/2025\/01\/le-plus-recent-livre-de-john-peckham-sur-la-liste-des-prix-litteraires-de-christianity-today-de-2024\/"},"wordCount":1076,"image":{"@id":"https:\/\/interamerica.org\/fr\/2025\/01\/le-plus-recent-livre-de-john-peckham-sur-la-liste-des-prix-litteraires-de-christianity-today-de-2024\/#primaryimage"},"thumbnailUrl":"https:\/\/interamerica.org\/wp-content\/uploads\/2025\/01\/john-peckham.png","articleSection":["Nouvelles de l'\u00c9glise mondiale","RSS Fran\u00e7ais"],"inLanguage":"fr-FR"},{"@type":"WebPage","@id":"https:\/\/interamerica.org\/fr\/2025\/01\/le-plus-recent-livre-de-john-peckham-sur-la-liste-des-prix-litteraires-de-christianity-today-de-2024\/","url":"https:\/\/interamerica.org\/fr\/2025\/01\/le-plus-recent-livre-de-john-peckham-sur-la-liste-des-prix-litteraires-de-christianity-today-de-2024\/","name":"Le plus r\u00e9cent livre de John Peckham sur la liste des prix litt\u00e9raires de Christianity Today de 2024 - \u00c9glise Adventiste Du Septieme Jour - Inter Am\u00e9rique Division","isPartOf":{"@id":"https:\/\/interamerica.org\/fr\/#website"},"primaryImageOfPage":{"@id":"https:\/\/interamerica.org\/fr\/2025\/01\/le-plus-recent-livre-de-john-peckham-sur-la-liste-des-prix-litteraires-de-christianity-today-de-2024\/#primaryimage"},"image":{"@id":"https:\/\/interamerica.org\/fr\/2025\/01\/le-plus-recent-livre-de-john-peckham-sur-la-liste-des-prix-litteraires-de-christianity-today-de-2024\/#primaryimage"},"thumbnailUrl":"https:\/\/interamerica.org\/wp-content\/uploads\/2025\/01\/john-peckham.png","datePublished":"2025-01-29T01:06:57+00:00","dateModified":"2025-01-29T19:06:35+00:00","author":{"@id":"https:\/\/interamerica.org\/fr\/#\/schema\/person\/29998f2bc2d8bd0d38662909289b54f1"},"breadcrumb":{"@id":"https:\/\/interamerica.org\/fr\/2025\/01\/le-plus-recent-livre-de-john-peckham-sur-la-liste-des-prix-litteraires-de-christianity-today-de-2024\/#breadcrumb"},"inLanguage":"fr-FR","potentialAction":[{"@type":"ReadAction","target":["https:\/\/interamerica.org\/fr\/2025\/01\/le-plus-recent-livre-de-john-peckham-sur-la-liste-des-prix-litteraires-de-christianity-today-de-2024\/"]}]},{"@type":"ImageObject","inLanguage":"fr-FR","@id":"https:\/\/interamerica.org\/fr\/2025\/01\/le-plus-recent-livre-de-john-peckham-sur-la-liste-des-prix-litteraires-de-christianity-today-de-2024\/#primaryimage","url":"https:\/\/interamerica.org\/wp-content\/uploads\/2025\/01\/john-peckham.png","contentUrl":"https:\/\/interamerica.org\/wp-content\/uploads\/2025\/01\/john-peckham.png","width":600,"height":400,"caption":"John Peckham is an associate editor at the Adventist Review and research professor of theology and Christian philosophy at Andrews University. [Photo: courtesy of John Peckham]"},{"@type":"BreadcrumbList","@id":"https:\/\/interamerica.org\/fr\/2025\/01\/le-plus-recent-livre-de-john-peckham-sur-la-liste-des-prix-litteraires-de-christianity-today-de-2024\/#breadcrumb","itemListElement":[{"@type":"ListItem","position":1,"name":"Home","item":"https:\/\/interamerica.org\/fr\/"},{"@type":"ListItem","position":2,"name":"Le plus r\u00e9cent livre de John Peckham sur la liste des prix litt\u00e9raires de Christianity Today de 2024"}]},{"@type":"WebSite","@id":"https:\/\/interamerica.org\/fr\/#website","url":"https:\/\/interamerica.org\/fr\/","name":"\u00c9glise Adventiste Du Septieme Jour - Inter Am\u00e9rique Division","description":"","potentialAction":[{"@type":"SearchAction","target":{"@type":"EntryPoint","urlTemplate":"https:\/\/interamerica.org\/fr\/?s={search_term_string}"},"query-input":{"@type":"PropertyValueSpecification","valueRequired":true,"valueName":"search_term_string"}}],"inLanguage":"fr-FR"},{"@type":"Person","@id":"https:\/\/interamerica.org\/fr\/#\/schema\/person\/29998f2bc2d8bd0d38662909289b54f1","name":"libna","image":{"@type":"ImageObject","inLanguage":"fr-FR","@id":"https:\/\/secure.gravatar.com\/avatar\/7c5bd30ae4b47a9ba3c856590957fd1d96dc588bf3ac05719d247e126840331f?s=96&d=mm&r=g","url":"https:\/\/secure.gravatar.com\/avatar\/7c5bd30ae4b47a9ba3c856590957fd1d96dc588bf3ac05719d247e126840331f?s=96&d=mm&r=g","contentUrl":"https:\/\/secure.gravatar.com\/avatar\/7c5bd30ae4b47a9ba3c856590957fd1d96dc588bf3ac05719d247e126840331f?s=96&d=mm&r=g","caption":"libna"}}]}},"_links":{"self":[{"href":"https:\/\/interamerica.org\/fr\/wp-json\/wp\/v2\/posts\/124480","targetHints":{"allow":["GET"]}}],"collection":[{"href":"https:\/\/interamerica.org\/fr\/wp-json\/wp\/v2\/posts"}],"about":[{"href":"https:\/\/interamerica.org\/fr\/wp-json\/wp\/v2\/types\/post"}],"author":[{"embeddable":true,"href":"https:\/\/interamerica.org\/fr\/wp-json\/wp\/v2\/users\/3"}],"replies":[{"embeddable":true,"href":"https:\/\/interamerica.org\/fr\/wp-json\/wp\/v2\/comments?post=124480"}],"version-history":[{"count":0,"href":"https:\/\/interamerica.org\/fr\/wp-json\/wp\/v2\/posts\/124480\/revisions"}],"wp:featuredmedia":[{"embeddable":true,"href":"https:\/\/interamerica.org\/fr\/wp-json\/wp\/v2\/media\/124387"}],"wp:attachment":[{"href":"https:\/\/interamerica.org\/fr\/wp-json\/wp\/v2\/media?parent=124480"}],"wp:term":[{"taxonomy":"category","embeddable":true,"href":"https:\/\/interamerica.org\/fr\/wp-json\/wp\/v2\/categories?post=124480"},{"taxonomy":"post_tag","embeddable":true,"href":"https:\/\/interamerica.org\/fr\/wp-json\/wp\/v2\/tags?post=124480"}],"curies":[{"name":"wp","href":"https:\/\/api.w.org\/{rel}","templated":true}]}}