{"id":12459,"date":"2005-11-15T00:00:00","date_gmt":"2005-11-15T04:00:00","guid":{"rendered":"http:\/\/192.81.217.108\/interamerica\/2005\/11\/colombie-rencontre-de-jesus-dans-un-cirque\/"},"modified":"2017-06-02T13:18:17","modified_gmt":"2017-06-02T17:18:17","slug":"colombie-rencontre-de-jesus-dans-un-cirque","status":"publish","type":"post","link":"https:\/\/interamerica.org\/fr\/2005\/11\/colombie-rencontre-de-jesus-dans-un-cirque\/","title":{"rendered":"Colombie : Rencontre de J\u00e9sus\u00a0dans un\u00a0Cirque"},"content":{"rendered":"<p>Magangue, Colombie<\/p>\n<p>Les clowns, les contorsionnistes, les illusionnistes et les jongleurs sont essentiels pour une nuit d&rsquo;amusement dans un cirque familial. Mais peu importe o\u00f9 en Colombie que les foules vont voir un spectacle du Kimbray Family Circus, les assistants peuvent apprendre quelque chose au sujet de J\u00e9sus. <\/p>\n<p>Si vous \u00e9tiez pr\u00e9sents \u00e0 ce cirque r\u00e9cemment, cela pourrait avoir \u00e9t\u00e9 cette nuit o\u00f9 deux clowns ont pr\u00e9sent\u00e9 la parabole du Fils Prodigue. L&rsquo;histoire Biblique rapporte le r\u00e9cit d&rsquo;un jeune homme qui donne le dos \u00e0 son p\u00e8re pour aller prendre du bon temps. Apr\u00e8s avoir d\u00e9pens\u00e9 tout son h\u00e9ritage, ses amis l&rsquo;ayant abandonn\u00e9, il revient \u00e0 la maison pour trouver son p\u00e8re l&rsquo;attendant avec les bras ouverts.<\/p>\n<p>Apr\u00e8s la pr\u00e9sentation de l&rsquo;histoire \u00e0 une foule qui applaudit, quelqu&rsquo;un lance un appel de retour \u00e0 Dieu. <\/p>\n<p>Ce cirque unique en son genre est dirig\u00e9 par une \u00e9quipe compos\u00e9e de monsieur et madame Carlos, et de Bel\u00e9n Rodriguez, soutenue par leurs enfants et petit-enfants.<\/p>\n<p>Bel\u00e9n a \u00e9t\u00e9 le premier membre d&rsquo;une famille \u00e0 devenir adventiste du septi\u00e8me jour il y a sept ans de cela. Le 5 novembre dernier, Willman leur fils le plus \u00e2g\u00e9, et sa femme Elizabeth, ont \u00e9t\u00e9 baptis\u00e9s. <\/p>\n<p>\u00ab\u00a0Nous avons normalement eu beaucoup de probl\u00e8mes pour \u00eatre re\u00e7us par les autres membres d&rsquo;Eglise, parce qu&rsquo;ils ne comprenaient pas comment une famille chr\u00e9tienne pourrait travailler pour un cirque,\u00a0\u00bb a dit Bel\u00e9n.<\/p>\n<p>\u00ab\u00a0Je n&rsquo;avais jamais entendu parler d&rsquo;un cirque dirig\u00e9 par des membres d&rsquo;Eglise,\u00a0\u00bb admit Pastor Abraham Guerrero, directeur d&rsquo;\u00e9vang\u00e9lisation pour l&rsquo;\u00e9glise dans la Zone de Sabanas. <\/p>\n<p>\u00ab\u00a0Dans notre vie journali\u00e8re en tant que membre, nous avons toujours vu un cirque comme quelque chose d&rsquo;\u00e9trange pour nos membres. En fait, nous pensons, en g\u00e9n\u00e9ral,\u00a0 que ces spectacles, avec les sc\u00e8nes de magie, le style de musique sont compl\u00e8tement diff\u00e9rents de ce que nous \u00e9coutons dans nos \u00e9glises et m\u00eame \u00e0 la maison,\u00a0\u00bb a dit Guerrero. Mais apr\u00e8s une visite pour assister au spectacle, \u00a0Guerrero dit qu&rsquo;il est convaincu que c&rsquo;est un bon instrument pour l&rsquo;\u00e9vang\u00e9lisation. <\/p>\n<p>Carlos est l&rsquo;illusionniste et le directeur du Cirque Kimbray. Il a expliqu\u00e9 qu&rsquo;apr\u00e8s son propre bapt\u00eame, il y a un an de cela, lui et les autres membres de la famille ont voulu trouver des fa\u00e7ons d&rsquo;utiliser leur outil de travail pour pr\u00e9senter J\u00e9sus aux autres.<\/p>\n<p>Maintenant, alors que le spectacle a les \u00e9l\u00e9ments typiques propres \u00e0 un cirque, tels les clowns, les contorsionnistes et les illusionnistes, ils jouent aussi de la musique sacr\u00e9e et le spectacle se termine avec une invitation de suivre Dieu. Ils donnent aussi des \u00c9tudes bibliques.<\/p>\n<p>\u00ab\u00a0Nous aimerions conna\u00eetre d&rsquo;autres membres d&rsquo;Eglise dans le monde ayant le m\u00eame commerce que nous et \u00e9changer des id\u00e9es sur la mani\u00e8re de partager l&rsquo;amour de Dieu avec les foules,\u00a0\u00bb a dit Rodr\u00edguez. \u00ab\u00a0Nous avons entendu parler de &lsquo;voies nouvelles pour \u00e9vang\u00e9liser&rsquo; et nous croyons que celui-ci pourrait \u00eatre un bon. Mais nous aimerions recevoir un peu d&rsquo;aide, pour que nous puissions faire beaucoup mieux,\u00a0\u00bb a-t-il ajout\u00e9.<\/p>\n<p>Bien que la famille soit originaire d&rsquo;Antioquia en Colombie, ils voyagent \u00e0 travers tout le pays et ont une assistance moyenne d&rsquo;environ 200 personnes \u00e0 chaque spectacle.<\/p>\n","protected":false},"excerpt":{"rendered":"<p>Les clowns, les contorsionnistes, les illusionnistes et les jongleurs sont essentiels pour une nuit d&rsquo;amusement dans un cirque familial.<\/p>\n","protected":false},"author":1,"featured_media":0,"comment_status":"closed","ping_status":"closed","sticky":false,"template":"","format":"standard","meta":{"_acf_changed":false,"footnotes":""},"categories":[9],"tags":[],"class_list":["post-12459","post","type-post","status-publish","format-standard","hentry","category-archive-fr"],"acf":[],"yoast_head":"<!-- This site is optimized with the Yoast SEO plugin v27.3 - https:\/\/yoast.com\/product\/yoast-seo-wordpress\/ -->\n<title>Colombie : Rencontre de J\u00e9sus\u00a0dans un\u00a0Cirque - \u00c9glise Adventiste Du Septieme Jour - Inter Am\u00e9rique Division<\/title>\n<meta name=\"robots\" content=\"index, follow, max-snippet:-1, max-image-preview:large, max-video-preview:-1\" \/>\n<link rel=\"canonical\" href=\"https:\/\/interamerica.org\/fr\/2005\/11\/colombie-rencontre-de-jesus-dans-un-cirque\/\" \/>\n<meta property=\"og:locale\" content=\"fr_FR\" \/>\n<meta property=\"og:type\" content=\"article\" \/>\n<meta property=\"og:title\" content=\"Colombie : Rencontre de J\u00e9sus\u00a0dans un\u00a0Cirque - \u00c9glise Adventiste Du Septieme Jour - Inter Am\u00e9rique Division\" \/>\n<meta property=\"og:description\" content=\"Les clowns, les contorsionnistes, les illusionnistes et les jongleurs sont essentiels pour une nuit d&#039;amusement dans un cirque familial.\" \/>\n<meta property=\"og:url\" content=\"https:\/\/interamerica.org\/fr\/2005\/11\/colombie-rencontre-de-jesus-dans-un-cirque\/\" \/>\n<meta property=\"og:site_name\" content=\"\u00c9glise Adventiste Du Septieme Jour - Inter Am\u00e9rique Division\" \/>\n<meta property=\"article:published_time\" content=\"2005-11-15T04:00:00+00:00\" \/>\n<meta property=\"article:modified_time\" content=\"2017-06-02T17:18:17+00:00\" \/>\n<meta name=\"author\" content=\"Lorenzo Verduzco\" \/>\n<meta name=\"twitter:card\" content=\"summary_large_image\" \/>\n<meta name=\"twitter:label1\" content=\"\u00c9crit par\" \/>\n\t<meta name=\"twitter:data1\" content=\"Lorenzo Verduzco\" \/>\n\t<meta name=\"twitter:label2\" content=\"Dur\u00e9e de lecture estim\u00e9e\" \/>\n\t<meta name=\"twitter:data2\" content=\"3 minutes\" \/>\n<script type=\"application\/ld+json\" class=\"yoast-schema-graph\">{\"@context\":\"https:\\\/\\\/schema.org\",\"@graph\":[{\"@type\":\"Article\",\"@id\":\"https:\\\/\\\/interamerica.org\\\/fr\\\/2005\\\/11\\\/colombie-rencontre-de-jesus-dans-un-cirque\\\/#article\",\"isPartOf\":{\"@id\":\"https:\\\/\\\/interamerica.org\\\/fr\\\/2005\\\/11\\\/colombie-rencontre-de-jesus-dans-un-cirque\\\/\"},\"author\":{\"name\":\"Lorenzo Verduzco\",\"@id\":\"https:\\\/\\\/interamerica.org\\\/fr\\\/#\\\/schema\\\/person\\\/68ede8bdc292885bb76c1e3810e73c39\"},\"headline\":\"Colombie : Rencontre de J\u00e9sus\u00a0dans un\u00a0Cirque\",\"datePublished\":\"2005-11-15T04:00:00+00:00\",\"dateModified\":\"2017-06-02T17:18:17+00:00\",\"mainEntityOfPage\":{\"@id\":\"https:\\\/\\\/interamerica.org\\\/fr\\\/2005\\\/11\\\/colombie-rencontre-de-jesus-dans-un-cirque\\\/\"},\"wordCount\":588,\"articleSection\":[\"Archive\"],\"inLanguage\":\"fr-FR\"},{\"@type\":\"WebPage\",\"@id\":\"https:\\\/\\\/interamerica.org\\\/fr\\\/2005\\\/11\\\/colombie-rencontre-de-jesus-dans-un-cirque\\\/\",\"url\":\"https:\\\/\\\/interamerica.org\\\/fr\\\/2005\\\/11\\\/colombie-rencontre-de-jesus-dans-un-cirque\\\/\",\"name\":\"Colombie : Rencontre de J\u00e9sus\u00a0dans un\u00a0Cirque - \u00c9glise Adventiste Du Septieme Jour - Inter Am\u00e9rique Division\",\"isPartOf\":{\"@id\":\"https:\\\/\\\/interamerica.org\\\/fr\\\/#website\"},\"datePublished\":\"2005-11-15T04:00:00+00:00\",\"dateModified\":\"2017-06-02T17:18:17+00:00\",\"author\":{\"@id\":\"https:\\\/\\\/interamerica.org\\\/fr\\\/#\\\/schema\\\/person\\\/68ede8bdc292885bb76c1e3810e73c39\"},\"breadcrumb\":{\"@id\":\"https:\\\/\\\/interamerica.org\\\/fr\\\/2005\\\/11\\\/colombie-rencontre-de-jesus-dans-un-cirque\\\/#breadcrumb\"},\"inLanguage\":\"fr-FR\",\"potentialAction\":[{\"@type\":\"ReadAction\",\"target\":[\"https:\\\/\\\/interamerica.org\\\/fr\\\/2005\\\/11\\\/colombie-rencontre-de-jesus-dans-un-cirque\\\/\"]}]},{\"@type\":\"BreadcrumbList\",\"@id\":\"https:\\\/\\\/interamerica.org\\\/fr\\\/2005\\\/11\\\/colombie-rencontre-de-jesus-dans-un-cirque\\\/#breadcrumb\",\"itemListElement\":[{\"@type\":\"ListItem\",\"position\":1,\"name\":\"Home\",\"item\":\"https:\\\/\\\/interamerica.org\\\/fr\\\/\"},{\"@type\":\"ListItem\",\"position\":2,\"name\":\"Colombie : Rencontre de J\u00e9sus\u00a0dans un\u00a0Cirque\"}]},{\"@type\":\"WebSite\",\"@id\":\"https:\\\/\\\/interamerica.org\\\/fr\\\/#website\",\"url\":\"https:\\\/\\\/interamerica.org\\\/fr\\\/\",\"name\":\"\u00c9glise Adventiste Du Septieme Jour - Inter Am\u00e9rique Division\",\"description\":\"\",\"potentialAction\":[{\"@type\":\"SearchAction\",\"target\":{\"@type\":\"EntryPoint\",\"urlTemplate\":\"https:\\\/\\\/interamerica.org\\\/fr\\\/?s={search_term_string}\"},\"query-input\":{\"@type\":\"PropertyValueSpecification\",\"valueRequired\":true,\"valueName\":\"search_term_string\"}}],\"inLanguage\":\"fr-FR\"},{\"@type\":\"Person\",\"@id\":\"https:\\\/\\\/interamerica.org\\\/fr\\\/#\\\/schema\\\/person\\\/68ede8bdc292885bb76c1e3810e73c39\",\"name\":\"Lorenzo Verduzco\",\"image\":{\"@type\":\"ImageObject\",\"inLanguage\":\"fr-FR\",\"@id\":\"https:\\\/\\\/secure.gravatar.com\\\/avatar\\\/fb81a55b6218459490a9c1dc841a34909185b81904c5337b4b27f7a6fd60c49e?s=96&d=mm&r=g\",\"url\":\"https:\\\/\\\/secure.gravatar.com\\\/avatar\\\/fb81a55b6218459490a9c1dc841a34909185b81904c5337b4b27f7a6fd60c49e?s=96&d=mm&r=g\",\"contentUrl\":\"https:\\\/\\\/secure.gravatar.com\\\/avatar\\\/fb81a55b6218459490a9c1dc841a34909185b81904c5337b4b27f7a6fd60c49e?s=96&d=mm&r=g\",\"caption\":\"Lorenzo Verduzco\"}}]}<\/script>\n<!-- \/ Yoast SEO plugin. -->","yoast_head_json":{"title":"Colombie : Rencontre de J\u00e9sus\u00a0dans un\u00a0Cirque - \u00c9glise Adventiste Du Septieme Jour - Inter Am\u00e9rique Division","robots":{"index":"index","follow":"follow","max-snippet":"max-snippet:-1","max-image-preview":"max-image-preview:large","max-video-preview":"max-video-preview:-1"},"canonical":"https:\/\/interamerica.org\/fr\/2005\/11\/colombie-rencontre-de-jesus-dans-un-cirque\/","og_locale":"fr_FR","og_type":"article","og_title":"Colombie : Rencontre de J\u00e9sus\u00a0dans un\u00a0Cirque - \u00c9glise Adventiste Du Septieme Jour - Inter Am\u00e9rique Division","og_description":"Les clowns, les contorsionnistes, les illusionnistes et les jongleurs sont essentiels pour une nuit d'amusement dans un cirque familial.","og_url":"https:\/\/interamerica.org\/fr\/2005\/11\/colombie-rencontre-de-jesus-dans-un-cirque\/","og_site_name":"\u00c9glise Adventiste Du Septieme Jour - Inter Am\u00e9rique Division","article_published_time":"2005-11-15T04:00:00+00:00","article_modified_time":"2017-06-02T17:18:17+00:00","author":"Lorenzo Verduzco","twitter_card":"summary_large_image","twitter_misc":{"\u00c9crit par":"Lorenzo Verduzco","Dur\u00e9e de lecture estim\u00e9e":"3 minutes"},"schema":{"@context":"https:\/\/schema.org","@graph":[{"@type":"Article","@id":"https:\/\/interamerica.org\/fr\/2005\/11\/colombie-rencontre-de-jesus-dans-un-cirque\/#article","isPartOf":{"@id":"https:\/\/interamerica.org\/fr\/2005\/11\/colombie-rencontre-de-jesus-dans-un-cirque\/"},"author":{"name":"Lorenzo Verduzco","@id":"https:\/\/interamerica.org\/fr\/#\/schema\/person\/68ede8bdc292885bb76c1e3810e73c39"},"headline":"Colombie : Rencontre de J\u00e9sus\u00a0dans un\u00a0Cirque","datePublished":"2005-11-15T04:00:00+00:00","dateModified":"2017-06-02T17:18:17+00:00","mainEntityOfPage":{"@id":"https:\/\/interamerica.org\/fr\/2005\/11\/colombie-rencontre-de-jesus-dans-un-cirque\/"},"wordCount":588,"articleSection":["Archive"],"inLanguage":"fr-FR"},{"@type":"WebPage","@id":"https:\/\/interamerica.org\/fr\/2005\/11\/colombie-rencontre-de-jesus-dans-un-cirque\/","url":"https:\/\/interamerica.org\/fr\/2005\/11\/colombie-rencontre-de-jesus-dans-un-cirque\/","name":"Colombie : Rencontre de J\u00e9sus\u00a0dans un\u00a0Cirque - \u00c9glise Adventiste Du Septieme Jour - Inter Am\u00e9rique Division","isPartOf":{"@id":"https:\/\/interamerica.org\/fr\/#website"},"datePublished":"2005-11-15T04:00:00+00:00","dateModified":"2017-06-02T17:18:17+00:00","author":{"@id":"https:\/\/interamerica.org\/fr\/#\/schema\/person\/68ede8bdc292885bb76c1e3810e73c39"},"breadcrumb":{"@id":"https:\/\/interamerica.org\/fr\/2005\/11\/colombie-rencontre-de-jesus-dans-un-cirque\/#breadcrumb"},"inLanguage":"fr-FR","potentialAction":[{"@type":"ReadAction","target":["https:\/\/interamerica.org\/fr\/2005\/11\/colombie-rencontre-de-jesus-dans-un-cirque\/"]}]},{"@type":"BreadcrumbList","@id":"https:\/\/interamerica.org\/fr\/2005\/11\/colombie-rencontre-de-jesus-dans-un-cirque\/#breadcrumb","itemListElement":[{"@type":"ListItem","position":1,"name":"Home","item":"https:\/\/interamerica.org\/fr\/"},{"@type":"ListItem","position":2,"name":"Colombie : Rencontre de J\u00e9sus\u00a0dans un\u00a0Cirque"}]},{"@type":"WebSite","@id":"https:\/\/interamerica.org\/fr\/#website","url":"https:\/\/interamerica.org\/fr\/","name":"\u00c9glise Adventiste Du Septieme Jour - Inter Am\u00e9rique Division","description":"","potentialAction":[{"@type":"SearchAction","target":{"@type":"EntryPoint","urlTemplate":"https:\/\/interamerica.org\/fr\/?s={search_term_string}"},"query-input":{"@type":"PropertyValueSpecification","valueRequired":true,"valueName":"search_term_string"}}],"inLanguage":"fr-FR"},{"@type":"Person","@id":"https:\/\/interamerica.org\/fr\/#\/schema\/person\/68ede8bdc292885bb76c1e3810e73c39","name":"Lorenzo Verduzco","image":{"@type":"ImageObject","inLanguage":"fr-FR","@id":"https:\/\/secure.gravatar.com\/avatar\/fb81a55b6218459490a9c1dc841a34909185b81904c5337b4b27f7a6fd60c49e?s=96&d=mm&r=g","url":"https:\/\/secure.gravatar.com\/avatar\/fb81a55b6218459490a9c1dc841a34909185b81904c5337b4b27f7a6fd60c49e?s=96&d=mm&r=g","contentUrl":"https:\/\/secure.gravatar.com\/avatar\/fb81a55b6218459490a9c1dc841a34909185b81904c5337b4b27f7a6fd60c49e?s=96&d=mm&r=g","caption":"Lorenzo Verduzco"}}]}},"_links":{"self":[{"href":"https:\/\/interamerica.org\/fr\/wp-json\/wp\/v2\/posts\/12459","targetHints":{"allow":["GET"]}}],"collection":[{"href":"https:\/\/interamerica.org\/fr\/wp-json\/wp\/v2\/posts"}],"about":[{"href":"https:\/\/interamerica.org\/fr\/wp-json\/wp\/v2\/types\/post"}],"author":[{"embeddable":true,"href":"https:\/\/interamerica.org\/fr\/wp-json\/wp\/v2\/users\/1"}],"replies":[{"embeddable":true,"href":"https:\/\/interamerica.org\/fr\/wp-json\/wp\/v2\/comments?post=12459"}],"version-history":[{"count":0,"href":"https:\/\/interamerica.org\/fr\/wp-json\/wp\/v2\/posts\/12459\/revisions"}],"wp:attachment":[{"href":"https:\/\/interamerica.org\/fr\/wp-json\/wp\/v2\/media?parent=12459"}],"wp:term":[{"taxonomy":"category","embeddable":true,"href":"https:\/\/interamerica.org\/fr\/wp-json\/wp\/v2\/categories?post=12459"},{"taxonomy":"post_tag","embeddable":true,"href":"https:\/\/interamerica.org\/fr\/wp-json\/wp\/v2\/tags?post=12459"}],"curies":[{"name":"wp","href":"https:\/\/api.w.org\/{rel}","templated":true}]}}