{"id":124747,"date":"2025-01-31T07:54:01","date_gmt":"2025-01-31T12:54:01","guid":{"rendered":"https:\/\/interamerica.org\/?p=124747"},"modified":"2025-02-03T13:27:13","modified_gmt":"2025-02-03T18:27:13","slug":"mort-sur-le-potomac","status":"publish","type":"post","link":"https:\/\/interamerica.org\/fr\/2025\/01\/mort-sur-le-potomac\/","title":{"rendered":"Mort sur le Potomac"},"content":{"rendered":"<p class=\"c-post-header__subtitle\"><em>Que faisaient les anges de Dieu le 29 janvier vers 21 heures ? <\/em><\/p>\n<p>31 Janvier 2025 | Silver Spring, Maryland, \u00c9tats-Unis | Marcos Paseggi, <em>Adventist Review<\/em><\/p>\n<p>\u00ab \u00c7a aurait pu \u00eatre moi. \u00bb<\/p>\n<p>A ce stade, je connais la routine. L\u2019avion vole g\u00e9n\u00e9ralement \u00e0 une hauteur consid\u00e9rable au-dessus de l\u2019A\u00e9roport International de Baltimore\/Washington alors qu\u2019il est d\u00e9j\u00e0 sur une claire trajectoire de descente. Quelques minutes plus tard, quelque part le long de la c\u00f4te ouest de la Baie de Chesapeake, il entame une boucle descendante en s\u2019alignant vers le nord-ouest, pour trouver la piste 33 de l\u2019A\u00e9roport National Ronald Reagan de Washington.<\/p>\n<p>Par temps clair (m\u00eame la nuit), vous pouvez voir, sur votre droite, la Capital Wheel et d\u2019autres b\u00e2timents du National Harbor du c\u00f4t\u00e9 du Maryland. Si vous voyagez du c\u00f4t\u00e9 gauche de l\u2019avion, vous pouvez voir les b\u00e2timents de la vieille ville d\u2019Alexandria, en Virginie, et \u00e0 l\u2019arri\u00e8re, au-dessus d\u2019une colline, son immense M\u00e9morial National Ma\u00e7onnique de George Washington. Quelques secondes plus tard, l\u2019avion vole extr\u00eamement bas au-dessus des eaux du fleuve Potomac alors qu\u2019il s\u2019approche de la piste pour finalement atterrir du c\u00f4t\u00e9 de la Virginie.<\/p>\n<p>Je connais tr\u00e8s bien cette trajectoire. Je l\u2019ai suivie des dizaines de fois \u2013 plusieurs fois par an pendant plus d\u2019une d\u00e9cennie. Alors, quand j\u2019ai appris le tragique accident entre un avion d\u2019American Airlines et un h\u00e9licopt\u00e8re Black Hawk de l\u2019arm\u00e9e le 29 janvier, qui a co\u00fbt\u00e9 la vie \u00e0 67 personnes, je n\u2019ai pas pu m\u2019emp\u00eacher de penser :<br \/>\n<em>\u00c7a aurait pu \u00eatre moi.<\/em><\/p>\n<p><strong>La chance, ou quelque chose d\u2019autre<\/strong><\/p>\n<p>Au moment o\u00f9 j\u2019\u00e9cris ces lignes, il y a toujours plus de questions que de r\u00e9ponses, mais quelques points semblent clairs. Tout d\u2019abord, il n\u2019y a pas de survivants. Ensuite, selon certains experts de l\u2019aviation, \u00ab nous avons eu de la chance qu\u2019il n\u2019y ait pas eu d\u2019autres [accidents] de ce type. \u00bb<\/p>\n<p>La chance, cependant, n\u2019est pas le meilleur choix de mot pour les chr\u00e9tiens qui croient en la Bible. Tout ce qui arrive, aimons-nous \u00e0 penser, est sous le contr\u00f4le de Dieu. \u00ab Ou du moins, il l\u2019a permis, \u00bb disons-nous souvent. Un revers financier ? C\u2019est une \u00e9preuve que Dieu permet pour que nous puissions lui faire davantage confiance, disons-nous. Un probl\u00e8me de sant\u00e9 ? Avec Dieu, dans notre faiblesse, nous sommes forts, soulignons-nous. Un obstacle apparemment insurmontable dans notre carri\u00e8re professionnelle ? Le Seigneur sait pourquoi il ferme certaines portes et en ouvrira \u00e9ventuellement d\u2019autres, affirmons-nous avec confiance.<\/p>\n<p><strong>Trouver une explication <\/strong><\/p>\n<p>C\u2019est en partie pourquoi, lorsque des trag\u00e9dies telles que celle qui a frapp\u00e9 le vol 5342 d\u2019American Airlines nous touchent au plus profond de nous-m\u00eames, notre raison humaine s\u2019emballe souvent alors que nous essayons de trouver une explication \u00e0 ce que nous ne pouvons pas pleinement comprendre. Souvent, c\u2019est aussi le moment de dire des platitudes, aussi vraies soient-elles. \u00ab Dieu doit avoir une raison pour cela, \u00bb disons-nous. \u00ab Ce n\u2019\u00e9tait rien d\u2019autre que la volont\u00e9 de Dieu, \u00bb r\u00e9p\u00e9tons-nous. \u00ab Si Dieu l\u2019a permis, qui sommes-nous pour le remettre en question, ? \u00bb soulignons-nous.<\/p>\n<p>Lorsque J\u00e9sus marchait parmi nous, il a cependant clairement indiqu\u00e9 que de ce c\u00f4t\u00e9 du paradis, nous ne pouvons pas toujours automatiquement relier la cause et l\u2019effet (voir\u00a0<a href=\"https:\/\/www.biblegateway.com\/passage\/?search=luke%2013%3A1-5&amp;version=ESV\" target=\"_blank\" rel=\"noopener\">Luc 13:1-5<\/a>). Certaines choses se produisent pour que les \u0153uvres de Dieu soient r\u00e9v\u00e9l\u00e9es (voir\u00a0<a href=\"https:\/\/www.biblegateway.com\/passage\/?search=john%209%3A3&amp;version=ESV\" target=\"_blank\" rel=\"noopener\">Jean 9:3<\/a>). D\u2019autres sont tout simplement inexplicables de notre point de vue humain limit\u00e9 par le temps et l\u2019espace.<\/p>\n<p>En cette semaine o\u00f9 de nombreuses personnes dans le monde se sont souvenues du bilan humain incroyable de l\u2019Holocauste caus\u00e9 par les nazis, en tant que chr\u00e9tiens et adventistes du septi\u00e8me jour, nous devrions \u00eatre r\u00e9ticents \u00e0 faire de grands discours en utilisant des d\u00e9finitions toutes faites pour expliquer ou justifier le mal extr\u00eame. Nous ne savons tout simplement pas pourquoi Dieu permet certaines trag\u00e9dies alors qu\u2019il semble travailler activement pour en emp\u00eacher d\u2019autres. Nous ne savons tout simplement pas ce que faisaient les anges gardiens des pilotes et des passagers le 29 janvier vers 21 heures. Et c\u2019est l\u00e0 la cl\u00e9 : nous ne le savons tout simplement pas. Toute attitude ou action contraire pourrait nous placer dans une sph\u00e8re qui ne nous appartient tout simplement pas.<\/p>\n<p><strong>Que pouvons-nous faire ? <\/strong><\/p>\n<p>L\u2019absence d\u2019explication logique \u00e0 la mort tragique de dizaines de personnes dans les eaux glaciales du Potomac en janvier 2025 ne devrait cependant pas nous conduire \u00e0 un d\u00e9tachement indiff\u00e9rent. Il est vrai qu\u2019en l\u2019absence de survivants, les services communautaires adventistes et les autres, toujours pr\u00eats \u00e0 intervenir en cas de catastrophe, ne peuvent pas faire grand-chose. Pourtant, il y a des choses que chaque membre d\u2019\u00e9glise et chaque disciple de J\u00e9sus peut faire face \u00e0 la douleur, au chagrin et \u00e0 la mort.<\/p>\n<p>Tout d\u2019abord, nous pouvons prier pour les personnes qui se retrouvent dans le deuil. Il y a certainement des centaines de parents et d\u2019amis de personnes d\u00e9c\u00e9d\u00e9es qui sont dans le deuil. Prions donc pour que la pr\u00e9sence et la paix de Dieu, qui surpassent toute intelligence, soient avec eux aujourd\u2019hui au milieu de leurs larmes.<\/p>\n<p>Deuxi\u00e8mement, nous devrions nous abstenir d\u2019essayer d\u2019expliquer l\u2019inexplicable et laisser cela \u00e0 Dieu. Soyons raisonnables et sages dans nos interactions sur les r\u00e9seaux sociaux lorsque nous discutons de la trag\u00e9die. \u00c9vitons d\u2019essayer de marquer des points sur le plan social, politique ou m\u00eame religieux.<\/p>\n<p>Enfin, en suivant le conseil de J\u00e9sus (encore une fois, lire\u00a0<a href=\"https:\/\/www.biblegateway.com\/passage\/?search=luke%2013%3A1-5&amp;version=ESV\" target=\"_blank\" rel=\"noopener\">Luc 13:1-5<\/a>), concentrons-nous sur notre salut, sur la mission que Dieu nous a confi\u00e9e et sur notre pr\u00e9paration pour le ciel. Aucun d\u2019entre nous ne mourra avant que le Seigneur ne le permette. En attendant, consacrons notre temps, notre \u00e9nergie et nos moyens \u00e0 accomplir la mission de Dieu sur cette terre.<\/p>\n<p>Oui, \u00e7a aurait pu \u00eatre moi. Mais ce n\u2019\u00e9tait pas le cas. Et il reste encore tant \u00e0 faire avant de nous endormir ou de Le rencontrer dans les airs.<\/p>\n<p>Faisons-le.<\/p>\n<p>Traduction: Patrick Luciathe<\/p>\n","protected":false},"excerpt":{"rendered":"<p>Que faisaient les anges de Dieu le 29 janvier vers 21 heures ? 31 Janvier 2025 | Silver Spring, Maryland, \u00c9tats-Unis | Marcos Paseggi, Adventist Review \u00ab \u00c7a aurait pu&#8230;<\/p>\n","protected":false},"author":3,"featured_media":124729,"comment_status":"closed","ping_status":"closed","sticky":false,"template":"","format":"standard","meta":{"_acf_changed":false,"footnotes":""},"categories":[20,19],"tags":[],"class_list":["post-124747","post","type-post","status-publish","format-standard","has-post-thumbnail","hentry","category-nouvelles-du-siege-de-la-division","category-rss-francais"],"acf":[],"yoast_head":"<!-- This site is optimized with the Yoast SEO plugin v27.3 - https:\/\/yoast.com\/product\/yoast-seo-wordpress\/ -->\n<title>Mort sur le Potomac - \u00c9glise Adventiste Du Septieme Jour - Inter Am\u00e9rique Division<\/title>\n<meta name=\"robots\" content=\"index, follow, max-snippet:-1, max-image-preview:large, max-video-preview:-1\" \/>\n<link rel=\"canonical\" href=\"https:\/\/interamerica.org\/fr\/2025\/01\/mort-sur-le-potomac\/\" \/>\n<meta property=\"og:locale\" content=\"fr_FR\" \/>\n<meta property=\"og:type\" content=\"article\" \/>\n<meta property=\"og:title\" content=\"Mort sur le Potomac - \u00c9glise Adventiste Du Septieme Jour - Inter Am\u00e9rique Division\" \/>\n<meta property=\"og:description\" content=\"Que faisaient les anges de Dieu le 29 janvier vers 21 heures ? 31 Janvier 2025 | Silver Spring, Maryland, \u00c9tats-Unis | Marcos Paseggi, Adventist Review \u00ab \u00c7a aurait pu...\" \/>\n<meta property=\"og:url\" content=\"https:\/\/interamerica.org\/fr\/2025\/01\/mort-sur-le-potomac\/\" \/>\n<meta property=\"og:site_name\" content=\"\u00c9glise Adventiste Du Septieme Jour - Inter Am\u00e9rique Division\" \/>\n<meta property=\"article:published_time\" content=\"2025-01-31T12:54:01+00:00\" \/>\n<meta property=\"article:modified_time\" content=\"2025-02-03T18:27:13+00:00\" \/>\n<meta property=\"og:image\" content=\"https:\/\/interamerica.org\/wp-content\/uploads\/2025\/01\/shubham-sharan-hryawcx-lwe-unsplash-rev.jpg\" \/>\n\t<meta property=\"og:image:width\" content=\"1000\" \/>\n\t<meta property=\"og:image:height\" content=\"625\" \/>\n\t<meta property=\"og:image:type\" content=\"image\/jpeg\" \/>\n<meta name=\"author\" content=\"libna\" \/>\n<meta name=\"twitter:card\" content=\"summary_large_image\" \/>\n<meta name=\"twitter:label1\" content=\"\u00c9crit par\" \/>\n\t<meta name=\"twitter:data1\" content=\"libna\" \/>\n\t<meta name=\"twitter:label2\" content=\"Dur\u00e9e de lecture estim\u00e9e\" \/>\n\t<meta name=\"twitter:data2\" content=\"5 minutes\" \/>\n<script type=\"application\/ld+json\" class=\"yoast-schema-graph\">{\"@context\":\"https:\\\/\\\/schema.org\",\"@graph\":[{\"@type\":\"Article\",\"@id\":\"https:\\\/\\\/interamerica.org\\\/fr\\\/2025\\\/01\\\/mort-sur-le-potomac\\\/#article\",\"isPartOf\":{\"@id\":\"https:\\\/\\\/interamerica.org\\\/fr\\\/2025\\\/01\\\/mort-sur-le-potomac\\\/\"},\"author\":{\"name\":\"libna\",\"@id\":\"https:\\\/\\\/interamerica.org\\\/fr\\\/#\\\/schema\\\/person\\\/29998f2bc2d8bd0d38662909289b54f1\"},\"headline\":\"Mort sur le Potomac\",\"datePublished\":\"2025-01-31T12:54:01+00:00\",\"dateModified\":\"2025-02-03T18:27:13+00:00\",\"mainEntityOfPage\":{\"@id\":\"https:\\\/\\\/interamerica.org\\\/fr\\\/2025\\\/01\\\/mort-sur-le-potomac\\\/\"},\"wordCount\":1063,\"image\":{\"@id\":\"https:\\\/\\\/interamerica.org\\\/fr\\\/2025\\\/01\\\/mort-sur-le-potomac\\\/#primaryimage\"},\"thumbnailUrl\":\"https:\\\/\\\/interamerica.org\\\/wp-content\\\/uploads\\\/2025\\\/01\\\/shubham-sharan-hryawcx-lwe-unsplash-rev.jpg\",\"articleSection\":[\"Nouvelles du si\u00e8ge de la division\",\"RSS Fran\u00e7ais\"],\"inLanguage\":\"fr-FR\"},{\"@type\":\"WebPage\",\"@id\":\"https:\\\/\\\/interamerica.org\\\/fr\\\/2025\\\/01\\\/mort-sur-le-potomac\\\/\",\"url\":\"https:\\\/\\\/interamerica.org\\\/fr\\\/2025\\\/01\\\/mort-sur-le-potomac\\\/\",\"name\":\"Mort sur le Potomac - \u00c9glise Adventiste Du Septieme Jour - Inter Am\u00e9rique Division\",\"isPartOf\":{\"@id\":\"https:\\\/\\\/interamerica.org\\\/fr\\\/#website\"},\"primaryImageOfPage\":{\"@id\":\"https:\\\/\\\/interamerica.org\\\/fr\\\/2025\\\/01\\\/mort-sur-le-potomac\\\/#primaryimage\"},\"image\":{\"@id\":\"https:\\\/\\\/interamerica.org\\\/fr\\\/2025\\\/01\\\/mort-sur-le-potomac\\\/#primaryimage\"},\"thumbnailUrl\":\"https:\\\/\\\/interamerica.org\\\/wp-content\\\/uploads\\\/2025\\\/01\\\/shubham-sharan-hryawcx-lwe-unsplash-rev.jpg\",\"datePublished\":\"2025-01-31T12:54:01+00:00\",\"dateModified\":\"2025-02-03T18:27:13+00:00\",\"author\":{\"@id\":\"https:\\\/\\\/interamerica.org\\\/fr\\\/#\\\/schema\\\/person\\\/29998f2bc2d8bd0d38662909289b54f1\"},\"breadcrumb\":{\"@id\":\"https:\\\/\\\/interamerica.org\\\/fr\\\/2025\\\/01\\\/mort-sur-le-potomac\\\/#breadcrumb\"},\"inLanguage\":\"fr-FR\",\"potentialAction\":[{\"@type\":\"ReadAction\",\"target\":[\"https:\\\/\\\/interamerica.org\\\/fr\\\/2025\\\/01\\\/mort-sur-le-potomac\\\/\"]}]},{\"@type\":\"ImageObject\",\"inLanguage\":\"fr-FR\",\"@id\":\"https:\\\/\\\/interamerica.org\\\/fr\\\/2025\\\/01\\\/mort-sur-le-potomac\\\/#primaryimage\",\"url\":\"https:\\\/\\\/interamerica.org\\\/wp-content\\\/uploads\\\/2025\\\/01\\\/shubham-sharan-hryawcx-lwe-unsplash-rev.jpg\",\"contentUrl\":\"https:\\\/\\\/interamerica.org\\\/wp-content\\\/uploads\\\/2025\\\/01\\\/shubham-sharan-hryawcx-lwe-unsplash-rev.jpg\",\"width\":1000,\"height\":625,\"caption\":\"[Photo: Shurbham sharan \\\/ Unsplash]\"},{\"@type\":\"BreadcrumbList\",\"@id\":\"https:\\\/\\\/interamerica.org\\\/fr\\\/2025\\\/01\\\/mort-sur-le-potomac\\\/#breadcrumb\",\"itemListElement\":[{\"@type\":\"ListItem\",\"position\":1,\"name\":\"Home\",\"item\":\"https:\\\/\\\/interamerica.org\\\/fr\\\/\"},{\"@type\":\"ListItem\",\"position\":2,\"name\":\"Mort sur le Potomac\"}]},{\"@type\":\"WebSite\",\"@id\":\"https:\\\/\\\/interamerica.org\\\/fr\\\/#website\",\"url\":\"https:\\\/\\\/interamerica.org\\\/fr\\\/\",\"name\":\"\u00c9glise Adventiste Du Septieme Jour - Inter Am\u00e9rique Division\",\"description\":\"\",\"potentialAction\":[{\"@type\":\"SearchAction\",\"target\":{\"@type\":\"EntryPoint\",\"urlTemplate\":\"https:\\\/\\\/interamerica.org\\\/fr\\\/?s={search_term_string}\"},\"query-input\":{\"@type\":\"PropertyValueSpecification\",\"valueRequired\":true,\"valueName\":\"search_term_string\"}}],\"inLanguage\":\"fr-FR\"},{\"@type\":\"Person\",\"@id\":\"https:\\\/\\\/interamerica.org\\\/fr\\\/#\\\/schema\\\/person\\\/29998f2bc2d8bd0d38662909289b54f1\",\"name\":\"libna\",\"image\":{\"@type\":\"ImageObject\",\"inLanguage\":\"fr-FR\",\"@id\":\"https:\\\/\\\/secure.gravatar.com\\\/avatar\\\/7c5bd30ae4b47a9ba3c856590957fd1d96dc588bf3ac05719d247e126840331f?s=96&d=mm&r=g\",\"url\":\"https:\\\/\\\/secure.gravatar.com\\\/avatar\\\/7c5bd30ae4b47a9ba3c856590957fd1d96dc588bf3ac05719d247e126840331f?s=96&d=mm&r=g\",\"contentUrl\":\"https:\\\/\\\/secure.gravatar.com\\\/avatar\\\/7c5bd30ae4b47a9ba3c856590957fd1d96dc588bf3ac05719d247e126840331f?s=96&d=mm&r=g\",\"caption\":\"libna\"}}]}<\/script>\n<!-- \/ Yoast SEO plugin. -->","yoast_head_json":{"title":"Mort sur le Potomac - \u00c9glise Adventiste Du Septieme Jour - Inter Am\u00e9rique Division","robots":{"index":"index","follow":"follow","max-snippet":"max-snippet:-1","max-image-preview":"max-image-preview:large","max-video-preview":"max-video-preview:-1"},"canonical":"https:\/\/interamerica.org\/fr\/2025\/01\/mort-sur-le-potomac\/","og_locale":"fr_FR","og_type":"article","og_title":"Mort sur le Potomac - \u00c9glise Adventiste Du Septieme Jour - Inter Am\u00e9rique Division","og_description":"Que faisaient les anges de Dieu le 29 janvier vers 21 heures ? 31 Janvier 2025 | Silver Spring, Maryland, \u00c9tats-Unis | Marcos Paseggi, Adventist Review \u00ab \u00c7a aurait pu...","og_url":"https:\/\/interamerica.org\/fr\/2025\/01\/mort-sur-le-potomac\/","og_site_name":"\u00c9glise Adventiste Du Septieme Jour - Inter Am\u00e9rique Division","article_published_time":"2025-01-31T12:54:01+00:00","article_modified_time":"2025-02-03T18:27:13+00:00","og_image":[{"width":1000,"height":625,"url":"https:\/\/interamerica.org\/wp-content\/uploads\/2025\/01\/shubham-sharan-hryawcx-lwe-unsplash-rev.jpg","type":"image\/jpeg"}],"author":"libna","twitter_card":"summary_large_image","twitter_misc":{"\u00c9crit par":"libna","Dur\u00e9e de lecture estim\u00e9e":"5 minutes"},"schema":{"@context":"https:\/\/schema.org","@graph":[{"@type":"Article","@id":"https:\/\/interamerica.org\/fr\/2025\/01\/mort-sur-le-potomac\/#article","isPartOf":{"@id":"https:\/\/interamerica.org\/fr\/2025\/01\/mort-sur-le-potomac\/"},"author":{"name":"libna","@id":"https:\/\/interamerica.org\/fr\/#\/schema\/person\/29998f2bc2d8bd0d38662909289b54f1"},"headline":"Mort sur le Potomac","datePublished":"2025-01-31T12:54:01+00:00","dateModified":"2025-02-03T18:27:13+00:00","mainEntityOfPage":{"@id":"https:\/\/interamerica.org\/fr\/2025\/01\/mort-sur-le-potomac\/"},"wordCount":1063,"image":{"@id":"https:\/\/interamerica.org\/fr\/2025\/01\/mort-sur-le-potomac\/#primaryimage"},"thumbnailUrl":"https:\/\/interamerica.org\/wp-content\/uploads\/2025\/01\/shubham-sharan-hryawcx-lwe-unsplash-rev.jpg","articleSection":["Nouvelles du si\u00e8ge de la division","RSS Fran\u00e7ais"],"inLanguage":"fr-FR"},{"@type":"WebPage","@id":"https:\/\/interamerica.org\/fr\/2025\/01\/mort-sur-le-potomac\/","url":"https:\/\/interamerica.org\/fr\/2025\/01\/mort-sur-le-potomac\/","name":"Mort sur le Potomac - \u00c9glise Adventiste Du Septieme Jour - Inter Am\u00e9rique Division","isPartOf":{"@id":"https:\/\/interamerica.org\/fr\/#website"},"primaryImageOfPage":{"@id":"https:\/\/interamerica.org\/fr\/2025\/01\/mort-sur-le-potomac\/#primaryimage"},"image":{"@id":"https:\/\/interamerica.org\/fr\/2025\/01\/mort-sur-le-potomac\/#primaryimage"},"thumbnailUrl":"https:\/\/interamerica.org\/wp-content\/uploads\/2025\/01\/shubham-sharan-hryawcx-lwe-unsplash-rev.jpg","datePublished":"2025-01-31T12:54:01+00:00","dateModified":"2025-02-03T18:27:13+00:00","author":{"@id":"https:\/\/interamerica.org\/fr\/#\/schema\/person\/29998f2bc2d8bd0d38662909289b54f1"},"breadcrumb":{"@id":"https:\/\/interamerica.org\/fr\/2025\/01\/mort-sur-le-potomac\/#breadcrumb"},"inLanguage":"fr-FR","potentialAction":[{"@type":"ReadAction","target":["https:\/\/interamerica.org\/fr\/2025\/01\/mort-sur-le-potomac\/"]}]},{"@type":"ImageObject","inLanguage":"fr-FR","@id":"https:\/\/interamerica.org\/fr\/2025\/01\/mort-sur-le-potomac\/#primaryimage","url":"https:\/\/interamerica.org\/wp-content\/uploads\/2025\/01\/shubham-sharan-hryawcx-lwe-unsplash-rev.jpg","contentUrl":"https:\/\/interamerica.org\/wp-content\/uploads\/2025\/01\/shubham-sharan-hryawcx-lwe-unsplash-rev.jpg","width":1000,"height":625,"caption":"[Photo: Shurbham sharan \/ Unsplash]"},{"@type":"BreadcrumbList","@id":"https:\/\/interamerica.org\/fr\/2025\/01\/mort-sur-le-potomac\/#breadcrumb","itemListElement":[{"@type":"ListItem","position":1,"name":"Home","item":"https:\/\/interamerica.org\/fr\/"},{"@type":"ListItem","position":2,"name":"Mort sur le Potomac"}]},{"@type":"WebSite","@id":"https:\/\/interamerica.org\/fr\/#website","url":"https:\/\/interamerica.org\/fr\/","name":"\u00c9glise Adventiste Du Septieme Jour - Inter Am\u00e9rique Division","description":"","potentialAction":[{"@type":"SearchAction","target":{"@type":"EntryPoint","urlTemplate":"https:\/\/interamerica.org\/fr\/?s={search_term_string}"},"query-input":{"@type":"PropertyValueSpecification","valueRequired":true,"valueName":"search_term_string"}}],"inLanguage":"fr-FR"},{"@type":"Person","@id":"https:\/\/interamerica.org\/fr\/#\/schema\/person\/29998f2bc2d8bd0d38662909289b54f1","name":"libna","image":{"@type":"ImageObject","inLanguage":"fr-FR","@id":"https:\/\/secure.gravatar.com\/avatar\/7c5bd30ae4b47a9ba3c856590957fd1d96dc588bf3ac05719d247e126840331f?s=96&d=mm&r=g","url":"https:\/\/secure.gravatar.com\/avatar\/7c5bd30ae4b47a9ba3c856590957fd1d96dc588bf3ac05719d247e126840331f?s=96&d=mm&r=g","contentUrl":"https:\/\/secure.gravatar.com\/avatar\/7c5bd30ae4b47a9ba3c856590957fd1d96dc588bf3ac05719d247e126840331f?s=96&d=mm&r=g","caption":"libna"}}]}},"_links":{"self":[{"href":"https:\/\/interamerica.org\/fr\/wp-json\/wp\/v2\/posts\/124747","targetHints":{"allow":["GET"]}}],"collection":[{"href":"https:\/\/interamerica.org\/fr\/wp-json\/wp\/v2\/posts"}],"about":[{"href":"https:\/\/interamerica.org\/fr\/wp-json\/wp\/v2\/types\/post"}],"author":[{"embeddable":true,"href":"https:\/\/interamerica.org\/fr\/wp-json\/wp\/v2\/users\/3"}],"replies":[{"embeddable":true,"href":"https:\/\/interamerica.org\/fr\/wp-json\/wp\/v2\/comments?post=124747"}],"version-history":[{"count":0,"href":"https:\/\/interamerica.org\/fr\/wp-json\/wp\/v2\/posts\/124747\/revisions"}],"wp:featuredmedia":[{"embeddable":true,"href":"https:\/\/interamerica.org\/fr\/wp-json\/wp\/v2\/media\/124729"}],"wp:attachment":[{"href":"https:\/\/interamerica.org\/fr\/wp-json\/wp\/v2\/media?parent=124747"}],"wp:term":[{"taxonomy":"category","embeddable":true,"href":"https:\/\/interamerica.org\/fr\/wp-json\/wp\/v2\/categories?post=124747"},{"taxonomy":"post_tag","embeddable":true,"href":"https:\/\/interamerica.org\/fr\/wp-json\/wp\/v2\/tags?post=124747"}],"curies":[{"name":"wp","href":"https:\/\/api.w.org\/{rel}","templated":true}]}}