{"id":12478,"date":"2005-12-22T00:00:00","date_gmt":"2005-12-22T04:00:00","guid":{"rendered":"http:\/\/192.81.217.108\/interamerica\/2005\/12\/etats-unis-des-educateurs-adventistes-font-une-analyse-de-limpact-de-la-decision-de-design-intelligent\/"},"modified":"2017-06-02T13:18:06","modified_gmt":"2017-06-02T17:18:06","slug":"etats-unis-des-educateurs-adventistes-font-une-analyse-de-limpact-de-la-decision-de-design-intelligent","status":"publish","type":"post","link":"https:\/\/interamerica.org\/fr\/2005\/12\/etats-unis-des-educateurs-adventistes-font-une-analyse-de-limpact-de-la-decision-de-design-intelligent\/","title":{"rendered":"\u00c9tats-Unis : Des \u00c9ducateurs Adventistes Font une Analyse de l&rsquo;Impact de la D\u00e9cision de Design Intelligent"},"content":{"rendered":"<p><em>Le 22 d\u00e9cembre 2005<\/em>, Silver Spring, Maryland, \u00c9tats-Unis. <em><\/em><\/p>\n<p>Une d\u00e9cision \u00e0 la date du 20 d\u00e9cembre d&rsquo;une cour de justice f\u00e9d\u00e9rale des \u00c9tats-Unis a statu\u00e9 que \u00ab\u00a0la science de la cr\u00e9ation\u00a0\u00bb ou \u00ab\u00a0le Design Intelligent\u00a0\u00bb ne peut plus \u00eatre enseign\u00e9e dans les \u00e9coles sponsoris\u00e9es par l&rsquo;Etat, parce qu&rsquo;ayant une base religieuse. Les Adventistes du Septi\u00e8me jour font partie de plusieurs groupes de foi qui contestent cette d\u00e9cision. \u00ab\u00a0Le Design Intelligent,\u00a0\u00bb ou \u00ab\u00a0ID\u00a0\u00bb est une th\u00e9orie scientifique qui donne une origine de la gen\u00e8se de l&rsquo;univers diff\u00e9rente de la doctrine de l&rsquo;\u00e9volution de Darwin. <\/p>\n<p>La d\u00e9cision a \u00e9t\u00e9 prise apr\u00e8s une d\u00e9lib\u00e9ration f\u00e9d\u00e9rale de six semaines \u00e0 Harrisburg, Pennsylvanie, devant le Juge r\u00e9gional am\u00e9ricain John E. Jones III, qui a d\u00e9clar\u00e9 que le Design Intelligent repose sur la religion, et non sur la science et sa pr\u00e9sentation dans les \u00e9coles contr\u00f4l\u00e9es par l&rsquo;Etat est une violation de la s\u00e9paration constitutionnelle de l&rsquo;\u00e9glise et de l&rsquo;\u00e9tat, en Am\u00e9rique. <\/p>\n<p>\u00ab\u00a0Nous constatons que, bien que les arguments du ID peuvent \u00eatre vrais, une proposition sur laquelle la Cour de justice ne prend aucune position, la ID n&rsquo;est pas la science,\u00a0\u00bb a \u00e9crit Jones dans sa d\u00e9cision, rendue publique le 20 d\u00e9cembre. Apr\u00e8s le t\u00e9moignage de plusieurs experts sur les deux aspects de la question, ainsi que les \u00e9vidences que l&rsquo;on trouve dans des manuels en faveur du ID, dans un ensemble d&rsquo;articles de la presse locale et de lettres au r\u00e9dacteur, Jones d\u00e9clare qu&rsquo;il se sent s\u00fbr de lui, en rendant publique cette d\u00e9cision prise. <\/p>\n<p>\u00ab\u00a0Bien que la r\u00e9ponse \u00e0 cette question nous contraint de reconsid\u00e9rer l&rsquo;\u00e9vidence qui est enti\u00e8rement complexe, si non pesante, apr\u00e8s une d\u00e9lib\u00e9ration de six semaines qui s&rsquo;est prolong\u00e9e sur 21 jours et inclus des heures sans nombre de pr\u00e9sentations d\u00e9taill\u00e9es d&rsquo;experts, la Cour de justice croit qu&rsquo;aucun autre tribunal aux \u00c9tats-Unis ne se trouve dans une meilleure position que nous pour revenir sur ce domaine controvers\u00e9,\u00a0\u00bb a d\u00e9clar\u00e9 Jones dans une d\u00e9cision de 139 pages. <\/p>\n<p>O\u00f9 situe-t-il les Adventistes, dont l&rsquo;\u00e9glise adh\u00e8re \u00e0 un point de vue, une doctrine stricte, litt\u00e9rale de six jours de cr\u00e9ation et croit d&rsquo;une mani\u00e8re fervente en la libert\u00e9 religieuse ? Aux \u00c9tats-Unis, il les laisse presque o\u00f9 ils \u00e9taient : libres d&rsquo;enseigner comme ils veulent dans leurs propres \u00e9coles. <\/p>\n<p>\u00ab\u00a0Vu le syst\u00e8me \u00e9ducatif individuel et paroissial, dans presque tous les \u00e9tats, nous avons le droit de choisir notre propre programme d&rsquo;\u00e9tudes,\u00a0\u00bb a soulign\u00e9 Larry Blackmer, directeur adjoint du d\u00e9partement de l&rsquo;\u00e9ducation pour l&rsquo;\u00c9glise Adventiste du Septi\u00e8me jour en Am\u00e9rique du Nord. \u00ab\u00a0Donc nous ne sommes pas tenus d&rsquo;enseigner l&rsquo;\u00e9volution. Ce que nous faisons est pareil : rendez au moins les \u00e9tudiants conscients de ce qu&rsquo;est cette th\u00e9orie et des d\u00e9cisions prises concernant cette th\u00e9orie. Nous n&rsquo;enseignons pas syst\u00e9matiquement l&rsquo;\u00e9volution, mais nous pr\u00e9sentons toujours les concepts de l&rsquo;\u00e9volution et notre r\u00e9ponse, y relative.\u00a0\u00bb <\/p>\n<p>En Grande-Bretagne, Dr Keith Davidson, directeur de l&rsquo;\u00e9ducation pour l&rsquo;\u00c9glise Adventiste, dit : la libert\u00e9 est donn\u00e9e m\u00eame \u00e0 ces \u00e9coles d&rsquo;\u00e9glise, qui re\u00e7oivent de l&rsquo;aide de l&rsquo;\u00e9tat, d&rsquo;enseigner une vision du monde conform\u00e9ment \u00e0 leur foi. Il croit que ceux qui recherchent \u00e0 limiter la discussion publique de la th\u00e9orie des origines \u00e0 l&rsquo;\u00e9cole sont pris dans une sorte d&rsquo;intol\u00e9rance que certains accusent des Chr\u00e9tiens d&rsquo;avoir. <\/p>\n<p>\u00ab\u00a0Ils disent, d&rsquo;une certaine mani\u00e8re, qu&rsquo;un seul point de vue devrait \u00eatre consid\u00e9r\u00e9,\u00a0\u00bb a mentionn\u00e9 Davidson \u00e0 ANN, lors d&rsquo;une interview t\u00e9l\u00e9phonique. \u00ab\u00a0La libert\u00e9 pour une pr\u00e9sentation de diff\u00e9rents points de vue doit exister pour ceux qui veulent comprendre l&rsquo;origine de la vie. Dire qu&rsquo;ils ne devraient pas \u00eatre consid\u00e9r\u00e9s est, selon moi, une attitude tr\u00e8s intol\u00e9rante.\u00a0\u00bb <\/p>\n<p>Davidson ajoute, \u00ab\u00a0On dit que nous ne sommes pas dispos\u00e9s \u00e0 avoir un esprit ouvert, discuter et d\u00e9battre de la d\u00e9cision pour ou contre. Si l&rsquo;argument de l&rsquo;\u00e9volutionniste est si persuasif, il devrait \u00eatre capable de r\u00e9sister \u00e0 un d\u00e9fi d&rsquo;une autre \u00e9cole de pens\u00e9e.\u00a0\u00bb <\/p>\n<p>L. James Gibson, directeur de l&rsquo;Institut de Recherche de G\u00e9oscience de l&rsquo;\u00c9glise Adventiste du Septi\u00e8me jour \u00e0 Loma Linda, Californie, a dit \u00e0 ANN que la d\u00e9cision du juge \u00e9tait le r\u00e9sultat du fait de devoir faire un choix entre deux fausses pr\u00e9sentations. <\/p>\n<p>\u00ab\u00a0D&rsquo;abord, il y a une exag\u00e9ration induisant en erreur \u00e0 d\u00e9clarant que la pure mention d&rsquo;une hypoth\u00e8se alternative de Design Intelligent quant \u00e0 l&rsquo;origine de la vie d\u00e9note l&rsquo;existence de religion,\u00a0\u00bb a dit Gibson. \u00ab\u00a0Deuxi\u00e8mement, il est fallacieux que le point de vue scientifique clame que le Design Intelligent est non scientifique parce qu&rsquo;il n&rsquo;est pas testable, en manquant en m\u00eame temps d&rsquo;admettre que beaucoup d&rsquo;aspects de la th\u00e9orie \u00e9volutive ne sont pas testables.\u00a0\u00bb <\/p>\n<p>Il a dit \u00e0 ANN, \u00ab\u00a0Ma position fondamentale est que les deux points de vue sont incorrects et le juge a \u00e9t\u00e9 forc\u00e9 \u00e0 prendre une mauvaise d\u00e9cision. Les \u00e9tudiants sont en droit d&rsquo;entendre une pr\u00e9sentation \u00e9quilibr\u00e9e sur les d\u00e9cisions concernant les origines, mais les politiciens, les scientifiques et les chefs religieux ne devraient pas essayer de micro diriger la salle de classe.\u00a0\u00bb<\/p>\n<p><strong>Sites Li\u00e9s<br \/><\/strong><a  href=\"http:\/\/news.adventist.org\/data\/2004\/07\/1093986842\/index.html.en\">L&rsquo;\u00c9glise d&rsquo;Adventiste <\/a>soutenait la croyance en une semaine de cr\u00e9ation litt\u00e9rale de six jours, juste l&rsquo;ann\u00e9e derni\u00e8re.<\/p>\n<p><strong>Droits R\u00e9serv\u00e9s (c) 2005 de \u00ab\u00a0Adventist News Network\u00a0\u00bb<\/strong>.\u00a0<\/p>\n","protected":false},"excerpt":{"rendered":"<p>Une d\u00e9cision \u00e0 la date du 20 d\u00e9cembre d&rsquo;une cour de justice f\u00e9d\u00e9rale des \u00c9tats-Unis a statu\u00e9 que \u00ab\u00a0la science de la cr\u00e9ation\u00a0\u00bb ou \u00ab\u00a0le Design Intelligent\u00a0\u00bb ne peut plus \u00eatre enseign\u00e9e dans les \u00e9coles sponsoris\u00e9es par l&rsquo;Etat.<\/p>\n","protected":false},"author":1,"featured_media":0,"comment_status":"closed","ping_status":"closed","sticky":false,"template":"","format":"standard","meta":{"_acf_changed":false,"footnotes":""},"categories":[9],"tags":[],"class_list":["post-12478","post","type-post","status-publish","format-standard","hentry","category-archive-fr"],"acf":[],"yoast_head":"<!-- This site is optimized with the Yoast SEO plugin v27.3 - https:\/\/yoast.com\/product\/yoast-seo-wordpress\/ -->\n<title>\u00c9tats-Unis : Des \u00c9ducateurs Adventistes Font une Analyse de l&#039;Impact de la D\u00e9cision de Design Intelligent - \u00c9glise Adventiste Du Septieme Jour - Inter Am\u00e9rique Division<\/title>\n<meta name=\"robots\" content=\"index, follow, max-snippet:-1, max-image-preview:large, max-video-preview:-1\" \/>\n<link rel=\"canonical\" href=\"https:\/\/interamerica.org\/fr\/2005\/12\/etats-unis-des-educateurs-adventistes-font-une-analyse-de-limpact-de-la-decision-de-design-intelligent\/\" \/>\n<meta property=\"og:locale\" content=\"fr_FR\" \/>\n<meta property=\"og:type\" content=\"article\" \/>\n<meta property=\"og:title\" content=\"\u00c9tats-Unis : Des \u00c9ducateurs Adventistes Font une Analyse de l&#039;Impact de la D\u00e9cision de Design Intelligent - \u00c9glise Adventiste Du Septieme Jour - Inter Am\u00e9rique Division\" \/>\n<meta property=\"og:description\" content=\"Une d\u00e9cision \u00e0 la date du 20 d\u00e9cembre d&#039;une cour de justice f\u00e9d\u00e9rale des \u00c9tats-Unis a statu\u00e9 que &quot;la science de la cr\u00e9ation&quot; ou &quot;le Design Intelligent&quot; ne peut plus \u00eatre enseign\u00e9e dans les \u00e9coles sponsoris\u00e9es par l&#039;Etat.\" \/>\n<meta property=\"og:url\" content=\"https:\/\/interamerica.org\/fr\/2005\/12\/etats-unis-des-educateurs-adventistes-font-une-analyse-de-limpact-de-la-decision-de-design-intelligent\/\" \/>\n<meta property=\"og:site_name\" content=\"\u00c9glise Adventiste Du Septieme Jour - Inter Am\u00e9rique Division\" \/>\n<meta property=\"article:published_time\" content=\"2005-12-22T04:00:00+00:00\" \/>\n<meta property=\"article:modified_time\" content=\"2017-06-02T17:18:06+00:00\" \/>\n<meta name=\"author\" content=\"Lorenzo Verduzco\" \/>\n<meta name=\"twitter:card\" content=\"summary_large_image\" \/>\n<meta name=\"twitter:label1\" content=\"\u00c9crit par\" \/>\n\t<meta name=\"twitter:data1\" content=\"Lorenzo Verduzco\" \/>\n\t<meta name=\"twitter:label2\" content=\"Dur\u00e9e de lecture estim\u00e9e\" \/>\n\t<meta name=\"twitter:data2\" content=\"5 minutes\" \/>\n<script type=\"application\/ld+json\" class=\"yoast-schema-graph\">{\"@context\":\"https:\\\/\\\/schema.org\",\"@graph\":[{\"@type\":\"Article\",\"@id\":\"https:\\\/\\\/interamerica.org\\\/fr\\\/2005\\\/12\\\/etats-unis-des-educateurs-adventistes-font-une-analyse-de-limpact-de-la-decision-de-design-intelligent\\\/#article\",\"isPartOf\":{\"@id\":\"https:\\\/\\\/interamerica.org\\\/fr\\\/2005\\\/12\\\/etats-unis-des-educateurs-adventistes-font-une-analyse-de-limpact-de-la-decision-de-design-intelligent\\\/\"},\"author\":{\"name\":\"Lorenzo Verduzco\",\"@id\":\"https:\\\/\\\/interamerica.org\\\/fr\\\/#\\\/schema\\\/person\\\/68ede8bdc292885bb76c1e3810e73c39\"},\"headline\":\"\u00c9tats-Unis : Des \u00c9ducateurs Adventistes Font une Analyse de l&rsquo;Impact de la D\u00e9cision de Design Intelligent\",\"datePublished\":\"2005-12-22T04:00:00+00:00\",\"dateModified\":\"2017-06-02T17:18:06+00:00\",\"mainEntityOfPage\":{\"@id\":\"https:\\\/\\\/interamerica.org\\\/fr\\\/2005\\\/12\\\/etats-unis-des-educateurs-adventistes-font-une-analyse-de-limpact-de-la-decision-de-design-intelligent\\\/\"},\"wordCount\":1000,\"articleSection\":[\"Archive\"],\"inLanguage\":\"fr-FR\"},{\"@type\":\"WebPage\",\"@id\":\"https:\\\/\\\/interamerica.org\\\/fr\\\/2005\\\/12\\\/etats-unis-des-educateurs-adventistes-font-une-analyse-de-limpact-de-la-decision-de-design-intelligent\\\/\",\"url\":\"https:\\\/\\\/interamerica.org\\\/fr\\\/2005\\\/12\\\/etats-unis-des-educateurs-adventistes-font-une-analyse-de-limpact-de-la-decision-de-design-intelligent\\\/\",\"name\":\"\u00c9tats-Unis : Des \u00c9ducateurs Adventistes Font une Analyse de l'Impact de la D\u00e9cision de Design Intelligent - \u00c9glise Adventiste Du Septieme Jour - Inter Am\u00e9rique Division\",\"isPartOf\":{\"@id\":\"https:\\\/\\\/interamerica.org\\\/fr\\\/#website\"},\"datePublished\":\"2005-12-22T04:00:00+00:00\",\"dateModified\":\"2017-06-02T17:18:06+00:00\",\"author\":{\"@id\":\"https:\\\/\\\/interamerica.org\\\/fr\\\/#\\\/schema\\\/person\\\/68ede8bdc292885bb76c1e3810e73c39\"},\"breadcrumb\":{\"@id\":\"https:\\\/\\\/interamerica.org\\\/fr\\\/2005\\\/12\\\/etats-unis-des-educateurs-adventistes-font-une-analyse-de-limpact-de-la-decision-de-design-intelligent\\\/#breadcrumb\"},\"inLanguage\":\"fr-FR\",\"potentialAction\":[{\"@type\":\"ReadAction\",\"target\":[\"https:\\\/\\\/interamerica.org\\\/fr\\\/2005\\\/12\\\/etats-unis-des-educateurs-adventistes-font-une-analyse-de-limpact-de-la-decision-de-design-intelligent\\\/\"]}]},{\"@type\":\"BreadcrumbList\",\"@id\":\"https:\\\/\\\/interamerica.org\\\/fr\\\/2005\\\/12\\\/etats-unis-des-educateurs-adventistes-font-une-analyse-de-limpact-de-la-decision-de-design-intelligent\\\/#breadcrumb\",\"itemListElement\":[{\"@type\":\"ListItem\",\"position\":1,\"name\":\"Home\",\"item\":\"https:\\\/\\\/interamerica.org\\\/fr\\\/\"},{\"@type\":\"ListItem\",\"position\":2,\"name\":\"\u00c9tats-Unis : Des \u00c9ducateurs Adventistes Font une Analyse de l&rsquo;Impact de la D\u00e9cision de Design Intelligent\"}]},{\"@type\":\"WebSite\",\"@id\":\"https:\\\/\\\/interamerica.org\\\/fr\\\/#website\",\"url\":\"https:\\\/\\\/interamerica.org\\\/fr\\\/\",\"name\":\"\u00c9glise Adventiste Du Septieme Jour - Inter Am\u00e9rique Division\",\"description\":\"\",\"potentialAction\":[{\"@type\":\"SearchAction\",\"target\":{\"@type\":\"EntryPoint\",\"urlTemplate\":\"https:\\\/\\\/interamerica.org\\\/fr\\\/?s={search_term_string}\"},\"query-input\":{\"@type\":\"PropertyValueSpecification\",\"valueRequired\":true,\"valueName\":\"search_term_string\"}}],\"inLanguage\":\"fr-FR\"},{\"@type\":\"Person\",\"@id\":\"https:\\\/\\\/interamerica.org\\\/fr\\\/#\\\/schema\\\/person\\\/68ede8bdc292885bb76c1e3810e73c39\",\"name\":\"Lorenzo Verduzco\",\"image\":{\"@type\":\"ImageObject\",\"inLanguage\":\"fr-FR\",\"@id\":\"https:\\\/\\\/secure.gravatar.com\\\/avatar\\\/fb81a55b6218459490a9c1dc841a34909185b81904c5337b4b27f7a6fd60c49e?s=96&d=mm&r=g\",\"url\":\"https:\\\/\\\/secure.gravatar.com\\\/avatar\\\/fb81a55b6218459490a9c1dc841a34909185b81904c5337b4b27f7a6fd60c49e?s=96&d=mm&r=g\",\"contentUrl\":\"https:\\\/\\\/secure.gravatar.com\\\/avatar\\\/fb81a55b6218459490a9c1dc841a34909185b81904c5337b4b27f7a6fd60c49e?s=96&d=mm&r=g\",\"caption\":\"Lorenzo Verduzco\"}}]}<\/script>\n<!-- \/ Yoast SEO plugin. -->","yoast_head_json":{"title":"\u00c9tats-Unis : Des \u00c9ducateurs Adventistes Font une Analyse de l'Impact de la D\u00e9cision de Design Intelligent - \u00c9glise Adventiste Du Septieme Jour - Inter Am\u00e9rique Division","robots":{"index":"index","follow":"follow","max-snippet":"max-snippet:-1","max-image-preview":"max-image-preview:large","max-video-preview":"max-video-preview:-1"},"canonical":"https:\/\/interamerica.org\/fr\/2005\/12\/etats-unis-des-educateurs-adventistes-font-une-analyse-de-limpact-de-la-decision-de-design-intelligent\/","og_locale":"fr_FR","og_type":"article","og_title":"\u00c9tats-Unis : Des \u00c9ducateurs Adventistes Font une Analyse de l'Impact de la D\u00e9cision de Design Intelligent - \u00c9glise Adventiste Du Septieme Jour - Inter Am\u00e9rique Division","og_description":"Une d\u00e9cision \u00e0 la date du 20 d\u00e9cembre d'une cour de justice f\u00e9d\u00e9rale des \u00c9tats-Unis a statu\u00e9 que \"la science de la cr\u00e9ation\" ou \"le Design Intelligent\" ne peut plus \u00eatre enseign\u00e9e dans les \u00e9coles sponsoris\u00e9es par l'Etat.","og_url":"https:\/\/interamerica.org\/fr\/2005\/12\/etats-unis-des-educateurs-adventistes-font-une-analyse-de-limpact-de-la-decision-de-design-intelligent\/","og_site_name":"\u00c9glise Adventiste Du Septieme Jour - Inter Am\u00e9rique Division","article_published_time":"2005-12-22T04:00:00+00:00","article_modified_time":"2017-06-02T17:18:06+00:00","author":"Lorenzo Verduzco","twitter_card":"summary_large_image","twitter_misc":{"\u00c9crit par":"Lorenzo Verduzco","Dur\u00e9e de lecture estim\u00e9e":"5 minutes"},"schema":{"@context":"https:\/\/schema.org","@graph":[{"@type":"Article","@id":"https:\/\/interamerica.org\/fr\/2005\/12\/etats-unis-des-educateurs-adventistes-font-une-analyse-de-limpact-de-la-decision-de-design-intelligent\/#article","isPartOf":{"@id":"https:\/\/interamerica.org\/fr\/2005\/12\/etats-unis-des-educateurs-adventistes-font-une-analyse-de-limpact-de-la-decision-de-design-intelligent\/"},"author":{"name":"Lorenzo Verduzco","@id":"https:\/\/interamerica.org\/fr\/#\/schema\/person\/68ede8bdc292885bb76c1e3810e73c39"},"headline":"\u00c9tats-Unis : Des \u00c9ducateurs Adventistes Font une Analyse de l&rsquo;Impact de la D\u00e9cision de Design Intelligent","datePublished":"2005-12-22T04:00:00+00:00","dateModified":"2017-06-02T17:18:06+00:00","mainEntityOfPage":{"@id":"https:\/\/interamerica.org\/fr\/2005\/12\/etats-unis-des-educateurs-adventistes-font-une-analyse-de-limpact-de-la-decision-de-design-intelligent\/"},"wordCount":1000,"articleSection":["Archive"],"inLanguage":"fr-FR"},{"@type":"WebPage","@id":"https:\/\/interamerica.org\/fr\/2005\/12\/etats-unis-des-educateurs-adventistes-font-une-analyse-de-limpact-de-la-decision-de-design-intelligent\/","url":"https:\/\/interamerica.org\/fr\/2005\/12\/etats-unis-des-educateurs-adventistes-font-une-analyse-de-limpact-de-la-decision-de-design-intelligent\/","name":"\u00c9tats-Unis : Des \u00c9ducateurs Adventistes Font une Analyse de l'Impact de la D\u00e9cision de Design Intelligent - \u00c9glise Adventiste Du Septieme Jour - Inter Am\u00e9rique Division","isPartOf":{"@id":"https:\/\/interamerica.org\/fr\/#website"},"datePublished":"2005-12-22T04:00:00+00:00","dateModified":"2017-06-02T17:18:06+00:00","author":{"@id":"https:\/\/interamerica.org\/fr\/#\/schema\/person\/68ede8bdc292885bb76c1e3810e73c39"},"breadcrumb":{"@id":"https:\/\/interamerica.org\/fr\/2005\/12\/etats-unis-des-educateurs-adventistes-font-une-analyse-de-limpact-de-la-decision-de-design-intelligent\/#breadcrumb"},"inLanguage":"fr-FR","potentialAction":[{"@type":"ReadAction","target":["https:\/\/interamerica.org\/fr\/2005\/12\/etats-unis-des-educateurs-adventistes-font-une-analyse-de-limpact-de-la-decision-de-design-intelligent\/"]}]},{"@type":"BreadcrumbList","@id":"https:\/\/interamerica.org\/fr\/2005\/12\/etats-unis-des-educateurs-adventistes-font-une-analyse-de-limpact-de-la-decision-de-design-intelligent\/#breadcrumb","itemListElement":[{"@type":"ListItem","position":1,"name":"Home","item":"https:\/\/interamerica.org\/fr\/"},{"@type":"ListItem","position":2,"name":"\u00c9tats-Unis : Des \u00c9ducateurs Adventistes Font une Analyse de l&rsquo;Impact de la D\u00e9cision de Design Intelligent"}]},{"@type":"WebSite","@id":"https:\/\/interamerica.org\/fr\/#website","url":"https:\/\/interamerica.org\/fr\/","name":"\u00c9glise Adventiste Du Septieme Jour - Inter Am\u00e9rique Division","description":"","potentialAction":[{"@type":"SearchAction","target":{"@type":"EntryPoint","urlTemplate":"https:\/\/interamerica.org\/fr\/?s={search_term_string}"},"query-input":{"@type":"PropertyValueSpecification","valueRequired":true,"valueName":"search_term_string"}}],"inLanguage":"fr-FR"},{"@type":"Person","@id":"https:\/\/interamerica.org\/fr\/#\/schema\/person\/68ede8bdc292885bb76c1e3810e73c39","name":"Lorenzo Verduzco","image":{"@type":"ImageObject","inLanguage":"fr-FR","@id":"https:\/\/secure.gravatar.com\/avatar\/fb81a55b6218459490a9c1dc841a34909185b81904c5337b4b27f7a6fd60c49e?s=96&d=mm&r=g","url":"https:\/\/secure.gravatar.com\/avatar\/fb81a55b6218459490a9c1dc841a34909185b81904c5337b4b27f7a6fd60c49e?s=96&d=mm&r=g","contentUrl":"https:\/\/secure.gravatar.com\/avatar\/fb81a55b6218459490a9c1dc841a34909185b81904c5337b4b27f7a6fd60c49e?s=96&d=mm&r=g","caption":"Lorenzo Verduzco"}}]}},"_links":{"self":[{"href":"https:\/\/interamerica.org\/fr\/wp-json\/wp\/v2\/posts\/12478","targetHints":{"allow":["GET"]}}],"collection":[{"href":"https:\/\/interamerica.org\/fr\/wp-json\/wp\/v2\/posts"}],"about":[{"href":"https:\/\/interamerica.org\/fr\/wp-json\/wp\/v2\/types\/post"}],"author":[{"embeddable":true,"href":"https:\/\/interamerica.org\/fr\/wp-json\/wp\/v2\/users\/1"}],"replies":[{"embeddable":true,"href":"https:\/\/interamerica.org\/fr\/wp-json\/wp\/v2\/comments?post=12478"}],"version-history":[{"count":0,"href":"https:\/\/interamerica.org\/fr\/wp-json\/wp\/v2\/posts\/12478\/revisions"}],"wp:attachment":[{"href":"https:\/\/interamerica.org\/fr\/wp-json\/wp\/v2\/media?parent=12478"}],"wp:term":[{"taxonomy":"category","embeddable":true,"href":"https:\/\/interamerica.org\/fr\/wp-json\/wp\/v2\/categories?post=12478"},{"taxonomy":"post_tag","embeddable":true,"href":"https:\/\/interamerica.org\/fr\/wp-json\/wp\/v2\/tags?post=12478"}],"curies":[{"name":"wp","href":"https:\/\/api.w.org\/{rel}","templated":true}]}}