{"id":12482,"date":"2006-01-10T00:00:00","date_gmt":"2006-01-10T04:00:00","guid":{"rendered":"http:\/\/192.81.217.108\/interamerica\/2006\/01\/eglise-mondiale-formation-spirituelle-une-participation-essentielle-au-travail-des-missions-declare-paulsen\/"},"modified":"2017-06-02T13:18:05","modified_gmt":"2017-06-02T17:18:05","slug":"eglise-mondiale-formation-spirituelle-une-participation-essentielle-au-travail-des-missions-declare-paulsen","status":"publish","type":"post","link":"https:\/\/interamerica.org\/fr\/2006\/01\/eglise-mondiale-formation-spirituelle-une-participation-essentielle-au-travail-des-missions-declare-paulsen\/","title":{"rendered":"Eglise Mondiale: Formation Spirituelle, Une Participation Essentielle au Travail des Missions, d\u00e9clare Paulsen"},"content":{"rendered":"<p>10 janvier 2006, Silver Spring, Maryland, Etats-Unis&#8230;(Mark A. Kellner\/ANN) <\/p>\n<p><p>La Formation Spirituelle bas\u00e9e sur la Bible et l&rsquo;engagement dans la mission de l&rsquo;Eglise pour \u00ab\u00a0Proclamez Au Monde\u00a0\u00bb le message de l&rsquo;Evangile sont les points essentiels de la vie Chr\u00e9tienne, a dit Pasteur Jan Paulsen, dans une entrevue qui sera retransmise, \u00e0 partir du 20 janvier. <\/p>\n<p><p>Nous devons commencer avec ce qui est personnel et ce qui est individuel, et c&rsquo;est qu&rsquo;il me faut passer du temps avec la Parole de Dieu&#8230;. Nous devons nous nourrir, a dit Pasteur Paulsen, qui commence ce mois sa septi\u00e8me ann\u00e9e comme dirigeant mondial de l&rsquo;oeuvre, \u00e0 l&rsquo;\u00e9vang\u00e9liste Mark Finley, qui pr\u00e9sentait l&rsquo;\u00e9mission. L&rsquo;\u00e9mission, qui sera diffus\u00e9e sur \u00ab\u00a0Hope Channel, le r\u00e9seau officiel de t\u00e9l\u00e9vision de l&rsquo;Eglise Adventiste du Septi\u00e8me jour, pr\u00e9sentera davantage de d\u00e9tails de la vision de l&rsquo;\u00e9glise \u00ab\u00a0Proclamer Au Monde\u00a0\u00bb<\/p>\n<p><p>\u00ab\u00a0Je pense que ce que j&rsquo;estimerais d&rsquo;importance \u00e9gale pour nous c&rsquo;est de t\u00e9moigner, de nous engager; nous devons aller \u00e0 la recherche des autres et nous int\u00e9grer \u00e0 leur vie,\u00a0\u00bb a ajout\u00e9 Paulsen. En soulevant sa Bible, il d\u00e9clara: \u00ab\u00a0Cessez de participer au travail missionnaire et je ne m&rsquo;inqui\u00e8te plus du temps que vous passez dans la lecture de ce livre, vous mourrez spirituellement\u00a0\u00bb.<\/p>\n<p><p>Les th\u00e8mes jumel\u00e9s de formation spitituelle et des missions sont ins\u00e9r\u00e9s dans l&rsquo;entrevue \u00ab\u00a0Proclamez Au Monde\u00a0\u00bb, un segment enregistr\u00e9 de 20 minutes.  Finley, un ancien pr\u00e9sentateur\/directeur de l&rsquo;\u00e9mission t\u00e9l\u00e9vis\u00e9e \u00ab\u00a0Il Et Ectrit\u00a0\u00bb, est \u00e0 pr\u00e9sent un vice pr\u00e9sident g\u00e9n\u00e9ral de l&rsquo;oeuvre, charg\u00e9 d&rsquo;organiser le mouvement \u00e9vang\u00e9lique.<\/p>\n<p><p>\u00ab\u00a0&lsquo;Proclamez Au Monde&rsquo; qui a \u00e9t\u00e9 lanc\u00e9 au cours du Councile Annuel 2005 de l&rsquo;\u00e9glise, n&rsquo;est pas un programme sp\u00e9cifique, mais plut\u00f4t, une structure comprenant plusieurs facettes, a expliqu\u00e9 Paulsen.<\/p>\n<p><p>\u00ab\u00a0&lsquo;Proclamez Au Monde&rsquo; est \u00e0 la fois une vision et une sorte de structure,\u00a0\u00bb dit-il.  \u00ab\u00a0C&rsquo;est une vision de ce qu&rsquo;est l&rsquo;\u00e9glise et ce qu&rsquo;elle doit \u00eatre pour accomplir le dessein de Dieu, pour l&rsquo;\u00e9glise, comme Son instrument dans le monde d&rsquo;aujourd&rsquo;hui.  Et il est aussi consid\u00e9r\u00e9 comme une structure qui peut englober un grand nombre d&rsquo;initiatives vari\u00e9es.  L&rsquo;\u00e9glise est destin\u00e9e \u00e0 une mission; \u00ab\u00a0Proclamez Au Monde\u00a0\u00bb est donc la mission.\u00a0\u00bb<\/p>\n<p><p>Une autre facette de \u00ab\u00a0Proclamez Au Monde\u00a0\u00bb est que les membres aient une vie Chr\u00e9tienne active, et fructueuse.  Ce qui met l&rsquo;accent sur une \u00e9tude assidue de la Bible et une participation active dans l&rsquo;oeuvre des missions, a dit Paulsen.<\/p>\n<p><p>\u00ab\u00a0La Parole de Dieu doit nourrir notre vie.  Et je pense qu&rsquo;il est tr\u00e8s important  que si nous prenons au s\u00e9rieux la qualit\u00e9 de notre vie, nous devons aussi de m\u00eame prendre au s\u00e9rieux l&rsquo;importance de consacrer une bonne partie de notre temps \u00e0 la Parole de Dieu,\u00a0\u00bb ajouta-t-il.<\/p>\n<p><p>Cette bonne partie de temps avec Dieu et la qu\u00eate de nos besoins spirituels \u00ab\u00a0doivent s&rsquo;\u00e9tendre \u00e0 la vie active que nous menons dans la comunaut\u00e9,\u00a0\u00bb a-t-il dit.  \u00ab\u00a0Je ne pense pas que vous pouvez mener une vie spirituelle et \u00eatre d\u00e9sint\u00e9ress\u00e9 \u00e0 la vie de la communaut\u00e9 et des gens.\u00a0\u00bb<\/p>\n<p><p>Une partie de cet engagement, a dit Paulsen, consiste \u00e0 atteindre la \u00ab\u00a0Fen\u00eatre 10\/40,\u00a0\u00bb une zone d\u00e9finie par un rectangle imaginaire qui s&rsquo;\u00e9tend entre 10 degr\u00e9s et 40 degr\u00e9s au nord de l&rsquo;\u00e9quateur, s&rsquo;\u00e9tendant de l&rsquo;ouest de l&rsquo;Afrique \u00e0 l&rsquo;est de l&rsquo;Asie.  Les gens de cette r\u00e9gion n&rsquo;ont pas \u00e9t\u00e9 pour la plupart atteints par le message de l&rsquo;Evangile.<\/p>\n<p><p>Les Adventiste peuvent atteindre cette portion du globe &#8211;o\u00f9 r\u00e9sident les deux-tiers de la population mondiale, dit-il &#8212; en saissant l&rsquo;opportunit\u00e9 des possibilit\u00e9s qui se pr\u00e9sentent:  \u00ab\u00a0nous devons reconnaitre que les possibilit\u00e9s qui se pr\u00e9sentent \u00e0 nous en tant que confession religieuse, pour nous engager activement \u00e0 atteindre la communaut\u00e9 en g\u00e9n\u00e9ral.. sont tr\u00e8s limit\u00e9es pour plusieurs raisons.  Elles sont limit\u00e9es pour les raisons culturelles, religieuses\/culturelles qui pr\u00e9valent, mais aussi en certains endroits elles (sont) limit\u00e9es par les lois du pays.\u00a0\u00bb<\/p>\n<p><p>En m\u00eame temps, d\u00e9clara Paulsen, l&rsquo;Internet peut ouvrir les portes dans certains endroits ferm\u00e9s<\/p>\n<p><p>Je pense que les media que nous utilisons, tant par le biais de la radio, la t\u00e9l\u00e9vision, et l&rsquo;Internet &#8212; et en particulier l&rsquo;Internet &#8212; auront un grand impact dans notre possibilit\u00e9 d&rsquo;atteindre les gens des autres cultures, ou dans les r\u00e9gions g\u00e9ographiques qu&rsquo;il nous est difficile de p\u00e9n\u00e9trer physiquement et certains endroits qui (sont) innacessibles,\u00a0\u00bb avan\u00e7a Paulsen.<\/p>\n<p><p>\u00ab\u00a0Je n&rsquo;ai pas de doute \u00e0 l&rsquo;esprit que l&rsquo;\u00e9vang\u00e9lisation par Internet va nous accorder la possibilit\u00e9 d&rsquo;aller au-del\u00e0 de ce que nous avions pu accomplir \u00e0 travers les autres media.  Je pense que les opportunit\u00e9s de l&rsquo;\u00e9vang\u00e9lisation par l&rsquo;Internet sont certainement, virtuellement, illimit\u00e9es,\u00a0\u00bb ajouta-t-il.<\/p>\n<p><p>Faisant remarquer que l&rsquo;Internet est le medium qui attire les jeunes, Paulsen a aussi avanc\u00e9 que les jeunes de l&rsquo;\u00e9glise ont aussi un r\u00f4le \u00e0 jouer dans le <\/p>\n<p>.<\/p>\n<p><p>\u00ab\u00a0Les jeunes font partie de l&rsquo;\u00e9glise.  Je dis au jeunes, &lsquo;L&rsquo;\u00e9glise c&rsquo;est vous.  Vous devez vous mettre \u00e0 la disposition de l&rsquo;\u00e9glise et y faire partie, et vous impliquer dans ce que Dieu veut faire,'\u00a0\u00bb a-t-il dit.<\/p>\n<p><p>L&rsquo;Eglise peut-elle r\u00e9aliser le d\u00e9fi de partager le Message avec les 6.5 milliards de personnes de la plan\u00e8te?  \u00ab\u00a0Je pense que nous le pouvons,\u00a0\u00bb dit Paulsen, en notant qu&rsquo;au cours du r\u00e9cent effort d\u00e9nomm\u00e9 \u00ab\u00a0Semez 1 milliard\u00a0\u00bb 900 millions d&rsquo;invitations d&rsquo;\u00e9tudes de la Bible ont \u00e9t\u00e9 distribu\u00e9es \u00e0 travers le monde jusqu&rsquo;\u00e0 date.<\/p>\n<p><p>\u00ab\u00a0Mais cela importe peu la fa\u00e7on que vous et moi prenions les d\u00e9cisions cruciales de notre engagement, ou si je peux le faire ou non.  Dieu demande seulement de vous et de moi et de Son Eglise de faire de son mieux, de donner de son mieux, assurez vous que vous \u00eates impliqu\u00e9s, engagez vous de tout votre \u00eatre &#8211;s&rsquo;il vous plait, ne soyez pas un observateur; ne vous contentez pas seulement d&rsquo;observer ce qui se passe.  Soyez un partenaire dans la mission de l&rsquo;\u00e9glise,\u00a0\u00bb dit-il.<\/p>\n<p><p>Depuis l&rsquo;organisation de la direction de l&rsquo;oeuvre en 1863, l&rsquo;Eglise Adventiste du Septi\u00e8me jour a vis\u00e9 une mission qui a permis la propagation du message \u00e0 203 pays et territoires \u00e0 travers le monde.  Plus d&rsquo;informations sur \u00ab\u00a0Proclamez Au Monde\u00a0\u00bb peuvent \u00eatre recueillies sur le http:\/\/www.adventistmission.org\/article.php?id=186.<\/p>\n","protected":false},"excerpt":{"rendered":"<p>La Formation Spirituelle bas\u00e9e sur la Bible et l&rsquo;engagement dans la mission de l&rsquo;Eglise pour \u00ab\u00a0Proclamez au Monde\u00a0\u00bb&#8230;<\/p>\n","protected":false},"author":1,"featured_media":0,"comment_status":"closed","ping_status":"closed","sticky":false,"template":"","format":"standard","meta":{"_acf_changed":false,"footnotes":""},"categories":[9],"tags":[],"class_list":["post-12482","post","type-post","status-publish","format-standard","hentry","category-archive-fr"],"acf":[],"yoast_head":"<!-- This site is optimized with the Yoast SEO plugin v27.3 - https:\/\/yoast.com\/product\/yoast-seo-wordpress\/ -->\n<title>Eglise Mondiale: Formation Spirituelle, Une Participation Essentielle au Travail des Missions, d\u00e9clare Paulsen - \u00c9glise Adventiste Du Septieme Jour - Inter Am\u00e9rique Division<\/title>\n<meta name=\"robots\" content=\"index, follow, max-snippet:-1, max-image-preview:large, max-video-preview:-1\" \/>\n<link rel=\"canonical\" href=\"https:\/\/interamerica.org\/fr\/2006\/01\/eglise-mondiale-formation-spirituelle-une-participation-essentielle-au-travail-des-missions-declare-paulsen\/\" \/>\n<meta property=\"og:locale\" content=\"fr_FR\" \/>\n<meta property=\"og:type\" content=\"article\" \/>\n<meta property=\"og:title\" content=\"Eglise Mondiale: Formation Spirituelle, Une Participation Essentielle au Travail des Missions, d\u00e9clare Paulsen - \u00c9glise Adventiste Du Septieme Jour - Inter Am\u00e9rique Division\" \/>\n<meta property=\"og:description\" content=\"La Formation Spirituelle bas\u00e9e sur la Bible et l&#039;engagement dans la mission de l&#039;Eglise pour &quot;Proclamez au Monde&quot;...\" \/>\n<meta property=\"og:url\" content=\"https:\/\/interamerica.org\/fr\/2006\/01\/eglise-mondiale-formation-spirituelle-une-participation-essentielle-au-travail-des-missions-declare-paulsen\/\" \/>\n<meta property=\"og:site_name\" content=\"\u00c9glise Adventiste Du Septieme Jour - Inter Am\u00e9rique Division\" \/>\n<meta property=\"article:published_time\" content=\"2006-01-10T04:00:00+00:00\" \/>\n<meta property=\"article:modified_time\" content=\"2017-06-02T17:18:05+00:00\" \/>\n<meta name=\"author\" content=\"Lorenzo Verduzco\" \/>\n<meta name=\"twitter:card\" content=\"summary_large_image\" \/>\n<meta name=\"twitter:label1\" content=\"\u00c9crit par\" \/>\n\t<meta name=\"twitter:data1\" content=\"Lorenzo Verduzco\" \/>\n\t<meta name=\"twitter:label2\" content=\"Dur\u00e9e de lecture estim\u00e9e\" \/>\n\t<meta name=\"twitter:data2\" content=\"5 minutes\" \/>\n<script type=\"application\/ld+json\" class=\"yoast-schema-graph\">{\"@context\":\"https:\\\/\\\/schema.org\",\"@graph\":[{\"@type\":\"Article\",\"@id\":\"https:\\\/\\\/interamerica.org\\\/fr\\\/2006\\\/01\\\/eglise-mondiale-formation-spirituelle-une-participation-essentielle-au-travail-des-missions-declare-paulsen\\\/#article\",\"isPartOf\":{\"@id\":\"https:\\\/\\\/interamerica.org\\\/fr\\\/2006\\\/01\\\/eglise-mondiale-formation-spirituelle-une-participation-essentielle-au-travail-des-missions-declare-paulsen\\\/\"},\"author\":{\"name\":\"Lorenzo Verduzco\",\"@id\":\"https:\\\/\\\/interamerica.org\\\/fr\\\/#\\\/schema\\\/person\\\/68ede8bdc292885bb76c1e3810e73c39\"},\"headline\":\"Eglise Mondiale: Formation Spirituelle, Une Participation Essentielle au Travail des Missions, d\u00e9clare Paulsen\",\"datePublished\":\"2006-01-10T04:00:00+00:00\",\"dateModified\":\"2017-06-02T17:18:05+00:00\",\"mainEntityOfPage\":{\"@id\":\"https:\\\/\\\/interamerica.org\\\/fr\\\/2006\\\/01\\\/eglise-mondiale-formation-spirituelle-une-participation-essentielle-au-travail-des-missions-declare-paulsen\\\/\"},\"wordCount\":1143,\"articleSection\":[\"Archive\"],\"inLanguage\":\"fr-FR\"},{\"@type\":\"WebPage\",\"@id\":\"https:\\\/\\\/interamerica.org\\\/fr\\\/2006\\\/01\\\/eglise-mondiale-formation-spirituelle-une-participation-essentielle-au-travail-des-missions-declare-paulsen\\\/\",\"url\":\"https:\\\/\\\/interamerica.org\\\/fr\\\/2006\\\/01\\\/eglise-mondiale-formation-spirituelle-une-participation-essentielle-au-travail-des-missions-declare-paulsen\\\/\",\"name\":\"Eglise Mondiale: Formation Spirituelle, Une Participation Essentielle au Travail des Missions, d\u00e9clare Paulsen - \u00c9glise Adventiste Du Septieme Jour - Inter Am\u00e9rique Division\",\"isPartOf\":{\"@id\":\"https:\\\/\\\/interamerica.org\\\/fr\\\/#website\"},\"datePublished\":\"2006-01-10T04:00:00+00:00\",\"dateModified\":\"2017-06-02T17:18:05+00:00\",\"author\":{\"@id\":\"https:\\\/\\\/interamerica.org\\\/fr\\\/#\\\/schema\\\/person\\\/68ede8bdc292885bb76c1e3810e73c39\"},\"breadcrumb\":{\"@id\":\"https:\\\/\\\/interamerica.org\\\/fr\\\/2006\\\/01\\\/eglise-mondiale-formation-spirituelle-une-participation-essentielle-au-travail-des-missions-declare-paulsen\\\/#breadcrumb\"},\"inLanguage\":\"fr-FR\",\"potentialAction\":[{\"@type\":\"ReadAction\",\"target\":[\"https:\\\/\\\/interamerica.org\\\/fr\\\/2006\\\/01\\\/eglise-mondiale-formation-spirituelle-une-participation-essentielle-au-travail-des-missions-declare-paulsen\\\/\"]}]},{\"@type\":\"BreadcrumbList\",\"@id\":\"https:\\\/\\\/interamerica.org\\\/fr\\\/2006\\\/01\\\/eglise-mondiale-formation-spirituelle-une-participation-essentielle-au-travail-des-missions-declare-paulsen\\\/#breadcrumb\",\"itemListElement\":[{\"@type\":\"ListItem\",\"position\":1,\"name\":\"Home\",\"item\":\"https:\\\/\\\/interamerica.org\\\/fr\\\/\"},{\"@type\":\"ListItem\",\"position\":2,\"name\":\"Eglise Mondiale: Formation Spirituelle, Une Participation Essentielle au Travail des Missions, d\u00e9clare Paulsen\"}]},{\"@type\":\"WebSite\",\"@id\":\"https:\\\/\\\/interamerica.org\\\/fr\\\/#website\",\"url\":\"https:\\\/\\\/interamerica.org\\\/fr\\\/\",\"name\":\"\u00c9glise Adventiste Du Septieme Jour - Inter Am\u00e9rique Division\",\"description\":\"\",\"potentialAction\":[{\"@type\":\"SearchAction\",\"target\":{\"@type\":\"EntryPoint\",\"urlTemplate\":\"https:\\\/\\\/interamerica.org\\\/fr\\\/?s={search_term_string}\"},\"query-input\":{\"@type\":\"PropertyValueSpecification\",\"valueRequired\":true,\"valueName\":\"search_term_string\"}}],\"inLanguage\":\"fr-FR\"},{\"@type\":\"Person\",\"@id\":\"https:\\\/\\\/interamerica.org\\\/fr\\\/#\\\/schema\\\/person\\\/68ede8bdc292885bb76c1e3810e73c39\",\"name\":\"Lorenzo Verduzco\",\"image\":{\"@type\":\"ImageObject\",\"inLanguage\":\"fr-FR\",\"@id\":\"https:\\\/\\\/secure.gravatar.com\\\/avatar\\\/fb81a55b6218459490a9c1dc841a34909185b81904c5337b4b27f7a6fd60c49e?s=96&d=mm&r=g\",\"url\":\"https:\\\/\\\/secure.gravatar.com\\\/avatar\\\/fb81a55b6218459490a9c1dc841a34909185b81904c5337b4b27f7a6fd60c49e?s=96&d=mm&r=g\",\"contentUrl\":\"https:\\\/\\\/secure.gravatar.com\\\/avatar\\\/fb81a55b6218459490a9c1dc841a34909185b81904c5337b4b27f7a6fd60c49e?s=96&d=mm&r=g\",\"caption\":\"Lorenzo Verduzco\"}}]}<\/script>\n<!-- \/ Yoast SEO plugin. -->","yoast_head_json":{"title":"Eglise Mondiale: Formation Spirituelle, Une Participation Essentielle au Travail des Missions, d\u00e9clare Paulsen - \u00c9glise Adventiste Du Septieme Jour - Inter Am\u00e9rique Division","robots":{"index":"index","follow":"follow","max-snippet":"max-snippet:-1","max-image-preview":"max-image-preview:large","max-video-preview":"max-video-preview:-1"},"canonical":"https:\/\/interamerica.org\/fr\/2006\/01\/eglise-mondiale-formation-spirituelle-une-participation-essentielle-au-travail-des-missions-declare-paulsen\/","og_locale":"fr_FR","og_type":"article","og_title":"Eglise Mondiale: Formation Spirituelle, Une Participation Essentielle au Travail des Missions, d\u00e9clare Paulsen - \u00c9glise Adventiste Du Septieme Jour - Inter Am\u00e9rique Division","og_description":"La Formation Spirituelle bas\u00e9e sur la Bible et l'engagement dans la mission de l'Eglise pour \"Proclamez au Monde\"...","og_url":"https:\/\/interamerica.org\/fr\/2006\/01\/eglise-mondiale-formation-spirituelle-une-participation-essentielle-au-travail-des-missions-declare-paulsen\/","og_site_name":"\u00c9glise Adventiste Du Septieme Jour - Inter Am\u00e9rique Division","article_published_time":"2006-01-10T04:00:00+00:00","article_modified_time":"2017-06-02T17:18:05+00:00","author":"Lorenzo Verduzco","twitter_card":"summary_large_image","twitter_misc":{"\u00c9crit par":"Lorenzo Verduzco","Dur\u00e9e de lecture estim\u00e9e":"5 minutes"},"schema":{"@context":"https:\/\/schema.org","@graph":[{"@type":"Article","@id":"https:\/\/interamerica.org\/fr\/2006\/01\/eglise-mondiale-formation-spirituelle-une-participation-essentielle-au-travail-des-missions-declare-paulsen\/#article","isPartOf":{"@id":"https:\/\/interamerica.org\/fr\/2006\/01\/eglise-mondiale-formation-spirituelle-une-participation-essentielle-au-travail-des-missions-declare-paulsen\/"},"author":{"name":"Lorenzo Verduzco","@id":"https:\/\/interamerica.org\/fr\/#\/schema\/person\/68ede8bdc292885bb76c1e3810e73c39"},"headline":"Eglise Mondiale: Formation Spirituelle, Une Participation Essentielle au Travail des Missions, d\u00e9clare Paulsen","datePublished":"2006-01-10T04:00:00+00:00","dateModified":"2017-06-02T17:18:05+00:00","mainEntityOfPage":{"@id":"https:\/\/interamerica.org\/fr\/2006\/01\/eglise-mondiale-formation-spirituelle-une-participation-essentielle-au-travail-des-missions-declare-paulsen\/"},"wordCount":1143,"articleSection":["Archive"],"inLanguage":"fr-FR"},{"@type":"WebPage","@id":"https:\/\/interamerica.org\/fr\/2006\/01\/eglise-mondiale-formation-spirituelle-une-participation-essentielle-au-travail-des-missions-declare-paulsen\/","url":"https:\/\/interamerica.org\/fr\/2006\/01\/eglise-mondiale-formation-spirituelle-une-participation-essentielle-au-travail-des-missions-declare-paulsen\/","name":"Eglise Mondiale: Formation Spirituelle, Une Participation Essentielle au Travail des Missions, d\u00e9clare Paulsen - \u00c9glise Adventiste Du Septieme Jour - Inter Am\u00e9rique Division","isPartOf":{"@id":"https:\/\/interamerica.org\/fr\/#website"},"datePublished":"2006-01-10T04:00:00+00:00","dateModified":"2017-06-02T17:18:05+00:00","author":{"@id":"https:\/\/interamerica.org\/fr\/#\/schema\/person\/68ede8bdc292885bb76c1e3810e73c39"},"breadcrumb":{"@id":"https:\/\/interamerica.org\/fr\/2006\/01\/eglise-mondiale-formation-spirituelle-une-participation-essentielle-au-travail-des-missions-declare-paulsen\/#breadcrumb"},"inLanguage":"fr-FR","potentialAction":[{"@type":"ReadAction","target":["https:\/\/interamerica.org\/fr\/2006\/01\/eglise-mondiale-formation-spirituelle-une-participation-essentielle-au-travail-des-missions-declare-paulsen\/"]}]},{"@type":"BreadcrumbList","@id":"https:\/\/interamerica.org\/fr\/2006\/01\/eglise-mondiale-formation-spirituelle-une-participation-essentielle-au-travail-des-missions-declare-paulsen\/#breadcrumb","itemListElement":[{"@type":"ListItem","position":1,"name":"Home","item":"https:\/\/interamerica.org\/fr\/"},{"@type":"ListItem","position":2,"name":"Eglise Mondiale: Formation Spirituelle, Une Participation Essentielle au Travail des Missions, d\u00e9clare Paulsen"}]},{"@type":"WebSite","@id":"https:\/\/interamerica.org\/fr\/#website","url":"https:\/\/interamerica.org\/fr\/","name":"\u00c9glise Adventiste Du Septieme Jour - Inter Am\u00e9rique Division","description":"","potentialAction":[{"@type":"SearchAction","target":{"@type":"EntryPoint","urlTemplate":"https:\/\/interamerica.org\/fr\/?s={search_term_string}"},"query-input":{"@type":"PropertyValueSpecification","valueRequired":true,"valueName":"search_term_string"}}],"inLanguage":"fr-FR"},{"@type":"Person","@id":"https:\/\/interamerica.org\/fr\/#\/schema\/person\/68ede8bdc292885bb76c1e3810e73c39","name":"Lorenzo Verduzco","image":{"@type":"ImageObject","inLanguage":"fr-FR","@id":"https:\/\/secure.gravatar.com\/avatar\/fb81a55b6218459490a9c1dc841a34909185b81904c5337b4b27f7a6fd60c49e?s=96&d=mm&r=g","url":"https:\/\/secure.gravatar.com\/avatar\/fb81a55b6218459490a9c1dc841a34909185b81904c5337b4b27f7a6fd60c49e?s=96&d=mm&r=g","contentUrl":"https:\/\/secure.gravatar.com\/avatar\/fb81a55b6218459490a9c1dc841a34909185b81904c5337b4b27f7a6fd60c49e?s=96&d=mm&r=g","caption":"Lorenzo Verduzco"}}]}},"_links":{"self":[{"href":"https:\/\/interamerica.org\/fr\/wp-json\/wp\/v2\/posts\/12482","targetHints":{"allow":["GET"]}}],"collection":[{"href":"https:\/\/interamerica.org\/fr\/wp-json\/wp\/v2\/posts"}],"about":[{"href":"https:\/\/interamerica.org\/fr\/wp-json\/wp\/v2\/types\/post"}],"author":[{"embeddable":true,"href":"https:\/\/interamerica.org\/fr\/wp-json\/wp\/v2\/users\/1"}],"replies":[{"embeddable":true,"href":"https:\/\/interamerica.org\/fr\/wp-json\/wp\/v2\/comments?post=12482"}],"version-history":[{"count":0,"href":"https:\/\/interamerica.org\/fr\/wp-json\/wp\/v2\/posts\/12482\/revisions"}],"wp:attachment":[{"href":"https:\/\/interamerica.org\/fr\/wp-json\/wp\/v2\/media?parent=12482"}],"wp:term":[{"taxonomy":"category","embeddable":true,"href":"https:\/\/interamerica.org\/fr\/wp-json\/wp\/v2\/categories?post=12482"},{"taxonomy":"post_tag","embeddable":true,"href":"https:\/\/interamerica.org\/fr\/wp-json\/wp\/v2\/tags?post=12482"}],"curies":[{"name":"wp","href":"https:\/\/api.w.org\/{rel}","templated":true}]}}