{"id":12483,"date":"2006-01-06T00:00:00","date_gmt":"2006-01-06T04:00:00","guid":{"rendered":"http:\/\/192.81.217.108\/interamerica\/2006\/01\/linter-amerique-commence-2006-sur-une-note-spirituel\/"},"modified":"2017-06-02T13:18:05","modified_gmt":"2017-06-02T17:18:05","slug":"linter-amerique-commence-2006-sur-une-note-spirituel","status":"publish","type":"post","link":"https:\/\/interamerica.org\/fr\/2006\/01\/linter-amerique-commence-2006-sur-une-note-spirituel\/","title":{"rendered":"L&rsquo;inter-Am\u00e9rique Commence 2006 Sur une Note Spirituel"},"content":{"rendered":"<p>Miami, Floride, \u00c9tats-Unis<\/p>\n<p>L&rsquo;inter-Am\u00e9rique Commence 2006 Sur un Ton Spirituel<\/p>\n<p>Pour commencer le nouvel an, les dirigeants de l&rsquo;\u00e9glise et le personnel se sont rassembl\u00e9s pour un programme spirituel sp\u00e9cial et un concert musical au si\u00e8ge social de la Division Interam\u00e9ricaine \u00e0 Miami, Floride, le 3 janvier 2006.<\/p>\n<p>Le pasteur Isra\u00ebl Le\u00efto, pr\u00e9sident de l&rsquo;\u00c9glise Adventiste du Septi\u00e8me Jour en Inter Am\u00e9rique a souhait\u00e9 la bienvenue \u00e0 tous les pr\u00e9sents et les a exhort\u00e9 \u00e0 devenir de meilleures personnes et \u00e0 faire montre de fid\u00e9lit\u00e9 chr\u00e9tienne, tandis que d\u00e9bute cette nouvelle ann\u00e9e.<\/p>\n<p>\u00ab\u00a0Nous disposons &#8230; d&rsquo;une autre ann\u00e9e pour encore voir des gens recevoir et accepter la gr\u00e2ce de J\u00e9sus Christ,\u00a0\u00bb a dit Pasteur Le\u00efto, \u00ab\u00a0d&rsquo;une autre ann\u00e9e pour voir des fid\u00e8les refusant d&rsquo;\u00eatre mis en quarantaine et continuant \u00e0 \u00eatre actif dans la proclamation de la gloire du Seigneur \u00e0 d&rsquo;autres \u2026 nous ferons tout notre possible pour parler aux autres de Son Retour.<\/p>\n<p>\u00ab\u00a0Une bonne et heureuse ann\u00e9e doit \u00eatre une b\u00e9n\u00e9diction pour les autres et pour nous,\u00a0\u00bb a-t-il continu\u00e9. \u00ab\u00a0Croissons en sagesse, grandissons dans le Seigneur.\u00a0\u00bb<\/p>\n<p>L&rsquo;orateur invit\u00e9 pour la matin\u00e9e \u00e9tait Dr Dionisio Christian, secr\u00e9taire itin\u00e9rant de la IAD, actuellement retrait\u00e9. Il pr\u00e9senta aux directeurs de d\u00e9partement et au personnel du bureau ce qui devrait \u00eatre important et de valeur pour le Nouvel an. Il appuya son message sur la d\u00e9claration de l&rsquo;Ap\u00f4tre Paul dans 1 Cor. 3.10-13. <\/p>\n<p>\u00ab\u00a0Vous et moi, nous sommes des collaborateurs avec Dieu dans Son service &#8230; nous avons l&rsquo;opportunit\u00e9 de construire sur Christ notre fondation,\u00a0\u00bb.<\/p>\n<p>\u00ab\u00a0Utilisez fid\u00e8lement vos talents \u00e0 Son Service ; quelquefois nous perdons de vue la grandeur de ce Mouvement&#8230; Ce que nous faisons pour Dieu a de l&rsquo;importance. Nous sommes exhort\u00e9s \u00e0 accomplir Son \u0153uvre maintenant et correctement,\u00a0\u00bb a-t-il ajout\u00e9. <\/p>\n<p>Dr Christian a invit\u00e9 chacune des personnes pr\u00e9sentes \u00e0 faire de 2006 une ann\u00e9e pendant laquelle \u00ab\u00a0unis \u00e0 J\u00e9sus Christ nous accomplirons notre t\u00e2che pour le Seigneur, tout en \u00e9tant rempli de l&rsquo;Esprit.\u00a0\u00bb<\/p>\n<p>Avec ce programme d&rsquo;adoration, il y avait aussi un concert musical pr\u00e9sent\u00e9 par Sharon et Leonel Rodriguez, p\u00e8re et fille, en duo musical, venus du Guatemala. Sharon travaille comme animatrice radio \u00e0 Adventist Union Radio et Leonel est ancien d&rsquo;\u00e9glise et dirige un groupe musical adventiste, depuis plus de 20 ans.<\/p>\n<p>Le programme du matin se termina avec le \u00ab\u00a0petit d\u00e9jeuner de d\u00e9but d&rsquo;ann\u00e9e amical et traditionnel de la IAD\u00a0\u00bb.<\/p>\n","protected":false},"excerpt":{"rendered":"<p>Pour commencer le nouvel an, les dirigeants de l&rsquo;\u00e9glise et le personnel se sont rassembl\u00e9s pour un programme spirituel sp\u00e9cial et un concert musical au si\u00e8ge social de la Division Interam\u00e9ricaine \u00e0 Miami, Floride, le 3 janvier 2006.<\/p>\n","protected":false},"author":1,"featured_media":0,"comment_status":"closed","ping_status":"closed","sticky":false,"template":"","format":"standard","meta":{"_acf_changed":false,"footnotes":""},"categories":[9],"tags":[],"class_list":["post-12483","post","type-post","status-publish","format-standard","hentry","category-archive-fr"],"acf":[],"yoast_head":"<!-- This site is optimized with the Yoast SEO plugin v27.3 - https:\/\/yoast.com\/product\/yoast-seo-wordpress\/ -->\n<title>L&#039;inter-Am\u00e9rique Commence 2006 Sur une Note Spirituel - \u00c9glise Adventiste Du Septieme Jour - Inter Am\u00e9rique Division<\/title>\n<meta name=\"robots\" content=\"index, follow, max-snippet:-1, max-image-preview:large, max-video-preview:-1\" \/>\n<link rel=\"canonical\" href=\"https:\/\/interamerica.org\/fr\/2006\/01\/linter-amerique-commence-2006-sur-une-note-spirituel\/\" \/>\n<meta property=\"og:locale\" content=\"fr_FR\" \/>\n<meta property=\"og:type\" content=\"article\" \/>\n<meta property=\"og:title\" content=\"L&#039;inter-Am\u00e9rique Commence 2006 Sur une Note Spirituel - \u00c9glise Adventiste Du Septieme Jour - Inter Am\u00e9rique Division\" \/>\n<meta property=\"og:description\" content=\"Pour commencer le nouvel an, les dirigeants de l&#039;\u00e9glise et le personnel se sont rassembl\u00e9s pour un programme spirituel sp\u00e9cial et un concert musical au si\u00e8ge social de la Division Interam\u00e9ricaine \u00e0 Miami, Floride, le 3 janvier 2006.\" \/>\n<meta property=\"og:url\" content=\"https:\/\/interamerica.org\/fr\/2006\/01\/linter-amerique-commence-2006-sur-une-note-spirituel\/\" \/>\n<meta property=\"og:site_name\" content=\"\u00c9glise Adventiste Du Septieme Jour - Inter Am\u00e9rique Division\" \/>\n<meta property=\"article:published_time\" content=\"2006-01-06T04:00:00+00:00\" \/>\n<meta property=\"article:modified_time\" content=\"2017-06-02T17:18:05+00:00\" \/>\n<meta name=\"author\" content=\"Lorenzo Verduzco\" \/>\n<meta name=\"twitter:card\" content=\"summary_large_image\" \/>\n<meta name=\"twitter:label1\" content=\"\u00c9crit par\" \/>\n\t<meta name=\"twitter:data1\" content=\"Lorenzo Verduzco\" \/>\n\t<meta name=\"twitter:label2\" content=\"Dur\u00e9e de lecture estim\u00e9e\" \/>\n\t<meta name=\"twitter:data2\" content=\"2 minutes\" \/>\n<script type=\"application\/ld+json\" class=\"yoast-schema-graph\">{\"@context\":\"https:\\\/\\\/schema.org\",\"@graph\":[{\"@type\":\"Article\",\"@id\":\"https:\\\/\\\/interamerica.org\\\/fr\\\/2006\\\/01\\\/linter-amerique-commence-2006-sur-une-note-spirituel\\\/#article\",\"isPartOf\":{\"@id\":\"https:\\\/\\\/interamerica.org\\\/fr\\\/2006\\\/01\\\/linter-amerique-commence-2006-sur-une-note-spirituel\\\/\"},\"author\":{\"name\":\"Lorenzo Verduzco\",\"@id\":\"https:\\\/\\\/interamerica.org\\\/fr\\\/#\\\/schema\\\/person\\\/68ede8bdc292885bb76c1e3810e73c39\"},\"headline\":\"L&rsquo;inter-Am\u00e9rique Commence 2006 Sur une Note Spirituel\",\"datePublished\":\"2006-01-06T04:00:00+00:00\",\"dateModified\":\"2017-06-02T17:18:05+00:00\",\"mainEntityOfPage\":{\"@id\":\"https:\\\/\\\/interamerica.org\\\/fr\\\/2006\\\/01\\\/linter-amerique-commence-2006-sur-une-note-spirituel\\\/\"},\"wordCount\":440,\"articleSection\":[\"Archive\"],\"inLanguage\":\"fr-FR\"},{\"@type\":\"WebPage\",\"@id\":\"https:\\\/\\\/interamerica.org\\\/fr\\\/2006\\\/01\\\/linter-amerique-commence-2006-sur-une-note-spirituel\\\/\",\"url\":\"https:\\\/\\\/interamerica.org\\\/fr\\\/2006\\\/01\\\/linter-amerique-commence-2006-sur-une-note-spirituel\\\/\",\"name\":\"L'inter-Am\u00e9rique Commence 2006 Sur une Note Spirituel - \u00c9glise Adventiste Du Septieme Jour - Inter Am\u00e9rique Division\",\"isPartOf\":{\"@id\":\"https:\\\/\\\/interamerica.org\\\/fr\\\/#website\"},\"datePublished\":\"2006-01-06T04:00:00+00:00\",\"dateModified\":\"2017-06-02T17:18:05+00:00\",\"author\":{\"@id\":\"https:\\\/\\\/interamerica.org\\\/fr\\\/#\\\/schema\\\/person\\\/68ede8bdc292885bb76c1e3810e73c39\"},\"breadcrumb\":{\"@id\":\"https:\\\/\\\/interamerica.org\\\/fr\\\/2006\\\/01\\\/linter-amerique-commence-2006-sur-une-note-spirituel\\\/#breadcrumb\"},\"inLanguage\":\"fr-FR\",\"potentialAction\":[{\"@type\":\"ReadAction\",\"target\":[\"https:\\\/\\\/interamerica.org\\\/fr\\\/2006\\\/01\\\/linter-amerique-commence-2006-sur-une-note-spirituel\\\/\"]}]},{\"@type\":\"BreadcrumbList\",\"@id\":\"https:\\\/\\\/interamerica.org\\\/fr\\\/2006\\\/01\\\/linter-amerique-commence-2006-sur-une-note-spirituel\\\/#breadcrumb\",\"itemListElement\":[{\"@type\":\"ListItem\",\"position\":1,\"name\":\"Home\",\"item\":\"https:\\\/\\\/interamerica.org\\\/fr\\\/\"},{\"@type\":\"ListItem\",\"position\":2,\"name\":\"L&rsquo;inter-Am\u00e9rique Commence 2006 Sur une Note Spirituel\"}]},{\"@type\":\"WebSite\",\"@id\":\"https:\\\/\\\/interamerica.org\\\/fr\\\/#website\",\"url\":\"https:\\\/\\\/interamerica.org\\\/fr\\\/\",\"name\":\"\u00c9glise Adventiste Du Septieme Jour - Inter Am\u00e9rique Division\",\"description\":\"\",\"potentialAction\":[{\"@type\":\"SearchAction\",\"target\":{\"@type\":\"EntryPoint\",\"urlTemplate\":\"https:\\\/\\\/interamerica.org\\\/fr\\\/?s={search_term_string}\"},\"query-input\":{\"@type\":\"PropertyValueSpecification\",\"valueRequired\":true,\"valueName\":\"search_term_string\"}}],\"inLanguage\":\"fr-FR\"},{\"@type\":\"Person\",\"@id\":\"https:\\\/\\\/interamerica.org\\\/fr\\\/#\\\/schema\\\/person\\\/68ede8bdc292885bb76c1e3810e73c39\",\"name\":\"Lorenzo Verduzco\",\"image\":{\"@type\":\"ImageObject\",\"inLanguage\":\"fr-FR\",\"@id\":\"https:\\\/\\\/secure.gravatar.com\\\/avatar\\\/fb81a55b6218459490a9c1dc841a34909185b81904c5337b4b27f7a6fd60c49e?s=96&d=mm&r=g\",\"url\":\"https:\\\/\\\/secure.gravatar.com\\\/avatar\\\/fb81a55b6218459490a9c1dc841a34909185b81904c5337b4b27f7a6fd60c49e?s=96&d=mm&r=g\",\"contentUrl\":\"https:\\\/\\\/secure.gravatar.com\\\/avatar\\\/fb81a55b6218459490a9c1dc841a34909185b81904c5337b4b27f7a6fd60c49e?s=96&d=mm&r=g\",\"caption\":\"Lorenzo Verduzco\"}}]}<\/script>\n<!-- \/ Yoast SEO plugin. -->","yoast_head_json":{"title":"L'inter-Am\u00e9rique Commence 2006 Sur une Note Spirituel - \u00c9glise Adventiste Du Septieme Jour - Inter Am\u00e9rique Division","robots":{"index":"index","follow":"follow","max-snippet":"max-snippet:-1","max-image-preview":"max-image-preview:large","max-video-preview":"max-video-preview:-1"},"canonical":"https:\/\/interamerica.org\/fr\/2006\/01\/linter-amerique-commence-2006-sur-une-note-spirituel\/","og_locale":"fr_FR","og_type":"article","og_title":"L'inter-Am\u00e9rique Commence 2006 Sur une Note Spirituel - \u00c9glise Adventiste Du Septieme Jour - Inter Am\u00e9rique Division","og_description":"Pour commencer le nouvel an, les dirigeants de l'\u00e9glise et le personnel se sont rassembl\u00e9s pour un programme spirituel sp\u00e9cial et un concert musical au si\u00e8ge social de la Division Interam\u00e9ricaine \u00e0 Miami, Floride, le 3 janvier 2006.","og_url":"https:\/\/interamerica.org\/fr\/2006\/01\/linter-amerique-commence-2006-sur-une-note-spirituel\/","og_site_name":"\u00c9glise Adventiste Du Septieme Jour - Inter Am\u00e9rique Division","article_published_time":"2006-01-06T04:00:00+00:00","article_modified_time":"2017-06-02T17:18:05+00:00","author":"Lorenzo Verduzco","twitter_card":"summary_large_image","twitter_misc":{"\u00c9crit par":"Lorenzo Verduzco","Dur\u00e9e de lecture estim\u00e9e":"2 minutes"},"schema":{"@context":"https:\/\/schema.org","@graph":[{"@type":"Article","@id":"https:\/\/interamerica.org\/fr\/2006\/01\/linter-amerique-commence-2006-sur-une-note-spirituel\/#article","isPartOf":{"@id":"https:\/\/interamerica.org\/fr\/2006\/01\/linter-amerique-commence-2006-sur-une-note-spirituel\/"},"author":{"name":"Lorenzo Verduzco","@id":"https:\/\/interamerica.org\/fr\/#\/schema\/person\/68ede8bdc292885bb76c1e3810e73c39"},"headline":"L&rsquo;inter-Am\u00e9rique Commence 2006 Sur une Note Spirituel","datePublished":"2006-01-06T04:00:00+00:00","dateModified":"2017-06-02T17:18:05+00:00","mainEntityOfPage":{"@id":"https:\/\/interamerica.org\/fr\/2006\/01\/linter-amerique-commence-2006-sur-une-note-spirituel\/"},"wordCount":440,"articleSection":["Archive"],"inLanguage":"fr-FR"},{"@type":"WebPage","@id":"https:\/\/interamerica.org\/fr\/2006\/01\/linter-amerique-commence-2006-sur-une-note-spirituel\/","url":"https:\/\/interamerica.org\/fr\/2006\/01\/linter-amerique-commence-2006-sur-une-note-spirituel\/","name":"L'inter-Am\u00e9rique Commence 2006 Sur une Note Spirituel - \u00c9glise Adventiste Du Septieme Jour - Inter Am\u00e9rique Division","isPartOf":{"@id":"https:\/\/interamerica.org\/fr\/#website"},"datePublished":"2006-01-06T04:00:00+00:00","dateModified":"2017-06-02T17:18:05+00:00","author":{"@id":"https:\/\/interamerica.org\/fr\/#\/schema\/person\/68ede8bdc292885bb76c1e3810e73c39"},"breadcrumb":{"@id":"https:\/\/interamerica.org\/fr\/2006\/01\/linter-amerique-commence-2006-sur-une-note-spirituel\/#breadcrumb"},"inLanguage":"fr-FR","potentialAction":[{"@type":"ReadAction","target":["https:\/\/interamerica.org\/fr\/2006\/01\/linter-amerique-commence-2006-sur-une-note-spirituel\/"]}]},{"@type":"BreadcrumbList","@id":"https:\/\/interamerica.org\/fr\/2006\/01\/linter-amerique-commence-2006-sur-une-note-spirituel\/#breadcrumb","itemListElement":[{"@type":"ListItem","position":1,"name":"Home","item":"https:\/\/interamerica.org\/fr\/"},{"@type":"ListItem","position":2,"name":"L&rsquo;inter-Am\u00e9rique Commence 2006 Sur une Note Spirituel"}]},{"@type":"WebSite","@id":"https:\/\/interamerica.org\/fr\/#website","url":"https:\/\/interamerica.org\/fr\/","name":"\u00c9glise Adventiste Du Septieme Jour - Inter Am\u00e9rique Division","description":"","potentialAction":[{"@type":"SearchAction","target":{"@type":"EntryPoint","urlTemplate":"https:\/\/interamerica.org\/fr\/?s={search_term_string}"},"query-input":{"@type":"PropertyValueSpecification","valueRequired":true,"valueName":"search_term_string"}}],"inLanguage":"fr-FR"},{"@type":"Person","@id":"https:\/\/interamerica.org\/fr\/#\/schema\/person\/68ede8bdc292885bb76c1e3810e73c39","name":"Lorenzo Verduzco","image":{"@type":"ImageObject","inLanguage":"fr-FR","@id":"https:\/\/secure.gravatar.com\/avatar\/fb81a55b6218459490a9c1dc841a34909185b81904c5337b4b27f7a6fd60c49e?s=96&d=mm&r=g","url":"https:\/\/secure.gravatar.com\/avatar\/fb81a55b6218459490a9c1dc841a34909185b81904c5337b4b27f7a6fd60c49e?s=96&d=mm&r=g","contentUrl":"https:\/\/secure.gravatar.com\/avatar\/fb81a55b6218459490a9c1dc841a34909185b81904c5337b4b27f7a6fd60c49e?s=96&d=mm&r=g","caption":"Lorenzo Verduzco"}}]}},"_links":{"self":[{"href":"https:\/\/interamerica.org\/fr\/wp-json\/wp\/v2\/posts\/12483","targetHints":{"allow":["GET"]}}],"collection":[{"href":"https:\/\/interamerica.org\/fr\/wp-json\/wp\/v2\/posts"}],"about":[{"href":"https:\/\/interamerica.org\/fr\/wp-json\/wp\/v2\/types\/post"}],"author":[{"embeddable":true,"href":"https:\/\/interamerica.org\/fr\/wp-json\/wp\/v2\/users\/1"}],"replies":[{"embeddable":true,"href":"https:\/\/interamerica.org\/fr\/wp-json\/wp\/v2\/comments?post=12483"}],"version-history":[{"count":0,"href":"https:\/\/interamerica.org\/fr\/wp-json\/wp\/v2\/posts\/12483\/revisions"}],"wp:attachment":[{"href":"https:\/\/interamerica.org\/fr\/wp-json\/wp\/v2\/media?parent=12483"}],"wp:term":[{"taxonomy":"category","embeddable":true,"href":"https:\/\/interamerica.org\/fr\/wp-json\/wp\/v2\/categories?post=12483"},{"taxonomy":"post_tag","embeddable":true,"href":"https:\/\/interamerica.org\/fr\/wp-json\/wp\/v2\/tags?post=12483"}],"curies":[{"name":"wp","href":"https:\/\/api.w.org\/{rel}","templated":true}]}}