{"id":12484,"date":"2006-01-12T00:00:00","date_gmt":"2006-01-12T04:00:00","guid":{"rendered":"http:\/\/192.81.217.108\/interamerica\/2006\/01\/inter-amerique-bien-commencer-lannee\/"},"modified":"2017-06-02T13:18:04","modified_gmt":"2017-06-02T17:18:04","slug":"inter-amerique-bien-commencer-lannee","status":"publish","type":"post","link":"https:\/\/interamerica.org\/fr\/2006\/01\/inter-amerique-bien-commencer-lannee\/","title":{"rendered":"Inter-Am\u00e9rique: Bien Commencer l&rsquo;Ann\u00e9e\u00a0"},"content":{"rendered":"<p>Miami, Florida, Etats-Unis d&rsquo;Am\u00e9rique&#8230; (Libna Stevens\/DIA)<\/p>\n<p><p>Remplie d&rsquo;\u00e9v\u00e8nement importants et de r\u00e9unions programm\u00e9es, l&rsquo;ann\u00e9e 2006 promet de donner le ton au reste du quinquennat \u00e0 travers la Division Inter-Am\u00e9ricaine<\/p>\n<p><p>Au cours du premier trimestre seulement, trois importantes r\u00e9unions auront lieu au quartier du bureau de la Division \u00e0 Miami.<\/p>\n<p><p>La premi\u00e8re, dans peu de jour, r\u00e9unira plus de 100 dirigeants de la DIA ainsi que des dirigeants du monde entier.<\/p>\n<p><p>Le Sommet de la DIA sur l&rsquo;Evang\u00e9lisation et la Mission aura lieu le 15 janvier avec pour orateur invit\u00e9 Pasteur Jan Paulsen, pr\u00e9sident de l&rsquo;\u00e9glise mondiale ainsi que plusieurs dirigeants du bureau du quartier g\u00e9n\u00e9ral de Silver Spring, Maryland. Le sommet inaugurera la version de la DIA du mod\u00e8de d&rsquo;Evang\u00e9lisation \u00ab\u00a0Proclamez Au Monde\u00a0\u00bb con\u00e7ue par l&rsquo;Eglise Adventiste pour la p\u00e9riode 2006-2010. Des s\u00e9minaires sur les diff\u00e9rents programmes de cette initiative seront expliqu\u00e9s en d\u00e9tails ainsi que les plans et les motivations d&rsquo;\u00e9vang\u00e9lisation pour les dirigeants de l&rsquo;\u00e9glise et des membres de la DIA. Plus d&rsquo;informations d\u00e9taill\u00e9es sur ce programme d&rsquo;\u00e9vang\u00e9lisation peuvent \u00eatre trouv\u00e9es au<\/p>\n<p><p>https:\/\/recursing-golick.147-182-135-0.plesk.page\/users\/index.php? language=en8type=mainsection&#038;id=4<\/p>\n<p><p>Concours de Bible<\/p>\n<p><p>Le 28 janvier, les 15 finalistes repr\u00e9sentant les 15 r\u00e9gions de la DIA voyageront \u00e0 Caracas, Venezuela pour la comp\u00e9tition finale. Les finalistes faisaient partie d&rsquo;un groupe de centaines de jeune de la division qui avaientt \u00e9tudi\u00e9 le livre \u00ab\u00a0Messages \u00e0 la Jeunesse\u00a0\u00bb d&rsquo;Ellen G. White, au cours de l&rsquo;\u00e9t\u00e9 dernier.<\/p>\n<p><p>La comp\u00e9tition fait partie d&rsquo;une initiative de toute la division mise sur pied par le d\u00e9partement de la Jeunesse pour engager les jeunes \u00e0 l&rsquo;\u00e9tude de la Bible et de l&rsquo;Esprit de Proph\u00e9tie.<\/p>\n<p><p>Le r\u00e9sultat final sera retransmis en direct \u00e0 travers l&rsquo;Internet. Des prix comprendront une bourse d&rsquo;\u00e9tudes compl\u00e8te \u00e0 Montemorelos University ou au Northern Caribbean University ainsi qu&rsquo;\u00e0 la participation de la prochaine Conf\u00e9rence sur le Leadership et la Pri\u00e8re qui sera tenue \u00e0 Miami, Florida. Pour suivre la transmission de la comp\u00e9tition le Sabbat 28 janvier, visitez le www.interamerica.org<\/p>\n<p><p>Conf\u00e9rence sur le Leadership et la Pri\u00e8re<\/p>\n<p><p>Au d\u00e9but de mars, pr\u00e8s de 300 dirigeants du territoire de la Division voyageront \u00e0 Miami, pour la Conf\u00e9rence sur le Leadership et la Pri\u00e8re. Les dirigeants de l&rsquo;\u00e9glise comprendront tous les officiers d&rsquo;\u00e9glise de chaque union et des champs de l&rsquo;Inter-Amerique.<\/p>\n<p><p>La Conf\u00e9rence sur la Pri\u00e8re de la DIA qui aura lieu du  10 au 11 mars pour donner l&rsquo;occasion aux dirigeants de se pencher s\u00e9rieusement sur la pri\u00e8re et la vie de pri\u00e8re. La conf\u00e9rence se concentrera sur la n\u00e9cessit\u00e9 pour les dirigeants de compter sur le Seigneur plus que jamais en vue d&rsquo;accomplir le travail qu&rsquo;Il leur a confi\u00e9, ainsi que sur des questions th\u00e9ologiques concernant la pri\u00e8re, rallumer et revitaliser la participation des membres aux r\u00e9unions de pri\u00e8res hebdomadaires et les aider \u00e0 avoir la passion d&rsquo;une vie de pri\u00e8re. Pour plus d&rsquo;informations sur ces conf\u00e9rences, visitez: www.interamerica.org<\/p>\n<p>La conf\u00e9rence des dirigeants, qui suivra du 12 au 13 mars, revisera les m\u00e9thodes utilis\u00e9es par les dirigeants et leurs effets sur l&rsquo;\u00e9glise de m\u00eame que la formation des nouveaux dirigeants, et la mise en place de s\u00e9minaires de formation sur une base continue \u00e0 travers le territoire chaque deux ans.<\/p>\n<p>\n<p>Comptant 2.6 millions de membres au cours de la p\u00e9riode de ces cinq derni\u00e8res ann\u00e9es, la direction de l&rsquo;\u00e9glise de l&rsquo;Inter-Am\u00e9rique avec l&rsquo;\u00e9tablisssement de nouveaux plans et programmes d&rsquo;\u00e9vang\u00e9lisation vise \u00e0 d\u00e9passer un effectif de 3 millions de membres \u00e0 la fin du quinquennat, qui se terminera en 2010.<\/p>\n<p><p>Pour plus d&rsquo;informations sur les programmes de la DIA du prochain trimestre, visitez www.interamerica.org. <\/p>\n","protected":false},"excerpt":{"rendered":"<p>Remplie d&rsquo;\u00e9v\u00e8nement importants et de r\u00e9unions programm\u00e9es, l&rsquo;ann\u00e9e 2006 promet de donner le ton au reste du quinquennat \u00e0 travers la Division Inter-Am\u00e9ricaine.<\/p>\n","protected":false},"author":1,"featured_media":0,"comment_status":"closed","ping_status":"closed","sticky":false,"template":"","format":"standard","meta":{"_acf_changed":false,"footnotes":""},"categories":[9],"tags":[],"class_list":["post-12484","post","type-post","status-publish","format-standard","hentry","category-archive-fr"],"acf":[],"yoast_head":"<!-- This site is optimized with the Yoast SEO plugin v27.3 - https:\/\/yoast.com\/product\/yoast-seo-wordpress\/ -->\n<title>Inter-Am\u00e9rique: Bien Commencer l&#039;Ann\u00e9e\u00a0 - \u00c9glise Adventiste Du Septieme Jour - Inter Am\u00e9rique Division<\/title>\n<meta name=\"robots\" content=\"index, follow, max-snippet:-1, max-image-preview:large, max-video-preview:-1\" \/>\n<link rel=\"canonical\" href=\"https:\/\/interamerica.org\/fr\/2006\/01\/inter-amerique-bien-commencer-lannee\/\" \/>\n<meta property=\"og:locale\" content=\"fr_FR\" \/>\n<meta property=\"og:type\" content=\"article\" \/>\n<meta property=\"og:title\" content=\"Inter-Am\u00e9rique: Bien Commencer l&#039;Ann\u00e9e\u00a0 - \u00c9glise Adventiste Du Septieme Jour - Inter Am\u00e9rique Division\" \/>\n<meta property=\"og:description\" content=\"Remplie d&#039;\u00e9v\u00e8nement importants et de r\u00e9unions programm\u00e9es, l&#039;ann\u00e9e 2006 promet de donner le ton au reste du quinquennat \u00e0 travers la Division Inter-Am\u00e9ricaine.\" \/>\n<meta property=\"og:url\" content=\"https:\/\/interamerica.org\/fr\/2006\/01\/inter-amerique-bien-commencer-lannee\/\" \/>\n<meta property=\"og:site_name\" content=\"\u00c9glise Adventiste Du Septieme Jour - Inter Am\u00e9rique Division\" \/>\n<meta property=\"article:published_time\" content=\"2006-01-12T04:00:00+00:00\" \/>\n<meta property=\"article:modified_time\" content=\"2017-06-02T17:18:04+00:00\" \/>\n<meta name=\"author\" content=\"Lorenzo Verduzco\" \/>\n<meta name=\"twitter:card\" content=\"summary_large_image\" \/>\n<meta name=\"twitter:label1\" content=\"\u00c9crit par\" \/>\n\t<meta name=\"twitter:data1\" content=\"Lorenzo Verduzco\" \/>\n\t<meta name=\"twitter:label2\" content=\"Dur\u00e9e de lecture estim\u00e9e\" \/>\n\t<meta name=\"twitter:data2\" content=\"3 minutes\" \/>\n<script type=\"application\/ld+json\" class=\"yoast-schema-graph\">{\"@context\":\"https:\\\/\\\/schema.org\",\"@graph\":[{\"@type\":\"Article\",\"@id\":\"https:\\\/\\\/interamerica.org\\\/fr\\\/2006\\\/01\\\/inter-amerique-bien-commencer-lannee\\\/#article\",\"isPartOf\":{\"@id\":\"https:\\\/\\\/interamerica.org\\\/fr\\\/2006\\\/01\\\/inter-amerique-bien-commencer-lannee\\\/\"},\"author\":{\"name\":\"Lorenzo Verduzco\",\"@id\":\"https:\\\/\\\/interamerica.org\\\/fr\\\/#\\\/schema\\\/person\\\/68ede8bdc292885bb76c1e3810e73c39\"},\"headline\":\"Inter-Am\u00e9rique: Bien Commencer l&rsquo;Ann\u00e9e\u00a0\",\"datePublished\":\"2006-01-12T04:00:00+00:00\",\"dateModified\":\"2017-06-02T17:18:04+00:00\",\"mainEntityOfPage\":{\"@id\":\"https:\\\/\\\/interamerica.org\\\/fr\\\/2006\\\/01\\\/inter-amerique-bien-commencer-lannee\\\/\"},\"wordCount\":684,\"articleSection\":[\"Archive\"],\"inLanguage\":\"fr-FR\"},{\"@type\":\"WebPage\",\"@id\":\"https:\\\/\\\/interamerica.org\\\/fr\\\/2006\\\/01\\\/inter-amerique-bien-commencer-lannee\\\/\",\"url\":\"https:\\\/\\\/interamerica.org\\\/fr\\\/2006\\\/01\\\/inter-amerique-bien-commencer-lannee\\\/\",\"name\":\"Inter-Am\u00e9rique: Bien Commencer l'Ann\u00e9e\u00a0 - \u00c9glise Adventiste Du Septieme Jour - Inter Am\u00e9rique Division\",\"isPartOf\":{\"@id\":\"https:\\\/\\\/interamerica.org\\\/fr\\\/#website\"},\"datePublished\":\"2006-01-12T04:00:00+00:00\",\"dateModified\":\"2017-06-02T17:18:04+00:00\",\"author\":{\"@id\":\"https:\\\/\\\/interamerica.org\\\/fr\\\/#\\\/schema\\\/person\\\/68ede8bdc292885bb76c1e3810e73c39\"},\"breadcrumb\":{\"@id\":\"https:\\\/\\\/interamerica.org\\\/fr\\\/2006\\\/01\\\/inter-amerique-bien-commencer-lannee\\\/#breadcrumb\"},\"inLanguage\":\"fr-FR\",\"potentialAction\":[{\"@type\":\"ReadAction\",\"target\":[\"https:\\\/\\\/interamerica.org\\\/fr\\\/2006\\\/01\\\/inter-amerique-bien-commencer-lannee\\\/\"]}]},{\"@type\":\"BreadcrumbList\",\"@id\":\"https:\\\/\\\/interamerica.org\\\/fr\\\/2006\\\/01\\\/inter-amerique-bien-commencer-lannee\\\/#breadcrumb\",\"itemListElement\":[{\"@type\":\"ListItem\",\"position\":1,\"name\":\"Home\",\"item\":\"https:\\\/\\\/interamerica.org\\\/fr\\\/\"},{\"@type\":\"ListItem\",\"position\":2,\"name\":\"Inter-Am\u00e9rique: Bien Commencer l&rsquo;Ann\u00e9e\u00a0\"}]},{\"@type\":\"WebSite\",\"@id\":\"https:\\\/\\\/interamerica.org\\\/fr\\\/#website\",\"url\":\"https:\\\/\\\/interamerica.org\\\/fr\\\/\",\"name\":\"\u00c9glise Adventiste Du Septieme Jour - Inter Am\u00e9rique Division\",\"description\":\"\",\"potentialAction\":[{\"@type\":\"SearchAction\",\"target\":{\"@type\":\"EntryPoint\",\"urlTemplate\":\"https:\\\/\\\/interamerica.org\\\/fr\\\/?s={search_term_string}\"},\"query-input\":{\"@type\":\"PropertyValueSpecification\",\"valueRequired\":true,\"valueName\":\"search_term_string\"}}],\"inLanguage\":\"fr-FR\"},{\"@type\":\"Person\",\"@id\":\"https:\\\/\\\/interamerica.org\\\/fr\\\/#\\\/schema\\\/person\\\/68ede8bdc292885bb76c1e3810e73c39\",\"name\":\"Lorenzo Verduzco\",\"image\":{\"@type\":\"ImageObject\",\"inLanguage\":\"fr-FR\",\"@id\":\"https:\\\/\\\/secure.gravatar.com\\\/avatar\\\/fb81a55b6218459490a9c1dc841a34909185b81904c5337b4b27f7a6fd60c49e?s=96&d=mm&r=g\",\"url\":\"https:\\\/\\\/secure.gravatar.com\\\/avatar\\\/fb81a55b6218459490a9c1dc841a34909185b81904c5337b4b27f7a6fd60c49e?s=96&d=mm&r=g\",\"contentUrl\":\"https:\\\/\\\/secure.gravatar.com\\\/avatar\\\/fb81a55b6218459490a9c1dc841a34909185b81904c5337b4b27f7a6fd60c49e?s=96&d=mm&r=g\",\"caption\":\"Lorenzo Verduzco\"}}]}<\/script>\n<!-- \/ Yoast SEO plugin. -->","yoast_head_json":{"title":"Inter-Am\u00e9rique: Bien Commencer l'Ann\u00e9e\u00a0 - \u00c9glise Adventiste Du Septieme Jour - Inter Am\u00e9rique Division","robots":{"index":"index","follow":"follow","max-snippet":"max-snippet:-1","max-image-preview":"max-image-preview:large","max-video-preview":"max-video-preview:-1"},"canonical":"https:\/\/interamerica.org\/fr\/2006\/01\/inter-amerique-bien-commencer-lannee\/","og_locale":"fr_FR","og_type":"article","og_title":"Inter-Am\u00e9rique: Bien Commencer l'Ann\u00e9e\u00a0 - \u00c9glise Adventiste Du Septieme Jour - Inter Am\u00e9rique Division","og_description":"Remplie d'\u00e9v\u00e8nement importants et de r\u00e9unions programm\u00e9es, l'ann\u00e9e 2006 promet de donner le ton au reste du quinquennat \u00e0 travers la Division Inter-Am\u00e9ricaine.","og_url":"https:\/\/interamerica.org\/fr\/2006\/01\/inter-amerique-bien-commencer-lannee\/","og_site_name":"\u00c9glise Adventiste Du Septieme Jour - Inter Am\u00e9rique Division","article_published_time":"2006-01-12T04:00:00+00:00","article_modified_time":"2017-06-02T17:18:04+00:00","author":"Lorenzo Verduzco","twitter_card":"summary_large_image","twitter_misc":{"\u00c9crit par":"Lorenzo Verduzco","Dur\u00e9e de lecture estim\u00e9e":"3 minutes"},"schema":{"@context":"https:\/\/schema.org","@graph":[{"@type":"Article","@id":"https:\/\/interamerica.org\/fr\/2006\/01\/inter-amerique-bien-commencer-lannee\/#article","isPartOf":{"@id":"https:\/\/interamerica.org\/fr\/2006\/01\/inter-amerique-bien-commencer-lannee\/"},"author":{"name":"Lorenzo Verduzco","@id":"https:\/\/interamerica.org\/fr\/#\/schema\/person\/68ede8bdc292885bb76c1e3810e73c39"},"headline":"Inter-Am\u00e9rique: Bien Commencer l&rsquo;Ann\u00e9e\u00a0","datePublished":"2006-01-12T04:00:00+00:00","dateModified":"2017-06-02T17:18:04+00:00","mainEntityOfPage":{"@id":"https:\/\/interamerica.org\/fr\/2006\/01\/inter-amerique-bien-commencer-lannee\/"},"wordCount":684,"articleSection":["Archive"],"inLanguage":"fr-FR"},{"@type":"WebPage","@id":"https:\/\/interamerica.org\/fr\/2006\/01\/inter-amerique-bien-commencer-lannee\/","url":"https:\/\/interamerica.org\/fr\/2006\/01\/inter-amerique-bien-commencer-lannee\/","name":"Inter-Am\u00e9rique: Bien Commencer l'Ann\u00e9e\u00a0 - \u00c9glise Adventiste Du Septieme Jour - Inter Am\u00e9rique Division","isPartOf":{"@id":"https:\/\/interamerica.org\/fr\/#website"},"datePublished":"2006-01-12T04:00:00+00:00","dateModified":"2017-06-02T17:18:04+00:00","author":{"@id":"https:\/\/interamerica.org\/fr\/#\/schema\/person\/68ede8bdc292885bb76c1e3810e73c39"},"breadcrumb":{"@id":"https:\/\/interamerica.org\/fr\/2006\/01\/inter-amerique-bien-commencer-lannee\/#breadcrumb"},"inLanguage":"fr-FR","potentialAction":[{"@type":"ReadAction","target":["https:\/\/interamerica.org\/fr\/2006\/01\/inter-amerique-bien-commencer-lannee\/"]}]},{"@type":"BreadcrumbList","@id":"https:\/\/interamerica.org\/fr\/2006\/01\/inter-amerique-bien-commencer-lannee\/#breadcrumb","itemListElement":[{"@type":"ListItem","position":1,"name":"Home","item":"https:\/\/interamerica.org\/fr\/"},{"@type":"ListItem","position":2,"name":"Inter-Am\u00e9rique: Bien Commencer l&rsquo;Ann\u00e9e\u00a0"}]},{"@type":"WebSite","@id":"https:\/\/interamerica.org\/fr\/#website","url":"https:\/\/interamerica.org\/fr\/","name":"\u00c9glise Adventiste Du Septieme Jour - Inter Am\u00e9rique Division","description":"","potentialAction":[{"@type":"SearchAction","target":{"@type":"EntryPoint","urlTemplate":"https:\/\/interamerica.org\/fr\/?s={search_term_string}"},"query-input":{"@type":"PropertyValueSpecification","valueRequired":true,"valueName":"search_term_string"}}],"inLanguage":"fr-FR"},{"@type":"Person","@id":"https:\/\/interamerica.org\/fr\/#\/schema\/person\/68ede8bdc292885bb76c1e3810e73c39","name":"Lorenzo Verduzco","image":{"@type":"ImageObject","inLanguage":"fr-FR","@id":"https:\/\/secure.gravatar.com\/avatar\/fb81a55b6218459490a9c1dc841a34909185b81904c5337b4b27f7a6fd60c49e?s=96&d=mm&r=g","url":"https:\/\/secure.gravatar.com\/avatar\/fb81a55b6218459490a9c1dc841a34909185b81904c5337b4b27f7a6fd60c49e?s=96&d=mm&r=g","contentUrl":"https:\/\/secure.gravatar.com\/avatar\/fb81a55b6218459490a9c1dc841a34909185b81904c5337b4b27f7a6fd60c49e?s=96&d=mm&r=g","caption":"Lorenzo Verduzco"}}]}},"_links":{"self":[{"href":"https:\/\/interamerica.org\/fr\/wp-json\/wp\/v2\/posts\/12484","targetHints":{"allow":["GET"]}}],"collection":[{"href":"https:\/\/interamerica.org\/fr\/wp-json\/wp\/v2\/posts"}],"about":[{"href":"https:\/\/interamerica.org\/fr\/wp-json\/wp\/v2\/types\/post"}],"author":[{"embeddable":true,"href":"https:\/\/interamerica.org\/fr\/wp-json\/wp\/v2\/users\/1"}],"replies":[{"embeddable":true,"href":"https:\/\/interamerica.org\/fr\/wp-json\/wp\/v2\/comments?post=12484"}],"version-history":[{"count":0,"href":"https:\/\/interamerica.org\/fr\/wp-json\/wp\/v2\/posts\/12484\/revisions"}],"wp:attachment":[{"href":"https:\/\/interamerica.org\/fr\/wp-json\/wp\/v2\/media?parent=12484"}],"wp:term":[{"taxonomy":"category","embeddable":true,"href":"https:\/\/interamerica.org\/fr\/wp-json\/wp\/v2\/categories?post=12484"},{"taxonomy":"post_tag","embeddable":true,"href":"https:\/\/interamerica.org\/fr\/wp-json\/wp\/v2\/tags?post=12484"}],"curies":[{"name":"wp","href":"https:\/\/api.w.org\/{rel}","templated":true}]}}