{"id":12493,"date":"2006-01-19T00:00:00","date_gmt":"2006-01-19T04:00:00","guid":{"rendered":"http:\/\/192.81.217.108\/interamerica\/2006\/01\/les-femmes-parlent-au-monde-de-jesus-a-travers-le-programme-aller-vers-le-monde\/"},"modified":"2017-06-02T13:18:01","modified_gmt":"2017-06-02T17:18:01","slug":"les-femmes-parlent-au-monde-de-jesus-a-travers-le-programme-aller-vers-le-monde","status":"publish","type":"post","link":"https:\/\/interamerica.org\/fr\/2006\/01\/les-femmes-parlent-au-monde-de-jesus-a-travers-le-programme-aller-vers-le-monde\/","title":{"rendered":"Les Femmes Parlent au Monde de J\u00e9sus \u00e0 Travers le Programme Aller Vers le Monde"},"content":{"rendered":"<p>Silver Spring, Maryland, \u00c9tats-Unis <\/p>\n<p>Votre \u00e9glise aime-t-elle J\u00e9sus ? Si oui, les autres le savent-ils ? Les femmes adventistes du septi\u00e8me jour sont de plus en plus d\u00e9termin\u00e9es \u00e0 r\u00e9pondre \u00e0 cette question. Alors que l&rsquo;\u00e9glise d\u00e9pendait et cela depuis longtemps sur les campagnes d&rsquo;\u00e9vang\u00e9lisations publiques pour pr\u00e9senter son message, elle encourage maintenant toutes les r\u00e9gions de l&rsquo;\u00e9glise \u00e0 trouver des m\u00e9thodes nouvelles et innovatrices pour atteindre les communaut\u00e9s qui sont tant \u00e0 l&rsquo;ext\u00e9rieur qu&rsquo;\u00e0 l&rsquo;int\u00e9rieur des murailles du sanctuaire. <\/p>\n<p>Dans une interview avec le R\u00e9seau de Nouvelles Adventiste (Adventist News Network), Heather-Dawn Small, directrice des Minist\u00e8res des Femmes pour l&rsquo;\u00e9glise adventiste du septi\u00e8me jour mondiale, fit une pr\u00e9sentation des plans que le d\u00e9partement a de combiner le minist\u00e8re avec l&rsquo;\u00e9vang\u00e9lisation. Elle d\u00e9clara que les gens devraient voir J\u00e9sus \u00e0 l&rsquo;oeuvre dans leurs communaut\u00e9s avant m\u00eame que les \u00e9glises ne commencent \u00e0 pr\u00eacher.<\/p>\n<p>\u00ab\u00a0L&rsquo;\u00e9glise a fonctionn\u00e9 pendant trop longtemps comme une communaut\u00e9 ferm\u00e9e,\u00a0\u00bb a dit Small. \u00ab\u00a0Nous faisons les gens venir dans l&rsquo;\u00e9glise pour les \u00e9vang\u00e9liser tandis que nous devrions sortir \u00e0 leur rencontre et aller vers eux.\u00a0\u00bb <\/p>\n<p>Elle expliqua que les Minist\u00e8res des Femmes encouragent les femmes adventistes partout dans le monde \u00e0 mener \u00e0 bien sa nouvelle formule pour les cinq prochaines ann\u00e9es, \u00ab\u00a0Touchez un Coeur, Avertissez le Monde.\u00a0\u00bb <\/p>\n<p>\u00ab\u00a0O\u00f9 serait l&rsquo;\u00e9glise si nous n&rsquo;avions pas la participation de femmes soutenant tous les minist\u00e8res de l&rsquo;\u00e9glise ?\u00a0\u00bb A demand\u00e9 Small. \u00ab\u00a0Elles transmettent \u00e0 tous un brin de sympathie. Nos statistiques montrent qu&rsquo;environ 500,000 personnes ont \u00e9t\u00e9 baptis\u00e9es gr\u00e2ce aux Minist\u00e8res des Femmes pendant les cinq derni\u00e8res ann\u00e9es, il est donc clair que les femmes peuvent faire de l&rsquo;\u00e9vang\u00e9lisation, mais l&rsquo;\u00e9l\u00e9ment manquant est le contact.\u00a0\u00bb <\/p>\n<p>La m\u00e9thode met en \u00e9vidence une mani\u00e8re plus personnelle de consid\u00e9rer l&rsquo;\u00e9vang\u00e9lisation.<\/p>\n<p>Small souhaite que les femmes adventiste fassent davantage de travail d&rsquo;\u00e2me \u00e0 \u00e2me, c&rsquo;est-\u00e0-dire qu&rsquo;elles aillent vers les gens \u00e0 titre personnel ce qui conduira \u00e0 satisfaire certains besoins de la communaut\u00e9. Cette mani\u00e8re d&rsquo;aborder les gens, est propre aux femmes, selon elle. <\/p>\n<p>\u00ab\u00a0Les femmes sont naturellement pleines d&rsquo;attention non seulement \u00e0 l&rsquo;endroit des membres de leurs propres familles &#8211; mais aussi envers tout le monde,\u00a0\u00bb explique-t-elle, montrant du doigt le d\u00e9partement des Minist\u00e8res des Femmes en Am\u00e9rique du Sud, responsable de la cure d&rsquo;\u00e2mes. <\/p>\n<p>Les Minist\u00e8res des Femmes, \u00a0\u00e0 travers le monde, ont r\u00e9confort\u00e9 des femmes malades, surmen\u00e9es, pauvres, sans formation, manquant d&rsquo;orientation et d&rsquo;opportunit\u00e9s, abus\u00e9es analphab\u00e8tes. Les minist\u00e8res ont fait parvenir des brochures informant les \u00e9glises sur les besoins qui existent dans le monde. Ces brochures fournissent des suggestions et des options sur les diff\u00e9rentes m\u00e9thodes que peuvent employer les femmes pour aider comme elles l&rsquo;entendent. <\/p>\n<p>Certains de ces choix incluent le soutien \u00e0 celles qui sont r\u00e9cemment endeuill\u00e9es, divorc\u00e9es, ou ayant subi une perte, des classes de nutrition, des cours de valorisation personnelle, de la formation professionnelle, des cours sur la pr\u00e9paration d&rsquo;un budget, de l&rsquo;entra\u00eenement \u00e0 diriger, des classes de communication, des abris pour femmes, des s\u00e9minaires de premiers soins, des classes d&rsquo;entra\u00eenement \u00e0 la lecture et \u00e0 l&rsquo;\u00e9criture, et autres. Les femmes adventistes au Moyen-Orient ont dirig\u00e9 plusieurs de ces s\u00e9minaires durant ces 10 derni\u00e8res ann\u00e9es. <\/p>\n<p>Small dit qu&rsquo;elle est de plus en plus soucieuse des besoins des femmes, suite \u00e0 deux visites aux Nations Unies, l&rsquo;ann\u00e9e derni\u00e8re. \u00ab\u00a0J&rsquo;ai vu les vastes besoins qui existent. J&rsquo;ai \u00e9t\u00e9 convaincue. <\/p>\n<p>Si l&rsquo;on donnait toute son importance au minist\u00e8re en combinaison avec l&rsquo;\u00e9vang\u00e9lisation, davantage de personnes viendraient pour d\u00e9couvrir qui est J\u00e9sus. <\/p>\n<p>Les Minist\u00e8res des Femmes feront sortir une s\u00e9rie de six brochures pr\u00e9sentant ces situations difficiles auxquelles les femmes ont \u00e0 faire face \u00e0 l&rsquo;\u00e9chelon universelle.\u00a0\u00a0<\/p>\n","protected":false},"excerpt":{"rendered":"<p>Votre \u00e9glise, aime-t-elle J\u00e9sus ? Si oui, les autres le savent-ils ? Les femmes adventistes du septi\u00e8me jour sont de plus en plus d\u00e9termin\u00e9es \u00e0 r\u00e9pondre \u00e0 cette question.<\/p>\n","protected":false},"author":1,"featured_media":0,"comment_status":"closed","ping_status":"closed","sticky":false,"template":"","format":"standard","meta":{"_acf_changed":false,"footnotes":""},"categories":[9],"tags":[],"class_list":["post-12493","post","type-post","status-publish","format-standard","hentry","category-archive-fr"],"acf":[],"yoast_head":"<!-- This site is optimized with the Yoast SEO plugin v27.3 - https:\/\/yoast.com\/product\/yoast-seo-wordpress\/ -->\n<title>Les Femmes Parlent au Monde de J\u00e9sus \u00e0 Travers le Programme Aller Vers le Monde - \u00c9glise Adventiste Du Septieme Jour - Inter Am\u00e9rique Division<\/title>\n<meta name=\"robots\" content=\"index, follow, max-snippet:-1, max-image-preview:large, max-video-preview:-1\" \/>\n<link rel=\"canonical\" href=\"https:\/\/interamerica.org\/fr\/2006\/01\/les-femmes-parlent-au-monde-de-jesus-a-travers-le-programme-aller-vers-le-monde\/\" \/>\n<meta property=\"og:locale\" content=\"fr_FR\" \/>\n<meta property=\"og:type\" content=\"article\" \/>\n<meta property=\"og:title\" content=\"Les Femmes Parlent au Monde de J\u00e9sus \u00e0 Travers le Programme Aller Vers le Monde - \u00c9glise Adventiste Du Septieme Jour - Inter Am\u00e9rique Division\" \/>\n<meta property=\"og:description\" content=\"Votre \u00e9glise, aime-t-elle J\u00e9sus ? Si oui, les autres le savent-ils ? Les femmes adventistes du septi\u00e8me jour sont de plus en plus d\u00e9termin\u00e9es \u00e0 r\u00e9pondre \u00e0 cette question.\" \/>\n<meta property=\"og:url\" content=\"https:\/\/interamerica.org\/fr\/2006\/01\/les-femmes-parlent-au-monde-de-jesus-a-travers-le-programme-aller-vers-le-monde\/\" \/>\n<meta property=\"og:site_name\" content=\"\u00c9glise Adventiste Du Septieme Jour - Inter Am\u00e9rique Division\" \/>\n<meta property=\"article:published_time\" content=\"2006-01-19T04:00:00+00:00\" \/>\n<meta property=\"article:modified_time\" content=\"2017-06-02T17:18:01+00:00\" \/>\n<meta name=\"author\" content=\"Lorenzo Verduzco\" \/>\n<meta name=\"twitter:card\" content=\"summary_large_image\" \/>\n<meta name=\"twitter:label1\" content=\"\u00c9crit par\" \/>\n\t<meta name=\"twitter:data1\" content=\"Lorenzo Verduzco\" \/>\n\t<meta name=\"twitter:label2\" content=\"Dur\u00e9e de lecture estim\u00e9e\" \/>\n\t<meta name=\"twitter:data2\" content=\"3 minutes\" \/>\n<script type=\"application\/ld+json\" class=\"yoast-schema-graph\">{\"@context\":\"https:\\\/\\\/schema.org\",\"@graph\":[{\"@type\":\"Article\",\"@id\":\"https:\\\/\\\/interamerica.org\\\/fr\\\/2006\\\/01\\\/les-femmes-parlent-au-monde-de-jesus-a-travers-le-programme-aller-vers-le-monde\\\/#article\",\"isPartOf\":{\"@id\":\"https:\\\/\\\/interamerica.org\\\/fr\\\/2006\\\/01\\\/les-femmes-parlent-au-monde-de-jesus-a-travers-le-programme-aller-vers-le-monde\\\/\"},\"author\":{\"name\":\"Lorenzo Verduzco\",\"@id\":\"https:\\\/\\\/interamerica.org\\\/fr\\\/#\\\/schema\\\/person\\\/68ede8bdc292885bb76c1e3810e73c39\"},\"headline\":\"Les Femmes Parlent au Monde de J\u00e9sus \u00e0 Travers le Programme Aller Vers le Monde\",\"datePublished\":\"2006-01-19T04:00:00+00:00\",\"dateModified\":\"2017-06-02T17:18:01+00:00\",\"mainEntityOfPage\":{\"@id\":\"https:\\\/\\\/interamerica.org\\\/fr\\\/2006\\\/01\\\/les-femmes-parlent-au-monde-de-jesus-a-travers-le-programme-aller-vers-le-monde\\\/\"},\"wordCount\":697,\"articleSection\":[\"Archive\"],\"inLanguage\":\"fr-FR\"},{\"@type\":\"WebPage\",\"@id\":\"https:\\\/\\\/interamerica.org\\\/fr\\\/2006\\\/01\\\/les-femmes-parlent-au-monde-de-jesus-a-travers-le-programme-aller-vers-le-monde\\\/\",\"url\":\"https:\\\/\\\/interamerica.org\\\/fr\\\/2006\\\/01\\\/les-femmes-parlent-au-monde-de-jesus-a-travers-le-programme-aller-vers-le-monde\\\/\",\"name\":\"Les Femmes Parlent au Monde de J\u00e9sus \u00e0 Travers le Programme Aller Vers le Monde - \u00c9glise Adventiste Du Septieme Jour - Inter Am\u00e9rique Division\",\"isPartOf\":{\"@id\":\"https:\\\/\\\/interamerica.org\\\/fr\\\/#website\"},\"datePublished\":\"2006-01-19T04:00:00+00:00\",\"dateModified\":\"2017-06-02T17:18:01+00:00\",\"author\":{\"@id\":\"https:\\\/\\\/interamerica.org\\\/fr\\\/#\\\/schema\\\/person\\\/68ede8bdc292885bb76c1e3810e73c39\"},\"breadcrumb\":{\"@id\":\"https:\\\/\\\/interamerica.org\\\/fr\\\/2006\\\/01\\\/les-femmes-parlent-au-monde-de-jesus-a-travers-le-programme-aller-vers-le-monde\\\/#breadcrumb\"},\"inLanguage\":\"fr-FR\",\"potentialAction\":[{\"@type\":\"ReadAction\",\"target\":[\"https:\\\/\\\/interamerica.org\\\/fr\\\/2006\\\/01\\\/les-femmes-parlent-au-monde-de-jesus-a-travers-le-programme-aller-vers-le-monde\\\/\"]}]},{\"@type\":\"BreadcrumbList\",\"@id\":\"https:\\\/\\\/interamerica.org\\\/fr\\\/2006\\\/01\\\/les-femmes-parlent-au-monde-de-jesus-a-travers-le-programme-aller-vers-le-monde\\\/#breadcrumb\",\"itemListElement\":[{\"@type\":\"ListItem\",\"position\":1,\"name\":\"Home\",\"item\":\"https:\\\/\\\/interamerica.org\\\/fr\\\/\"},{\"@type\":\"ListItem\",\"position\":2,\"name\":\"Les Femmes Parlent au Monde de J\u00e9sus \u00e0 Travers le Programme Aller Vers le Monde\"}]},{\"@type\":\"WebSite\",\"@id\":\"https:\\\/\\\/interamerica.org\\\/fr\\\/#website\",\"url\":\"https:\\\/\\\/interamerica.org\\\/fr\\\/\",\"name\":\"\u00c9glise Adventiste Du Septieme Jour - Inter Am\u00e9rique Division\",\"description\":\"\",\"potentialAction\":[{\"@type\":\"SearchAction\",\"target\":{\"@type\":\"EntryPoint\",\"urlTemplate\":\"https:\\\/\\\/interamerica.org\\\/fr\\\/?s={search_term_string}\"},\"query-input\":{\"@type\":\"PropertyValueSpecification\",\"valueRequired\":true,\"valueName\":\"search_term_string\"}}],\"inLanguage\":\"fr-FR\"},{\"@type\":\"Person\",\"@id\":\"https:\\\/\\\/interamerica.org\\\/fr\\\/#\\\/schema\\\/person\\\/68ede8bdc292885bb76c1e3810e73c39\",\"name\":\"Lorenzo Verduzco\",\"image\":{\"@type\":\"ImageObject\",\"inLanguage\":\"fr-FR\",\"@id\":\"https:\\\/\\\/secure.gravatar.com\\\/avatar\\\/fb81a55b6218459490a9c1dc841a34909185b81904c5337b4b27f7a6fd60c49e?s=96&d=mm&r=g\",\"url\":\"https:\\\/\\\/secure.gravatar.com\\\/avatar\\\/fb81a55b6218459490a9c1dc841a34909185b81904c5337b4b27f7a6fd60c49e?s=96&d=mm&r=g\",\"contentUrl\":\"https:\\\/\\\/secure.gravatar.com\\\/avatar\\\/fb81a55b6218459490a9c1dc841a34909185b81904c5337b4b27f7a6fd60c49e?s=96&d=mm&r=g\",\"caption\":\"Lorenzo Verduzco\"}}]}<\/script>\n<!-- \/ Yoast SEO plugin. -->","yoast_head_json":{"title":"Les Femmes Parlent au Monde de J\u00e9sus \u00e0 Travers le Programme Aller Vers le Monde - \u00c9glise Adventiste Du Septieme Jour - Inter Am\u00e9rique Division","robots":{"index":"index","follow":"follow","max-snippet":"max-snippet:-1","max-image-preview":"max-image-preview:large","max-video-preview":"max-video-preview:-1"},"canonical":"https:\/\/interamerica.org\/fr\/2006\/01\/les-femmes-parlent-au-monde-de-jesus-a-travers-le-programme-aller-vers-le-monde\/","og_locale":"fr_FR","og_type":"article","og_title":"Les Femmes Parlent au Monde de J\u00e9sus \u00e0 Travers le Programme Aller Vers le Monde - \u00c9glise Adventiste Du Septieme Jour - Inter Am\u00e9rique Division","og_description":"Votre \u00e9glise, aime-t-elle J\u00e9sus ? Si oui, les autres le savent-ils ? Les femmes adventistes du septi\u00e8me jour sont de plus en plus d\u00e9termin\u00e9es \u00e0 r\u00e9pondre \u00e0 cette question.","og_url":"https:\/\/interamerica.org\/fr\/2006\/01\/les-femmes-parlent-au-monde-de-jesus-a-travers-le-programme-aller-vers-le-monde\/","og_site_name":"\u00c9glise Adventiste Du Septieme Jour - Inter Am\u00e9rique Division","article_published_time":"2006-01-19T04:00:00+00:00","article_modified_time":"2017-06-02T17:18:01+00:00","author":"Lorenzo Verduzco","twitter_card":"summary_large_image","twitter_misc":{"\u00c9crit par":"Lorenzo Verduzco","Dur\u00e9e de lecture estim\u00e9e":"3 minutes"},"schema":{"@context":"https:\/\/schema.org","@graph":[{"@type":"Article","@id":"https:\/\/interamerica.org\/fr\/2006\/01\/les-femmes-parlent-au-monde-de-jesus-a-travers-le-programme-aller-vers-le-monde\/#article","isPartOf":{"@id":"https:\/\/interamerica.org\/fr\/2006\/01\/les-femmes-parlent-au-monde-de-jesus-a-travers-le-programme-aller-vers-le-monde\/"},"author":{"name":"Lorenzo Verduzco","@id":"https:\/\/interamerica.org\/fr\/#\/schema\/person\/68ede8bdc292885bb76c1e3810e73c39"},"headline":"Les Femmes Parlent au Monde de J\u00e9sus \u00e0 Travers le Programme Aller Vers le Monde","datePublished":"2006-01-19T04:00:00+00:00","dateModified":"2017-06-02T17:18:01+00:00","mainEntityOfPage":{"@id":"https:\/\/interamerica.org\/fr\/2006\/01\/les-femmes-parlent-au-monde-de-jesus-a-travers-le-programme-aller-vers-le-monde\/"},"wordCount":697,"articleSection":["Archive"],"inLanguage":"fr-FR"},{"@type":"WebPage","@id":"https:\/\/interamerica.org\/fr\/2006\/01\/les-femmes-parlent-au-monde-de-jesus-a-travers-le-programme-aller-vers-le-monde\/","url":"https:\/\/interamerica.org\/fr\/2006\/01\/les-femmes-parlent-au-monde-de-jesus-a-travers-le-programme-aller-vers-le-monde\/","name":"Les Femmes Parlent au Monde de J\u00e9sus \u00e0 Travers le Programme Aller Vers le Monde - \u00c9glise Adventiste Du Septieme Jour - Inter Am\u00e9rique Division","isPartOf":{"@id":"https:\/\/interamerica.org\/fr\/#website"},"datePublished":"2006-01-19T04:00:00+00:00","dateModified":"2017-06-02T17:18:01+00:00","author":{"@id":"https:\/\/interamerica.org\/fr\/#\/schema\/person\/68ede8bdc292885bb76c1e3810e73c39"},"breadcrumb":{"@id":"https:\/\/interamerica.org\/fr\/2006\/01\/les-femmes-parlent-au-monde-de-jesus-a-travers-le-programme-aller-vers-le-monde\/#breadcrumb"},"inLanguage":"fr-FR","potentialAction":[{"@type":"ReadAction","target":["https:\/\/interamerica.org\/fr\/2006\/01\/les-femmes-parlent-au-monde-de-jesus-a-travers-le-programme-aller-vers-le-monde\/"]}]},{"@type":"BreadcrumbList","@id":"https:\/\/interamerica.org\/fr\/2006\/01\/les-femmes-parlent-au-monde-de-jesus-a-travers-le-programme-aller-vers-le-monde\/#breadcrumb","itemListElement":[{"@type":"ListItem","position":1,"name":"Home","item":"https:\/\/interamerica.org\/fr\/"},{"@type":"ListItem","position":2,"name":"Les Femmes Parlent au Monde de J\u00e9sus \u00e0 Travers le Programme Aller Vers le Monde"}]},{"@type":"WebSite","@id":"https:\/\/interamerica.org\/fr\/#website","url":"https:\/\/interamerica.org\/fr\/","name":"\u00c9glise Adventiste Du Septieme Jour - Inter Am\u00e9rique Division","description":"","potentialAction":[{"@type":"SearchAction","target":{"@type":"EntryPoint","urlTemplate":"https:\/\/interamerica.org\/fr\/?s={search_term_string}"},"query-input":{"@type":"PropertyValueSpecification","valueRequired":true,"valueName":"search_term_string"}}],"inLanguage":"fr-FR"},{"@type":"Person","@id":"https:\/\/interamerica.org\/fr\/#\/schema\/person\/68ede8bdc292885bb76c1e3810e73c39","name":"Lorenzo Verduzco","image":{"@type":"ImageObject","inLanguage":"fr-FR","@id":"https:\/\/secure.gravatar.com\/avatar\/fb81a55b6218459490a9c1dc841a34909185b81904c5337b4b27f7a6fd60c49e?s=96&d=mm&r=g","url":"https:\/\/secure.gravatar.com\/avatar\/fb81a55b6218459490a9c1dc841a34909185b81904c5337b4b27f7a6fd60c49e?s=96&d=mm&r=g","contentUrl":"https:\/\/secure.gravatar.com\/avatar\/fb81a55b6218459490a9c1dc841a34909185b81904c5337b4b27f7a6fd60c49e?s=96&d=mm&r=g","caption":"Lorenzo Verduzco"}}]}},"_links":{"self":[{"href":"https:\/\/interamerica.org\/fr\/wp-json\/wp\/v2\/posts\/12493","targetHints":{"allow":["GET"]}}],"collection":[{"href":"https:\/\/interamerica.org\/fr\/wp-json\/wp\/v2\/posts"}],"about":[{"href":"https:\/\/interamerica.org\/fr\/wp-json\/wp\/v2\/types\/post"}],"author":[{"embeddable":true,"href":"https:\/\/interamerica.org\/fr\/wp-json\/wp\/v2\/users\/1"}],"replies":[{"embeddable":true,"href":"https:\/\/interamerica.org\/fr\/wp-json\/wp\/v2\/comments?post=12493"}],"version-history":[{"count":0,"href":"https:\/\/interamerica.org\/fr\/wp-json\/wp\/v2\/posts\/12493\/revisions"}],"wp:attachment":[{"href":"https:\/\/interamerica.org\/fr\/wp-json\/wp\/v2\/media?parent=12493"}],"wp:term":[{"taxonomy":"category","embeddable":true,"href":"https:\/\/interamerica.org\/fr\/wp-json\/wp\/v2\/categories?post=12493"},{"taxonomy":"post_tag","embeddable":true,"href":"https:\/\/interamerica.org\/fr\/wp-json\/wp\/v2\/tags?post=12493"}],"curies":[{"name":"wp","href":"https:\/\/api.w.org\/{rel}","templated":true}]}}