{"id":124962,"date":"2025-02-03T13:00:40","date_gmt":"2025-02-03T18:00:40","guid":{"rendered":"https:\/\/interamerica.org\/?p=124962"},"modified":"2025-02-05T13:34:53","modified_gmt":"2025-02-05T18:34:53","slug":"le-president-dadra-international-michael-kruger-quitte-ses-fonctions-apres-plus-dune-decennie-de-service","status":"publish","type":"post","link":"https:\/\/interamerica.org\/fr\/2025\/02\/le-president-dadra-international-michael-kruger-quitte-ses-fonctions-apres-plus-dune-decennie-de-service\/","title":{"rendered":"Le pr\u00e9sident d\u2019ADRA International, Michael Kruger, quitte ses fonctions apr\u00e8s plus d\u2019une d\u00e9cennie de service"},"content":{"rendered":"<p class=\"mt-2 font-serif text-theme-900 dark:text-white\/75\"><em>\u00c0 partir d\u2019avril 2025, Michael Kruger sera le nouveau vice-pr\u00e9sident et directeur financier principal du Centre M\u00e9dical White Oak d\u2019Adventist Healthcare. <\/em><\/p>\n<div class=\"flex flex-wrap items-center font-sans md:flex-nowrap gap-2 text-xs md:gap-4 md:text-sm dark:text-theme-100 text-theme-500 mt-8\">\n<div class=\"font-medium\"><time class=\"flex items-center gap-2\" datetime=\"2025-02-03T13:00:00.000Z\">3 F\u00e9vrier 2025 | Silver Spring, Maryland, \u00c9tats-Unis | <\/time>ADRA International<\/div>\n<\/div>\n<p>Le conseil d\u2019administration de l\u2019Agence Adventiste de D\u00e9veloppement et de Secours (ADRA) International annonce que son pr\u00e9sident, Michael Kruger, quittera ses fonctions le 1er avril. Michael Kruger s\u2019en ira apr\u00e8s plus de 10 ans de service d\u00e9vou\u00e9 dans l\u2019organisation.<\/p>\n<p>Michael Kruger, qui a initialement rejoint ADRA en 2014 en tant que Directeur Financier Principal (CFO) avant d\u2019accepter la fonction de pr\u00e9sident en 2020, a jou\u00e9 un r\u00f4le cl\u00e9 dans le renforcement de l\u2019impact de l\u2019agence, ainsi que dans la consolidation de l\u2019engagement d\u2019ADRA \u00e0 suivre l\u2019exemple du Christ en servant avec justice, compassion et amour.<\/p>\n<p><div id=\"attachment_124805\" style=\"width: 991px\" class=\"wp-caption aligncenter\"><img fetchpriority=\"high\" decoding=\"async\" aria-describedby=\"caption-attachment-124805\" class=\" wp-image-124804\" src=\"https:\/\/interamerica.org\/wp-content\/uploads\/2025\/02\/adra-i-kruegerrs711319-093-1z0a1120-1024x683-1.jpg\" alt=\"\" width=\"981\" height=\"654\" srcset=\"https:\/\/interamerica.org\/wp-content\/uploads\/2025\/02\/adra-i-kruegerrs711319-093-1z0a1120-1024x683-1.jpg 1024w, https:\/\/interamerica.org\/wp-content\/uploads\/2025\/02\/adra-i-kruegerrs711319-093-1z0a1120-1024x683-1-300x200.jpg 300w, https:\/\/interamerica.org\/wp-content\/uploads\/2025\/02\/adra-i-kruegerrs711319-093-1z0a1120-1024x683-1-768x512.jpg 768w\" sizes=\"(max-width: 981px) 100vw, 981px\" \/><p id=\"caption-attachment-124805\" class=\"wp-caption-text\">Michael Kruger a \u00e9t\u00e9 nomm\u00e9 nouveau vice-pr\u00e9sident et directeur financier principal du Centre M\u00e9dical White Oak d\u2019Adventist Healthcare dans le Maryland, aux \u00c9tats-Unis. [Photo : ADRA International]<\/p><\/div>Sous sa direction, ADRA a mis en place un nouveau cadre strat\u00e9gique pour son r\u00e9seau et a intensifi\u00e9 l\u2019emphase sur des initiatives mondiales innovantes tout en continuant d\u2019apporter une aide vitale et un soutien au d\u00e9veloppement \u00e0 long terme \u00e0 des millions de personnes dans des communaut\u00e9s du monde entier.<\/p>\n<p>ADRA a travers\u00e9 certaines des p\u00e9riodes les plus difficiles de l\u2019histoire de l\u2019organisation, notamment la pand\u00e9mie de COVID-19 et la r\u00e9ponse humanitaire en cours au conflit en Ukraine, gr\u00e2ce au leadership constant de Michael Kruger.<\/p>\n<p>Michael Kr\u00fcger assumera un nouveau r\u00f4le en tant que vice-pr\u00e9sident et directeur financier principal du centre White Oak d\u2019Adventist Healthcare.<\/p>\n<p>Geoffrey Mbwana, membre du conseil d\u2019administration d\u2019ADRA et vice-pr\u00e9sident g\u00e9n\u00e9ral de la Conf\u00e9rence G\u00e9n\u00e9rale des adventistes du septi\u00e8me jour, a exprim\u00e9 sa gratitude pour le leadership et le service de Michael Kruger :<\/p>\n<p>\u00ab Michael a \u00e9t\u00e9 un dirigeant loyal et un v\u00e9ritable serviteur engag\u00e9 dans la mission d\u2019ADRA. Son engagement envers l\u2019action d\u2019ADRA a permis \u00e0 des millions de personnes dans le besoin de recevoir de l\u2019espoir et de l\u2019aide. Bien que nous soyons tristes de le voir partir, nous respectons sa d\u00e9cision et lui souhaitons le meilleur pour son prochain chapitre. Nous sommes reconnaissants du fait qu\u2019il continue de servir au sein du minist\u00e8re adventiste \u00e0 White Oak d\u2019Adventist Healthcare, et nous avons h\u00e2te de voir o\u00f9 Dieu le conduira ensuite. Alors que nous avan\u00e7ons, nous sommes convaincus qu\u2019ADRA trouvera la bonne personne pour nous conduire \u00e0 l\u2019avenir. \u00c0 notre personnel d\u00e9vou\u00e9, je tiens \u00e0 vous assurer que votre travail et votre mission sont appr\u00e9ci\u00e9s, et je crois en l\u2019impact incroyable que vous continuez \u00e0 avoir dans les communaut\u00e9s du monde entier. \u00bb<\/p>\n<p>En consid\u00e9rant \u00e0 son temps pass\u00e9 \u00e0 ADRA, Michael Kruger a partag\u00e9 son appr\u00e9ciation pour l\u2019agence et son \u00e9quipe : \u00ab Servir avec ADRA a \u00e9t\u00e9 l\u2019un des plus grands privil\u00e8ges de ma vie. J\u2019ai \u00e9t\u00e9 grandement b\u00e9ni de travailler aux c\u00f4t\u00e9s d\u2019une \u00e9quipe aussi d\u00e9vou\u00e9e et pleine de compassion, et je suis reconnaissant d\u2019avoir eu l\u2019opportunit\u00e9 de contribuer \u00e0 la mission d\u2019ADRA. Bien que je m\u2019en aille, je ne doute aucunement que Dieu continuera \u00e0 guider et \u00e0 b\u00e9nir cette organisation. \u00c0 mes coll\u00e8gues, partenaires et aux nombreux soutiens d\u2019ADRA, merci pour votre engagement ind\u00e9fectible \u00e0 servir l\u2019humanit\u00e9. \u00bb<\/p>\n<p>ADRA va bient\u00f4t commencer la recherche d\u2019un nouveau pr\u00e9sident pour assurer une transition en douceur au niveau de la direction. En attendant, l\u2019organisation reste fid\u00e8le \u00e0 sa mission qui consiste \u00e0 apporter des solutions durables et tourn\u00e9es vers la communaut\u00e9 \u00e0 certains des probl\u00e8mes les plus urgents dans le monde.<\/p>\n<p><em class=\"italic\">Cet\u00a0<\/em><em class=\"italic\"><a class=\"break-words text-theme-500 hover:text-theme-700 dark:text-theme-100 dark:hover:text-theme-300 hover:underline inline-flex items-center gap-[0.25em] text-theme-500 underline dark:text-theme-300\" href=\"https:\/\/adra.org\/adra-international-president-michael-kruger-to-depart-after-more-than-a-decade-of-service\" target=\"_blank\" rel=\"noopener\">article<\/a><\/em><em class=\"italic\">\u00a0a \u00e9t\u00e9 propos\u00e9 par<\/em><em class=\"italic\"><a class=\"break-words text-theme-500 hover:text-theme-700 dark:text-theme-100 dark:hover:text-theme-300 hover:underline inline-flex items-center gap-[0.25em] text-theme-500 underline dark:text-theme-300\" href=\"https:\/\/adra.org\/\" target=\"_blank\" rel=\"noopener\">ADRA International<\/a><\/em><em class=\"italic\">.<\/em><\/p>\n<p>Traduction: Patrick Luciathe<\/p>\n","protected":false},"excerpt":{"rendered":"<p>\u00c0 partir d\u2019avril 2025, Michael Kruger sera le nouveau vice-pr\u00e9sident et directeur financier principal du Centre M\u00e9dical White Oak d\u2019Adventist Healthcare. 3 F\u00e9vrier 2025 | Silver Spring, Maryland, \u00c9tats-Unis |&#8230;<\/p>\n","protected":false},"author":3,"featured_media":124805,"comment_status":"closed","ping_status":"closed","sticky":false,"template":"","format":"standard","meta":{"_acf_changed":false,"footnotes":""},"categories":[18,19],"tags":[],"class_list":["post-124962","post","type-post","status-publish","format-standard","has-post-thumbnail","hentry","category-nouvelles-de-leglise-mondiale","category-rss-francais"],"acf":[],"yoast_head":"<!-- This site is optimized with the Yoast SEO plugin v27.3 - https:\/\/yoast.com\/product\/yoast-seo-wordpress\/ -->\n<title>Le pr\u00e9sident d\u2019ADRA International, Michael Kruger, quitte ses fonctions apr\u00e8s plus d\u2019une d\u00e9cennie de service - \u00c9glise Adventiste Du Septieme Jour - Inter Am\u00e9rique Division<\/title>\n<meta name=\"robots\" content=\"index, follow, max-snippet:-1, max-image-preview:large, max-video-preview:-1\" \/>\n<link rel=\"canonical\" href=\"https:\/\/interamerica.org\/fr\/2025\/02\/le-president-dadra-international-michael-kruger-quitte-ses-fonctions-apres-plus-dune-decennie-de-service\/\" \/>\n<meta property=\"og:locale\" content=\"fr_FR\" \/>\n<meta property=\"og:type\" content=\"article\" \/>\n<meta property=\"og:title\" content=\"Le pr\u00e9sident d\u2019ADRA International, Michael Kruger, quitte ses fonctions apr\u00e8s plus d\u2019une d\u00e9cennie de service - \u00c9glise Adventiste Du Septieme Jour - Inter Am\u00e9rique Division\" \/>\n<meta property=\"og:description\" content=\"\u00c0 partir d\u2019avril 2025, Michael Kruger sera le nouveau vice-pr\u00e9sident et directeur financier principal du Centre M\u00e9dical White Oak d\u2019Adventist Healthcare. 3 F\u00e9vrier 2025 | Silver Spring, Maryland, \u00c9tats-Unis |...\" \/>\n<meta property=\"og:url\" content=\"https:\/\/interamerica.org\/fr\/2025\/02\/le-president-dadra-international-michael-kruger-quitte-ses-fonctions-apres-plus-dune-decennie-de-service\/\" \/>\n<meta property=\"og:site_name\" content=\"\u00c9glise Adventiste Du Septieme Jour - Inter Am\u00e9rique Division\" \/>\n<meta property=\"article:published_time\" content=\"2025-02-03T18:00:40+00:00\" \/>\n<meta property=\"article:modified_time\" content=\"2025-02-05T18:34:53+00:00\" \/>\n<meta property=\"og:image\" content=\"https:\/\/interamerica.org\/wp-content\/uploads\/2025\/02\/adra-i-kruegerrs711319-093-1z0a1120-1024x683-1.jpg\" \/>\n\t<meta property=\"og:image:width\" content=\"1024\" \/>\n\t<meta property=\"og:image:height\" content=\"683\" \/>\n\t<meta property=\"og:image:type\" content=\"image\/jpeg\" \/>\n<meta name=\"author\" content=\"libna\" \/>\n<meta name=\"twitter:card\" content=\"summary_large_image\" \/>\n<meta name=\"twitter:label1\" content=\"\u00c9crit par\" \/>\n\t<meta name=\"twitter:data1\" content=\"libna\" \/>\n\t<meta name=\"twitter:label2\" content=\"Dur\u00e9e de lecture estim\u00e9e\" \/>\n\t<meta name=\"twitter:data2\" content=\"3 minutes\" \/>\n<script type=\"application\/ld+json\" class=\"yoast-schema-graph\">{\"@context\":\"https:\\\/\\\/schema.org\",\"@graph\":[{\"@type\":\"Article\",\"@id\":\"https:\\\/\\\/interamerica.org\\\/fr\\\/2025\\\/02\\\/le-president-dadra-international-michael-kruger-quitte-ses-fonctions-apres-plus-dune-decennie-de-service\\\/#article\",\"isPartOf\":{\"@id\":\"https:\\\/\\\/interamerica.org\\\/fr\\\/2025\\\/02\\\/le-president-dadra-international-michael-kruger-quitte-ses-fonctions-apres-plus-dune-decennie-de-service\\\/\"},\"author\":{\"name\":\"libna\",\"@id\":\"https:\\\/\\\/interamerica.org\\\/fr\\\/#\\\/schema\\\/person\\\/29998f2bc2d8bd0d38662909289b54f1\"},\"headline\":\"Le pr\u00e9sident d\u2019ADRA International, Michael Kruger, quitte ses fonctions apr\u00e8s plus d\u2019une d\u00e9cennie de service\",\"datePublished\":\"2025-02-03T18:00:40+00:00\",\"dateModified\":\"2025-02-05T18:34:53+00:00\",\"mainEntityOfPage\":{\"@id\":\"https:\\\/\\\/interamerica.org\\\/fr\\\/2025\\\/02\\\/le-president-dadra-international-michael-kruger-quitte-ses-fonctions-apres-plus-dune-decennie-de-service\\\/\"},\"wordCount\":683,\"image\":{\"@id\":\"https:\\\/\\\/interamerica.org\\\/fr\\\/2025\\\/02\\\/le-president-dadra-international-michael-kruger-quitte-ses-fonctions-apres-plus-dune-decennie-de-service\\\/#primaryimage\"},\"thumbnailUrl\":\"https:\\\/\\\/interamerica.org\\\/wp-content\\\/uploads\\\/2025\\\/02\\\/adra-i-kruegerrs711319-093-1z0a1120-1024x683-1.jpg\",\"articleSection\":[\"Nouvelles de l'\u00c9glise mondiale\",\"RSS Fran\u00e7ais\"],\"inLanguage\":\"fr-FR\"},{\"@type\":\"WebPage\",\"@id\":\"https:\\\/\\\/interamerica.org\\\/fr\\\/2025\\\/02\\\/le-president-dadra-international-michael-kruger-quitte-ses-fonctions-apres-plus-dune-decennie-de-service\\\/\",\"url\":\"https:\\\/\\\/interamerica.org\\\/fr\\\/2025\\\/02\\\/le-president-dadra-international-michael-kruger-quitte-ses-fonctions-apres-plus-dune-decennie-de-service\\\/\",\"name\":\"Le pr\u00e9sident d\u2019ADRA International, Michael Kruger, quitte ses fonctions apr\u00e8s plus d\u2019une d\u00e9cennie de service - \u00c9glise Adventiste Du Septieme Jour - Inter Am\u00e9rique Division\",\"isPartOf\":{\"@id\":\"https:\\\/\\\/interamerica.org\\\/fr\\\/#website\"},\"primaryImageOfPage\":{\"@id\":\"https:\\\/\\\/interamerica.org\\\/fr\\\/2025\\\/02\\\/le-president-dadra-international-michael-kruger-quitte-ses-fonctions-apres-plus-dune-decennie-de-service\\\/#primaryimage\"},\"image\":{\"@id\":\"https:\\\/\\\/interamerica.org\\\/fr\\\/2025\\\/02\\\/le-president-dadra-international-michael-kruger-quitte-ses-fonctions-apres-plus-dune-decennie-de-service\\\/#primaryimage\"},\"thumbnailUrl\":\"https:\\\/\\\/interamerica.org\\\/wp-content\\\/uploads\\\/2025\\\/02\\\/adra-i-kruegerrs711319-093-1z0a1120-1024x683-1.jpg\",\"datePublished\":\"2025-02-03T18:00:40+00:00\",\"dateModified\":\"2025-02-05T18:34:53+00:00\",\"author\":{\"@id\":\"https:\\\/\\\/interamerica.org\\\/fr\\\/#\\\/schema\\\/person\\\/29998f2bc2d8bd0d38662909289b54f1\"},\"breadcrumb\":{\"@id\":\"https:\\\/\\\/interamerica.org\\\/fr\\\/2025\\\/02\\\/le-president-dadra-international-michael-kruger-quitte-ses-fonctions-apres-plus-dune-decennie-de-service\\\/#breadcrumb\"},\"inLanguage\":\"fr-FR\",\"potentialAction\":[{\"@type\":\"ReadAction\",\"target\":[\"https:\\\/\\\/interamerica.org\\\/fr\\\/2025\\\/02\\\/le-president-dadra-international-michael-kruger-quitte-ses-fonctions-apres-plus-dune-decennie-de-service\\\/\"]}]},{\"@type\":\"ImageObject\",\"inLanguage\":\"fr-FR\",\"@id\":\"https:\\\/\\\/interamerica.org\\\/fr\\\/2025\\\/02\\\/le-president-dadra-international-michael-kruger-quitte-ses-fonctions-apres-plus-dune-decennie-de-service\\\/#primaryimage\",\"url\":\"https:\\\/\\\/interamerica.org\\\/wp-content\\\/uploads\\\/2025\\\/02\\\/adra-i-kruegerrs711319-093-1z0a1120-1024x683-1.jpg\",\"contentUrl\":\"https:\\\/\\\/interamerica.org\\\/wp-content\\\/uploads\\\/2025\\\/02\\\/adra-i-kruegerrs711319-093-1z0a1120-1024x683-1.jpg\",\"width\":1024,\"height\":683,\"caption\":\"Michael Kruger named new Vice-President and Chief Financial Officer of Adventist Healthcare White Oak Medical Center in Maryland, United States. [Photo: ADRA International]\"},{\"@type\":\"BreadcrumbList\",\"@id\":\"https:\\\/\\\/interamerica.org\\\/fr\\\/2025\\\/02\\\/le-president-dadra-international-michael-kruger-quitte-ses-fonctions-apres-plus-dune-decennie-de-service\\\/#breadcrumb\",\"itemListElement\":[{\"@type\":\"ListItem\",\"position\":1,\"name\":\"Home\",\"item\":\"https:\\\/\\\/interamerica.org\\\/fr\\\/\"},{\"@type\":\"ListItem\",\"position\":2,\"name\":\"Le pr\u00e9sident d\u2019ADRA International, Michael Kruger, quitte ses fonctions apr\u00e8s plus d\u2019une d\u00e9cennie de service\"}]},{\"@type\":\"WebSite\",\"@id\":\"https:\\\/\\\/interamerica.org\\\/fr\\\/#website\",\"url\":\"https:\\\/\\\/interamerica.org\\\/fr\\\/\",\"name\":\"\u00c9glise Adventiste Du Septieme Jour - Inter Am\u00e9rique Division\",\"description\":\"\",\"potentialAction\":[{\"@type\":\"SearchAction\",\"target\":{\"@type\":\"EntryPoint\",\"urlTemplate\":\"https:\\\/\\\/interamerica.org\\\/fr\\\/?s={search_term_string}\"},\"query-input\":{\"@type\":\"PropertyValueSpecification\",\"valueRequired\":true,\"valueName\":\"search_term_string\"}}],\"inLanguage\":\"fr-FR\"},{\"@type\":\"Person\",\"@id\":\"https:\\\/\\\/interamerica.org\\\/fr\\\/#\\\/schema\\\/person\\\/29998f2bc2d8bd0d38662909289b54f1\",\"name\":\"libna\",\"image\":{\"@type\":\"ImageObject\",\"inLanguage\":\"fr-FR\",\"@id\":\"https:\\\/\\\/secure.gravatar.com\\\/avatar\\\/7c5bd30ae4b47a9ba3c856590957fd1d96dc588bf3ac05719d247e126840331f?s=96&d=mm&r=g\",\"url\":\"https:\\\/\\\/secure.gravatar.com\\\/avatar\\\/7c5bd30ae4b47a9ba3c856590957fd1d96dc588bf3ac05719d247e126840331f?s=96&d=mm&r=g\",\"contentUrl\":\"https:\\\/\\\/secure.gravatar.com\\\/avatar\\\/7c5bd30ae4b47a9ba3c856590957fd1d96dc588bf3ac05719d247e126840331f?s=96&d=mm&r=g\",\"caption\":\"libna\"}}]}<\/script>\n<!-- \/ Yoast SEO plugin. -->","yoast_head_json":{"title":"Le pr\u00e9sident d\u2019ADRA International, Michael Kruger, quitte ses fonctions apr\u00e8s plus d\u2019une d\u00e9cennie de service - \u00c9glise Adventiste Du Septieme Jour - Inter Am\u00e9rique Division","robots":{"index":"index","follow":"follow","max-snippet":"max-snippet:-1","max-image-preview":"max-image-preview:large","max-video-preview":"max-video-preview:-1"},"canonical":"https:\/\/interamerica.org\/fr\/2025\/02\/le-president-dadra-international-michael-kruger-quitte-ses-fonctions-apres-plus-dune-decennie-de-service\/","og_locale":"fr_FR","og_type":"article","og_title":"Le pr\u00e9sident d\u2019ADRA International, Michael Kruger, quitte ses fonctions apr\u00e8s plus d\u2019une d\u00e9cennie de service - \u00c9glise Adventiste Du Septieme Jour - Inter Am\u00e9rique Division","og_description":"\u00c0 partir d\u2019avril 2025, Michael Kruger sera le nouveau vice-pr\u00e9sident et directeur financier principal du Centre M\u00e9dical White Oak d\u2019Adventist Healthcare. 3 F\u00e9vrier 2025 | Silver Spring, Maryland, \u00c9tats-Unis |...","og_url":"https:\/\/interamerica.org\/fr\/2025\/02\/le-president-dadra-international-michael-kruger-quitte-ses-fonctions-apres-plus-dune-decennie-de-service\/","og_site_name":"\u00c9glise Adventiste Du Septieme Jour - Inter Am\u00e9rique Division","article_published_time":"2025-02-03T18:00:40+00:00","article_modified_time":"2025-02-05T18:34:53+00:00","og_image":[{"width":1024,"height":683,"url":"https:\/\/interamerica.org\/wp-content\/uploads\/2025\/02\/adra-i-kruegerrs711319-093-1z0a1120-1024x683-1.jpg","type":"image\/jpeg"}],"author":"libna","twitter_card":"summary_large_image","twitter_misc":{"\u00c9crit par":"libna","Dur\u00e9e de lecture estim\u00e9e":"3 minutes"},"schema":{"@context":"https:\/\/schema.org","@graph":[{"@type":"Article","@id":"https:\/\/interamerica.org\/fr\/2025\/02\/le-president-dadra-international-michael-kruger-quitte-ses-fonctions-apres-plus-dune-decennie-de-service\/#article","isPartOf":{"@id":"https:\/\/interamerica.org\/fr\/2025\/02\/le-president-dadra-international-michael-kruger-quitte-ses-fonctions-apres-plus-dune-decennie-de-service\/"},"author":{"name":"libna","@id":"https:\/\/interamerica.org\/fr\/#\/schema\/person\/29998f2bc2d8bd0d38662909289b54f1"},"headline":"Le pr\u00e9sident d\u2019ADRA International, Michael Kruger, quitte ses fonctions apr\u00e8s plus d\u2019une d\u00e9cennie de service","datePublished":"2025-02-03T18:00:40+00:00","dateModified":"2025-02-05T18:34:53+00:00","mainEntityOfPage":{"@id":"https:\/\/interamerica.org\/fr\/2025\/02\/le-president-dadra-international-michael-kruger-quitte-ses-fonctions-apres-plus-dune-decennie-de-service\/"},"wordCount":683,"image":{"@id":"https:\/\/interamerica.org\/fr\/2025\/02\/le-president-dadra-international-michael-kruger-quitte-ses-fonctions-apres-plus-dune-decennie-de-service\/#primaryimage"},"thumbnailUrl":"https:\/\/interamerica.org\/wp-content\/uploads\/2025\/02\/adra-i-kruegerrs711319-093-1z0a1120-1024x683-1.jpg","articleSection":["Nouvelles de l'\u00c9glise mondiale","RSS Fran\u00e7ais"],"inLanguage":"fr-FR"},{"@type":"WebPage","@id":"https:\/\/interamerica.org\/fr\/2025\/02\/le-president-dadra-international-michael-kruger-quitte-ses-fonctions-apres-plus-dune-decennie-de-service\/","url":"https:\/\/interamerica.org\/fr\/2025\/02\/le-president-dadra-international-michael-kruger-quitte-ses-fonctions-apres-plus-dune-decennie-de-service\/","name":"Le pr\u00e9sident d\u2019ADRA International, Michael Kruger, quitte ses fonctions apr\u00e8s plus d\u2019une d\u00e9cennie de service - \u00c9glise Adventiste Du Septieme Jour - Inter Am\u00e9rique Division","isPartOf":{"@id":"https:\/\/interamerica.org\/fr\/#website"},"primaryImageOfPage":{"@id":"https:\/\/interamerica.org\/fr\/2025\/02\/le-president-dadra-international-michael-kruger-quitte-ses-fonctions-apres-plus-dune-decennie-de-service\/#primaryimage"},"image":{"@id":"https:\/\/interamerica.org\/fr\/2025\/02\/le-president-dadra-international-michael-kruger-quitte-ses-fonctions-apres-plus-dune-decennie-de-service\/#primaryimage"},"thumbnailUrl":"https:\/\/interamerica.org\/wp-content\/uploads\/2025\/02\/adra-i-kruegerrs711319-093-1z0a1120-1024x683-1.jpg","datePublished":"2025-02-03T18:00:40+00:00","dateModified":"2025-02-05T18:34:53+00:00","author":{"@id":"https:\/\/interamerica.org\/fr\/#\/schema\/person\/29998f2bc2d8bd0d38662909289b54f1"},"breadcrumb":{"@id":"https:\/\/interamerica.org\/fr\/2025\/02\/le-president-dadra-international-michael-kruger-quitte-ses-fonctions-apres-plus-dune-decennie-de-service\/#breadcrumb"},"inLanguage":"fr-FR","potentialAction":[{"@type":"ReadAction","target":["https:\/\/interamerica.org\/fr\/2025\/02\/le-president-dadra-international-michael-kruger-quitte-ses-fonctions-apres-plus-dune-decennie-de-service\/"]}]},{"@type":"ImageObject","inLanguage":"fr-FR","@id":"https:\/\/interamerica.org\/fr\/2025\/02\/le-president-dadra-international-michael-kruger-quitte-ses-fonctions-apres-plus-dune-decennie-de-service\/#primaryimage","url":"https:\/\/interamerica.org\/wp-content\/uploads\/2025\/02\/adra-i-kruegerrs711319-093-1z0a1120-1024x683-1.jpg","contentUrl":"https:\/\/interamerica.org\/wp-content\/uploads\/2025\/02\/adra-i-kruegerrs711319-093-1z0a1120-1024x683-1.jpg","width":1024,"height":683,"caption":"Michael Kruger named new Vice-President and Chief Financial Officer of Adventist Healthcare White Oak Medical Center in Maryland, United States. [Photo: ADRA International]"},{"@type":"BreadcrumbList","@id":"https:\/\/interamerica.org\/fr\/2025\/02\/le-president-dadra-international-michael-kruger-quitte-ses-fonctions-apres-plus-dune-decennie-de-service\/#breadcrumb","itemListElement":[{"@type":"ListItem","position":1,"name":"Home","item":"https:\/\/interamerica.org\/fr\/"},{"@type":"ListItem","position":2,"name":"Le pr\u00e9sident d\u2019ADRA International, Michael Kruger, quitte ses fonctions apr\u00e8s plus d\u2019une d\u00e9cennie de service"}]},{"@type":"WebSite","@id":"https:\/\/interamerica.org\/fr\/#website","url":"https:\/\/interamerica.org\/fr\/","name":"\u00c9glise Adventiste Du Septieme Jour - Inter Am\u00e9rique Division","description":"","potentialAction":[{"@type":"SearchAction","target":{"@type":"EntryPoint","urlTemplate":"https:\/\/interamerica.org\/fr\/?s={search_term_string}"},"query-input":{"@type":"PropertyValueSpecification","valueRequired":true,"valueName":"search_term_string"}}],"inLanguage":"fr-FR"},{"@type":"Person","@id":"https:\/\/interamerica.org\/fr\/#\/schema\/person\/29998f2bc2d8bd0d38662909289b54f1","name":"libna","image":{"@type":"ImageObject","inLanguage":"fr-FR","@id":"https:\/\/secure.gravatar.com\/avatar\/7c5bd30ae4b47a9ba3c856590957fd1d96dc588bf3ac05719d247e126840331f?s=96&d=mm&r=g","url":"https:\/\/secure.gravatar.com\/avatar\/7c5bd30ae4b47a9ba3c856590957fd1d96dc588bf3ac05719d247e126840331f?s=96&d=mm&r=g","contentUrl":"https:\/\/secure.gravatar.com\/avatar\/7c5bd30ae4b47a9ba3c856590957fd1d96dc588bf3ac05719d247e126840331f?s=96&d=mm&r=g","caption":"libna"}}]}},"_links":{"self":[{"href":"https:\/\/interamerica.org\/fr\/wp-json\/wp\/v2\/posts\/124962","targetHints":{"allow":["GET"]}}],"collection":[{"href":"https:\/\/interamerica.org\/fr\/wp-json\/wp\/v2\/posts"}],"about":[{"href":"https:\/\/interamerica.org\/fr\/wp-json\/wp\/v2\/types\/post"}],"author":[{"embeddable":true,"href":"https:\/\/interamerica.org\/fr\/wp-json\/wp\/v2\/users\/3"}],"replies":[{"embeddable":true,"href":"https:\/\/interamerica.org\/fr\/wp-json\/wp\/v2\/comments?post=124962"}],"version-history":[{"count":0,"href":"https:\/\/interamerica.org\/fr\/wp-json\/wp\/v2\/posts\/124962\/revisions"}],"wp:featuredmedia":[{"embeddable":true,"href":"https:\/\/interamerica.org\/fr\/wp-json\/wp\/v2\/media\/124805"}],"wp:attachment":[{"href":"https:\/\/interamerica.org\/fr\/wp-json\/wp\/v2\/media?parent=124962"}],"wp:term":[{"taxonomy":"category","embeddable":true,"href":"https:\/\/interamerica.org\/fr\/wp-json\/wp\/v2\/categories?post=124962"},{"taxonomy":"post_tag","embeddable":true,"href":"https:\/\/interamerica.org\/fr\/wp-json\/wp\/v2\/tags?post=124962"}],"curies":[{"name":"wp","href":"https:\/\/api.w.org\/{rel}","templated":true}]}}