{"id":12497,"date":"2006-02-01T00:00:00","date_gmt":"2006-02-01T04:00:00","guid":{"rendered":"http:\/\/192.81.217.108\/interamerica\/2006\/02\/leadership-impressions-de-femmes-qui-dirigent\/"},"modified":"2017-06-02T13:17:57","modified_gmt":"2017-06-02T17:17:57","slug":"leadership-impressions-de-femmes-qui-dirigent","status":"publish","type":"post","link":"https:\/\/interamerica.org\/fr\/2006\/02\/leadership-impressions-de-femmes-qui-dirigent\/","title":{"rendered":"Leadership:  Impressions de Femmes qui Dirigent"},"content":{"rendered":"<p>1er f\u00e9vrier 2005, Silver Spring, Maryland, Etats-Unis&#8230; (Tashi Rowe\/ANN<\/p>\n<p>Coup d&rsquo;oeil sur les femmes dirigeantes.<\/p>\n<p>Rose Otis avait 12 ans quand Velma Bevins, une femme de pasteur, arriva dans sa ville du Michigan.<\/p>\n<p>\u00ab\u00a0Pour moi, elle \u00e9tait la quintessence d&rsquo;une femme Chr\u00e9tienne enti\u00e8rement\u00a0consacr\u00e9e.\u00a0 Elle \u00e9tait\u00a0 une femme gracieuse,\u00a0\u00bb s&rsquo;est rappel\u00e9e Otis.\u00a0 \u00ab\u00a0Elle chantait et parlait avec assurance.\u00a0 Elle \u00e9tait la premi\u00e8re femme \u00e0 qui je voulais ressembler.\u00a0 Je\u00a0l&rsquo;ai toujours consid\u00e9r\u00e9e comme une femme qui m&rsquo;a ouvert les yeux pour \u00eatre\u00a0une\u00a0 femme appel\u00e9e \u00e0 exercer une influence dans l&rsquo;Eglise Adventiste.\u00a0\u00bb<\/p>\n<p>Pour Otis, et plusieurs autres qu&rsquo;elle, c&rsquo;\u00e9tait une tante, une amie de la famille, une enseignante de classe de\u00a0 Bible,\u00a0ou d&rsquo;une dirictrice de chorale qui a laiss\u00e9 l&rsquo;exemple de femme dirigeante.\u00a0 Aujourd&rsquo;hui, en tant que dirigeantes dans l&rsquo;Eglise Adventiste du Septi\u00e8me jour et ses organisations affili\u00e9es, cinq femmes partagent avec ANN leurs pr\u00e9sentes exp\u00e9riences \u00e0 ces postes, leurs opinions en tant que dirigeantes dans l&rsquo;\u00e9glise, et leurs conseils aux jeunes filles qui veulent travailler dans l&rsquo;oeuvre.<\/p>\n<p>La Pionni\u00e8re<\/p>\n<p>Avec le temps Otis a grandi et servi l&rsquo;Eglise Adventiste \u00e0 plusieurs postes qui \u00e9taient les\u00a0premiers \u00e0 \u00eatre accord\u00e9s aux femmes.\u00a0 Elle a \u00e9t\u00e9 la premi\u00e8re\u00a0directrice du Minist\u00e8re de la femme de l&rsquo;\u00e9glise mondiale.\u00a0 Elle devint par la suite la premi\u00e8re femme \u00e0 occuper la position de vice pr\u00e9sidente de l&rsquo;\u00e9glise de l&rsquo;Am\u00e9rique du Nord.\u00a0 En tant que premi\u00e8re directrice, du Minist\u00e8re de la Femme, Otis passa six ans \u00e0 \u00e9tablir les fondements de ce d\u00e9partement.<\/p>\n<p>\u00ab\u00a0J&rsquo;ai essay\u00e9 de prouver que les femmes pouvaient r\u00e9ellement faire relever l&rsquo;\u00e9glise, que\u00a0des talents et des dons n&rsquo;ont pas \u00e9t\u00e9 utilis\u00e9s en excluant les femmes, et qu&rsquo;ils peuvent \u00eatre utilis\u00e9s si seulement\u00a0nous encouragions davantage les femmes,\u00a0\u00bb dit-elle.\u00a0 \u00ab\u00a0J&rsquo;ai vu beaucoup de changements d&rsquo;attitude quand j&rsquo;ai occup\u00e9\u00a0ce poste.\u00a0 Les programmes du\u00a0Minist\u00e8re de la Femme ont fait sortir des bancs de l&rsquo;\u00e9glise beaucoup de femmes\u00a0 pour organiser\u00a0des projets tant au niveau de l&rsquo;\u00e9glise locale que jusqu&rsquo;aux bureaux r\u00e9gionaux du monde.\u00a0\u00bb<\/p>\n<p>L&rsquo;Administratice<\/p>\n<p>Comme pr\u00e9sidente et responsable en chef de l&rsquo;Hopital St Helena en Californie, JoAline Olson sait bien ce que cela signifie\u00a0d&rsquo;\u00eatre l&rsquo;une parmi peu de femmes \u00e0 occuper une\u00a0\u00a0 position \u00e9lev\u00e9e au sein d&rsquo;une organisation.<\/p>\n<p>elle avance qu&rsquo;elle et son mari essaient d&rsquo;enseigner \u00e0 leurs filles adolescentes que la vie n&rsquo;est pas limit\u00e9e par le genre.<\/p>\n<p>\u00ab\u00a0Le monde change,\u00a0\u00bb dit -elle.\u00a0 \u00ab\u00a0Il y a davantage et plus de femmes \u00e0 \u00eatre \u00ab\u00a0CEO\u00a0\u00bb Administratrice en Chef\u00a0 d&rsquo;hopitaux.<\/p>\n<p>\u00ab\u00a0Mais il est tout aussi important pour les femmes de diriger l\u00e0 o\u00f9 elles sont,\u00a0\u00bb continua-t-elle.\u00a0 \u00ab\u00a0Le fait de diriger ne s&rsquo;applique\u00a0 pas seulement \u00e0 certaines fonctions pr\u00e9cises.\u00a0 Dirigez l\u00e0 vous \u00eates, dirigez dans l&rsquo;Ecole du Sabbat de votre \u00e9glise locale ou en tant que diaconnesse.\u00a0 Certaines\u00a0 des personnes les plus infuentes n&rsquo;ont pas eu de positions officielles.<\/p>\n<p>L&rsquo;Avocate<\/p>\n<p>La carri\u00e8re de direction de Heather-Dawn Small a commenc\u00e9 quand elle a \u00e9t\u00e9 d\u00e9sign\u00e9e pour enseigner la classe de jardin d&rsquo;enfant dans son \u00e9glise locale.\u00a0 Elle n&rsquo;avait que seulement 12 ans.\u00a0 Apr\u00e8s avoir pendant\u00a0des ann\u00e9es pris davantage de responsabilit\u00e9 au sein de son \u00e9glise, elle prit la d\u00e9cision au cours de sa premi\u00e8re ann\u00e9e de coll\u00e8ge de se faire pasteur.\u00a0 Mais c&rsquo;\u00e9tait en 1977 et elle vivait dans l&rsquo;\u00eele Caraib\u00e9enne de\u00a0Trinidad o\u00f9 elle subissait des pressions pour abandonner la th\u00e9ologie.\u00a0<\/p>\n<p>A cette \u00e9poque les femmes qui \u00e9tudiaient la th\u00e9ologie ne pouvaient que devenir lectrice Biblique, et je continuais \u00e0 penser que ce n&rsquo;\u00e9tait pas juste parcequ&rsquo;il ne fallait qu&rsquo;un dipl\u00f4me de\u00a0deux ans pour\u00a0\u00eatre lectrice Biblique,\u00a0 mais un dipl\u00f4me en th\u00e9ologie requerrait quatre ann\u00e9es de coll\u00e8ge,\u00a0\u00bb\u00a0se rappellait-elle.\u00a0\u00a0 <\/p>\n<p>Small a d\u00e9cid\u00e9 qu&rsquo;elle ne voulait plus travailler pour l&rsquo;oeuvre.\u00a0 Mais en 2006 elle sert comme directeur du Minist\u00e8re des Femmes de l&rsquo;\u00e9glise mondiale.<\/p>\n<p>\u00ab\u00a0Le Seigneur m&rsquo;a appel\u00e9e et je n&rsquo;ai pu dire non,\u00a0\u00bb expliqua-t-elle.\u00a0 A ce poste Small travaille avec les femmes du monde entier,\u00a0 les aidant \u00e0 trouver les moyens pour contribuer d&rsquo;une mani\u00e8re significative au sein de leurs \u00e9glises.\u00a0 Elle encourage les femmes Adventistes \u00e0 utiliser pleinement leurs talents, pourvoit \u00e0\u00a0la formation des leaders et aux\u00a0ressources mat\u00e9rielles, et travaille de pr\u00e8s avec les admnistrateurs de l&rsquo;\u00e9glise pour savoir dans quelle mesure les programmes du Minist\u00e8re des Femmes peuvent compl\u00e9ter et supporter les programmes d\u00e9j\u00e0 \u00e9tablis\u00a0dans l&rsquo;\u00e9glise.<\/p>\n<p>\u00ab\u00a0Le plus grand obstacle pour accepter les dirigeants\u00a0femmes\u00a0se trouve dans notre mentalit\u00e9,\u00a0\u00bb \u00ab\u00a0Nous devons changer de mentalit\u00e9 de telle sorte que quand nous pensons aux dirigeants, nous ne pensions pas automatiquement aux hommes.\u00a0\u00a0 Nous devons refaire notre mentalit\u00e9 pour inclure les femmes.\u00a0\u00bb<\/p>\n<p>Elle a ajout\u00e9, \u00ab\u00a0Quand la premi\u00e8re femme a \u00e9t\u00e9 \u00e9lue vice pr\u00e9sidente j&rsquo;ai \u00e9t\u00e9 tr\u00e8s surprise.\u00a0 J&rsquo;ai \u00e9t\u00e9 extr\u00eamement joyeuse et enchant\u00e9e.\u00a0 Je pense que c&rsquo;est d\u00e9f\u00e9nitivement un pas dans la bonne direction car ce qui se passe aux \u00e9chelons\u00a0sup\u00e9rieurs de l&rsquo;\u00e9glise va\u00a0 s&rsquo;infiltrer en bas.\u00a0\u00bb<\/p>\n<p>La Vice Pr\u00e9sidente<\/p>\n<p>En pensant sur sa d\u00e9signation historique en tant que premi\u00e8re femme vice pr\u00e9sidente de l&rsquo;\u00e9glise Adventiste mondiale, Dr. Ella Simmons\u00a0a dit qu&rsquo;il y a de\u00a0vrais signes de changement.<\/p>\n<p>\u00ab\u00a0Je n&rsquo;avais jamais\u00a0pens\u00e9\u00a0me joindre \u00e0 (l&rsquo;\u00e9glise mondiale) et\u00a0occuper cette position.\u00a0 Je m&rsquo;attendais \u00e0 certains changements mais n&rsquo;ai jamais pens\u00e9 que j&rsquo;en ferai partie\u00a0\u00bb a dit Simmons.<\/p>\n<p>\u00ab\u00a0Nous devons pouvoir accepter une responsabilit\u00e9 quand il s&rsquo;agit d&rsquo;une position\u00a0en dehors des limites de notre bien-\u00eatre, ainsi nous n&rsquo;aurons pas le droit de parler d&rsquo;injustice,\u00a0\u00bb ajouta-t-elle.<\/p>\n<p>L&rsquo;Educatrice<\/p>\n<p>Dr. Myrna Costa, p\u00e9sidente de \u00ab\u00a0Antillean Adventist University \u00e0 Porto-Rico a convenu.\u00a0 Elle conseille aussi aux autre femmes qui aspirent \u00e0 diriger de s&rsquo;assurer que Dieu ouvre la voie.<\/p>\n<p>\u00ab\u00a0Le probl\u00e8me, comme je le vois, est que beaucoup de femmes veulent ouvrir leurs propres portes, et c&rsquo;est allors qu&rsquo;elles tombent.\u00a0 Elles ouvrent leurs propres portes et quand elles tombent, elles bl\u00e2ment le syst\u00e8me ou les\u00a0autres, jamais elles m\u00eames.\u00a0 Mon conseil:\u00a0 soyez humble, pr\u00e9parez vous acad\u00e9miquement, professionnellement et acquerez beaucoup d&rsquo;exp\u00e9rience; puis faites bien votre travail&#8230; les portes s&rsquo;ouvriront et les opportunit\u00e9s s&rsquo;offriront.\u00a0 Je crois que si Dieu veut que nous occupions des positions, Il ouvrira les portes,\u00a0\u00bb a-t-elle conclu.\u00a0\u00a0\u00a0\u00a0\u00a0\u00a0\u00a0\u00a0\u00a0\u00a0\u00a0\u00a0\u00a0<\/p>\n","protected":false},"excerpt":{"rendered":"<p>Coup d&rsquo;oeil sur les femmes dirigeantes.\u00a0<\/p>\n","protected":false},"author":1,"featured_media":0,"comment_status":"closed","ping_status":"closed","sticky":false,"template":"","format":"standard","meta":{"_acf_changed":false,"footnotes":""},"categories":[9],"tags":[],"class_list":["post-12497","post","type-post","status-publish","format-standard","hentry","category-archive-fr"],"acf":[],"yoast_head":"<!-- This site is optimized with the Yoast SEO plugin v27.3 - https:\/\/yoast.com\/product\/yoast-seo-wordpress\/ -->\n<title>Leadership: Impressions de Femmes qui Dirigent - \u00c9glise Adventiste Du Septieme Jour - Inter Am\u00e9rique Division<\/title>\n<meta name=\"robots\" content=\"index, follow, max-snippet:-1, max-image-preview:large, max-video-preview:-1\" \/>\n<link rel=\"canonical\" href=\"https:\/\/interamerica.org\/fr\/2006\/02\/leadership-impressions-de-femmes-qui-dirigent\/\" \/>\n<meta property=\"og:locale\" content=\"fr_FR\" \/>\n<meta property=\"og:type\" content=\"article\" \/>\n<meta property=\"og:title\" content=\"Leadership: Impressions de Femmes qui Dirigent - \u00c9glise Adventiste Du Septieme Jour - Inter Am\u00e9rique Division\" \/>\n<meta property=\"og:description\" content=\"Coup d&#039;oeil sur les femmes dirigeantes.\u00a0\" \/>\n<meta property=\"og:url\" content=\"https:\/\/interamerica.org\/fr\/2006\/02\/leadership-impressions-de-femmes-qui-dirigent\/\" \/>\n<meta property=\"og:site_name\" content=\"\u00c9glise Adventiste Du Septieme Jour - Inter Am\u00e9rique Division\" \/>\n<meta property=\"article:published_time\" content=\"2006-02-01T04:00:00+00:00\" \/>\n<meta property=\"article:modified_time\" content=\"2017-06-02T17:17:57+00:00\" \/>\n<meta name=\"author\" content=\"Lorenzo Verduzco\" \/>\n<meta name=\"twitter:card\" content=\"summary_large_image\" \/>\n<meta name=\"twitter:label1\" content=\"\u00c9crit par\" \/>\n\t<meta name=\"twitter:data1\" content=\"Lorenzo Verduzco\" \/>\n\t<meta name=\"twitter:label2\" content=\"Dur\u00e9e de lecture estim\u00e9e\" \/>\n\t<meta name=\"twitter:data2\" content=\"5 minutes\" \/>\n<script type=\"application\/ld+json\" class=\"yoast-schema-graph\">{\"@context\":\"https:\\\/\\\/schema.org\",\"@graph\":[{\"@type\":\"Article\",\"@id\":\"https:\\\/\\\/interamerica.org\\\/fr\\\/2006\\\/02\\\/leadership-impressions-de-femmes-qui-dirigent\\\/#article\",\"isPartOf\":{\"@id\":\"https:\\\/\\\/interamerica.org\\\/fr\\\/2006\\\/02\\\/leadership-impressions-de-femmes-qui-dirigent\\\/\"},\"author\":{\"name\":\"Lorenzo Verduzco\",\"@id\":\"https:\\\/\\\/interamerica.org\\\/fr\\\/#\\\/schema\\\/person\\\/68ede8bdc292885bb76c1e3810e73c39\"},\"headline\":\"Leadership: Impressions de Femmes qui Dirigent\",\"datePublished\":\"2006-02-01T04:00:00+00:00\",\"dateModified\":\"2017-06-02T17:17:57+00:00\",\"mainEntityOfPage\":{\"@id\":\"https:\\\/\\\/interamerica.org\\\/fr\\\/2006\\\/02\\\/leadership-impressions-de-femmes-qui-dirigent\\\/\"},\"wordCount\":1145,\"articleSection\":[\"Archive\"],\"inLanguage\":\"fr-FR\"},{\"@type\":\"WebPage\",\"@id\":\"https:\\\/\\\/interamerica.org\\\/fr\\\/2006\\\/02\\\/leadership-impressions-de-femmes-qui-dirigent\\\/\",\"url\":\"https:\\\/\\\/interamerica.org\\\/fr\\\/2006\\\/02\\\/leadership-impressions-de-femmes-qui-dirigent\\\/\",\"name\":\"Leadership: Impressions de Femmes qui Dirigent - \u00c9glise Adventiste Du Septieme Jour - Inter Am\u00e9rique Division\",\"isPartOf\":{\"@id\":\"https:\\\/\\\/interamerica.org\\\/fr\\\/#website\"},\"datePublished\":\"2006-02-01T04:00:00+00:00\",\"dateModified\":\"2017-06-02T17:17:57+00:00\",\"author\":{\"@id\":\"https:\\\/\\\/interamerica.org\\\/fr\\\/#\\\/schema\\\/person\\\/68ede8bdc292885bb76c1e3810e73c39\"},\"breadcrumb\":{\"@id\":\"https:\\\/\\\/interamerica.org\\\/fr\\\/2006\\\/02\\\/leadership-impressions-de-femmes-qui-dirigent\\\/#breadcrumb\"},\"inLanguage\":\"fr-FR\",\"potentialAction\":[{\"@type\":\"ReadAction\",\"target\":[\"https:\\\/\\\/interamerica.org\\\/fr\\\/2006\\\/02\\\/leadership-impressions-de-femmes-qui-dirigent\\\/\"]}]},{\"@type\":\"BreadcrumbList\",\"@id\":\"https:\\\/\\\/interamerica.org\\\/fr\\\/2006\\\/02\\\/leadership-impressions-de-femmes-qui-dirigent\\\/#breadcrumb\",\"itemListElement\":[{\"@type\":\"ListItem\",\"position\":1,\"name\":\"Home\",\"item\":\"https:\\\/\\\/interamerica.org\\\/fr\\\/\"},{\"@type\":\"ListItem\",\"position\":2,\"name\":\"Leadership: Impressions de Femmes qui Dirigent\"}]},{\"@type\":\"WebSite\",\"@id\":\"https:\\\/\\\/interamerica.org\\\/fr\\\/#website\",\"url\":\"https:\\\/\\\/interamerica.org\\\/fr\\\/\",\"name\":\"\u00c9glise Adventiste Du Septieme Jour - Inter Am\u00e9rique Division\",\"description\":\"\",\"potentialAction\":[{\"@type\":\"SearchAction\",\"target\":{\"@type\":\"EntryPoint\",\"urlTemplate\":\"https:\\\/\\\/interamerica.org\\\/fr\\\/?s={search_term_string}\"},\"query-input\":{\"@type\":\"PropertyValueSpecification\",\"valueRequired\":true,\"valueName\":\"search_term_string\"}}],\"inLanguage\":\"fr-FR\"},{\"@type\":\"Person\",\"@id\":\"https:\\\/\\\/interamerica.org\\\/fr\\\/#\\\/schema\\\/person\\\/68ede8bdc292885bb76c1e3810e73c39\",\"name\":\"Lorenzo Verduzco\",\"image\":{\"@type\":\"ImageObject\",\"inLanguage\":\"fr-FR\",\"@id\":\"https:\\\/\\\/secure.gravatar.com\\\/avatar\\\/fb81a55b6218459490a9c1dc841a34909185b81904c5337b4b27f7a6fd60c49e?s=96&d=mm&r=g\",\"url\":\"https:\\\/\\\/secure.gravatar.com\\\/avatar\\\/fb81a55b6218459490a9c1dc841a34909185b81904c5337b4b27f7a6fd60c49e?s=96&d=mm&r=g\",\"contentUrl\":\"https:\\\/\\\/secure.gravatar.com\\\/avatar\\\/fb81a55b6218459490a9c1dc841a34909185b81904c5337b4b27f7a6fd60c49e?s=96&d=mm&r=g\",\"caption\":\"Lorenzo Verduzco\"}}]}<\/script>\n<!-- \/ Yoast SEO plugin. -->","yoast_head_json":{"title":"Leadership: Impressions de Femmes qui Dirigent - \u00c9glise Adventiste Du Septieme Jour - Inter Am\u00e9rique Division","robots":{"index":"index","follow":"follow","max-snippet":"max-snippet:-1","max-image-preview":"max-image-preview:large","max-video-preview":"max-video-preview:-1"},"canonical":"https:\/\/interamerica.org\/fr\/2006\/02\/leadership-impressions-de-femmes-qui-dirigent\/","og_locale":"fr_FR","og_type":"article","og_title":"Leadership: Impressions de Femmes qui Dirigent - \u00c9glise Adventiste Du Septieme Jour - Inter Am\u00e9rique Division","og_description":"Coup d'oeil sur les femmes dirigeantes.\u00a0","og_url":"https:\/\/interamerica.org\/fr\/2006\/02\/leadership-impressions-de-femmes-qui-dirigent\/","og_site_name":"\u00c9glise Adventiste Du Septieme Jour - Inter Am\u00e9rique Division","article_published_time":"2006-02-01T04:00:00+00:00","article_modified_time":"2017-06-02T17:17:57+00:00","author":"Lorenzo Verduzco","twitter_card":"summary_large_image","twitter_misc":{"\u00c9crit par":"Lorenzo Verduzco","Dur\u00e9e de lecture estim\u00e9e":"5 minutes"},"schema":{"@context":"https:\/\/schema.org","@graph":[{"@type":"Article","@id":"https:\/\/interamerica.org\/fr\/2006\/02\/leadership-impressions-de-femmes-qui-dirigent\/#article","isPartOf":{"@id":"https:\/\/interamerica.org\/fr\/2006\/02\/leadership-impressions-de-femmes-qui-dirigent\/"},"author":{"name":"Lorenzo Verduzco","@id":"https:\/\/interamerica.org\/fr\/#\/schema\/person\/68ede8bdc292885bb76c1e3810e73c39"},"headline":"Leadership: Impressions de Femmes qui Dirigent","datePublished":"2006-02-01T04:00:00+00:00","dateModified":"2017-06-02T17:17:57+00:00","mainEntityOfPage":{"@id":"https:\/\/interamerica.org\/fr\/2006\/02\/leadership-impressions-de-femmes-qui-dirigent\/"},"wordCount":1145,"articleSection":["Archive"],"inLanguage":"fr-FR"},{"@type":"WebPage","@id":"https:\/\/interamerica.org\/fr\/2006\/02\/leadership-impressions-de-femmes-qui-dirigent\/","url":"https:\/\/interamerica.org\/fr\/2006\/02\/leadership-impressions-de-femmes-qui-dirigent\/","name":"Leadership: Impressions de Femmes qui Dirigent - \u00c9glise Adventiste Du Septieme Jour - Inter Am\u00e9rique Division","isPartOf":{"@id":"https:\/\/interamerica.org\/fr\/#website"},"datePublished":"2006-02-01T04:00:00+00:00","dateModified":"2017-06-02T17:17:57+00:00","author":{"@id":"https:\/\/interamerica.org\/fr\/#\/schema\/person\/68ede8bdc292885bb76c1e3810e73c39"},"breadcrumb":{"@id":"https:\/\/interamerica.org\/fr\/2006\/02\/leadership-impressions-de-femmes-qui-dirigent\/#breadcrumb"},"inLanguage":"fr-FR","potentialAction":[{"@type":"ReadAction","target":["https:\/\/interamerica.org\/fr\/2006\/02\/leadership-impressions-de-femmes-qui-dirigent\/"]}]},{"@type":"BreadcrumbList","@id":"https:\/\/interamerica.org\/fr\/2006\/02\/leadership-impressions-de-femmes-qui-dirigent\/#breadcrumb","itemListElement":[{"@type":"ListItem","position":1,"name":"Home","item":"https:\/\/interamerica.org\/fr\/"},{"@type":"ListItem","position":2,"name":"Leadership: Impressions de Femmes qui Dirigent"}]},{"@type":"WebSite","@id":"https:\/\/interamerica.org\/fr\/#website","url":"https:\/\/interamerica.org\/fr\/","name":"\u00c9glise Adventiste Du Septieme Jour - Inter Am\u00e9rique Division","description":"","potentialAction":[{"@type":"SearchAction","target":{"@type":"EntryPoint","urlTemplate":"https:\/\/interamerica.org\/fr\/?s={search_term_string}"},"query-input":{"@type":"PropertyValueSpecification","valueRequired":true,"valueName":"search_term_string"}}],"inLanguage":"fr-FR"},{"@type":"Person","@id":"https:\/\/interamerica.org\/fr\/#\/schema\/person\/68ede8bdc292885bb76c1e3810e73c39","name":"Lorenzo Verduzco","image":{"@type":"ImageObject","inLanguage":"fr-FR","@id":"https:\/\/secure.gravatar.com\/avatar\/fb81a55b6218459490a9c1dc841a34909185b81904c5337b4b27f7a6fd60c49e?s=96&d=mm&r=g","url":"https:\/\/secure.gravatar.com\/avatar\/fb81a55b6218459490a9c1dc841a34909185b81904c5337b4b27f7a6fd60c49e?s=96&d=mm&r=g","contentUrl":"https:\/\/secure.gravatar.com\/avatar\/fb81a55b6218459490a9c1dc841a34909185b81904c5337b4b27f7a6fd60c49e?s=96&d=mm&r=g","caption":"Lorenzo Verduzco"}}]}},"_links":{"self":[{"href":"https:\/\/interamerica.org\/fr\/wp-json\/wp\/v2\/posts\/12497","targetHints":{"allow":["GET"]}}],"collection":[{"href":"https:\/\/interamerica.org\/fr\/wp-json\/wp\/v2\/posts"}],"about":[{"href":"https:\/\/interamerica.org\/fr\/wp-json\/wp\/v2\/types\/post"}],"author":[{"embeddable":true,"href":"https:\/\/interamerica.org\/fr\/wp-json\/wp\/v2\/users\/1"}],"replies":[{"embeddable":true,"href":"https:\/\/interamerica.org\/fr\/wp-json\/wp\/v2\/comments?post=12497"}],"version-history":[{"count":0,"href":"https:\/\/interamerica.org\/fr\/wp-json\/wp\/v2\/posts\/12497\/revisions"}],"wp:attachment":[{"href":"https:\/\/interamerica.org\/fr\/wp-json\/wp\/v2\/media?parent=12497"}],"wp:term":[{"taxonomy":"category","embeddable":true,"href":"https:\/\/interamerica.org\/fr\/wp-json\/wp\/v2\/categories?post=12497"},{"taxonomy":"post_tag","embeddable":true,"href":"https:\/\/interamerica.org\/fr\/wp-json\/wp\/v2\/tags?post=12497"}],"curies":[{"name":"wp","href":"https:\/\/api.w.org\/{rel}","templated":true}]}}