{"id":12501,"date":"2006-02-10T00:00:00","date_gmt":"2006-02-10T04:00:00","guid":{"rendered":"http:\/\/192.81.217.108\/interamerica\/2006\/02\/le-site-internet-des-jeunes-adventistes-atteint-un-record-demission\/"},"modified":"2017-06-02T13:17:53","modified_gmt":"2017-06-02T17:17:53","slug":"le-site-internet-des-jeunes-adventistes-atteint-un-record-demission","status":"publish","type":"post","link":"https:\/\/interamerica.org\/fr\/2006\/02\/le-site-internet-des-jeunes-adventistes-atteint-un-record-demission\/","title":{"rendered":"Le Site Internet\u00a0des\u00a0Jeunes Adventistes\u00a0Atteint\u00a0un\u00a0Record\u00a0d&rsquo;Emission\u00a0"},"content":{"rendered":"<p>Miami, florida, Etats-Unis&#8230; (Libna Stevens &#038; Daniel Gonzalez\/DIA)<\/p>\n<p>Le deuxi\u00e8me Concours de Bible des Jeunes de l&rsquo;Inter-Am\u00e9rique a r\u00e9uni des douzaines de jeunes du territoire de la Division Inter-Am\u00e9ricaine pour la derni\u00e8re finale \u00e0 Caracas, au V\u00e9n\u00e9zuela.\u00a0 Les spectateurs ont suivi les finalistes, qui\u00a0repr\u00e9sentaient des\u00a0 milliers de jeunes du territoire,\u00a0alors qu&rsquo;ils r\u00e9pondaient \u00e0 d&rsquo;importantes questions du Livre \u00ab\u00a0Messages \u00e0 la Jeunesse, d&rsquo;Ellen G. White.<\/p>\n<p>Patronn\u00e9 par le D\u00e9partement du Minist\u00e8re de la Jeunesse, la comp\u00e9tition qui a \u00e9t\u00e9 retransmise en direct sur l&rsquo;internet, et a attir\u00e9 environ 400 internautes, le plus\u00a0grand nombre en un seul jour, d&rsquo;apr\u00e8s Jose Romero, assistant directeur de communication de l&rsquo;\u00e9glise de l&rsquo;Inter-Am\u00e9rique.<\/p>\n<p>\u00ab\u00a0C&rsquo;\u00e9tait un \u00e9v\u00e8nement merveilleux,\u00a0\u00bb avance Pateur Rodriguez, directeur de jeunesse de l&rsquo;\u00e9glise de l&rsquo;Inter-Am\u00e9rique et mod\u00e9rateur de la comp\u00e9tition.\u00a0 \u00ab\u00a0C&rsquo;\u00e9tait si impressionnant de voir l&rsquo;esprit d&rsquo;unit\u00e9 des jeunes gens \u00e0 l&rsquo;occasion de cet \u00e9v\u00e8nement, ils ont eu le privil\u00e8ge de partager les d\u00e9fis auxquels ils font face aujourd&rsquo;hui, ils ont particip\u00e9 \u00e0 un tour le jour suivant et ont partag\u00e9 des moments m\u00e9morables&#8230; la langue ne constituait pas une barri\u00e8re pour eux,\u00a0\u00bb a-t-il ajout\u00e9.<\/p>\n<p>La comp\u00e9tion\u00a0a n\u00e9cessit\u00e9 les services d&rsquo;une \u00e9quipe de techniciens et d&rsquo;un staff pour mettre en r\u00e9seau\u00a012 ordinateurs pour permettre \u00e0 chaque participant de voir et r\u00e9pondre aux questions sur leurs ordinateurs.\u00a0 Les r\u00e9sultats des r\u00e9ponses de chaque participant et ainsi que le temps pris pour y r\u00e9pondre \u00e9taient inscrits sur l&rsquo;\u00e9cran d&rsquo;un projecteur .\u00a0 Le format de choix multiple\u00a0\u00e9tait apparent\u00e9 au populaire jeu\u00a0t\u00e9l\u00e9vis\u00e9 \u00ab\u00a0Qui Veut Etre Millionnaire\u00a0\u00bb.<\/p>\n<p>\u00ab\u00a0Nous nous r\u00e9jouissons des r\u00e9sultats,\u00a0\u00bb dit Pasteur Rodriguez.\u00a0\u00a0\u00a0Nous utilisons\u00a0pleinement de\u00a0la technologie au profit de la mission de l&rsquo;\u00e9glise.\u00a0\u00bb<\/p>\n<p>Romero avance que ce sont de tels \u00e9v\u00e8nements qui motivent la Division \u00e0 utiliser l&rsquo;internet, dit Romero.<\/p>\n<p>\u00ab\u00a0Ces \u00e9v\u00e8nements retransmis en direct sur l&rsquo;internet constituent une bonne oppportunit\u00e9 pour \u00e9tendre nos services de communication \u00e0 travers notre territoire et entretenir l&rsquo;unit\u00e9.\u00a0\u00bb dit-il.<\/p>\n<p>Pasteur Rodriguez dit que depuis que\u00a0le Concours de Bible a commenc\u00e9 en 2004, il a suscit\u00e9 beaucoup d&rsquo;engouement et une ferveur chez les jeunes de l&rsquo;Inter-Am\u00e9rique.<\/p>\n<p>Notre but pour les Concours de Bible \u00e9tait d&rsquo;int\u00e9resser au moins 75% des jeunes de la DIA \u00e0\u00a0la lecture de la Bible et des ouvrages de l&rsquo;Esprit de Proph\u00e9tie,\u00a0\u00bb d\u00e9clare Pasteur Rodriguez.<\/p>\n<p>Bien que le Concours de Bible ne se soit pas d\u00e9roul\u00e9 sur un livre de la Bible, le livre Messages \u00e0 la Jeunesse, par Ellen G. White, a \u00e9t\u00e9 choisi de pr\u00e9f\u00e9rence \u00e0 cause de ses conseils si inspirateurs \u00e0 l&rsquo;endroit des jeunes, dit Pasteur Rodriguez.<\/p>\n<p>En tant que message destin\u00e9s aux jeunes, il satisfait leurs besoins, et apporte des r\u00e9ponses\u00a0 \u00e0 presque toutes les questions de la vie. dit-il. C&rsquo;est (le livre) qui conseille les jeunes sur les importantes d\u00e9cisions telles que le choix d&rsquo;une carri\u00e8re, les relations amoureuses et le mariage et les d\u00e9cisions de tous les jours.\u00a0\u00bb<\/p>\n<p>Pasteur Bernado explique que puisque 200.000 copies avaient \u00e9t\u00e9 imprim\u00e9es et distribu\u00e9es aux jeunes comme\u00a0livre de l&rsquo;ann\u00e9e 2004,\u00a0des milliers de jeunes ont \u00e9t\u00e9 encourag\u00e9s\u00a0\u00e0\u00a0lire l&rsquo;ouvrage.<\/p>\n<p>Avant l&rsquo;\u00e9preuve des participants, un programme musical et une repr\u00e9sentation th\u00e9\u00e2trale sur la vie d&rsquo;Ellen G. White et ses \u00e9crits ont \u00e9t\u00e9 pr\u00e9sent\u00e9s par les jeunes de l&rsquo;Eglise de El Paraiso.<\/p>\n<p>Neyda Perez de l&rsquo;Union Dominicaine a gagn\u00e9 le premier prix, une bourse d&rsquo;\u00e9tude compl\u00e8te \u00e0 Montemorelos University et un voyage\u00a0tous\u00a0frais pay\u00e9s pour le prochain congr\u00e8s des jeunes de l&rsquo;ann\u00e9e 2007.\u00a0 Totalisant 235 points apr\u00e8s avoir r\u00e9pondu \u00e0 52 questions dans un d\u00e9lai tr\u00e8s court, Perez dit qu&rsquo;elle est reconnaissante d&rsquo;avoir particip\u00e9 \u00e0 la comp\u00e9tition.<\/p>\n<p>\u00ab\u00a0Ce concours a confim\u00e9 pour moi deux choses:\u00a0 Dieu est Tout Puissant et quand nous nous pla\u00e7ons entre les mains\u00a0 de Dieu, Il\u00a0intervient,\u00a0\u00bb dit Perez, qui avait aussi particip\u00e9 au premier concours en tant que\u00a0finaliste.<\/p>\n<p>Perez dit que le livre\u00a0Messages \u00e0 la Jeunesse l&rsquo;a aid\u00e9e ainsi que ses compagnons de la R\u00e9publique Dominicaine qui y ont particip\u00e9 \u00e0 mieux comprendre la Volont\u00e9 de Dieu.<\/p>\n<p>Suivant avec cinq points en moins, \u00e9tait Tanesha Anderson, une native de Jamaica qui a repr\u00e9sent\u00e9 l&rsquo;Union des Indes Occidentales.\u00a0 Son prix comprend une bourse d&rsquo;\u00e9tudes compl\u00e8te au Northern Caribbean University et un jeu complet de Commentaires de la Bible.\u00a0 Elle est reconnaissante pour le privil\u00e8ge de participer et de b\u00e9nificier de l&rsquo;\u00e9tude de l&rsquo;ouvrage.<\/p>\n<p>\u00ab\u00a0L&rsquo;\u00e9tude du livre m&rsquo;a aid\u00e9e \u00e0 \u00eatre une meilleure personne,\u00a0\u00bb dit Anderson, qui a \u00e9t\u00e9 encourag\u00e9e par un enseignant des jeunes\u00a0de son \u00e9glise\u00a0pour s&rsquo;adonner \u00e0 la\u00a0lecture de l&rsquo;ouvrage.<\/p>\n<p>La troisi\u00e8me place a \u00e9t\u00e9 d\u00e9cern\u00e9e \u00e0 Bernabe Mendez, repr\u00e9sentant de l&rsquo;Union Mexicaine du Nord, qui a re\u00e7u un jeu complet de Commentaire de la Bible.<\/p>\n<p>Tous les finalistes ont aussi re\u00e7u des bons d&rsquo;achat et des prix en valeur mon\u00e9taire.<\/p>\n<p>Toutes les unions \u00e0 l&rsquo;exception de trois \u00e9taient repr\u00e9sent\u00e9es \u00e0 au Concours de cette ann\u00e9e.\u00a0 Pasteur Rodriguez esp\u00e8re que l&rsquo;ann\u00e9e prochaine toutes les 15 unions seront repr\u00e9sent\u00e9es.<\/p>\n<p>Le prochain Concours de Bible se d\u00e9roulera sur les \u00e9vangiles et aura lieu \u00e0 Costa Rica en Novembre.\u00a0 Les comp\u00e9titions au niveau d&rsquo;\u00e9glise commenceront une fois de plus au cours de cet \u00e9t\u00e9 et iront ensuite au niveau de conf\u00e9rence et plus tard au niveau d&rsquo;union.\u00a0<\/p>\n<p>Pour plus d&rsquo;informations sur les activit\u00e9s des Jeunes de la DIA ou d&rsquo;autres activit\u00e9s, visitez notre site du web www.interamerica.org\u00a0\u00a0\u00a0\u00a0<\/p>\n<p>\u00a0\u00a0\u00a0\u00a0<\/p>\n","protected":false},"excerpt":{"rendered":"<p>Le deuxi\u00e8me Concours de Bible des Jeunes de l&rsquo;Inter-Am\u00e9rique a r\u00e9uni des douzaines de jeunes du territoire de la Division Inter-Am\u00e9ricaine pour la derni\u00e8re finale \u00e0 Caracas, au V\u00e9n\u00e9zuela.<\/p>\n","protected":false},"author":1,"featured_media":0,"comment_status":"closed","ping_status":"closed","sticky":false,"template":"","format":"standard","meta":{"_acf_changed":false,"footnotes":""},"categories":[9],"tags":[],"class_list":["post-12501","post","type-post","status-publish","format-standard","hentry","category-archive-fr"],"acf":[],"yoast_head":"<!-- This site is optimized with the Yoast SEO plugin v27.3 - https:\/\/yoast.com\/product\/yoast-seo-wordpress\/ -->\n<title>Le Site Internet\u00a0des\u00a0Jeunes Adventistes\u00a0Atteint\u00a0un\u00a0Record\u00a0d&#039;Emission\u00a0 - \u00c9glise Adventiste Du Septieme Jour - Inter Am\u00e9rique Division<\/title>\n<meta name=\"robots\" content=\"index, follow, max-snippet:-1, max-image-preview:large, max-video-preview:-1\" \/>\n<link rel=\"canonical\" href=\"https:\/\/interamerica.org\/fr\/2006\/02\/le-site-internet-des-jeunes-adventistes-atteint-un-record-demission\/\" \/>\n<meta property=\"og:locale\" content=\"fr_FR\" \/>\n<meta property=\"og:type\" content=\"article\" \/>\n<meta property=\"og:title\" content=\"Le Site Internet\u00a0des\u00a0Jeunes Adventistes\u00a0Atteint\u00a0un\u00a0Record\u00a0d&#039;Emission\u00a0 - \u00c9glise Adventiste Du Septieme Jour - Inter Am\u00e9rique Division\" \/>\n<meta property=\"og:description\" content=\"Le deuxi\u00e8me Concours de Bible des Jeunes de l&#039;Inter-Am\u00e9rique a r\u00e9uni des douzaines de jeunes du territoire de la Division Inter-Am\u00e9ricaine pour la derni\u00e8re finale \u00e0 Caracas, au V\u00e9n\u00e9zuela.\" \/>\n<meta property=\"og:url\" content=\"https:\/\/interamerica.org\/fr\/2006\/02\/le-site-internet-des-jeunes-adventistes-atteint-un-record-demission\/\" \/>\n<meta property=\"og:site_name\" content=\"\u00c9glise Adventiste Du Septieme Jour - Inter Am\u00e9rique Division\" \/>\n<meta property=\"article:published_time\" content=\"2006-02-10T04:00:00+00:00\" \/>\n<meta property=\"article:modified_time\" content=\"2017-06-02T17:17:53+00:00\" \/>\n<meta name=\"author\" content=\"Lorenzo Verduzco\" \/>\n<meta name=\"twitter:card\" content=\"summary_large_image\" \/>\n<meta name=\"twitter:label1\" content=\"\u00c9crit par\" \/>\n\t<meta name=\"twitter:data1\" content=\"Lorenzo Verduzco\" \/>\n\t<meta name=\"twitter:label2\" content=\"Dur\u00e9e de lecture estim\u00e9e\" \/>\n\t<meta name=\"twitter:data2\" content=\"5 minutes\" \/>\n<script type=\"application\/ld+json\" class=\"yoast-schema-graph\">{\"@context\":\"https:\\\/\\\/schema.org\",\"@graph\":[{\"@type\":\"Article\",\"@id\":\"https:\\\/\\\/interamerica.org\\\/fr\\\/2006\\\/02\\\/le-site-internet-des-jeunes-adventistes-atteint-un-record-demission\\\/#article\",\"isPartOf\":{\"@id\":\"https:\\\/\\\/interamerica.org\\\/fr\\\/2006\\\/02\\\/le-site-internet-des-jeunes-adventistes-atteint-un-record-demission\\\/\"},\"author\":{\"name\":\"Lorenzo Verduzco\",\"@id\":\"https:\\\/\\\/interamerica.org\\\/fr\\\/#\\\/schema\\\/person\\\/68ede8bdc292885bb76c1e3810e73c39\"},\"headline\":\"Le Site Internet\u00a0des\u00a0Jeunes Adventistes\u00a0Atteint\u00a0un\u00a0Record\u00a0d&rsquo;Emission\u00a0\",\"datePublished\":\"2006-02-10T04:00:00+00:00\",\"dateModified\":\"2017-06-02T17:17:53+00:00\",\"mainEntityOfPage\":{\"@id\":\"https:\\\/\\\/interamerica.org\\\/fr\\\/2006\\\/02\\\/le-site-internet-des-jeunes-adventistes-atteint-un-record-demission\\\/\"},\"wordCount\":1009,\"articleSection\":[\"Archive\"],\"inLanguage\":\"fr-FR\"},{\"@type\":\"WebPage\",\"@id\":\"https:\\\/\\\/interamerica.org\\\/fr\\\/2006\\\/02\\\/le-site-internet-des-jeunes-adventistes-atteint-un-record-demission\\\/\",\"url\":\"https:\\\/\\\/interamerica.org\\\/fr\\\/2006\\\/02\\\/le-site-internet-des-jeunes-adventistes-atteint-un-record-demission\\\/\",\"name\":\"Le Site Internet\u00a0des\u00a0Jeunes Adventistes\u00a0Atteint\u00a0un\u00a0Record\u00a0d'Emission\u00a0 - \u00c9glise Adventiste Du Septieme Jour - Inter Am\u00e9rique Division\",\"isPartOf\":{\"@id\":\"https:\\\/\\\/interamerica.org\\\/fr\\\/#website\"},\"datePublished\":\"2006-02-10T04:00:00+00:00\",\"dateModified\":\"2017-06-02T17:17:53+00:00\",\"author\":{\"@id\":\"https:\\\/\\\/interamerica.org\\\/fr\\\/#\\\/schema\\\/person\\\/68ede8bdc292885bb76c1e3810e73c39\"},\"breadcrumb\":{\"@id\":\"https:\\\/\\\/interamerica.org\\\/fr\\\/2006\\\/02\\\/le-site-internet-des-jeunes-adventistes-atteint-un-record-demission\\\/#breadcrumb\"},\"inLanguage\":\"fr-FR\",\"potentialAction\":[{\"@type\":\"ReadAction\",\"target\":[\"https:\\\/\\\/interamerica.org\\\/fr\\\/2006\\\/02\\\/le-site-internet-des-jeunes-adventistes-atteint-un-record-demission\\\/\"]}]},{\"@type\":\"BreadcrumbList\",\"@id\":\"https:\\\/\\\/interamerica.org\\\/fr\\\/2006\\\/02\\\/le-site-internet-des-jeunes-adventistes-atteint-un-record-demission\\\/#breadcrumb\",\"itemListElement\":[{\"@type\":\"ListItem\",\"position\":1,\"name\":\"Home\",\"item\":\"https:\\\/\\\/interamerica.org\\\/fr\\\/\"},{\"@type\":\"ListItem\",\"position\":2,\"name\":\"Le Site Internet\u00a0des\u00a0Jeunes Adventistes\u00a0Atteint\u00a0un\u00a0Record\u00a0d&#8217;Emission\u00a0\"}]},{\"@type\":\"WebSite\",\"@id\":\"https:\\\/\\\/interamerica.org\\\/fr\\\/#website\",\"url\":\"https:\\\/\\\/interamerica.org\\\/fr\\\/\",\"name\":\"\u00c9glise Adventiste Du Septieme Jour - Inter Am\u00e9rique Division\",\"description\":\"\",\"potentialAction\":[{\"@type\":\"SearchAction\",\"target\":{\"@type\":\"EntryPoint\",\"urlTemplate\":\"https:\\\/\\\/interamerica.org\\\/fr\\\/?s={search_term_string}\"},\"query-input\":{\"@type\":\"PropertyValueSpecification\",\"valueRequired\":true,\"valueName\":\"search_term_string\"}}],\"inLanguage\":\"fr-FR\"},{\"@type\":\"Person\",\"@id\":\"https:\\\/\\\/interamerica.org\\\/fr\\\/#\\\/schema\\\/person\\\/68ede8bdc292885bb76c1e3810e73c39\",\"name\":\"Lorenzo Verduzco\",\"image\":{\"@type\":\"ImageObject\",\"inLanguage\":\"fr-FR\",\"@id\":\"https:\\\/\\\/secure.gravatar.com\\\/avatar\\\/fb81a55b6218459490a9c1dc841a34909185b81904c5337b4b27f7a6fd60c49e?s=96&d=mm&r=g\",\"url\":\"https:\\\/\\\/secure.gravatar.com\\\/avatar\\\/fb81a55b6218459490a9c1dc841a34909185b81904c5337b4b27f7a6fd60c49e?s=96&d=mm&r=g\",\"contentUrl\":\"https:\\\/\\\/secure.gravatar.com\\\/avatar\\\/fb81a55b6218459490a9c1dc841a34909185b81904c5337b4b27f7a6fd60c49e?s=96&d=mm&r=g\",\"caption\":\"Lorenzo Verduzco\"}}]}<\/script>\n<!-- \/ Yoast SEO plugin. -->","yoast_head_json":{"title":"Le Site Internet\u00a0des\u00a0Jeunes Adventistes\u00a0Atteint\u00a0un\u00a0Record\u00a0d'Emission\u00a0 - \u00c9glise Adventiste Du Septieme Jour - Inter Am\u00e9rique Division","robots":{"index":"index","follow":"follow","max-snippet":"max-snippet:-1","max-image-preview":"max-image-preview:large","max-video-preview":"max-video-preview:-1"},"canonical":"https:\/\/interamerica.org\/fr\/2006\/02\/le-site-internet-des-jeunes-adventistes-atteint-un-record-demission\/","og_locale":"fr_FR","og_type":"article","og_title":"Le Site Internet\u00a0des\u00a0Jeunes Adventistes\u00a0Atteint\u00a0un\u00a0Record\u00a0d'Emission\u00a0 - \u00c9glise Adventiste Du Septieme Jour - Inter Am\u00e9rique Division","og_description":"Le deuxi\u00e8me Concours de Bible des Jeunes de l'Inter-Am\u00e9rique a r\u00e9uni des douzaines de jeunes du territoire de la Division Inter-Am\u00e9ricaine pour la derni\u00e8re finale \u00e0 Caracas, au V\u00e9n\u00e9zuela.","og_url":"https:\/\/interamerica.org\/fr\/2006\/02\/le-site-internet-des-jeunes-adventistes-atteint-un-record-demission\/","og_site_name":"\u00c9glise Adventiste Du Septieme Jour - Inter Am\u00e9rique Division","article_published_time":"2006-02-10T04:00:00+00:00","article_modified_time":"2017-06-02T17:17:53+00:00","author":"Lorenzo Verduzco","twitter_card":"summary_large_image","twitter_misc":{"\u00c9crit par":"Lorenzo Verduzco","Dur\u00e9e de lecture estim\u00e9e":"5 minutes"},"schema":{"@context":"https:\/\/schema.org","@graph":[{"@type":"Article","@id":"https:\/\/interamerica.org\/fr\/2006\/02\/le-site-internet-des-jeunes-adventistes-atteint-un-record-demission\/#article","isPartOf":{"@id":"https:\/\/interamerica.org\/fr\/2006\/02\/le-site-internet-des-jeunes-adventistes-atteint-un-record-demission\/"},"author":{"name":"Lorenzo Verduzco","@id":"https:\/\/interamerica.org\/fr\/#\/schema\/person\/68ede8bdc292885bb76c1e3810e73c39"},"headline":"Le Site Internet\u00a0des\u00a0Jeunes Adventistes\u00a0Atteint\u00a0un\u00a0Record\u00a0d&rsquo;Emission\u00a0","datePublished":"2006-02-10T04:00:00+00:00","dateModified":"2017-06-02T17:17:53+00:00","mainEntityOfPage":{"@id":"https:\/\/interamerica.org\/fr\/2006\/02\/le-site-internet-des-jeunes-adventistes-atteint-un-record-demission\/"},"wordCount":1009,"articleSection":["Archive"],"inLanguage":"fr-FR"},{"@type":"WebPage","@id":"https:\/\/interamerica.org\/fr\/2006\/02\/le-site-internet-des-jeunes-adventistes-atteint-un-record-demission\/","url":"https:\/\/interamerica.org\/fr\/2006\/02\/le-site-internet-des-jeunes-adventistes-atteint-un-record-demission\/","name":"Le Site Internet\u00a0des\u00a0Jeunes Adventistes\u00a0Atteint\u00a0un\u00a0Record\u00a0d'Emission\u00a0 - \u00c9glise Adventiste Du Septieme Jour - Inter Am\u00e9rique Division","isPartOf":{"@id":"https:\/\/interamerica.org\/fr\/#website"},"datePublished":"2006-02-10T04:00:00+00:00","dateModified":"2017-06-02T17:17:53+00:00","author":{"@id":"https:\/\/interamerica.org\/fr\/#\/schema\/person\/68ede8bdc292885bb76c1e3810e73c39"},"breadcrumb":{"@id":"https:\/\/interamerica.org\/fr\/2006\/02\/le-site-internet-des-jeunes-adventistes-atteint-un-record-demission\/#breadcrumb"},"inLanguage":"fr-FR","potentialAction":[{"@type":"ReadAction","target":["https:\/\/interamerica.org\/fr\/2006\/02\/le-site-internet-des-jeunes-adventistes-atteint-un-record-demission\/"]}]},{"@type":"BreadcrumbList","@id":"https:\/\/interamerica.org\/fr\/2006\/02\/le-site-internet-des-jeunes-adventistes-atteint-un-record-demission\/#breadcrumb","itemListElement":[{"@type":"ListItem","position":1,"name":"Home","item":"https:\/\/interamerica.org\/fr\/"},{"@type":"ListItem","position":2,"name":"Le Site Internet\u00a0des\u00a0Jeunes Adventistes\u00a0Atteint\u00a0un\u00a0Record\u00a0d&#8217;Emission\u00a0"}]},{"@type":"WebSite","@id":"https:\/\/interamerica.org\/fr\/#website","url":"https:\/\/interamerica.org\/fr\/","name":"\u00c9glise Adventiste Du Septieme Jour - Inter Am\u00e9rique Division","description":"","potentialAction":[{"@type":"SearchAction","target":{"@type":"EntryPoint","urlTemplate":"https:\/\/interamerica.org\/fr\/?s={search_term_string}"},"query-input":{"@type":"PropertyValueSpecification","valueRequired":true,"valueName":"search_term_string"}}],"inLanguage":"fr-FR"},{"@type":"Person","@id":"https:\/\/interamerica.org\/fr\/#\/schema\/person\/68ede8bdc292885bb76c1e3810e73c39","name":"Lorenzo Verduzco","image":{"@type":"ImageObject","inLanguage":"fr-FR","@id":"https:\/\/secure.gravatar.com\/avatar\/fb81a55b6218459490a9c1dc841a34909185b81904c5337b4b27f7a6fd60c49e?s=96&d=mm&r=g","url":"https:\/\/secure.gravatar.com\/avatar\/fb81a55b6218459490a9c1dc841a34909185b81904c5337b4b27f7a6fd60c49e?s=96&d=mm&r=g","contentUrl":"https:\/\/secure.gravatar.com\/avatar\/fb81a55b6218459490a9c1dc841a34909185b81904c5337b4b27f7a6fd60c49e?s=96&d=mm&r=g","caption":"Lorenzo Verduzco"}}]}},"_links":{"self":[{"href":"https:\/\/interamerica.org\/fr\/wp-json\/wp\/v2\/posts\/12501","targetHints":{"allow":["GET"]}}],"collection":[{"href":"https:\/\/interamerica.org\/fr\/wp-json\/wp\/v2\/posts"}],"about":[{"href":"https:\/\/interamerica.org\/fr\/wp-json\/wp\/v2\/types\/post"}],"author":[{"embeddable":true,"href":"https:\/\/interamerica.org\/fr\/wp-json\/wp\/v2\/users\/1"}],"replies":[{"embeddable":true,"href":"https:\/\/interamerica.org\/fr\/wp-json\/wp\/v2\/comments?post=12501"}],"version-history":[{"count":0,"href":"https:\/\/interamerica.org\/fr\/wp-json\/wp\/v2\/posts\/12501\/revisions"}],"wp:attachment":[{"href":"https:\/\/interamerica.org\/fr\/wp-json\/wp\/v2\/media?parent=12501"}],"wp:term":[{"taxonomy":"category","embeddable":true,"href":"https:\/\/interamerica.org\/fr\/wp-json\/wp\/v2\/categories?post=12501"},{"taxonomy":"post_tag","embeddable":true,"href":"https:\/\/interamerica.org\/fr\/wp-json\/wp\/v2\/tags?post=12501"}],"curies":[{"name":"wp","href":"https:\/\/api.w.org\/{rel}","templated":true}]}}