{"id":12503,"date":"2006-02-07T00:00:00","date_gmt":"2006-02-07T04:00:00","guid":{"rendered":"http:\/\/192.81.217.108\/interamerica\/2006\/02\/israel-les-dirigeants-de-leglise-adventiste-rencontrent-les-membres-du-knesset\/"},"modified":"2017-06-02T13:17:54","modified_gmt":"2017-06-02T17:17:54","slug":"israel-les-dirigeants-de-leglise-adventiste-rencontrent-les-membres-du-knesset","status":"publish","type":"post","link":"https:\/\/interamerica.org\/fr\/2006\/02\/israel-les-dirigeants-de-leglise-adventiste-rencontrent-les-membres-du-knesset\/","title":{"rendered":"Israel:\u00a0 les Dirigeants de l&rsquo;Eglise Adventiste Rencontrent les Membres du Knesset"},"content":{"rendered":"<p>J\u00e9rusalem, Israel&#8230; (Miroslav Pujic\/Staff d&rsquo;ANN<\/p>\n<p>R\u00e9pondant \u00e0 une invitation du \u00ab\u00a0Christian Allies Caucus\u00a0\u00bb (Commission des Alli\u00e9s Chr\u00e9tiens)\u00a0du Parlement\u00a0Isra\u00e9lien, 12 dirigeants de l&rsquo;\u00e9glise mondiale des Adventistes du Septi\u00e8me jour, y compris les vices pr\u00e9sidents g\u00e9n\u00e9raux Armando Miranda et Michael L. Ryan et le pr\u00e9sident de la r\u00e9gion Trans Europ\u00e9enne de l&rsquo;\u00e9glise Bertil Wiklander, ont visit\u00e9 le Knesset, le parlement de la nation.\u00a0 Pasteur Richard Elofer, pr\u00e9sident de l&rsquo;Eglise Adventiste du Septi\u00e8me jour d&rsquo;Israel, a aussi fait partie du groupe.<\/p>\n<p>\u00ab\u00a0Nous sommes ici \u00e0 la recherche de meilleurs lendemains et ensemble nous pouvons travailler pour am\u00e9liorer la s\u00e9curit\u00e9 et la qualit\u00e9 de vie du peuple en Israel,\u00a0\u00bb a dit Gila Gamliel, un membre du Knesset, qui \u00e9tait l&rsquo;orateur de la rencontre.\u00a0 \u00ab\u00a0Nous faisons face aux m\u00eames probl\u00e8mes, et nous devons nous rapprocher pour arriver&#8230; \u00e0 mieux nous comprendre, malgr\u00e9 les (diff\u00e9rences) culturelle et religieuses.\u00a0 Nous ne devons pas oublier le pass\u00e9, mais nous ne devons pas y rester, (au contraire, nous devrions) aller de l&rsquo;avant,\u00a0\u00bb a conclu Gamliel.<\/p>\n<p>Joshua S. Reinstein, directeur de la Commission des Alli\u00e9s Chr\u00e9tiens du Knesset, qui est un groupe de parlementaires et de plusieurs dirigeants religieux, qui a pr\u00e9sid\u00e9 \u00e0 la rencontre, a explilqu\u00e9 aux dirigeants Adventistes le principal but du \u00ab\u00a0CAC\u00a0\u00bb:\u00a0 \u00ab\u00a0Notre r\u00eave est de faire connaitre nos concroyances\u00a0Jud\u00e9o-Chr\u00e9tiennes \u00e0 ceux qui vivent dans diff\u00e9rentes soci\u00e9t\u00e9s, y compris Israel.\u00a0 Les Juifs et les Chr\u00e9tiens ont plusieurs points en commun, sp\u00e9cialement les Adventistes du Septi\u00e8me jour.\u00a0 Nous pouvons\u00a0am\u00e9liorer la mani\u00e8re de vivre l&rsquo;impartialit\u00e9, la\u00a0justice et les droits des minori\u00e9s dans beaucoup de\u00a0soci\u00e9t\u00e9s,\u00a0\u00bb dit Reinstein.<\/p>\n<p>Au nom de \u00ab\u00a0CAC\u00a0\u00bbdu Knesset , Reinstein a invit\u00e9 Pasteur Elofer \u00e0 \u00eatre un visiteur r\u00e9gulier.\u00a0 Ceci permettra \u00e0 l&rsquo;\u00e9glise Adventiste du Septi\u00e8me jour d&rsquo;avoir un si\u00e8ge \u00e0 la table de n\u00e9gociation en vue de fa\u00e7onner et modeler une strat\u00e9gie pour promouvoir les valeurs jud\u00e9o-Chr\u00e9tiennes en Israel et ailleurs.<\/p>\n<p>L&rsquo;Eglise Adventiste du Septi\u00e8me jour en Israel a 1.500 membres adorant dans 29 congr\u00e9gations \u00e0 travers le pays.\u00a0 Les dirigeants de l&rsquo;\u00e9glise mondiale sont \u00e0 J\u00e9rusalem au cours de cette semaine pour une Conf\u00e9rence de l&rsquo;Amiti\u00e9 Juive-Adventiste, une premi\u00e8re pour l&rsquo;\u00e9glise mondiale.\u00a0\u00a0\u00a0\u00a0<\/p>\n<p>\u00a0\u00a0\u00a0\u00a0\u00a0\u00a0<\/p>\n","protected":false},"excerpt":{"rendered":"<p>R\u00e9pondant \u00e0 une invitation du \u00ab\u00a0Christian Allies Caucus\u00a0\u00bb (Chambre des Alli\u00e9s Chr\u00e9tiens) du Parlement Isra\u00e9lien, 12 dirigeants de l&rsquo;\u00e9glise mondiale des Adventistes du Septi\u00e8me jour,&#8230;<\/p>\n","protected":false},"author":1,"featured_media":0,"comment_status":"closed","ping_status":"closed","sticky":false,"template":"","format":"standard","meta":{"_acf_changed":false,"footnotes":""},"categories":[9],"tags":[],"class_list":["post-12503","post","type-post","status-publish","format-standard","hentry","category-archive-fr"],"acf":[],"yoast_head":"<!-- This site is optimized with the Yoast SEO plugin v27.3 - https:\/\/yoast.com\/product\/yoast-seo-wordpress\/ -->\n<title>Israel:\u00a0 les Dirigeants de l&#039;Eglise Adventiste Rencontrent les Membres du Knesset - \u00c9glise Adventiste Du Septieme Jour - Inter Am\u00e9rique Division<\/title>\n<meta name=\"robots\" content=\"index, follow, max-snippet:-1, max-image-preview:large, max-video-preview:-1\" \/>\n<link rel=\"canonical\" href=\"https:\/\/interamerica.org\/fr\/2006\/02\/israel-les-dirigeants-de-leglise-adventiste-rencontrent-les-membres-du-knesset\/\" \/>\n<meta property=\"og:locale\" content=\"fr_FR\" \/>\n<meta property=\"og:type\" content=\"article\" \/>\n<meta property=\"og:title\" content=\"Israel:\u00a0 les Dirigeants de l&#039;Eglise Adventiste Rencontrent les Membres du Knesset - \u00c9glise Adventiste Du Septieme Jour - Inter Am\u00e9rique Division\" \/>\n<meta property=\"og:description\" content=\"R\u00e9pondant \u00e0 une invitation du &quot;Christian Allies Caucus&quot; (Chambre des Alli\u00e9s Chr\u00e9tiens) du Parlement Isra\u00e9lien, 12 dirigeants de l&#039;\u00e9glise mondiale des Adventistes du Septi\u00e8me jour,...\" \/>\n<meta property=\"og:url\" content=\"https:\/\/interamerica.org\/fr\/2006\/02\/israel-les-dirigeants-de-leglise-adventiste-rencontrent-les-membres-du-knesset\/\" \/>\n<meta property=\"og:site_name\" content=\"\u00c9glise Adventiste Du Septieme Jour - Inter Am\u00e9rique Division\" \/>\n<meta property=\"article:published_time\" content=\"2006-02-07T04:00:00+00:00\" \/>\n<meta property=\"article:modified_time\" content=\"2017-06-02T17:17:54+00:00\" \/>\n<meta name=\"author\" content=\"Lorenzo Verduzco\" \/>\n<meta name=\"twitter:card\" content=\"summary_large_image\" \/>\n<meta name=\"twitter:label1\" content=\"\u00c9crit par\" \/>\n\t<meta name=\"twitter:data1\" content=\"Lorenzo Verduzco\" \/>\n\t<meta name=\"twitter:label2\" content=\"Dur\u00e9e de lecture estim\u00e9e\" \/>\n\t<meta name=\"twitter:data2\" content=\"2 minutes\" \/>\n<script type=\"application\/ld+json\" class=\"yoast-schema-graph\">{\"@context\":\"https:\\\/\\\/schema.org\",\"@graph\":[{\"@type\":\"Article\",\"@id\":\"https:\\\/\\\/interamerica.org\\\/fr\\\/2006\\\/02\\\/israel-les-dirigeants-de-leglise-adventiste-rencontrent-les-membres-du-knesset\\\/#article\",\"isPartOf\":{\"@id\":\"https:\\\/\\\/interamerica.org\\\/fr\\\/2006\\\/02\\\/israel-les-dirigeants-de-leglise-adventiste-rencontrent-les-membres-du-knesset\\\/\"},\"author\":{\"name\":\"Lorenzo Verduzco\",\"@id\":\"https:\\\/\\\/interamerica.org\\\/fr\\\/#\\\/schema\\\/person\\\/68ede8bdc292885bb76c1e3810e73c39\"},\"headline\":\"Israel:\u00a0 les Dirigeants de l&rsquo;Eglise Adventiste Rencontrent les Membres du Knesset\",\"datePublished\":\"2006-02-07T04:00:00+00:00\",\"dateModified\":\"2017-06-02T17:17:54+00:00\",\"mainEntityOfPage\":{\"@id\":\"https:\\\/\\\/interamerica.org\\\/fr\\\/2006\\\/02\\\/israel-les-dirigeants-de-leglise-adventiste-rencontrent-les-membres-du-knesset\\\/\"},\"wordCount\":417,\"articleSection\":[\"Archive\"],\"inLanguage\":\"fr-FR\"},{\"@type\":\"WebPage\",\"@id\":\"https:\\\/\\\/interamerica.org\\\/fr\\\/2006\\\/02\\\/israel-les-dirigeants-de-leglise-adventiste-rencontrent-les-membres-du-knesset\\\/\",\"url\":\"https:\\\/\\\/interamerica.org\\\/fr\\\/2006\\\/02\\\/israel-les-dirigeants-de-leglise-adventiste-rencontrent-les-membres-du-knesset\\\/\",\"name\":\"Israel:\u00a0 les Dirigeants de l'Eglise Adventiste Rencontrent les Membres du Knesset - \u00c9glise Adventiste Du Septieme Jour - Inter Am\u00e9rique Division\",\"isPartOf\":{\"@id\":\"https:\\\/\\\/interamerica.org\\\/fr\\\/#website\"},\"datePublished\":\"2006-02-07T04:00:00+00:00\",\"dateModified\":\"2017-06-02T17:17:54+00:00\",\"author\":{\"@id\":\"https:\\\/\\\/interamerica.org\\\/fr\\\/#\\\/schema\\\/person\\\/68ede8bdc292885bb76c1e3810e73c39\"},\"breadcrumb\":{\"@id\":\"https:\\\/\\\/interamerica.org\\\/fr\\\/2006\\\/02\\\/israel-les-dirigeants-de-leglise-adventiste-rencontrent-les-membres-du-knesset\\\/#breadcrumb\"},\"inLanguage\":\"fr-FR\",\"potentialAction\":[{\"@type\":\"ReadAction\",\"target\":[\"https:\\\/\\\/interamerica.org\\\/fr\\\/2006\\\/02\\\/israel-les-dirigeants-de-leglise-adventiste-rencontrent-les-membres-du-knesset\\\/\"]}]},{\"@type\":\"BreadcrumbList\",\"@id\":\"https:\\\/\\\/interamerica.org\\\/fr\\\/2006\\\/02\\\/israel-les-dirigeants-de-leglise-adventiste-rencontrent-les-membres-du-knesset\\\/#breadcrumb\",\"itemListElement\":[{\"@type\":\"ListItem\",\"position\":1,\"name\":\"Home\",\"item\":\"https:\\\/\\\/interamerica.org\\\/fr\\\/\"},{\"@type\":\"ListItem\",\"position\":2,\"name\":\"Israel:\u00a0 les Dirigeants de l&rsquo;Eglise Adventiste Rencontrent les Membres du Knesset\"}]},{\"@type\":\"WebSite\",\"@id\":\"https:\\\/\\\/interamerica.org\\\/fr\\\/#website\",\"url\":\"https:\\\/\\\/interamerica.org\\\/fr\\\/\",\"name\":\"\u00c9glise Adventiste Du Septieme Jour - Inter Am\u00e9rique Division\",\"description\":\"\",\"potentialAction\":[{\"@type\":\"SearchAction\",\"target\":{\"@type\":\"EntryPoint\",\"urlTemplate\":\"https:\\\/\\\/interamerica.org\\\/fr\\\/?s={search_term_string}\"},\"query-input\":{\"@type\":\"PropertyValueSpecification\",\"valueRequired\":true,\"valueName\":\"search_term_string\"}}],\"inLanguage\":\"fr-FR\"},{\"@type\":\"Person\",\"@id\":\"https:\\\/\\\/interamerica.org\\\/fr\\\/#\\\/schema\\\/person\\\/68ede8bdc292885bb76c1e3810e73c39\",\"name\":\"Lorenzo Verduzco\",\"image\":{\"@type\":\"ImageObject\",\"inLanguage\":\"fr-FR\",\"@id\":\"https:\\\/\\\/secure.gravatar.com\\\/avatar\\\/fb81a55b6218459490a9c1dc841a34909185b81904c5337b4b27f7a6fd60c49e?s=96&d=mm&r=g\",\"url\":\"https:\\\/\\\/secure.gravatar.com\\\/avatar\\\/fb81a55b6218459490a9c1dc841a34909185b81904c5337b4b27f7a6fd60c49e?s=96&d=mm&r=g\",\"contentUrl\":\"https:\\\/\\\/secure.gravatar.com\\\/avatar\\\/fb81a55b6218459490a9c1dc841a34909185b81904c5337b4b27f7a6fd60c49e?s=96&d=mm&r=g\",\"caption\":\"Lorenzo Verduzco\"}}]}<\/script>\n<!-- \/ Yoast SEO plugin. -->","yoast_head_json":{"title":"Israel:\u00a0 les Dirigeants de l'Eglise Adventiste Rencontrent les Membres du Knesset - \u00c9glise Adventiste Du Septieme Jour - Inter Am\u00e9rique Division","robots":{"index":"index","follow":"follow","max-snippet":"max-snippet:-1","max-image-preview":"max-image-preview:large","max-video-preview":"max-video-preview:-1"},"canonical":"https:\/\/interamerica.org\/fr\/2006\/02\/israel-les-dirigeants-de-leglise-adventiste-rencontrent-les-membres-du-knesset\/","og_locale":"fr_FR","og_type":"article","og_title":"Israel:\u00a0 les Dirigeants de l'Eglise Adventiste Rencontrent les Membres du Knesset - \u00c9glise Adventiste Du Septieme Jour - Inter Am\u00e9rique Division","og_description":"R\u00e9pondant \u00e0 une invitation du \"Christian Allies Caucus\" (Chambre des Alli\u00e9s Chr\u00e9tiens) du Parlement Isra\u00e9lien, 12 dirigeants de l'\u00e9glise mondiale des Adventistes du Septi\u00e8me jour,...","og_url":"https:\/\/interamerica.org\/fr\/2006\/02\/israel-les-dirigeants-de-leglise-adventiste-rencontrent-les-membres-du-knesset\/","og_site_name":"\u00c9glise Adventiste Du Septieme Jour - Inter Am\u00e9rique Division","article_published_time":"2006-02-07T04:00:00+00:00","article_modified_time":"2017-06-02T17:17:54+00:00","author":"Lorenzo Verduzco","twitter_card":"summary_large_image","twitter_misc":{"\u00c9crit par":"Lorenzo Verduzco","Dur\u00e9e de lecture estim\u00e9e":"2 minutes"},"schema":{"@context":"https:\/\/schema.org","@graph":[{"@type":"Article","@id":"https:\/\/interamerica.org\/fr\/2006\/02\/israel-les-dirigeants-de-leglise-adventiste-rencontrent-les-membres-du-knesset\/#article","isPartOf":{"@id":"https:\/\/interamerica.org\/fr\/2006\/02\/israel-les-dirigeants-de-leglise-adventiste-rencontrent-les-membres-du-knesset\/"},"author":{"name":"Lorenzo Verduzco","@id":"https:\/\/interamerica.org\/fr\/#\/schema\/person\/68ede8bdc292885bb76c1e3810e73c39"},"headline":"Israel:\u00a0 les Dirigeants de l&rsquo;Eglise Adventiste Rencontrent les Membres du Knesset","datePublished":"2006-02-07T04:00:00+00:00","dateModified":"2017-06-02T17:17:54+00:00","mainEntityOfPage":{"@id":"https:\/\/interamerica.org\/fr\/2006\/02\/israel-les-dirigeants-de-leglise-adventiste-rencontrent-les-membres-du-knesset\/"},"wordCount":417,"articleSection":["Archive"],"inLanguage":"fr-FR"},{"@type":"WebPage","@id":"https:\/\/interamerica.org\/fr\/2006\/02\/israel-les-dirigeants-de-leglise-adventiste-rencontrent-les-membres-du-knesset\/","url":"https:\/\/interamerica.org\/fr\/2006\/02\/israel-les-dirigeants-de-leglise-adventiste-rencontrent-les-membres-du-knesset\/","name":"Israel:\u00a0 les Dirigeants de l'Eglise Adventiste Rencontrent les Membres du Knesset - \u00c9glise Adventiste Du Septieme Jour - Inter Am\u00e9rique Division","isPartOf":{"@id":"https:\/\/interamerica.org\/fr\/#website"},"datePublished":"2006-02-07T04:00:00+00:00","dateModified":"2017-06-02T17:17:54+00:00","author":{"@id":"https:\/\/interamerica.org\/fr\/#\/schema\/person\/68ede8bdc292885bb76c1e3810e73c39"},"breadcrumb":{"@id":"https:\/\/interamerica.org\/fr\/2006\/02\/israel-les-dirigeants-de-leglise-adventiste-rencontrent-les-membres-du-knesset\/#breadcrumb"},"inLanguage":"fr-FR","potentialAction":[{"@type":"ReadAction","target":["https:\/\/interamerica.org\/fr\/2006\/02\/israel-les-dirigeants-de-leglise-adventiste-rencontrent-les-membres-du-knesset\/"]}]},{"@type":"BreadcrumbList","@id":"https:\/\/interamerica.org\/fr\/2006\/02\/israel-les-dirigeants-de-leglise-adventiste-rencontrent-les-membres-du-knesset\/#breadcrumb","itemListElement":[{"@type":"ListItem","position":1,"name":"Home","item":"https:\/\/interamerica.org\/fr\/"},{"@type":"ListItem","position":2,"name":"Israel:\u00a0 les Dirigeants de l&rsquo;Eglise Adventiste Rencontrent les Membres du Knesset"}]},{"@type":"WebSite","@id":"https:\/\/interamerica.org\/fr\/#website","url":"https:\/\/interamerica.org\/fr\/","name":"\u00c9glise Adventiste Du Septieme Jour - Inter Am\u00e9rique Division","description":"","potentialAction":[{"@type":"SearchAction","target":{"@type":"EntryPoint","urlTemplate":"https:\/\/interamerica.org\/fr\/?s={search_term_string}"},"query-input":{"@type":"PropertyValueSpecification","valueRequired":true,"valueName":"search_term_string"}}],"inLanguage":"fr-FR"},{"@type":"Person","@id":"https:\/\/interamerica.org\/fr\/#\/schema\/person\/68ede8bdc292885bb76c1e3810e73c39","name":"Lorenzo Verduzco","image":{"@type":"ImageObject","inLanguage":"fr-FR","@id":"https:\/\/secure.gravatar.com\/avatar\/fb81a55b6218459490a9c1dc841a34909185b81904c5337b4b27f7a6fd60c49e?s=96&d=mm&r=g","url":"https:\/\/secure.gravatar.com\/avatar\/fb81a55b6218459490a9c1dc841a34909185b81904c5337b4b27f7a6fd60c49e?s=96&d=mm&r=g","contentUrl":"https:\/\/secure.gravatar.com\/avatar\/fb81a55b6218459490a9c1dc841a34909185b81904c5337b4b27f7a6fd60c49e?s=96&d=mm&r=g","caption":"Lorenzo Verduzco"}}]}},"_links":{"self":[{"href":"https:\/\/interamerica.org\/fr\/wp-json\/wp\/v2\/posts\/12503","targetHints":{"allow":["GET"]}}],"collection":[{"href":"https:\/\/interamerica.org\/fr\/wp-json\/wp\/v2\/posts"}],"about":[{"href":"https:\/\/interamerica.org\/fr\/wp-json\/wp\/v2\/types\/post"}],"author":[{"embeddable":true,"href":"https:\/\/interamerica.org\/fr\/wp-json\/wp\/v2\/users\/1"}],"replies":[{"embeddable":true,"href":"https:\/\/interamerica.org\/fr\/wp-json\/wp\/v2\/comments?post=12503"}],"version-history":[{"count":0,"href":"https:\/\/interamerica.org\/fr\/wp-json\/wp\/v2\/posts\/12503\/revisions"}],"wp:attachment":[{"href":"https:\/\/interamerica.org\/fr\/wp-json\/wp\/v2\/media?parent=12503"}],"wp:term":[{"taxonomy":"category","embeddable":true,"href":"https:\/\/interamerica.org\/fr\/wp-json\/wp\/v2\/categories?post=12503"},{"taxonomy":"post_tag","embeddable":true,"href":"https:\/\/interamerica.org\/fr\/wp-json\/wp\/v2\/tags?post=12503"}],"curies":[{"name":"wp","href":"https:\/\/api.w.org\/{rel}","templated":true}]}}